{"id":94740,"date":"2016-02-20T07:34:24","date_gmt":"2016-02-20T06:34:24","guid":{"rendered":"http:\/\/www.visit-ulcinj.com\/blog\/?p=94740"},"modified":"2016-02-20T07:34:24","modified_gmt":"2016-02-20T06:34:24","slug":"presidentja-jahjaga-dekoroi-sime-dobrecin-medaljen-presidenciale-te-meritave","status":"publish","type":"post","link":"https:\/\/www.visit-ulcinj.com\/blog\/2016\/02\/20\/presidentja-jahjaga-dekoroi-sime-dobrecin-medaljen-presidenciale-te-meritave\/","title":{"rendered":"Presidentja Jahjaga dekoroi Sim\u00eb Dobrecin me Medaljen Presidenciale t\u00eb Meritave"},"content":{"rendered":"<div id=\"stcpDiv\">\n<p><strong><a href=\"http:\/\/www.visit-ulcinj.com\/blog\/wp-content\/uploads\/2016\/02\/Presidentja-Jahjaga-dekoroi-Sim\u00eb-Dobrecin.jpg\"><img loading=\"lazy\" class=\"alignleft wp-image-94741\" src=\"http:\/\/www.visit-ulcinj.com\/blog\/wp-content\/uploads\/2016\/02\/Presidentja-Jahjaga-dekoroi-Sim\u00eb-Dobrecin.jpg\" alt=\"Presidentja Jahjaga dekoroi Sim\u00eb Dobrecin\" width=\"508\" height=\"236\" srcset=\"https:\/\/www.visit-ulcinj.com\/blog\/wp-content\/uploads\/2016\/02\/Presidentja-Jahjaga-dekoroi-Sim\u00eb-Dobrecin.jpg 990w, https:\/\/www.visit-ulcinj.com\/blog\/wp-content\/uploads\/2016\/02\/Presidentja-Jahjaga-dekoroi-Sim\u00eb-Dobrecin-300x139.jpg 300w\" sizes=\"(max-width: 508px) 100vw, 508px\" \/><\/a>Nga Diaspora ne SHBA: Shoqata Atdhetare \u201cMal\u00ebsia e Madhe\u201d n\u00eb Detroit dhe New York, Shqipe Biba\/<br \/>\n<\/strong><\/p>\n<p>N\u00eb vazhd\u00ebn e aktiviteteve p\u00ebr sh\u00ebnimin e tet\u00ebvjetorit t\u00eb pavar\u00ebsis\u00eb s\u00eb Kosov\u00ebs, Presidentja e vendit, Atifete Jahjaga, ka ndar\u00eb dekorata p\u00ebr nj\u00eb num\u00ebr t\u00eb madh personalitetesh dhe organizatash, q\u00eb kan\u00eb dh\u00ebn\u00eb kontribut t\u00eb jasht\u00ebzakonsh\u00ebm p\u00ebr Kosov\u00ebn.Dh\u00ebnia e dekoratave u b\u00eb nj\u00eb ceremoni solemne, t\u00eb organizuar sot, n\u00eb t\u00eb cil\u00ebn Presidentja Jahjaga ua dha dekoratat t\u00eb dekoruarve, familjar\u00ebve apo p\u00ebrfaq\u00ebsuesve t\u00eb organizatave.<\/p>\n<p>Dekorimi u b\u00eb n\u00eb baz\u00eb t\u00eb nenit 84 pika 28 t\u00eb Kushtetut\u00ebs s\u00eb Republik\u00ebs s\u00eb Kosov\u00ebs, t\u00eb Ligjit Nr. 04\/L-070 p\u00ebr Dh\u00ebnien e Dekoratave nga Presidenti i Republik\u00ebs s\u00eb Kosov\u00ebs, si dhe n\u00eb baz\u00eb t\u00eb neneve\u00a03 dhe 4 t\u00eb Rregullores mbi Llojet e Dekoratave q\u00eb i Jep Presidenti i Republik\u00ebs s\u00eb Kosov\u00ebs dhe Procedurat P\u00ebr Dh\u00ebnien e Tyre.<\/p>\n<p>N\u00eb nj\u00eb fjal\u00eb mbajtur me k\u00ebt\u00eb rast, Presidentja Jahjaga tha:<\/p>\n<p>T\u00eb nderuar laureat\u00eb dhe ju familjar\u00eb t\u00eb t\u00eb gjitha personaliteteve q\u00eb me vepr\u00ebn jet\u00ebsore lan\u00eb gjurm\u00eb t\u00eb pashlyera n\u00eb historin\u00eb e Kosov\u00ebs; p\u00ebr lirin\u00eb, pavar\u00ebsin\u00eb e shtetnd\u00ebrtimin dhe p\u00ebr zhvillimin e saj t\u00eb gjithmbarsh\u00ebm.<\/p>\n<p>T\u00eb nderuar t\u00eb pranish\u00ebm,<\/p>\n<p>Jam thell\u00ebsisht e nderuar q\u00eb sot n\u00eb k\u00ebt\u00eb tet\u00ebvjetor t\u00eb shpalljes s\u00eb Pavar\u00ebsis\u00eb, t\u00eb nderoj t\u00eb gjitha personalitetet dhe veprimtar\u00ebt q\u00eb kan\u00eb dh\u00ebn\u00eb kontribut t\u00eb jasht\u00ebzakonsh\u00ebm q\u00eb ne t\u00eb kremtojm\u00eb si \u00e7do komb i lir\u00eb \u2013 shtet\u00ebsin\u00eb ton\u00eb.<\/p>\n<p>Kjo \u00ebsht\u00eb dita m\u00eb e sh\u00ebnuar e historis\u00eb s\u00eb Kosov\u00ebs, p\u00ebr t\u00eb cil\u00ebn jan\u00eb sakrifikuar gjenerata t\u00eb t\u00ebra, q\u00eb me idealin e tyre p\u00ebr liri e pavar\u00ebsi kan\u00eb v\u00ebn\u00eb themelet e shtetit t\u00eb ri, nj\u00eb faktori t\u00eb r\u00ebnd\u00ebsish\u00ebm jo vet\u00ebm t\u00eb paqes por edhe t\u00eb siguris\u00eb e stabilitetit edhe n\u00eb rajon e edhe m\u00eb gjer\u00eb.<\/p>\n<p>Shteti i Kosov\u00ebs \u00ebsht\u00eb gjaku, djersa dhe angazhimi i t\u00eb gjith\u00eb atdhetar\u00ebve\u00a0 q\u00eb e desh\u00ebn at\u00eb, q\u00eb i dhan\u00eb fuqin\u00eb p\u00ebr ta nd\u00ebrtuar mbi g\u00ebrmadhat e nj\u00eb lufte t\u00eb gjat\u00eb e t\u00eb r\u00ebnd\u00eb, t\u00eb gjith\u00eb atyre q\u00eb i vun\u00eb themelet e shtetit t\u00eb pavarur, t\u00eb qytetar\u00ebve t\u00eb barabart\u00eb, shtetit me synime t\u00eb qarta p\u00ebr t\u00eb qen\u00eb pjes\u00eb e pandashme e bot\u00ebs s\u00eb p\u00ebrparuar.<\/p>\n<p>Me k\u00ebt\u00eb ceremoni t\u00eb ndarjes s\u00eb medaljeve s\u00eb bashku, edhe Institucionet por edhe populli i Kosov\u00ebs, vler\u00ebsojm\u00eb, nderojm\u00eb dhe kujtojm\u00eb kontributin e jasht\u00ebzakonsh\u00ebm, t\u00eb t\u00eb gjith\u00eb juve edhe laureat\u00eb edhe familjar\u00eb, p\u00ebr t\u00eb mir\u00ebn ton\u00eb t\u00eb p\u00ebrbashk\u00ebt.<\/p>\n<p>Kosova \u00ebsht\u00eb vendi yn\u00eb, t\u00eb cilin e b\u00ebjm\u00eb t\u00eb p\u00ebrparuar dhe t\u00eb zhvilluar vet\u00ebm ne s\u00eb bashku. \u00cbsht\u00eb n\u00eb duart ton\u00eb q\u00eb amanetin e atyre q\u00eb na kan\u00eb hapur rrug\u00ebn e sotme ta \u00e7ojm\u00eb p\u00ebrpara; p\u00ebr ta b\u00ebr\u00eb Kosov\u00ebn nj\u00eb shtet demokratik, ku sundon ligji dhe rendi; ku qytetar\u00ebt e gjejn\u00eb perspektiv\u00ebn e tyre pa e k\u00ebrkuar tjet\u00ebrkund; ku mir\u00ebkuptimi \u00ebsht\u00eb thelbi i zgjidhjeve dhe ku dashuria p\u00ebr atdheun ton\u00eb t\u00eb p\u00ebrbashk\u00ebt b\u00ebhet fuqia jon\u00eb p\u00ebr t\u00eb ardhmen.<\/p>\n<p>Ju laureat\u00eb, dhe ju familjar\u00eb,<\/p>\n<p>T\u2019i mbani me nder dhe krenari nga gjenerata n\u00eb gjenerat\u00eb, k\u00ebto dekorata dhe medalje presidenciale, si mir\u00ebnjohje m\u00eb e lart\u00eb shtet\u00ebrore p\u00ebr pun\u00ebn tuaj dhe kontributin p\u00ebr atdheun.<br \/>\nZoti ju bekoft\u00eb!<\/p>\n<p>Zoti e bekoft\u00eb Kosov\u00ebn!<\/p>\n<p>N\u00eb em\u00ebr t\u00eb t\u00eb dekoruarve fal\u00ebnderoi mulla Xhevat Kryeziu, p\u00ebrfaq\u00ebsues i L\u00ebvizjes p\u00ebr Faljen e Gjaqeve.<\/p>\n<p>N\u00eb vijim lista e t\u00eb dekoruarve:<\/p>\n<p><strong>T\u00eb dekoruarit me Urdhrin \u201cHero i Kosov\u00ebs\u201d, i cili u jepet personave q\u00eb kan\u00eb b\u00ebr\u00eb vepra sakrifice dhe trim\u00ebrie p\u00ebr lirin\u00eb dhe pavar\u00ebsin\u00eb e Kosov\u00ebs:<\/strong><\/p>\n<ol>\n<li>Abaz Tha\u00e7i<\/li>\n<li>Adem Uk\u00ebhaxhaj<\/li>\n<li>Afrim Selim Xhuraj<\/li>\n<li>Behajdin Myrteza Allaqi<\/li>\n<li>Besim Adem Ndrecaj<\/li>\n<li>Daut Idriz Zagragjaj<\/li>\n<li>Faruk Zymer Zekaj<\/li>\n<li>Feriz Faik Guri<\/li>\n<li>Hajrush Mehmet Elezaj<\/li>\n<li>Haxhi Hoti<\/li>\n<li>Hysen Nahit Rexhepi<\/li>\n<li>Ismet Mustaf\u00eb Bicaj<\/li>\n<li>Sadik Ram\u00eb Rrustemaj<\/li>\n<li>Shaban Sali Manaj<\/li>\n<li>Shaban Zeq\u00eb Mazrekaj<\/li>\n<li>Tasim Uk\u00eb Elezaj<\/li>\n<\/ol>\n<p><strong>T\u00eb dekoruarit me \u201cUrdhrin e Liris\u00eb\u201d, i cili u jepet personave p\u00ebr kontributin e tyre t\u00eb lart\u00eb p\u00ebr liri t\u00eb Kosov\u00ebs.<\/strong><\/p>\n<ol>\n<li>Avdi Kelmendi<\/li>\n<li>Avdullah Polloshka<\/li>\n<li>Azem Jashanica \u2013 Bella\u00e7evci<\/li>\n<li>D\u00ebshmor\u00ebt e Gadimes 1944 \u2013 1946<\/li>\n<li>Familja Rama \u2013 Shkabaj, Obiliq<\/li>\n<li>Familjen Shala \u2013 Jeshkov\u00eb, Prizren<\/li>\n<li>Halit Hasani<\/li>\n<li>Idriz Rrecaj<\/li>\n<li>Ismail Raka<\/li>\n<li>Jashar Haxha<\/li>\n<li>Jusuf Bahtijari<\/li>\n<li>Latif Smajli<\/li>\n<li>L\u00ebvizja Kryeziu<\/li>\n<li>Mehmet Ag\u00eb Rashkoci<\/li>\n<li>Mulla Zek\u00eb Berdynaj<\/li>\n<li>Qamil Fejzi Hoxha<\/li>\n<li>Sefer Vesel Shabani<\/li>\n<li>Syl\u00eb Mehmeti \u2013 Nik\u00e7i<\/li>\n<li>Shefki Popova<\/li>\n<li>Shoqat\u00ebn Atdhetare \u201cMal\u00ebsia e Madhe\u201d n\u00eb Detroit dhe New York<\/li>\n<li>Tahir Zajmi<\/li>\n<li>Vehbi Dibra (Agolli)<\/li>\n<li>Zija Shemsiu<\/li>\n<li>Zymer Daut Hasi<\/li>\n<\/ol>\n<p><strong>T\u00eb dekoruarit me \u201cUrdhrin e Pavar\u00ebsis\u00eb\u201d, i cili u jepet personave p\u00ebr kontributin e tyre p\u00ebr pavar\u00ebsin\u00eb e Kosov\u00ebs.<\/strong><\/p>\n<p>1- Pandeli Majko<\/p>\n<p>2 Xhavit Ahmeti<\/p>\n<p><strong>T\u00eb dekoruarit me Urdhrin Luft\u00ebtar i Liris\u00eb \u201cAdem Jashari\u201d, i cili u jepet personave p\u00ebr trim\u00ebri n\u00eb luft\u00ebn p\u00ebr liri.<\/strong><\/p>\n<ol>\n<li>Adnan Nexhmedin Krasniqi<\/li>\n<li>Ajdin Selam Rrahmanaj<\/li>\n<li>Alajdin Nevzat Xhezairi<\/li>\n<li>Ali Ahmet Berisha<\/li>\n<li>Avni Zhabota<\/li>\n<li>Bashkim Ismail Suka<\/li>\n<li>Besnik Sadri Kastrati<\/li>\n<li>Bujar Visoqi<\/li>\n<li>Elfir Maliq Behrami<\/li>\n<li>Enver Nebi Buqaj<\/li>\n<li>Ersan Mehmet Mazreku<\/li>\n<li>Feriz Abdurrahman Susuri<\/li>\n<li>Hajdar Abaz Shala<\/li>\n<li>Halil Muhamet Gashi<\/li>\n<li>Hamit Shaip Thaqi<\/li>\n<li>Heshim\u00a0 Nuhi Gashi<\/li>\n<li>Hysni Rexhep Morina<\/li>\n<li>Ismet Selman Gashi<\/li>\n<li>Jeton Idriz Dedushaj<\/li>\n<li>Kadri Ramadan Kara\u00e7ica<\/li>\n<li>Malush Halil Ahmeti<\/li>\n<li>Nexhmi Brahin Llumnica<\/li>\n<li>Perparim Ali Tha\u00e7i<\/li>\n<li>Skender Mehmet Latifi<\/li>\n<li>Shaip Jahir Pacolli<\/li>\n<li>Shk\u00eblzen Imer Dragaj<\/li>\n<li>Tahir Haki Gashi<\/li>\n<li>Ymredin Smail \u00c7engaj<\/li>\n<\/ol>\n<p><strong>I dekoruar me Urdhrin p\u00ebr Paqe, Demokraci dhe Humaniz\u00ebm \u201c Dr. Ibrahim Rugova\u201d, i cili u jepet personave, vepra jet\u00ebsore e t\u00eb cil\u00ebve cil\u00ebsohet si kontribut i ve\u00e7ant\u00eb p\u00ebr nd\u00ebrtimin e paqes, zhvillimin e demokracis\u00eb dhe kultivimin e humanizmit.<\/strong><\/p>\n<ol>\n<li>Jean-Paul Carteron<\/li>\n<\/ol>\n<p><strong>T\u00eb dekoruarit me Medalja Humanitare \u201cN\u00ebna Terez\u00eb\u201d, q\u00eb u jepet personave q\u00eb\u00a0 kontribuojn\u00eb n\u00eb \u00e7\u00ebshtjet humanitare.<\/strong><\/p>\n<ol>\n<li>L\u00ebvizja e N\u00ebnave<\/li>\n<li>Bedrije Berisha<\/li>\n<li>Elizabeth Gowig<\/li>\n<li>Fexhrije Graca<\/li>\n<li>Haxhere Hajrizi<\/li>\n<li>Hilmije Havolli<\/li>\n<li>Igballe Reqica<\/li>\n<li>Merzuqe Hana<\/li>\n<li>Nexhmije Sogojeva<\/li>\n<li>Nora Bytyqi<\/li>\n<li>Rabisha Belegu<\/li>\n<li>Ramize Salihu<\/li>\n<li>Rupert Neudeck<\/li>\n<li>Sadete Zeneli<\/li>\n<li>Shejnaze Gashi<\/li>\n<li>Shpresa Shala<\/li>\n<li>Shqipe Biba<\/li>\n<li>Xhevrije Krasniqi<\/li>\n<\/ol>\n<p><strong>E dekoruar me Medaljen e Paqes dhe Pajtimit \u201cAnton \u00c7etta\u201d, e cila u jepet personave q\u00eb kan\u00eb kontribuar dhe kontribuojn\u00eb p\u00ebr paqe dhe pajtim midis njer\u00ebzve<\/strong><\/p>\n<ol>\n<li>L\u00ebvizja Gjith\u00ebpopullore p\u00ebr Faljen e Gjaqeve<\/li>\n<\/ol>\n<p><strong>T\u00eb dekoruarit me Medaljen Presidenciale t\u00eb Meritave, e cila u jepet personave q\u00eb me pun\u00ebn e tyre kan\u00eb kontribuar n\u00eb fusha t\u00eb ve\u00e7anta si arsim, shkenc\u00eb, kultur\u00eb, rini, sport, siguri, sh\u00ebrbim civil.<\/strong><\/p>\n<ol>\n<li>Abdylatif Fusha<\/li>\n<li>Agim Sarhati<\/li>\n<li>Agim Vatovci<\/li>\n<li>Agron Bori\u00e7i<\/li>\n<li>Agron Pustina<\/li>\n<li>Akil Koci<\/li>\n<li>Ali Sokoli<\/li>\n<li>Ali Zatriqi<\/li>\n<li>Amir Agani<\/li>\n<li>Arton Curraj<\/li>\n<li>Asene Agaj<\/li>\n<li>Avdyl Krasniqi<\/li>\n<li>Bedri Bakalli<\/li>\n<li>Behgjet Canhasi<\/li>\n<li>Besart Ahmeti<\/li>\n<li>Binak Kastrati<\/li>\n<li>Bosilka Lleshi<\/li>\n<li>Daut Mustafa<\/li>\n<li>Emine Gashi<\/li>\n<li>Enis Sabotic<\/li>\n<li>Enver Baraku<\/li>\n<li>Eshref Biqaku<\/li>\n<li>Fadil Hysaj<\/li>\n<li>Fehmi Henci<\/li>\n<li>Ferit Zekolli<\/li>\n<li>Florim Mejzinolli<\/li>\n<li>Gani Demolli<\/li>\n<li>Gazmend Shaqiri<\/li>\n<li>Hajredin Ukelli<\/li>\n<li>Hanife Bimbashi Sheremeti<\/li>\n<li>Hashim Maloku<\/li>\n<li>Hysen Ukmata<\/li>\n<li>Hysri Tafarshiku<\/li>\n<li>Imridin Gerdellaj<\/li>\n<li>Irfan Spahiu<\/li>\n<li>Irfete Spahiu<\/li>\n<li>Ismail Hoxha<\/li>\n<li>Isuf Dedushaj<\/li>\n<li>Izedin Osmani<\/li>\n<li>Izet Hima<\/li>\n<li>Jahja Kokaj<\/li>\n<li>Jashar Dula<\/li>\n<li>Josif Bageri<\/li>\n<li>Jusuf Rexhepi<\/li>\n<li>Jusuf Telaku<\/li>\n<li>Kajmak Gazideda<\/li>\n<li>Klinika Emergjente e SHSKUK-s\u00eb<\/li>\n<li>Kompania e K\u00ebrkim Shp\u00ebtimit, Regjimenti i Mbrojtjes Civile i Forc\u00ebs s\u00eb Siguris\u00eb s\u00eb Kosov\u00ebs<\/li>\n<li>Mark Ka\u00e7inari<\/li>\n<li>Mazllum Belegu<\/li>\n<li>Mehmet Begraca<\/li>\n<li>Mentor Disha<\/li>\n<li>Muhamet Guguli<\/li>\n<li>Muharrem Gashi<\/li>\n<li>Muharrem Kutllovci<\/li>\n<li>Muhedin Salihamixhiq<\/li>\n<li>Musa Haxhiu<\/li>\n<li>Nevruz Hasani<\/li>\n<li>Nexhdet Kryeziu<\/li>\n<li>Nysret Rahmani<\/li>\n<li>Omer Kaleshi<\/li>\n<li>Osman Hoxha<\/li>\n<li>Osman Imami<\/li>\n<li>Premtim Mustafa<\/li>\n<li>Qamil Haxhiu<\/li>\n<li>Qerkin Krasniqi<\/li>\n<li>Rauf Dhomi<\/li>\n<li>Resmije Vokrri<\/li>\n<li>Rifat Ymeri<\/li>\n<li>Riza Binishi<\/li>\n<li>Sadri Bajraktari<\/li>\n<li>Samedin Haxhijaha<\/li>\n<li>Selim Krasniqi<\/li>\n<li>Sim\u00eb Dobreci<\/li>\n<li>Skender Boshnjaku<\/li>\n<li>Skender Boshnjaku<\/li>\n<li>Suel Salihu<\/li>\n<li>Shaban Geci<\/li>\n<li>Shaban Shabani<\/li>\n<li>Shp\u00ebtim Robaj<\/li>\n<li>Sht\u00ebpin\u00eb e Kultur\u00ebs \u201cAbdullah Krashnica\u201d<\/li>\n<li>Tahir Z. Berisha<\/li>\n<li>Talat Pallaska<\/li>\n<li>Tef Vokrri<\/li>\n<li>Teuta Hadri<\/li>\n<li>Vjollca Hoti<\/li>\n<li>Xheladin Deda<\/li>\n<li>Xhemajl Ahmeti<\/li>\n<li>Xhemajl Bajraktari<\/li>\n<li>Ymer Ko\u00e7inaj<\/li>\n<li>Zef Gjoni<\/li>\n<li>Zenel Kabashi<\/li>\n<li>Zenel Kelmendi<\/li>\n<\/ol>\n<p><strong>I dekoruar me \u00c7mimin p\u00ebr Inovacione, K\u00ebrkime dhe Zhvillim, q\u00eb u jepet personave q\u00eb tregojn\u00eb rezultate t\u00eb jasht\u00ebzakonshme n\u00eb fusha t\u00eb caktuara t\u00eb dij\u00ebs, zhvillimit ekonomik dhe tekonologjis\u00eb.<\/strong><\/p>\n<ol>\n<li>Projekti NATEV<\/li>\n<\/ol>\n<p><strong>Gazetadielli.com<\/strong><\/div>\n<div><\/div>\n<div><strong>Foto nga Librari Arti Facebook<\/strong><\/div>\n<div><a href=\"http:\/\/www.visit-ulcinj.com\/blog\/wp-content\/uploads\/2016\/02\/Presidentja-Jahjaga-dekoroi-Sim\u00eb-Dobrecin-1.jpg\"><img loading=\"lazy\" class=\"alignleft wp-image-94742\" src=\"http:\/\/www.visit-ulcinj.com\/blog\/wp-content\/uploads\/2016\/02\/Presidentja-Jahjaga-dekoroi-Sim\u00eb-Dobrecin-1.jpg\" alt=\"Presidentja-Jahjaga-dekoroi-Sim\u00eb-Dobrecin-1\" width=\"508\" height=\"677\" srcset=\"https:\/\/www.visit-ulcinj.com\/blog\/wp-content\/uploads\/2016\/02\/Presidentja-Jahjaga-dekoroi-Sim\u00eb-Dobrecin-1.jpg 600w, https:\/\/www.visit-ulcinj.com\/blog\/wp-content\/uploads\/2016\/02\/Presidentja-Jahjaga-dekoroi-Sim\u00eb-Dobrecin-1-225x300.jpg 225w\" sizes=\"(max-width: 508px) 100vw, 508px\" \/><\/a><\/div>\n","protected":false},"excerpt":{"rendered":"<p>Nga Diaspora ne SHBA: Shoqata Atdhetare \u201cMal\u00ebsia e Madhe\u201d n\u00eb Detroit dhe New York, Shqipe Biba\/ N\u00eb vazhd\u00ebn e aktiviteteve p\u00ebr sh\u00ebnimin e tet\u00ebvjetorit t\u00eb pavar\u00ebsis\u00eb s\u00eb Kosov\u00ebs, Presidentja e vendit, Atifete Jahjaga, ka ndar\u00eb dekorata p\u00ebr nj\u00eb num\u00ebr t\u00eb madh personalitetesh dhe organizatash, q\u00eb kan\u00eb dh\u00ebn\u00eb kontribut t\u00eb jasht\u00ebzakonsh\u00ebm p\u00ebr Kosov\u00ebn.Dh\u00ebnia e dekoratave u [&hellip;]<\/p>\n","protected":false},"author":1,"featured_media":0,"comment_status":"closed","ping_status":"closed","sticky":false,"template":"","format":"standard","meta":{"spay_email":"","jetpack_publicize_message":"","jetpack_is_tweetstorm":false,"jetpack_publicize_feature_enabled":true},"categories":[12],"tags":[],"jetpack_publicize_connections":[],"yoast_head":"<!-- This site is optimized with the Yoast SEO plugin v19.1 - https:\/\/yoast.com\/wordpress\/plugins\/seo\/ -->\n<title>Presidentja Jahjaga dekoroi Sim\u00eb Dobrecin me Medaljen Presidenciale t\u00eb Meritave - Lajme nga Ulqini<\/title>\n<meta name=\"description\" content=\"Nga Diaspora ne SHBA: Shoqata Atdhetare \u201cMal\u00ebsia e Madhe\u201d n\u00eb Detroit dhe New York, Shqipe Biba\/ N\u00eb vazhd\u00ebn e aktiviteteve p\u00ebr sh\u00ebnimin e tet\u00ebvjetorit t\u00eb\" \/>\n<meta name=\"robots\" content=\"index, follow, max-snippet:-1, max-image-preview:large, max-video-preview:-1\" \/>\n<link rel=\"canonical\" href=\"https:\/\/www.visit-ulcinj.com\/blog\/2016\/02\/20\/presidentja-jahjaga-dekoroi-sime-dobrecin-medaljen-presidenciale-te-meritave\/\" \/>\n<meta property=\"og:locale\" content=\"en_US\" \/>\n<meta property=\"og:type\" content=\"article\" \/>\n<meta property=\"og:title\" content=\"Presidentja Jahjaga dekoroi Sim\u00eb Dobrecin me Medaljen Presidenciale t\u00eb Meritave - Lajme nga Ulqini\" \/>\n<meta property=\"og:description\" content=\"Nga Diaspora ne SHBA: Shoqata Atdhetare \u201cMal\u00ebsia e Madhe\u201d n\u00eb Detroit dhe New York, Shqipe Biba\/ N\u00eb vazhd\u00ebn e aktiviteteve p\u00ebr sh\u00ebnimin e tet\u00ebvjetorit t\u00eb\" \/>\n<meta property=\"og:url\" content=\"https:\/\/www.visit-ulcinj.com\/blog\/2016\/02\/20\/presidentja-jahjaga-dekoroi-sime-dobrecin-medaljen-presidenciale-te-meritave\/\" \/>\n<meta property=\"og:site_name\" content=\"Lajme nga Ulqini\" \/>\n<meta property=\"article:published_time\" content=\"2016-02-20T06:34:24+00:00\" \/>\n<meta name=\"twitter:label1\" content=\"Written by\" \/>\n\t<meta name=\"twitter:data1\" content=\"ulqini\" \/>\n\t<meta name=\"twitter:label2\" content=\"Est. reading time\" \/>\n\t<meta name=\"twitter:data2\" content=\"7 minutes\" \/>\n<script type=\"application\/ld+json\" class=\"yoast-schema-graph\">{\"@context\":\"https:\/\/schema.org\",\"@graph\":[{\"@type\":\"WebSite\",\"@id\":\"https:\/\/www.visit-ulcinj.com\/blog\/#website\",\"url\":\"https:\/\/www.visit-ulcinj.com\/blog\/\",\"name\":\"Lajme nga Ulqini\",\"description\":\"Lajme,Vijesti,Ulqini,Ulqin,Crna Gora,Mali i Zi\",\"potentialAction\":[{\"@type\":\"SearchAction\",\"target\":{\"@type\":\"EntryPoint\",\"urlTemplate\":\"https:\/\/www.visit-ulcinj.com\/blog\/?s={search_term_string}\"},\"query-input\":\"required name=search_term_string\"}],\"inLanguage\":\"en-US\"},{\"@type\":\"WebPage\",\"@id\":\"https:\/\/www.visit-ulcinj.com\/blog\/2016\/02\/20\/presidentja-jahjaga-dekoroi-sime-dobrecin-medaljen-presidenciale-te-meritave\/#webpage\",\"url\":\"https:\/\/www.visit-ulcinj.com\/blog\/2016\/02\/20\/presidentja-jahjaga-dekoroi-sime-dobrecin-medaljen-presidenciale-te-meritave\/\",\"name\":\"Presidentja Jahjaga dekoroi Sim\u00eb Dobrecin me Medaljen Presidenciale t\u00eb Meritave - Lajme nga Ulqini\",\"isPartOf\":{\"@id\":\"https:\/\/www.visit-ulcinj.com\/blog\/#website\"},\"datePublished\":\"2016-02-20T06:34:24+00:00\",\"dateModified\":\"2016-02-20T06:34:24+00:00\",\"author\":{\"@id\":\"https:\/\/www.visit-ulcinj.com\/blog\/#\/schema\/person\/dcab619c614d3038751c63bc2aadc06d\"},\"description\":\"Nga Diaspora ne SHBA: Shoqata Atdhetare \u201cMal\u00ebsia e Madhe\u201d n\u00eb Detroit dhe New York, Shqipe Biba\/ N\u00eb vazhd\u00ebn e aktiviteteve p\u00ebr sh\u00ebnimin e tet\u00ebvjetorit t\u00eb\",\"breadcrumb\":{\"@id\":\"https:\/\/www.visit-ulcinj.com\/blog\/2016\/02\/20\/presidentja-jahjaga-dekoroi-sime-dobrecin-medaljen-presidenciale-te-meritave\/#breadcrumb\"},\"inLanguage\":\"en-US\",\"potentialAction\":[{\"@type\":\"ReadAction\",\"target\":[\"https:\/\/www.visit-ulcinj.com\/blog\/2016\/02\/20\/presidentja-jahjaga-dekoroi-sime-dobrecin-medaljen-presidenciale-te-meritave\/\"]}]},{\"@type\":\"BreadcrumbList\",\"@id\":\"https:\/\/www.visit-ulcinj.com\/blog\/2016\/02\/20\/presidentja-jahjaga-dekoroi-sime-dobrecin-medaljen-presidenciale-te-meritave\/#breadcrumb\",\"itemListElement\":[{\"@type\":\"ListItem\",\"position\":1,\"name\":\"Presidentja Jahjaga dekoroi Sim\u00eb Dobrecin me Medaljen Presidenciale t\u00eb Meritave\"}]},{\"@type\":\"Person\",\"@id\":\"https:\/\/www.visit-ulcinj.com\/blog\/#\/schema\/person\/dcab619c614d3038751c63bc2aadc06d\",\"name\":\"ulqini\",\"sameAs\":[\"http:\/\/www.visit-ulcinj.com\"],\"url\":\"https:\/\/www.visit-ulcinj.com\/blog\/author\/admin\/\"}]}<\/script>\n<!-- \/ Yoast SEO plugin. -->","yoast_head_json":{"title":"Presidentja Jahjaga dekoroi Sim\u00eb Dobrecin me Medaljen Presidenciale t\u00eb Meritave - Lajme nga Ulqini","description":"Nga Diaspora ne SHBA: Shoqata Atdhetare \u201cMal\u00ebsia e Madhe\u201d n\u00eb Detroit dhe New York, Shqipe Biba\/ N\u00eb vazhd\u00ebn e aktiviteteve p\u00ebr sh\u00ebnimin e tet\u00ebvjetorit t\u00eb","robots":{"index":"index","follow":"follow","max-snippet":"max-snippet:-1","max-image-preview":"max-image-preview:large","max-video-preview":"max-video-preview:-1"},"canonical":"https:\/\/www.visit-ulcinj.com\/blog\/2016\/02\/20\/presidentja-jahjaga-dekoroi-sime-dobrecin-medaljen-presidenciale-te-meritave\/","og_locale":"en_US","og_type":"article","og_title":"Presidentja Jahjaga dekoroi Sim\u00eb Dobrecin me Medaljen Presidenciale t\u00eb Meritave - Lajme nga Ulqini","og_description":"Nga Diaspora ne SHBA: Shoqata Atdhetare \u201cMal\u00ebsia e Madhe\u201d n\u00eb Detroit dhe New York, Shqipe Biba\/ N\u00eb vazhd\u00ebn e aktiviteteve p\u00ebr sh\u00ebnimin e tet\u00ebvjetorit t\u00eb","og_url":"https:\/\/www.visit-ulcinj.com\/blog\/2016\/02\/20\/presidentja-jahjaga-dekoroi-sime-dobrecin-medaljen-presidenciale-te-meritave\/","og_site_name":"Lajme nga Ulqini","article_published_time":"2016-02-20T06:34:24+00:00","twitter_misc":{"Written by":"ulqini","Est. reading time":"7 minutes"},"schema":{"@context":"https:\/\/schema.org","@graph":[{"@type":"WebSite","@id":"https:\/\/www.visit-ulcinj.com\/blog\/#website","url":"https:\/\/www.visit-ulcinj.com\/blog\/","name":"Lajme nga Ulqini","description":"Lajme,Vijesti,Ulqini,Ulqin,Crna Gora,Mali i Zi","potentialAction":[{"@type":"SearchAction","target":{"@type":"EntryPoint","urlTemplate":"https:\/\/www.visit-ulcinj.com\/blog\/?s={search_term_string}"},"query-input":"required name=search_term_string"}],"inLanguage":"en-US"},{"@type":"WebPage","@id":"https:\/\/www.visit-ulcinj.com\/blog\/2016\/02\/20\/presidentja-jahjaga-dekoroi-sime-dobrecin-medaljen-presidenciale-te-meritave\/#webpage","url":"https:\/\/www.visit-ulcinj.com\/blog\/2016\/02\/20\/presidentja-jahjaga-dekoroi-sime-dobrecin-medaljen-presidenciale-te-meritave\/","name":"Presidentja Jahjaga dekoroi Sim\u00eb Dobrecin me Medaljen Presidenciale t\u00eb Meritave - Lajme nga Ulqini","isPartOf":{"@id":"https:\/\/www.visit-ulcinj.com\/blog\/#website"},"datePublished":"2016-02-20T06:34:24+00:00","dateModified":"2016-02-20T06:34:24+00:00","author":{"@id":"https:\/\/www.visit-ulcinj.com\/blog\/#\/schema\/person\/dcab619c614d3038751c63bc2aadc06d"},"description":"Nga Diaspora ne SHBA: Shoqata Atdhetare \u201cMal\u00ebsia e Madhe\u201d n\u00eb Detroit dhe New York, Shqipe Biba\/ N\u00eb vazhd\u00ebn e aktiviteteve p\u00ebr sh\u00ebnimin e tet\u00ebvjetorit t\u00eb","breadcrumb":{"@id":"https:\/\/www.visit-ulcinj.com\/blog\/2016\/02\/20\/presidentja-jahjaga-dekoroi-sime-dobrecin-medaljen-presidenciale-te-meritave\/#breadcrumb"},"inLanguage":"en-US","potentialAction":[{"@type":"ReadAction","target":["https:\/\/www.visit-ulcinj.com\/blog\/2016\/02\/20\/presidentja-jahjaga-dekoroi-sime-dobrecin-medaljen-presidenciale-te-meritave\/"]}]},{"@type":"BreadcrumbList","@id":"https:\/\/www.visit-ulcinj.com\/blog\/2016\/02\/20\/presidentja-jahjaga-dekoroi-sime-dobrecin-medaljen-presidenciale-te-meritave\/#breadcrumb","itemListElement":[{"@type":"ListItem","position":1,"name":"Presidentja Jahjaga dekoroi Sim\u00eb Dobrecin me Medaljen Presidenciale t\u00eb Meritave"}]},{"@type":"Person","@id":"https:\/\/www.visit-ulcinj.com\/blog\/#\/schema\/person\/dcab619c614d3038751c63bc2aadc06d","name":"ulqini","sameAs":["http:\/\/www.visit-ulcinj.com"],"url":"https:\/\/www.visit-ulcinj.com\/blog\/author\/admin\/"}]}},"jetpack_featured_media_url":"","jetpack_sharing_enabled":true,"jetpack_shortlink":"https:\/\/wp.me\/pe6lTn-oE4","_links":{"self":[{"href":"https:\/\/www.visit-ulcinj.com\/blog\/wp-json\/wp\/v2\/posts\/94740"}],"collection":[{"href":"https:\/\/www.visit-ulcinj.com\/blog\/wp-json\/wp\/v2\/posts"}],"about":[{"href":"https:\/\/www.visit-ulcinj.com\/blog\/wp-json\/wp\/v2\/types\/post"}],"author":[{"embeddable":true,"href":"https:\/\/www.visit-ulcinj.com\/blog\/wp-json\/wp\/v2\/users\/1"}],"replies":[{"embeddable":true,"href":"https:\/\/www.visit-ulcinj.com\/blog\/wp-json\/wp\/v2\/comments?post=94740"}],"version-history":[{"count":1,"href":"https:\/\/www.visit-ulcinj.com\/blog\/wp-json\/wp\/v2\/posts\/94740\/revisions"}],"predecessor-version":[{"id":94743,"href":"https:\/\/www.visit-ulcinj.com\/blog\/wp-json\/wp\/v2\/posts\/94740\/revisions\/94743"}],"wp:attachment":[{"href":"https:\/\/www.visit-ulcinj.com\/blog\/wp-json\/wp\/v2\/media?parent=94740"}],"wp:term":[{"taxonomy":"category","embeddable":true,"href":"https:\/\/www.visit-ulcinj.com\/blog\/wp-json\/wp\/v2\/categories?post=94740"},{"taxonomy":"post_tag","embeddable":true,"href":"https:\/\/www.visit-ulcinj.com\/blog\/wp-json\/wp\/v2\/tags?post=94740"}],"curies":[{"name":"wp","href":"https:\/\/api.w.org\/{rel}","templated":true}]}}