{"id":94752,"date":"2016-02-20T19:02:24","date_gmt":"2016-02-20T18:02:24","guid":{"rendered":"http:\/\/www.visit-ulcinj.com\/blog\/?p=94752"},"modified":"2016-02-20T19:02:24","modified_gmt":"2016-02-20T18:02:24","slug":"bardhi-telegram-ngushllimi-amasadorit-te-turqise-ne-podgorice","status":"publish","type":"post","link":"https:\/\/www.visit-ulcinj.com\/blog\/2016\/02\/20\/bardhi-telegram-ngushllimi-amasadorit-te-turqise-ne-podgorice\/","title":{"rendered":"Bardhi: Telegram ngushllimi amasadorit t\u00eb Turqis\u00eb n\u00eb Podgoric\u00eb"},"content":{"rendered":"<p style=\"text-align: center;\"><strong><a href=\"http:\/\/www.visit-ulcinj.com\/blog\/wp-content\/uploads\/2013\/02\/mehmetbardhi.jpg\"><img loading=\"lazy\" class=\"alignleft wp-image-68615 size-medium\" src=\"http:\/\/www.visit-ulcinj.com\/blog\/wp-content\/uploads\/2013\/02\/mehmetbardhi-300x222.jpg\" alt=\"mehmetbardhi\" width=\"300\" height=\"222\" srcset=\"https:\/\/www.visit-ulcinj.com\/blog\/wp-content\/uploads\/2013\/02\/mehmetbardhi-300x222.jpg 300w, https:\/\/www.visit-ulcinj.com\/blog\/wp-content\/uploads\/2013\/02\/mehmetbardhi.jpg 407w\" sizes=\"(max-width: 300px) 100vw, 300px\" \/><\/a>K O M U N I K A T \u00cb<\/strong><\/p>\n<p><strong>\u00a0<\/strong><\/p>\n<p><strong>BARDHI I D\u00cbRGON TELEGRAM NGUSH\u00cbLLLIMI AMASADORIT T\u00cb TURQIS\u00cb N\u00cb \u00a0PODGORIC\u00cb SHKELQESIS\u00cb S\u00cb TIJ Z. SERHAT GALIP<\/strong><\/p>\n<p><strong>\u00a0<\/strong><\/p>\n<p><strong>\u00a0<\/strong><\/p>\n<p><strong>\u00a0\u00a0\u00a0\u00a0\u00a0\u00a0 \u00a0\u00a0\u00a0\u00a0\u00a0\u00a0\u00a0\u00a0\u00a0\u00a0\u00a0\u00a0\u00a0\u00a0\u00a0\u00a0\u00a0<\/strong><\/p>\n<p>&nbsp;<\/p>\n<p>&nbsp;<\/p>\n<p><strong>Ambasad\u00ebs s\u00eb Republik\u00ebs t\u00eb Turqis\u00eb n\u00eb Podgoric\u00eb<br \/>\nEkselenc\u00ebs s\u00eb Tij zot\u00ebri SERHAT GALIP<\/strong><\/p>\n<p><strong><br \/>\nP o d g o r i c \u00eb<\/strong><\/p>\n<p><strong><br \/>\n<\/strong>I nderuari zot\u00ebri Ambasador Serhat Galip,<br \/>\nMe rastin e ngjarjes tragjike q\u00eb ndodhi dje n\u00eb Ankara, ku n\u00eb sulmin barbar e terrorist humb\u00ebn jet\u00ebn 28 veta dhe u plagos\u00ebn m\u00eb se 61 persona, n\u00eb em\u00ebr t\u00eb Lidhjes Demokratike n\u00eb Mal t\u00eb Zi (L D n\u00eb MZ) p\u00ebrfaq\u00ebsueses s\u00eb par\u00eb politike dhe t\u00eb v\u00ebrtet\u00eb t\u00eb shqiptar\u00ebve n\u00eb trojet veta etnike st\u00ebrgjyshore, sot n\u00eb Malin e Zi, pranoni ngush\u00ebllimet tona m\u00eb t\u00eb sinqerta.<\/p>\n<p>Ju lutemi q\u00eb ngush\u00ebllimet tona t&#8217;ju p\u00ebrcillni: kryetarit, zot\u00ebri Rexhep Taip Erdogan, familjar\u00ebve t\u00eb viktimave dhe t\u00eb plagosurve si edhe mbar\u00eb popullit t\u00eb Turqis\u00eb.<\/p>\n<p>T\u00eb plagosurve u urojm\u00eb sh\u00ebrim t\u00eb shpejt\u00eb.<\/p>\n<p>&nbsp;<\/p>\n<p>Me respekt.<\/p>\n<p><strong>MEHMET BARDHI, prof. kryetar i LD n\u00eb MZ <\/strong><\/p>\n<p>&nbsp;<\/p>\n<h3><\/h3>\n<h3>Ulqin , m\u00eb\u00a0\u00a0 18 . 02. 2016 \/\/ Nr.\u00a0\u00a0 34 \/ 16<\/h3>\n<p>&nbsp;<\/p>\n<p>E-mail: <a href=\"mailto:mbardhi@hotmail.com\">mbardhi@hotmail.com<\/a><\/p>\n","protected":false},"excerpt":{"rendered":"<p>K O M U N I K A T \u00cb \u00a0 BARDHI I D\u00cbRGON TELEGRAM NGUSH\u00cbLLLIMI AMASADORIT T\u00cb TURQIS\u00cb N\u00cb \u00a0PODGORIC\u00cb SHKELQESIS\u00cb S\u00cb TIJ Z. SERHAT GALIP \u00a0 \u00a0 \u00a0\u00a0\u00a0\u00a0\u00a0\u00a0 \u00a0\u00a0\u00a0\u00a0\u00a0\u00a0\u00a0\u00a0\u00a0\u00a0\u00a0\u00a0\u00a0\u00a0\u00a0\u00a0\u00a0 &nbsp; &nbsp; Ambasad\u00ebs s\u00eb Republik\u00ebs t\u00eb Turqis\u00eb n\u00eb Podgoric\u00eb Ekselenc\u00ebs s\u00eb Tij zot\u00ebri SERHAT GALIP P o d g o r i c \u00eb [&hellip;]<\/p>\n","protected":false},"author":1,"featured_media":0,"comment_status":"closed","ping_status":"closed","sticky":false,"template":"","format":"standard","meta":{"spay_email":"","jetpack_publicize_message":"","jetpack_is_tweetstorm":false,"jetpack_publicize_feature_enabled":true},"categories":[6950],"tags":[],"jetpack_publicize_connections":[],"yoast_head":"<!-- This site is optimized with the Yoast SEO plugin v19.1 - https:\/\/yoast.com\/wordpress\/plugins\/seo\/ -->\n<title>Bardhi: Telegram ngushllimi amasadorit t\u00eb Turqis\u00eb n\u00eb Podgoric\u00eb - Lajme nga Ulqini<\/title>\n<meta name=\"description\" content=\"K O M U N I K A T \u00cb \u00a0 BARDHI I D\u00cbRGON TELEGRAM NGUSH\u00cbLLLIMI AMASADORIT T\u00cb TURQIS\u00cb N\u00cb \u00a0PODGORIC\u00cb SHKELQESIS\u00cb S\u00cb TIJ Z. SERHAT GALIP \u00a0 \u00a0 \u00a0\u00a0\u00a0\u00a0\u00a0\u00a0\" \/>\n<meta name=\"robots\" content=\"index, follow, max-snippet:-1, max-image-preview:large, max-video-preview:-1\" \/>\n<link rel=\"canonical\" href=\"https:\/\/www.visit-ulcinj.com\/blog\/2016\/02\/20\/bardhi-telegram-ngushllimi-amasadorit-te-turqise-ne-podgorice\/\" \/>\n<meta property=\"og:locale\" content=\"en_US\" \/>\n<meta property=\"og:type\" content=\"article\" \/>\n<meta property=\"og:title\" content=\"Bardhi: Telegram ngushllimi amasadorit t\u00eb Turqis\u00eb n\u00eb Podgoric\u00eb - Lajme nga Ulqini\" \/>\n<meta property=\"og:description\" content=\"K O M U N I K A T \u00cb \u00a0 BARDHI I D\u00cbRGON TELEGRAM NGUSH\u00cbLLLIMI AMASADORIT T\u00cb TURQIS\u00cb N\u00cb \u00a0PODGORIC\u00cb SHKELQESIS\u00cb S\u00cb TIJ Z. SERHAT GALIP \u00a0 \u00a0 \u00a0\u00a0\u00a0\u00a0\u00a0\u00a0\" \/>\n<meta property=\"og:url\" content=\"https:\/\/www.visit-ulcinj.com\/blog\/2016\/02\/20\/bardhi-telegram-ngushllimi-amasadorit-te-turqise-ne-podgorice\/\" \/>\n<meta property=\"og:site_name\" content=\"Lajme nga Ulqini\" \/>\n<meta property=\"article:published_time\" content=\"2016-02-20T18:02:24+00:00\" \/>\n<meta property=\"og:image\" content=\"http:\/\/www.visit-ulcinj.com\/blog\/wp-content\/uploads\/2013\/02\/mehmetbardhi-300x222.jpg\" \/>\n<meta name=\"twitter:label1\" content=\"Written by\" \/>\n\t<meta name=\"twitter:data1\" content=\"ulqini\" \/>\n\t<meta name=\"twitter:label2\" content=\"Est. reading time\" \/>\n\t<meta name=\"twitter:data2\" content=\"1 minute\" \/>\n<script type=\"application\/ld+json\" class=\"yoast-schema-graph\">{\"@context\":\"https:\/\/schema.org\",\"@graph\":[{\"@type\":\"WebSite\",\"@id\":\"https:\/\/www.visit-ulcinj.com\/blog\/#website\",\"url\":\"https:\/\/www.visit-ulcinj.com\/blog\/\",\"name\":\"Lajme nga Ulqini\",\"description\":\"Lajme,Vijesti,Ulqini,Ulqin,Crna Gora,Mali i Zi\",\"potentialAction\":[{\"@type\":\"SearchAction\",\"target\":{\"@type\":\"EntryPoint\",\"urlTemplate\":\"https:\/\/www.visit-ulcinj.com\/blog\/?s={search_term_string}\"},\"query-input\":\"required name=search_term_string\"}],\"inLanguage\":\"en-US\"},{\"@type\":\"ImageObject\",\"inLanguage\":\"en-US\",\"@id\":\"https:\/\/www.visit-ulcinj.com\/blog\/2016\/02\/20\/bardhi-telegram-ngushllimi-amasadorit-te-turqise-ne-podgorice\/#primaryimage\",\"url\":\"https:\/\/www.visit-ulcinj.com\/blog\/wp-content\/uploads\/2013\/02\/mehmetbardhi.jpg\",\"contentUrl\":\"https:\/\/www.visit-ulcinj.com\/blog\/wp-content\/uploads\/2013\/02\/mehmetbardhi.jpg\",\"width\":407,\"height\":302},{\"@type\":\"WebPage\",\"@id\":\"https:\/\/www.visit-ulcinj.com\/blog\/2016\/02\/20\/bardhi-telegram-ngushllimi-amasadorit-te-turqise-ne-podgorice\/#webpage\",\"url\":\"https:\/\/www.visit-ulcinj.com\/blog\/2016\/02\/20\/bardhi-telegram-ngushllimi-amasadorit-te-turqise-ne-podgorice\/\",\"name\":\"Bardhi: Telegram ngushllimi amasadorit t\u00eb Turqis\u00eb n\u00eb Podgoric\u00eb - Lajme nga Ulqini\",\"isPartOf\":{\"@id\":\"https:\/\/www.visit-ulcinj.com\/blog\/#website\"},\"primaryImageOfPage\":{\"@id\":\"https:\/\/www.visit-ulcinj.com\/blog\/2016\/02\/20\/bardhi-telegram-ngushllimi-amasadorit-te-turqise-ne-podgorice\/#primaryimage\"},\"datePublished\":\"2016-02-20T18:02:24+00:00\",\"dateModified\":\"2016-02-20T18:02:24+00:00\",\"author\":{\"@id\":\"https:\/\/www.visit-ulcinj.com\/blog\/#\/schema\/person\/dcab619c614d3038751c63bc2aadc06d\"},\"description\":\"K O M U N I K A T \u00cb \u00a0 BARDHI I D\u00cbRGON TELEGRAM NGUSH\u00cbLLLIMI AMASADORIT T\u00cb TURQIS\u00cb N\u00cb \u00a0PODGORIC\u00cb SHKELQESIS\u00cb S\u00cb TIJ Z. SERHAT GALIP \u00a0 \u00a0 \u00a0\u00a0\u00a0\u00a0\u00a0\u00a0\",\"breadcrumb\":{\"@id\":\"https:\/\/www.visit-ulcinj.com\/blog\/2016\/02\/20\/bardhi-telegram-ngushllimi-amasadorit-te-turqise-ne-podgorice\/#breadcrumb\"},\"inLanguage\":\"en-US\",\"potentialAction\":[{\"@type\":\"ReadAction\",\"target\":[\"https:\/\/www.visit-ulcinj.com\/blog\/2016\/02\/20\/bardhi-telegram-ngushllimi-amasadorit-te-turqise-ne-podgorice\/\"]}]},{\"@type\":\"BreadcrumbList\",\"@id\":\"https:\/\/www.visit-ulcinj.com\/blog\/2016\/02\/20\/bardhi-telegram-ngushllimi-amasadorit-te-turqise-ne-podgorice\/#breadcrumb\",\"itemListElement\":[{\"@type\":\"ListItem\",\"position\":1,\"name\":\"Bardhi: Telegram ngushllimi amasadorit t\u00eb Turqis\u00eb n\u00eb Podgoric\u00eb\"}]},{\"@type\":\"Person\",\"@id\":\"https:\/\/www.visit-ulcinj.com\/blog\/#\/schema\/person\/dcab619c614d3038751c63bc2aadc06d\",\"name\":\"ulqini\",\"sameAs\":[\"http:\/\/www.visit-ulcinj.com\"],\"url\":\"https:\/\/www.visit-ulcinj.com\/blog\/author\/admin\/\"}]}<\/script>\n<!-- \/ Yoast SEO plugin. -->","yoast_head_json":{"title":"Bardhi: Telegram ngushllimi amasadorit t\u00eb Turqis\u00eb n\u00eb Podgoric\u00eb - Lajme nga Ulqini","description":"K O M U N I K A T \u00cb \u00a0 BARDHI I D\u00cbRGON TELEGRAM NGUSH\u00cbLLLIMI AMASADORIT T\u00cb TURQIS\u00cb N\u00cb \u00a0PODGORIC\u00cb SHKELQESIS\u00cb S\u00cb TIJ Z. SERHAT GALIP \u00a0 \u00a0 \u00a0\u00a0\u00a0\u00a0\u00a0\u00a0","robots":{"index":"index","follow":"follow","max-snippet":"max-snippet:-1","max-image-preview":"max-image-preview:large","max-video-preview":"max-video-preview:-1"},"canonical":"https:\/\/www.visit-ulcinj.com\/blog\/2016\/02\/20\/bardhi-telegram-ngushllimi-amasadorit-te-turqise-ne-podgorice\/","og_locale":"en_US","og_type":"article","og_title":"Bardhi: Telegram ngushllimi amasadorit t\u00eb Turqis\u00eb n\u00eb Podgoric\u00eb - Lajme nga Ulqini","og_description":"K O M U N I K A T \u00cb \u00a0 BARDHI I D\u00cbRGON TELEGRAM NGUSH\u00cbLLLIMI AMASADORIT T\u00cb TURQIS\u00cb N\u00cb \u00a0PODGORIC\u00cb SHKELQESIS\u00cb S\u00cb TIJ Z. SERHAT GALIP \u00a0 \u00a0 \u00a0\u00a0\u00a0\u00a0\u00a0\u00a0","og_url":"https:\/\/www.visit-ulcinj.com\/blog\/2016\/02\/20\/bardhi-telegram-ngushllimi-amasadorit-te-turqise-ne-podgorice\/","og_site_name":"Lajme nga Ulqini","article_published_time":"2016-02-20T18:02:24+00:00","og_image":[{"url":"http:\/\/www.visit-ulcinj.com\/blog\/wp-content\/uploads\/2013\/02\/mehmetbardhi-300x222.jpg"}],"twitter_misc":{"Written by":"ulqini","Est. reading time":"1 minute"},"schema":{"@context":"https:\/\/schema.org","@graph":[{"@type":"WebSite","@id":"https:\/\/www.visit-ulcinj.com\/blog\/#website","url":"https:\/\/www.visit-ulcinj.com\/blog\/","name":"Lajme nga Ulqini","description":"Lajme,Vijesti,Ulqini,Ulqin,Crna Gora,Mali i Zi","potentialAction":[{"@type":"SearchAction","target":{"@type":"EntryPoint","urlTemplate":"https:\/\/www.visit-ulcinj.com\/blog\/?s={search_term_string}"},"query-input":"required name=search_term_string"}],"inLanguage":"en-US"},{"@type":"ImageObject","inLanguage":"en-US","@id":"https:\/\/www.visit-ulcinj.com\/blog\/2016\/02\/20\/bardhi-telegram-ngushllimi-amasadorit-te-turqise-ne-podgorice\/#primaryimage","url":"https:\/\/www.visit-ulcinj.com\/blog\/wp-content\/uploads\/2013\/02\/mehmetbardhi.jpg","contentUrl":"https:\/\/www.visit-ulcinj.com\/blog\/wp-content\/uploads\/2013\/02\/mehmetbardhi.jpg","width":407,"height":302},{"@type":"WebPage","@id":"https:\/\/www.visit-ulcinj.com\/blog\/2016\/02\/20\/bardhi-telegram-ngushllimi-amasadorit-te-turqise-ne-podgorice\/#webpage","url":"https:\/\/www.visit-ulcinj.com\/blog\/2016\/02\/20\/bardhi-telegram-ngushllimi-amasadorit-te-turqise-ne-podgorice\/","name":"Bardhi: Telegram ngushllimi amasadorit t\u00eb Turqis\u00eb n\u00eb Podgoric\u00eb - Lajme nga Ulqini","isPartOf":{"@id":"https:\/\/www.visit-ulcinj.com\/blog\/#website"},"primaryImageOfPage":{"@id":"https:\/\/www.visit-ulcinj.com\/blog\/2016\/02\/20\/bardhi-telegram-ngushllimi-amasadorit-te-turqise-ne-podgorice\/#primaryimage"},"datePublished":"2016-02-20T18:02:24+00:00","dateModified":"2016-02-20T18:02:24+00:00","author":{"@id":"https:\/\/www.visit-ulcinj.com\/blog\/#\/schema\/person\/dcab619c614d3038751c63bc2aadc06d"},"description":"K O M U N I K A T \u00cb \u00a0 BARDHI I D\u00cbRGON TELEGRAM NGUSH\u00cbLLLIMI AMASADORIT T\u00cb TURQIS\u00cb N\u00cb \u00a0PODGORIC\u00cb SHKELQESIS\u00cb S\u00cb TIJ Z. SERHAT GALIP \u00a0 \u00a0 \u00a0\u00a0\u00a0\u00a0\u00a0\u00a0","breadcrumb":{"@id":"https:\/\/www.visit-ulcinj.com\/blog\/2016\/02\/20\/bardhi-telegram-ngushllimi-amasadorit-te-turqise-ne-podgorice\/#breadcrumb"},"inLanguage":"en-US","potentialAction":[{"@type":"ReadAction","target":["https:\/\/www.visit-ulcinj.com\/blog\/2016\/02\/20\/bardhi-telegram-ngushllimi-amasadorit-te-turqise-ne-podgorice\/"]}]},{"@type":"BreadcrumbList","@id":"https:\/\/www.visit-ulcinj.com\/blog\/2016\/02\/20\/bardhi-telegram-ngushllimi-amasadorit-te-turqise-ne-podgorice\/#breadcrumb","itemListElement":[{"@type":"ListItem","position":1,"name":"Bardhi: Telegram ngushllimi amasadorit t\u00eb Turqis\u00eb n\u00eb Podgoric\u00eb"}]},{"@type":"Person","@id":"https:\/\/www.visit-ulcinj.com\/blog\/#\/schema\/person\/dcab619c614d3038751c63bc2aadc06d","name":"ulqini","sameAs":["http:\/\/www.visit-ulcinj.com"],"url":"https:\/\/www.visit-ulcinj.com\/blog\/author\/admin\/"}]}},"jetpack_featured_media_url":"","jetpack_sharing_enabled":true,"jetpack_shortlink":"https:\/\/wp.me\/pe6lTn-oEg","_links":{"self":[{"href":"https:\/\/www.visit-ulcinj.com\/blog\/wp-json\/wp\/v2\/posts\/94752"}],"collection":[{"href":"https:\/\/www.visit-ulcinj.com\/blog\/wp-json\/wp\/v2\/posts"}],"about":[{"href":"https:\/\/www.visit-ulcinj.com\/blog\/wp-json\/wp\/v2\/types\/post"}],"author":[{"embeddable":true,"href":"https:\/\/www.visit-ulcinj.com\/blog\/wp-json\/wp\/v2\/users\/1"}],"replies":[{"embeddable":true,"href":"https:\/\/www.visit-ulcinj.com\/blog\/wp-json\/wp\/v2\/comments?post=94752"}],"version-history":[{"count":1,"href":"https:\/\/www.visit-ulcinj.com\/blog\/wp-json\/wp\/v2\/posts\/94752\/revisions"}],"predecessor-version":[{"id":94753,"href":"https:\/\/www.visit-ulcinj.com\/blog\/wp-json\/wp\/v2\/posts\/94752\/revisions\/94753"}],"wp:attachment":[{"href":"https:\/\/www.visit-ulcinj.com\/blog\/wp-json\/wp\/v2\/media?parent=94752"}],"wp:term":[{"taxonomy":"category","embeddable":true,"href":"https:\/\/www.visit-ulcinj.com\/blog\/wp-json\/wp\/v2\/categories?post=94752"},{"taxonomy":"post_tag","embeddable":true,"href":"https:\/\/www.visit-ulcinj.com\/blog\/wp-json\/wp\/v2\/tags?post=94752"}],"curies":[{"name":"wp","href":"https:\/\/api.w.org\/{rel}","templated":true}]}}