{"id":94754,"date":"2016-02-21T10:20:39","date_gmt":"2016-02-21T09:20:39","guid":{"rendered":"http:\/\/www.visit-ulcinj.com\/blog\/?p=94754"},"modified":"2016-02-21T10:20:39","modified_gmt":"2016-02-21T09:20:39","slug":"zidine-ulcinjskog-starog-grada-bice-osvjetljene-u-cetiri-boje-video","status":"publish","type":"post","link":"https:\/\/www.visit-ulcinj.com\/blog\/2016\/02\/21\/zidine-ulcinjskog-starog-grada-bice-osvjetljene-u-cetiri-boje-video\/","title":{"rendered":"Zidine ulcinjskog Starog grada bi\u0107e osvjetljene u \u010detiri boje &#8211; Video"},"content":{"rendered":"<p><strong><a href=\"http:\/\/www.visit-ulcinj.com\/blog\/wp-content\/uploads\/2016\/02\/osvetlenje-stari-grad-ulcinj.jpg\"><img loading=\"lazy\" class=\"alignleft wp-image-94755\" src=\"http:\/\/www.visit-ulcinj.com\/blog\/wp-content\/uploads\/2016\/02\/osvetlenje-stari-grad-ulcinj.jpg\" alt=\"osvetlenje-stari-grad-ulcinj\" width=\"508\" height=\"224\" srcset=\"https:\/\/www.visit-ulcinj.com\/blog\/wp-content\/uploads\/2016\/02\/osvetlenje-stari-grad-ulcinj.jpg 745w, https:\/\/www.visit-ulcinj.com\/blog\/wp-content\/uploads\/2016\/02\/osvetlenje-stari-grad-ulcinj-300x132.jpg 300w\" sizes=\"(max-width: 508px) 100vw, 508px\" \/><\/a>Starogra\u0111ani su uvjereni da \u0107e se sva zna\u010dajna kulturna de\u0161avanja preseliti upravo ispod zidina Starog grada<\/strong><\/p>\n<p><strong><span class=\"credits__author\"> Autor: Suzana Gani\u0107 <\/span><\/strong><\/p>\n<p>Zidine ulcinjskog Starog grada bi\u0107e osvjetljene po najsavremenijoj tehnologiji, koja se jo\u0161\u00a0nije koristila u Crnoj Gori. Koriste\u0107i savremenu elektroniku i tehnologiju, svjetlost \u0107e se smjenjivati u \u010detiri boje,a projekat osvjetljenja radio je cuveni italijanski majstor fotografije i scenografije Franko Ferari, uz stru\u010dnu i tehni\u010dku podrsku arhitektonskog biroa Ital design. Vrijednost projekta je 76\u00a0hiljada eura.<\/p>\n<p>&#8220;Na\u0161em birou bila je posebna \u010dast da na zajedni\u010dkom projektu rasvjete zidina starog grada Ulcinja, sara\u0111ujemo sa Frankom Ferarom, jednim od najve\u0107ih specijalista u Evropi i\u00a0svijetu koji se odnosi na osvjetljenje, kako arhitektonskih objekata, tako i objekata posebno istorijske vrijednosti, poput vrkve Svetog Marka u Vatikanu&#8221;, ka\u017ee za TV Vijesti Aleksandar Dabovi\u0107 iz &#8220;Ital design&#8221;.<\/p>\n<!--YouTube Error: bad URL entered-->\n<p>Zadovoljni su i Starogra\u0111ani.<\/p>\n<p>&#8220;Stari grad je uzdignut na jednoj hridi i izgleda kao jedan nasukani brod, a sada ce izgledati kao jedan predivan kruzer, s tim \u0161to je ovaj na\u0161\u00a0kruzer star preko 2.500 godina. Stari grad je svuda, u svim kancelarijama, na svim panoima, i mi \u017eelimo da on dobije pravu vrijednost!, ka\u017ee\u00a0Ismet Karamanaga\u00ad predsjednik Udru\u017eenja prijatelja Starog grada Kaljaja.<\/p>\n<p>Starogra\u0111ani su uvjereni da \u0107e se sva zna\u010dajna kulturna de\u0161avanja preseliti upravo ispod zidina Starog grada, dok iz Ital design\u00ada, vjeruju da \u0107e Stari grad biti raskosno osvijetljen ve\u0107\u00a0za Dan op\u0161tine Ulcinj, koji se obilje\u017eava prve subote aprila.<\/p>\n<p>&#8220;Ovaj projekat \u0107e biti realizovan do po\u010detka aprila, kojim ce se dodatno afirmisati na\u0161\u00a0stari grad, kao najvrijednije kulturno istorijsko naslije\u0111e na\u0161e op\u0161tine&#8221;, otkriva Dabovi\u0107.<\/p>\n<p>Projekat osvjetljavanja Starog grada realizova\u0107e podgori\u010dka firma Artek.<\/p>\n<p><strong>Izvor: Vijesti Online<\/strong><\/p>\n","protected":false},"excerpt":{"rendered":"<p>Starogra\u0111ani su uvjereni da \u0107e se sva zna\u010dajna kulturna de\u0161avanja preseliti upravo ispod zidina Starog grada Autor: Suzana Gani\u0107 Zidine ulcinjskog Starog grada bi\u0107e osvjetljene po najsavremenijoj tehnologiji, koja se jo\u0161\u00a0nije koristila u Crnoj Gori. Koriste\u0107i savremenu elektroniku i tehnologiju, svjetlost \u0107e se smjenjivati u \u010detiri boje,a projekat osvjetljenja radio je cuveni italijanski majstor fotografije [&hellip;]<\/p>\n","protected":false},"author":1,"featured_media":0,"comment_status":"closed","ping_status":"closed","sticky":false,"template":"","format":"standard","meta":{"spay_email":"","jetpack_publicize_message":"","jetpack_is_tweetstorm":false,"jetpack_publicize_feature_enabled":true},"categories":[8337],"tags":[],"jetpack_publicize_connections":[],"yoast_head":"<!-- This site is optimized with the Yoast SEO plugin v19.1 - https:\/\/yoast.com\/wordpress\/plugins\/seo\/ -->\n<title>Zidine ulcinjskog Starog grada bi\u0107e osvjetljene u \u010detiri boje - Video - Lajme nga Ulqini<\/title>\n<meta name=\"description\" content=\"Starogra\u0111ani su uvjereni da \u0107e se sva zna\u010dajna kulturna de\u0161avanja preseliti upravo ispod zidina Starog grada Autor: Suzana Gani\u0107 Zidine ulcinjskog Starog\" \/>\n<meta name=\"robots\" content=\"index, follow, max-snippet:-1, max-image-preview:large, max-video-preview:-1\" \/>\n<link rel=\"canonical\" href=\"https:\/\/www.visit-ulcinj.com\/blog\/2016\/02\/21\/zidine-ulcinjskog-starog-grada-bice-osvjetljene-u-cetiri-boje-video\/\" \/>\n<meta property=\"og:locale\" content=\"en_US\" \/>\n<meta property=\"og:type\" content=\"article\" \/>\n<meta property=\"og:title\" content=\"Zidine ulcinjskog Starog grada bi\u0107e osvjetljene u \u010detiri boje - Video - Lajme nga Ulqini\" \/>\n<meta property=\"og:description\" content=\"Starogra\u0111ani su uvjereni da \u0107e se sva zna\u010dajna kulturna de\u0161avanja preseliti upravo ispod zidina Starog grada Autor: Suzana Gani\u0107 Zidine ulcinjskog Starog\" \/>\n<meta property=\"og:url\" content=\"https:\/\/www.visit-ulcinj.com\/blog\/2016\/02\/21\/zidine-ulcinjskog-starog-grada-bice-osvjetljene-u-cetiri-boje-video\/\" \/>\n<meta property=\"og:site_name\" content=\"Lajme nga Ulqini\" \/>\n<meta property=\"article:published_time\" content=\"2016-02-21T09:20:39+00:00\" \/>\n<meta property=\"og:image\" content=\"http:\/\/www.visit-ulcinj.com\/blog\/wp-content\/uploads\/2016\/02\/osvetlenje-stari-grad-ulcinj.jpg\" \/>\n<meta name=\"twitter:label1\" content=\"Written by\" \/>\n\t<meta name=\"twitter:data1\" content=\"ulqini\" \/>\n\t<meta name=\"twitter:label2\" content=\"Est. reading time\" \/>\n\t<meta name=\"twitter:data2\" content=\"2 minutes\" \/>\n<script type=\"application\/ld+json\" class=\"yoast-schema-graph\">{\"@context\":\"https:\/\/schema.org\",\"@graph\":[{\"@type\":\"WebSite\",\"@id\":\"https:\/\/www.visit-ulcinj.com\/blog\/#website\",\"url\":\"https:\/\/www.visit-ulcinj.com\/blog\/\",\"name\":\"Lajme nga Ulqini\",\"description\":\"Lajme,Vijesti,Ulqini,Ulqin,Crna Gora,Mali i Zi\",\"potentialAction\":[{\"@type\":\"SearchAction\",\"target\":{\"@type\":\"EntryPoint\",\"urlTemplate\":\"https:\/\/www.visit-ulcinj.com\/blog\/?s={search_term_string}\"},\"query-input\":\"required name=search_term_string\"}],\"inLanguage\":\"en-US\"},{\"@type\":\"ImageObject\",\"inLanguage\":\"en-US\",\"@id\":\"https:\/\/www.visit-ulcinj.com\/blog\/2016\/02\/21\/zidine-ulcinjskog-starog-grada-bice-osvjetljene-u-cetiri-boje-video\/#primaryimage\",\"url\":\"https:\/\/www.visit-ulcinj.com\/blog\/wp-content\/uploads\/2016\/02\/osvetlenje-stari-grad-ulcinj.jpg\",\"contentUrl\":\"https:\/\/www.visit-ulcinj.com\/blog\/wp-content\/uploads\/2016\/02\/osvetlenje-stari-grad-ulcinj.jpg\",\"width\":745,\"height\":328},{\"@type\":\"WebPage\",\"@id\":\"https:\/\/www.visit-ulcinj.com\/blog\/2016\/02\/21\/zidine-ulcinjskog-starog-grada-bice-osvjetljene-u-cetiri-boje-video\/#webpage\",\"url\":\"https:\/\/www.visit-ulcinj.com\/blog\/2016\/02\/21\/zidine-ulcinjskog-starog-grada-bice-osvjetljene-u-cetiri-boje-video\/\",\"name\":\"Zidine ulcinjskog Starog grada bi\u0107e osvjetljene u \u010detiri boje - Video - Lajme nga Ulqini\",\"isPartOf\":{\"@id\":\"https:\/\/www.visit-ulcinj.com\/blog\/#website\"},\"primaryImageOfPage\":{\"@id\":\"https:\/\/www.visit-ulcinj.com\/blog\/2016\/02\/21\/zidine-ulcinjskog-starog-grada-bice-osvjetljene-u-cetiri-boje-video\/#primaryimage\"},\"datePublished\":\"2016-02-21T09:20:39+00:00\",\"dateModified\":\"2016-02-21T09:20:39+00:00\",\"author\":{\"@id\":\"https:\/\/www.visit-ulcinj.com\/blog\/#\/schema\/person\/dcab619c614d3038751c63bc2aadc06d\"},\"description\":\"Starogra\u0111ani su uvjereni da \u0107e se sva zna\u010dajna kulturna de\u0161avanja preseliti upravo ispod zidina Starog grada Autor: Suzana Gani\u0107 Zidine ulcinjskog Starog\",\"breadcrumb\":{\"@id\":\"https:\/\/www.visit-ulcinj.com\/blog\/2016\/02\/21\/zidine-ulcinjskog-starog-grada-bice-osvjetljene-u-cetiri-boje-video\/#breadcrumb\"},\"inLanguage\":\"en-US\",\"potentialAction\":[{\"@type\":\"ReadAction\",\"target\":[\"https:\/\/www.visit-ulcinj.com\/blog\/2016\/02\/21\/zidine-ulcinjskog-starog-grada-bice-osvjetljene-u-cetiri-boje-video\/\"]}]},{\"@type\":\"BreadcrumbList\",\"@id\":\"https:\/\/www.visit-ulcinj.com\/blog\/2016\/02\/21\/zidine-ulcinjskog-starog-grada-bice-osvjetljene-u-cetiri-boje-video\/#breadcrumb\",\"itemListElement\":[{\"@type\":\"ListItem\",\"position\":1,\"name\":\"Zidine ulcinjskog Starog grada bi\u0107e osvjetljene u \u010detiri boje &#8211; Video\"}]},{\"@type\":\"Person\",\"@id\":\"https:\/\/www.visit-ulcinj.com\/blog\/#\/schema\/person\/dcab619c614d3038751c63bc2aadc06d\",\"name\":\"ulqini\",\"sameAs\":[\"http:\/\/www.visit-ulcinj.com\"],\"url\":\"https:\/\/www.visit-ulcinj.com\/blog\/author\/admin\/\"}]}<\/script>\n<!-- \/ Yoast SEO plugin. -->","yoast_head_json":{"title":"Zidine ulcinjskog Starog grada bi\u0107e osvjetljene u \u010detiri boje - Video - Lajme nga Ulqini","description":"Starogra\u0111ani su uvjereni da \u0107e se sva zna\u010dajna kulturna de\u0161avanja preseliti upravo ispod zidina Starog grada Autor: Suzana Gani\u0107 Zidine ulcinjskog Starog","robots":{"index":"index","follow":"follow","max-snippet":"max-snippet:-1","max-image-preview":"max-image-preview:large","max-video-preview":"max-video-preview:-1"},"canonical":"https:\/\/www.visit-ulcinj.com\/blog\/2016\/02\/21\/zidine-ulcinjskog-starog-grada-bice-osvjetljene-u-cetiri-boje-video\/","og_locale":"en_US","og_type":"article","og_title":"Zidine ulcinjskog Starog grada bi\u0107e osvjetljene u \u010detiri boje - Video - Lajme nga Ulqini","og_description":"Starogra\u0111ani su uvjereni da \u0107e se sva zna\u010dajna kulturna de\u0161avanja preseliti upravo ispod zidina Starog grada Autor: Suzana Gani\u0107 Zidine ulcinjskog Starog","og_url":"https:\/\/www.visit-ulcinj.com\/blog\/2016\/02\/21\/zidine-ulcinjskog-starog-grada-bice-osvjetljene-u-cetiri-boje-video\/","og_site_name":"Lajme nga Ulqini","article_published_time":"2016-02-21T09:20:39+00:00","og_image":[{"url":"http:\/\/www.visit-ulcinj.com\/blog\/wp-content\/uploads\/2016\/02\/osvetlenje-stari-grad-ulcinj.jpg"}],"twitter_misc":{"Written by":"ulqini","Est. reading time":"2 minutes"},"schema":{"@context":"https:\/\/schema.org","@graph":[{"@type":"WebSite","@id":"https:\/\/www.visit-ulcinj.com\/blog\/#website","url":"https:\/\/www.visit-ulcinj.com\/blog\/","name":"Lajme nga Ulqini","description":"Lajme,Vijesti,Ulqini,Ulqin,Crna Gora,Mali i Zi","potentialAction":[{"@type":"SearchAction","target":{"@type":"EntryPoint","urlTemplate":"https:\/\/www.visit-ulcinj.com\/blog\/?s={search_term_string}"},"query-input":"required name=search_term_string"}],"inLanguage":"en-US"},{"@type":"ImageObject","inLanguage":"en-US","@id":"https:\/\/www.visit-ulcinj.com\/blog\/2016\/02\/21\/zidine-ulcinjskog-starog-grada-bice-osvjetljene-u-cetiri-boje-video\/#primaryimage","url":"https:\/\/www.visit-ulcinj.com\/blog\/wp-content\/uploads\/2016\/02\/osvetlenje-stari-grad-ulcinj.jpg","contentUrl":"https:\/\/www.visit-ulcinj.com\/blog\/wp-content\/uploads\/2016\/02\/osvetlenje-stari-grad-ulcinj.jpg","width":745,"height":328},{"@type":"WebPage","@id":"https:\/\/www.visit-ulcinj.com\/blog\/2016\/02\/21\/zidine-ulcinjskog-starog-grada-bice-osvjetljene-u-cetiri-boje-video\/#webpage","url":"https:\/\/www.visit-ulcinj.com\/blog\/2016\/02\/21\/zidine-ulcinjskog-starog-grada-bice-osvjetljene-u-cetiri-boje-video\/","name":"Zidine ulcinjskog Starog grada bi\u0107e osvjetljene u \u010detiri boje - Video - Lajme nga Ulqini","isPartOf":{"@id":"https:\/\/www.visit-ulcinj.com\/blog\/#website"},"primaryImageOfPage":{"@id":"https:\/\/www.visit-ulcinj.com\/blog\/2016\/02\/21\/zidine-ulcinjskog-starog-grada-bice-osvjetljene-u-cetiri-boje-video\/#primaryimage"},"datePublished":"2016-02-21T09:20:39+00:00","dateModified":"2016-02-21T09:20:39+00:00","author":{"@id":"https:\/\/www.visit-ulcinj.com\/blog\/#\/schema\/person\/dcab619c614d3038751c63bc2aadc06d"},"description":"Starogra\u0111ani su uvjereni da \u0107e se sva zna\u010dajna kulturna de\u0161avanja preseliti upravo ispod zidina Starog grada Autor: Suzana Gani\u0107 Zidine ulcinjskog Starog","breadcrumb":{"@id":"https:\/\/www.visit-ulcinj.com\/blog\/2016\/02\/21\/zidine-ulcinjskog-starog-grada-bice-osvjetljene-u-cetiri-boje-video\/#breadcrumb"},"inLanguage":"en-US","potentialAction":[{"@type":"ReadAction","target":["https:\/\/www.visit-ulcinj.com\/blog\/2016\/02\/21\/zidine-ulcinjskog-starog-grada-bice-osvjetljene-u-cetiri-boje-video\/"]}]},{"@type":"BreadcrumbList","@id":"https:\/\/www.visit-ulcinj.com\/blog\/2016\/02\/21\/zidine-ulcinjskog-starog-grada-bice-osvjetljene-u-cetiri-boje-video\/#breadcrumb","itemListElement":[{"@type":"ListItem","position":1,"name":"Zidine ulcinjskog Starog grada bi\u0107e osvjetljene u \u010detiri boje &#8211; Video"}]},{"@type":"Person","@id":"https:\/\/www.visit-ulcinj.com\/blog\/#\/schema\/person\/dcab619c614d3038751c63bc2aadc06d","name":"ulqini","sameAs":["http:\/\/www.visit-ulcinj.com"],"url":"https:\/\/www.visit-ulcinj.com\/blog\/author\/admin\/"}]}},"jetpack_featured_media_url":"","jetpack_sharing_enabled":true,"jetpack_shortlink":"https:\/\/wp.me\/pe6lTn-oEi","_links":{"self":[{"href":"https:\/\/www.visit-ulcinj.com\/blog\/wp-json\/wp\/v2\/posts\/94754"}],"collection":[{"href":"https:\/\/www.visit-ulcinj.com\/blog\/wp-json\/wp\/v2\/posts"}],"about":[{"href":"https:\/\/www.visit-ulcinj.com\/blog\/wp-json\/wp\/v2\/types\/post"}],"author":[{"embeddable":true,"href":"https:\/\/www.visit-ulcinj.com\/blog\/wp-json\/wp\/v2\/users\/1"}],"replies":[{"embeddable":true,"href":"https:\/\/www.visit-ulcinj.com\/blog\/wp-json\/wp\/v2\/comments?post=94754"}],"version-history":[{"count":1,"href":"https:\/\/www.visit-ulcinj.com\/blog\/wp-json\/wp\/v2\/posts\/94754\/revisions"}],"predecessor-version":[{"id":94756,"href":"https:\/\/www.visit-ulcinj.com\/blog\/wp-json\/wp\/v2\/posts\/94754\/revisions\/94756"}],"wp:attachment":[{"href":"https:\/\/www.visit-ulcinj.com\/blog\/wp-json\/wp\/v2\/media?parent=94754"}],"wp:term":[{"taxonomy":"category","embeddable":true,"href":"https:\/\/www.visit-ulcinj.com\/blog\/wp-json\/wp\/v2\/categories?post=94754"},{"taxonomy":"post_tag","embeddable":true,"href":"https:\/\/www.visit-ulcinj.com\/blog\/wp-json\/wp\/v2\/tags?post=94754"}],"curies":[{"name":"wp","href":"https:\/\/api.w.org\/{rel}","templated":true}]}}