{"id":94757,"date":"2016-02-21T10:25:07","date_gmt":"2016-02-21T09:25:07","guid":{"rendered":"http:\/\/www.visit-ulcinj.com\/blog\/?p=94757"},"modified":"2016-02-21T10:25:07","modified_gmt":"2016-02-21T09:25:07","slug":"canka-o-istrazivanju-nafte-ljeta-2017-sa-pogledom-na-naftne-platforme","status":"publish","type":"post","link":"https:\/\/www.visit-ulcinj.com\/blog\/2016\/02\/21\/canka-o-istrazivanju-nafte-ljeta-2017-sa-pogledom-na-naftne-platforme\/","title":{"rendered":"Canka o istrazivanju nafte: Ljeta 2017 sa pogledom na naftne platforme"},"content":{"rendered":"<p><a href=\"http:\/\/www.visit-ulcinj.com\/blog\/wp-content\/uploads\/2016\/02\/Mustafa-Canka-Ulcinj.jpg\"><img loading=\"lazy\" class=\"alignleft wp-image-94758\" src=\"http:\/\/www.visit-ulcinj.com\/blog\/wp-content\/uploads\/2016\/02\/Mustafa-Canka-Ulcinj.jpg\" alt=\"Mustafa-Canka-Ulcinj\" width=\"508\" height=\"384\" srcset=\"https:\/\/www.visit-ulcinj.com\/blog\/wp-content\/uploads\/2016\/02\/Mustafa-Canka-Ulcinj.jpg 635w, https:\/\/www.visit-ulcinj.com\/blog\/wp-content\/uploads\/2016\/02\/Mustafa-Canka-Ulcinj-300x227.jpg 300w\" sizes=\"(max-width: 508px) 100vw, 508px\" \/><\/a>Ukoliko Skup\u0161tina Crne Gore prihvati planove Vlade, turisti na ulcinjskoj rivijeri mo\u0107i \u0107e da se ve\u0107 ljeta 2017. kupaju u moru sa pogledom na naftne platforme. Najve\u0107i broj Ulcinjana koji, direktno ili indirektno, oko 80 odsto prihoda ostvaruju od turizma, jo\u0161 uvijek nijesu svjesni opasnosti koja se polako nadvija nad njihovim prostorom. Jer, kako je saop\u0161teno iz Ministarstva ekonomije, koje vodi \u010ditav ovaj proces, prve \u010detiri istra\u017ene bu\u0161otine nalazi\u0107e se upravo u ulcinjskom podmorju.<\/p>\n<p>Ali, ni ta \u010dinjenica nije bila opredjeljuju\u0107a za Vladu da se okrugli sto o Nacrtu izvje\u0161taja strate\u0161ke procjene uticaja na \u017eivotnu sredinu za Program istra\u017eivanja i proizvodnje ugljovodonika u podmorju Crne Gore organizuje u tom gradu. Javne rasprave odr\u017eane su samo u Kotoru, Baru i Podgorici, za projekat koji se, kako navode iz kabineta premijera <strong>Mila \u0110ukanovi\u0107a<\/strong>, priprema \u0161est godina.<\/p>\n<p>\u201cSmatramo da je to veliki propust. Eventualne naftne bu\u0161otine predstavljale bi apsolutno korak unazad za na\u0161 turizam\u201d, ka\u017ee potpredsjednica Op\u0161tine Ulcinj <strong>Zenepa Lika<\/strong>.<\/p>\n<p>Prema saop\u0161tenju ekolo\u0161ke organizacije <em>Grin houm<\/em>, ograni\u010deni broj informacija u javnosti koje Ministarstvo nudi, dovodi u zabludu gra\u0111ane. Jer, jo\u0161 nije ura\u0111ena ozbiljna analiza dostupnih koli\u010dina nafte, ostvarenja profita i direktne koristi za gra\u0111ane, kao i razvijeni scenariji sanacije naftnih operacija i mogu\u0107ih \u0161teta u slu\u010daju izlivanja nafte.<\/p>\n<p>Istra\u017eivanje koje je ta nevladina organizacija sprovela u Baru, Budvi i Ulcinju potvrdilo je da gra\u0111ani nemaju elementarne informacije o posljedicama koje istra\u017eivanja i proizvodnja ugljovodonika nosi sa sobom. Naime, \u010dak dvije tre\u0107ine ispitanika nije \u010dulo ili ne razumiju \u0161ta taj projekat podrazumijeva.<\/p>\n<p>\u201cNa pitanje da li su upoznati sa planiranim istra\u017eivanjeme nafte i gasa, svega 39 odsto je odgovorilo da je \u010dulo, a da ne znaju o \u010demu je rije\u010d \u010dak 61 odsto gra\u0111ana. Kada je rije\u010d o riziku od izlivanja nafte, 46 odsto je mi\u0161ljenja da postoji veliki rizik da se to desi, 29 da je rizik mali, a \u010detiri da nema rizika, dok je bez odgovora 20 odsto. \u010cak 80 odsto njih je potvrdilo da eksploatacija nafte nije budu\u0107nost Crne Gore, ve\u0107 razvoj zasnovan na turizmu i drugim privrednim granama\u201d, rekla je izvr\u0161na direktorica <em>Grin Houma<\/em> <strong>Nata\u0161a Kova\u010devi\u0107<\/strong>.<\/p>\n<p>Da je to zaista tako mo\u017ee se zaklju\u010diti iz \u010dinjenice da je tokom javne rasprave, koja je u srijedu odr\u017eana u prepunoj Velikoj sali Op\u0161tine Ulcinj o Prostornom planu posebne namjene za obalno podru\u010dje, tek uzgred pominjana mogu\u0107nost naftnih bu\u0161otina. \u201cMe\u0111utim, potrebno je da se ne samo fokusirate na obalu nego i na more, jer sa zaga\u0111enim morem, obala vam ne\u0107e puno vrijediti\u201d, istakla je izvr\u0161na direktorica NVO <em>Na\u0161a akcija <\/em><strong>Patricija Pobri\u0107<\/strong>.<\/p>\n<p>Tim prije \u0161to se dnevno potvr\u0111uje da je broj nepoznatih faktora i neistra\u017eenih detalja u predstavljenom Nacrtu ugovora na biodiverzitet, turizam i ribarstvo izuzetno velik, i to u podru\u010dju koje je veoma osjetljivo i ranjivo. \u010cak se i u tom dokumentu isti\u010de da \u0107e instalacija istra\u017enih i proizvodnih postrojenja izazvati poreme\u0107aje na morskom dnu, dovesti do vi\u0161edecenijskog o\u0161te\u0107enja kvaliteta vode, \u017eivog svijeta i podvodnih arheolo\u0161kih resursa!?<\/p>\n<p>Da se bezglavo srlja u hazard pokazuje samo konstatovanje \u010dinjenice da je ju\u017eni Jadran podru\u010dje visoke seizmi\u010dke aktivnosti. Posebno stoga \u0161to seizmolozi upozoravaju da bi sve predlo\u017eene radnje istra\u017eivanja i eksploatacije pove\u0107ale rizik od katastrofalnih potresa.<\/p>\n<p>Podaci iz Norve\u0161ke to jasno pokazuju. Stoga je vlada te dr\u017eave u januaru 2014. godine hitno donijela paket sigurnosnih mjera, koji je doveo do smanjenja proizvodnje gasa za 80 odsto u zoni visokog rizika oko podru\u010dja <em>Lopersum<\/em>. Tako\u0111e, ura\u0111eno je preko 20.000 inspekcijskih pregleda o\u0161te\u0107enih doma\u0107instava i ulo\u017eeno oko 150 miliona dolara za njihovu sanaciju.<\/p>\n<p>\u201eZabrinutost o zaga\u0111enju vazduha, koje zbog strujanja vazduha u ovom dijelu Crne Gore ide pravo na Ulcinj i Solanu, Skadarsko jezero, je sasvim opravdana, a detalji na ovu temu samo se uzgredno spominju\u201c, dodaje Pobri\u0107.<\/p>\n<p>Vlada Crne Gore otvoreno priznaje da nema dovoljno znanja i iskustva u ovoj oblasti, ali zna da resurse treba iskoristiti. \u201eIstorija savremene civilizacije prati razli\u010dite energetske trendove, pa je i na\u0161a obaveza kao dr\u017eave da, ukoliko imamo mogu\u0107nost da neki resurs komercijalno valorizujemo, to i uradimo\u201d, saop\u0161tili su njezini predstavnici tokom javnih rasprava navode\u0107i da su se rukovodili najboljim svjetskim praksama.<\/p>\n<p>No, iz Regionalne koalicije \u201cSOS za Jadran\u201d su optu\u017eili crnogorsku Vladu da svoje gra\u0111ane dovodi u zabludu, te zatra\u017eili da se ugleda na Hrvatsku i Italiju i obustavi proces istra\u017eivanja nafte i gasa, dok se u potpunosti ne sagledaju posljedice tog projekta. Upu\u0107en je i zahtjev da se o ovom pitanju organizuje referendum u primorskim op\u0161tinama.<\/p>\n<p>Iz nevladinog sektora u Ulcinju je najavljeno da \u0107e zbog opasnosti koja se nadvila nad ovom op\u0161tinom uputiti zahtjev Skup\u0161tini op\u0161tine da donese zaklju\u010dak kojim se protivi projektu istra\u017eivanja i eksploatacije ugljikovodika u ulcinjskom podmorju. \u201eTakvu odluku je, na primjer, krajem jula pro\u0161le godine, donijelo Gradsko vije\u0107e u Dubrovniku. U tekstu njihove deklaracije se navodi kako Vlada Hrvatske nije uklju\u010dila gra\u0111ane u ovaj proces putem referenduma, kao i da nije konsultovala jedinice lokalne i regionalne samouprave. \u0160ta tek mi da ka\u017eemo?\u201c, isti\u010du predstavnici civilnog sektora u toj op\u0161tini.<\/p>\n<p>Ina\u010de, konzorcijum koji je izabran kao najbolji u tenderskom procesu \u010dine kompanije <em>ENI<\/em> iz Italije i <em>Novatek<\/em> iz Rusije. \u201e<em>ENI <\/em>je poznata po brojnim ekocidima \u0161irom svijeta. Imala je 471 incident samo u periodu od januara do septembra 2013. godine\u201d, upozorava Kova\u010devi\u0107, dok <strong>Ines Mrdovi\u0107<\/strong> iz MANS-a ka\u017ee da je <em>Novatek<\/em> pro\u0161le godine znatno pogor\u0161ao kreditni rejting, sa negativnim procjenama u narednom periodu. \u201ePored toga, <em>Novatek<\/em> ima niz povezanih kompanija, a jedna od njih je registrovana kao of \u0161or na Kipru. Ko garantuje da ne\u0107emo kroz <em>Novatek<\/em> dobiti novog <strong>Olega Deripasku<\/strong> koji \u0107e poharati na\u0161e ionako ograni\u010dene resurse\u201c, isti\u010de ona i zaklju\u010duje da \u201etreba zaustaviti projekat koji se svodi na pitanje: da li je to uvod u nove privatne biznise, gdje \u0107e na\u0161i resursi da budu maksimalno eksploatisani, a gra\u0111ani ne\u0107e imati nikakve koristi\u201c. (<em>Monitor<\/em>)<\/p>\n","protected":false},"excerpt":{"rendered":"<p>Ukoliko Skup\u0161tina Crne Gore prihvati planove Vlade, turisti na ulcinjskoj rivijeri mo\u0107i \u0107e da se ve\u0107 ljeta 2017. kupaju u moru sa pogledom na naftne platforme. Najve\u0107i broj Ulcinjana koji, direktno ili indirektno, oko 80 odsto prihoda ostvaruju od turizma, jo\u0161 uvijek nijesu svjesni opasnosti koja se polako nadvija nad njihovim prostorom. Jer, kako je [&hellip;]<\/p>\n","protected":false},"author":1,"featured_media":0,"comment_status":"closed","ping_status":"closed","sticky":false,"template":"","format":"standard","meta":{"spay_email":"","jetpack_publicize_message":"","jetpack_is_tweetstorm":false,"jetpack_publicize_feature_enabled":true},"categories":[6950],"tags":[],"jetpack_publicize_connections":[],"yoast_head":"<!-- This site is optimized with the Yoast SEO plugin v19.1 - https:\/\/yoast.com\/wordpress\/plugins\/seo\/ -->\n<title>Canka o istrazivanju nafte: Ljeta 2017 sa pogledom na naftne platforme - Lajme nga Ulqini<\/title>\n<meta name=\"description\" content=\"Ukoliko Skup\u0161tina Crne Gore prihvati planove Vlade, turisti na ulcinjskoj rivijeri mo\u0107i \u0107e da se ve\u0107 ljeta 2017. kupaju u moru sa pogledom na naftne\" \/>\n<meta name=\"robots\" content=\"index, follow, max-snippet:-1, max-image-preview:large, max-video-preview:-1\" \/>\n<link rel=\"canonical\" href=\"https:\/\/www.visit-ulcinj.com\/blog\/2016\/02\/21\/canka-o-istrazivanju-nafte-ljeta-2017-sa-pogledom-na-naftne-platforme\/\" \/>\n<meta property=\"og:locale\" content=\"en_US\" \/>\n<meta property=\"og:type\" content=\"article\" \/>\n<meta property=\"og:title\" content=\"Canka o istrazivanju nafte: Ljeta 2017 sa pogledom na naftne platforme - Lajme nga Ulqini\" \/>\n<meta property=\"og:description\" content=\"Ukoliko Skup\u0161tina Crne Gore prihvati planove Vlade, turisti na ulcinjskoj rivijeri mo\u0107i \u0107e da se ve\u0107 ljeta 2017. kupaju u moru sa pogledom na naftne\" \/>\n<meta property=\"og:url\" content=\"https:\/\/www.visit-ulcinj.com\/blog\/2016\/02\/21\/canka-o-istrazivanju-nafte-ljeta-2017-sa-pogledom-na-naftne-platforme\/\" \/>\n<meta property=\"og:site_name\" content=\"Lajme nga Ulqini\" \/>\n<meta property=\"article:published_time\" content=\"2016-02-21T09:25:07+00:00\" \/>\n<meta property=\"og:image\" content=\"http:\/\/www.visit-ulcinj.com\/blog\/wp-content\/uploads\/2016\/02\/Mustafa-Canka-Ulcinj.jpg\" \/>\n<meta name=\"twitter:label1\" content=\"Written by\" \/>\n\t<meta name=\"twitter:data1\" content=\"ulqini\" \/>\n\t<meta name=\"twitter:label2\" content=\"Est. reading time\" \/>\n\t<meta name=\"twitter:data2\" content=\"5 minutes\" \/>\n<script type=\"application\/ld+json\" class=\"yoast-schema-graph\">{\"@context\":\"https:\/\/schema.org\",\"@graph\":[{\"@type\":\"WebSite\",\"@id\":\"https:\/\/www.visit-ulcinj.com\/blog\/#website\",\"url\":\"https:\/\/www.visit-ulcinj.com\/blog\/\",\"name\":\"Lajme nga Ulqini\",\"description\":\"Lajme,Vijesti,Ulqini,Ulqin,Crna Gora,Mali i Zi\",\"potentialAction\":[{\"@type\":\"SearchAction\",\"target\":{\"@type\":\"EntryPoint\",\"urlTemplate\":\"https:\/\/www.visit-ulcinj.com\/blog\/?s={search_term_string}\"},\"query-input\":\"required name=search_term_string\"}],\"inLanguage\":\"en-US\"},{\"@type\":\"ImageObject\",\"inLanguage\":\"en-US\",\"@id\":\"https:\/\/www.visit-ulcinj.com\/blog\/2016\/02\/21\/canka-o-istrazivanju-nafte-ljeta-2017-sa-pogledom-na-naftne-platforme\/#primaryimage\",\"url\":\"https:\/\/www.visit-ulcinj.com\/blog\/wp-content\/uploads\/2016\/02\/Mustafa-Canka-Ulcinj.jpg\",\"contentUrl\":\"https:\/\/www.visit-ulcinj.com\/blog\/wp-content\/uploads\/2016\/02\/Mustafa-Canka-Ulcinj.jpg\",\"width\":635,\"height\":480},{\"@type\":\"WebPage\",\"@id\":\"https:\/\/www.visit-ulcinj.com\/blog\/2016\/02\/21\/canka-o-istrazivanju-nafte-ljeta-2017-sa-pogledom-na-naftne-platforme\/#webpage\",\"url\":\"https:\/\/www.visit-ulcinj.com\/blog\/2016\/02\/21\/canka-o-istrazivanju-nafte-ljeta-2017-sa-pogledom-na-naftne-platforme\/\",\"name\":\"Canka o istrazivanju nafte: Ljeta 2017 sa pogledom na naftne platforme - Lajme nga Ulqini\",\"isPartOf\":{\"@id\":\"https:\/\/www.visit-ulcinj.com\/blog\/#website\"},\"primaryImageOfPage\":{\"@id\":\"https:\/\/www.visit-ulcinj.com\/blog\/2016\/02\/21\/canka-o-istrazivanju-nafte-ljeta-2017-sa-pogledom-na-naftne-platforme\/#primaryimage\"},\"datePublished\":\"2016-02-21T09:25:07+00:00\",\"dateModified\":\"2016-02-21T09:25:07+00:00\",\"author\":{\"@id\":\"https:\/\/www.visit-ulcinj.com\/blog\/#\/schema\/person\/dcab619c614d3038751c63bc2aadc06d\"},\"description\":\"Ukoliko Skup\u0161tina Crne Gore prihvati planove Vlade, turisti na ulcinjskoj rivijeri mo\u0107i \u0107e da se ve\u0107 ljeta 2017. kupaju u moru sa pogledom na naftne\",\"breadcrumb\":{\"@id\":\"https:\/\/www.visit-ulcinj.com\/blog\/2016\/02\/21\/canka-o-istrazivanju-nafte-ljeta-2017-sa-pogledom-na-naftne-platforme\/#breadcrumb\"},\"inLanguage\":\"en-US\",\"potentialAction\":[{\"@type\":\"ReadAction\",\"target\":[\"https:\/\/www.visit-ulcinj.com\/blog\/2016\/02\/21\/canka-o-istrazivanju-nafte-ljeta-2017-sa-pogledom-na-naftne-platforme\/\"]}]},{\"@type\":\"BreadcrumbList\",\"@id\":\"https:\/\/www.visit-ulcinj.com\/blog\/2016\/02\/21\/canka-o-istrazivanju-nafte-ljeta-2017-sa-pogledom-na-naftne-platforme\/#breadcrumb\",\"itemListElement\":[{\"@type\":\"ListItem\",\"position\":1,\"name\":\"Canka o istrazivanju nafte: Ljeta 2017 sa pogledom na naftne platforme\"}]},{\"@type\":\"Person\",\"@id\":\"https:\/\/www.visit-ulcinj.com\/blog\/#\/schema\/person\/dcab619c614d3038751c63bc2aadc06d\",\"name\":\"ulqini\",\"sameAs\":[\"http:\/\/www.visit-ulcinj.com\"],\"url\":\"https:\/\/www.visit-ulcinj.com\/blog\/author\/admin\/\"}]}<\/script>\n<!-- \/ Yoast SEO plugin. -->","yoast_head_json":{"title":"Canka o istrazivanju nafte: Ljeta 2017 sa pogledom na naftne platforme - Lajme nga Ulqini","description":"Ukoliko Skup\u0161tina Crne Gore prihvati planove Vlade, turisti na ulcinjskoj rivijeri mo\u0107i \u0107e da se ve\u0107 ljeta 2017. kupaju u moru sa pogledom na naftne","robots":{"index":"index","follow":"follow","max-snippet":"max-snippet:-1","max-image-preview":"max-image-preview:large","max-video-preview":"max-video-preview:-1"},"canonical":"https:\/\/www.visit-ulcinj.com\/blog\/2016\/02\/21\/canka-o-istrazivanju-nafte-ljeta-2017-sa-pogledom-na-naftne-platforme\/","og_locale":"en_US","og_type":"article","og_title":"Canka o istrazivanju nafte: Ljeta 2017 sa pogledom na naftne platforme - Lajme nga Ulqini","og_description":"Ukoliko Skup\u0161tina Crne Gore prihvati planove Vlade, turisti na ulcinjskoj rivijeri mo\u0107i \u0107e da se ve\u0107 ljeta 2017. kupaju u moru sa pogledom na naftne","og_url":"https:\/\/www.visit-ulcinj.com\/blog\/2016\/02\/21\/canka-o-istrazivanju-nafte-ljeta-2017-sa-pogledom-na-naftne-platforme\/","og_site_name":"Lajme nga Ulqini","article_published_time":"2016-02-21T09:25:07+00:00","og_image":[{"url":"http:\/\/www.visit-ulcinj.com\/blog\/wp-content\/uploads\/2016\/02\/Mustafa-Canka-Ulcinj.jpg"}],"twitter_misc":{"Written by":"ulqini","Est. reading time":"5 minutes"},"schema":{"@context":"https:\/\/schema.org","@graph":[{"@type":"WebSite","@id":"https:\/\/www.visit-ulcinj.com\/blog\/#website","url":"https:\/\/www.visit-ulcinj.com\/blog\/","name":"Lajme nga Ulqini","description":"Lajme,Vijesti,Ulqini,Ulqin,Crna Gora,Mali i Zi","potentialAction":[{"@type":"SearchAction","target":{"@type":"EntryPoint","urlTemplate":"https:\/\/www.visit-ulcinj.com\/blog\/?s={search_term_string}"},"query-input":"required name=search_term_string"}],"inLanguage":"en-US"},{"@type":"ImageObject","inLanguage":"en-US","@id":"https:\/\/www.visit-ulcinj.com\/blog\/2016\/02\/21\/canka-o-istrazivanju-nafte-ljeta-2017-sa-pogledom-na-naftne-platforme\/#primaryimage","url":"https:\/\/www.visit-ulcinj.com\/blog\/wp-content\/uploads\/2016\/02\/Mustafa-Canka-Ulcinj.jpg","contentUrl":"https:\/\/www.visit-ulcinj.com\/blog\/wp-content\/uploads\/2016\/02\/Mustafa-Canka-Ulcinj.jpg","width":635,"height":480},{"@type":"WebPage","@id":"https:\/\/www.visit-ulcinj.com\/blog\/2016\/02\/21\/canka-o-istrazivanju-nafte-ljeta-2017-sa-pogledom-na-naftne-platforme\/#webpage","url":"https:\/\/www.visit-ulcinj.com\/blog\/2016\/02\/21\/canka-o-istrazivanju-nafte-ljeta-2017-sa-pogledom-na-naftne-platforme\/","name":"Canka o istrazivanju nafte: Ljeta 2017 sa pogledom na naftne platforme - Lajme nga Ulqini","isPartOf":{"@id":"https:\/\/www.visit-ulcinj.com\/blog\/#website"},"primaryImageOfPage":{"@id":"https:\/\/www.visit-ulcinj.com\/blog\/2016\/02\/21\/canka-o-istrazivanju-nafte-ljeta-2017-sa-pogledom-na-naftne-platforme\/#primaryimage"},"datePublished":"2016-02-21T09:25:07+00:00","dateModified":"2016-02-21T09:25:07+00:00","author":{"@id":"https:\/\/www.visit-ulcinj.com\/blog\/#\/schema\/person\/dcab619c614d3038751c63bc2aadc06d"},"description":"Ukoliko Skup\u0161tina Crne Gore prihvati planove Vlade, turisti na ulcinjskoj rivijeri mo\u0107i \u0107e da se ve\u0107 ljeta 2017. kupaju u moru sa pogledom na naftne","breadcrumb":{"@id":"https:\/\/www.visit-ulcinj.com\/blog\/2016\/02\/21\/canka-o-istrazivanju-nafte-ljeta-2017-sa-pogledom-na-naftne-platforme\/#breadcrumb"},"inLanguage":"en-US","potentialAction":[{"@type":"ReadAction","target":["https:\/\/www.visit-ulcinj.com\/blog\/2016\/02\/21\/canka-o-istrazivanju-nafte-ljeta-2017-sa-pogledom-na-naftne-platforme\/"]}]},{"@type":"BreadcrumbList","@id":"https:\/\/www.visit-ulcinj.com\/blog\/2016\/02\/21\/canka-o-istrazivanju-nafte-ljeta-2017-sa-pogledom-na-naftne-platforme\/#breadcrumb","itemListElement":[{"@type":"ListItem","position":1,"name":"Canka o istrazivanju nafte: Ljeta 2017 sa pogledom na naftne platforme"}]},{"@type":"Person","@id":"https:\/\/www.visit-ulcinj.com\/blog\/#\/schema\/person\/dcab619c614d3038751c63bc2aadc06d","name":"ulqini","sameAs":["http:\/\/www.visit-ulcinj.com"],"url":"https:\/\/www.visit-ulcinj.com\/blog\/author\/admin\/"}]}},"jetpack_featured_media_url":"","jetpack_sharing_enabled":true,"jetpack_shortlink":"https:\/\/wp.me\/pe6lTn-oEl","_links":{"self":[{"href":"https:\/\/www.visit-ulcinj.com\/blog\/wp-json\/wp\/v2\/posts\/94757"}],"collection":[{"href":"https:\/\/www.visit-ulcinj.com\/blog\/wp-json\/wp\/v2\/posts"}],"about":[{"href":"https:\/\/www.visit-ulcinj.com\/blog\/wp-json\/wp\/v2\/types\/post"}],"author":[{"embeddable":true,"href":"https:\/\/www.visit-ulcinj.com\/blog\/wp-json\/wp\/v2\/users\/1"}],"replies":[{"embeddable":true,"href":"https:\/\/www.visit-ulcinj.com\/blog\/wp-json\/wp\/v2\/comments?post=94757"}],"version-history":[{"count":1,"href":"https:\/\/www.visit-ulcinj.com\/blog\/wp-json\/wp\/v2\/posts\/94757\/revisions"}],"predecessor-version":[{"id":94759,"href":"https:\/\/www.visit-ulcinj.com\/blog\/wp-json\/wp\/v2\/posts\/94757\/revisions\/94759"}],"wp:attachment":[{"href":"https:\/\/www.visit-ulcinj.com\/blog\/wp-json\/wp\/v2\/media?parent=94757"}],"wp:term":[{"taxonomy":"category","embeddable":true,"href":"https:\/\/www.visit-ulcinj.com\/blog\/wp-json\/wp\/v2\/categories?post=94757"},{"taxonomy":"post_tag","embeddable":true,"href":"https:\/\/www.visit-ulcinj.com\/blog\/wp-json\/wp\/v2\/tags?post=94757"}],"curies":[{"name":"wp","href":"https:\/\/api.w.org\/{rel}","templated":true}]}}