{"id":94765,"date":"2016-02-21T18:40:19","date_gmt":"2016-02-21T17:40:19","guid":{"rendered":"http:\/\/www.visit-ulcinj.com\/blog\/?p=94765"},"modified":"2016-02-22T15:14:37","modified_gmt":"2016-02-22T14:14:37","slug":"forca-gjeka-paralizon-qellimisht-funksionimin-e-institucioneve","status":"publish","type":"post","link":"https:\/\/www.visit-ulcinj.com\/blog\/2016\/02\/21\/forca-gjeka-paralizon-qellimisht-funksionimin-e-institucioneve\/","title":{"rendered":"Forca: Gjeka paralizon q\u00ebllimisht funksionimin e institucioneve &#8211; Video"},"content":{"rendered":"<p style=\"text-align: center;\"><strong> <a href=\"http:\/\/www.visit-ulcinj.com\/blog\/wp-content\/uploads\/2016\/02\/Genci-Nimanbegu-Forca-Ulqin.jpg\"><img loading=\"lazy\" class=\"alignleft wp-image-94768\" src=\"http:\/\/www.visit-ulcinj.com\/blog\/wp-content\/uploads\/2016\/02\/Genci-Nimanbegu-Forca-Ulqin.jpg\" alt=\"Genci-Nimanbegu-Forca-Ulqin\" width=\"508\" height=\"337\" srcset=\"https:\/\/www.visit-ulcinj.com\/blog\/wp-content\/uploads\/2016\/02\/Genci-Nimanbegu-Forca-Ulqin.jpg 640w, https:\/\/www.visit-ulcinj.com\/blog\/wp-content\/uploads\/2016\/02\/Genci-Nimanbegu-Forca-Ulqin-300x199.jpg 300w\" sizes=\"(max-width: 508px) 100vw, 508px\" \/><\/a>\u00a0Kumtes\u00eb p\u00ebr media<\/strong><\/p>\n<p>Ish-Kryetari i Komun\u00ebs z. Fatmir Gjeka ka nis iniciativ\u00ebn dhe ka b\u00ebr\u00eb thirje q\u00eb m\u00eb dat\u00eb 23 shkurt 2016, t\u00eb mbahet mbledhja e jasht\u00ebzakonshme e Kuvendit Komunal, mbledhje e cila ishte ftuar nga Kryetari i Kuvendit z.Fuad Haxhibeti m\u00eb dat\u00eb 11.02.2016. ku p\u00ebr shkak t\u00eb munges\u00ebs s\u00eb kuorumit dhe mos mbledhjes s\u00eb trupave punues mbledhja nuk u mbajt\u00eb.<\/p>\n<p>Pavar\u00ebsisht munges\u00ebs s\u00eb kuorumit ish- Kryetari Gjeka i cili edhe pse vet\u00eb m\u00eb dat\u00eb 16 n\u00ebntor 2015 ka deklaruar se n\u00eb Komun\u00ebn e Ulqinit nuk egziston m\u00eb shumica parlamentare , vazhdon t\u00eb luaj n\u00eb teat\u00ebr politik duke paralizuar institucionet e vendit si rezultat i t\u00eb cilave vazhdon shkat\u00ebrrimi i qytetit t\u00eb Ulqinit n\u00eb t\u00eb gjitha fushat e veta.<br \/>\nN\u00eb vend q\u00eb t\u00eb t\u00ebrhiqet dhe t\u00eb hap rrug\u00eb dialogut politik p\u00ebr zgjidhjen dhe daljen nga kjo situat\u00eb n\u00eb t\u00eb cil\u00ebn ndodhet skena politike e Komun\u00ebs s\u00eb Ulqinit, tentativat dhe sjellja e tij m\u00eb 4 k\u00ebshilltar\u00eb duke favorizuar grupet e interesit p\u00ebr interesa t\u00eb tija politike dhe personale, na ka b\u00ebr\u00eb q\u00eb ne si Force e re demokratike t\u00eb dalim m\u00eb k\u00ebt\u00eb deklarat\u00eb p\u00ebr media p\u00ebr t\u00eb fundit her\u00eb q\u00eb ti themi , Forca nuk p\u00ebrkrah asnj\u00eb vendim q\u00eb z.Gjeka si ish-kryetar Komune k\u00ebrkon ta realizoj sepse nuk ka ma shumic\u00eb qeveris\u00ebse dhe Forca nuk i jep ati p\u00ebrkrahje p\u00ebr Kryetar komune.<br \/>\nIsh-Kryetari z.Gjeka k\u00ebrkon zhvillim n\u00ebp\u00ebrmjet grimcave t\u00eb planeve, kurse investimi mbi 25 milion euro n\u00eb uj\u00ebsjell\u00ebs kanalizime ka mbetur n\u00eb fioka.\u00a0Z.Gjeka vazhdon shkat\u00ebrrimin e institucioneve publike p\u00ebr interesa t\u00eb tija partiake, \u00a0ka marr\u00eb kompetencat e Kuvendit\u00a0dhe\u00a0e ka legalizuar nd\u00ebrtimin e eg\u00ebr dhe pa kriter p\u00ebr blerje votash .<\/p>\n<p>Z.Gjeka \u00ebsht\u00eb politikan i cili vendin udh\u00ebheq\u00ebs nuk e ka marr\u00eb si p\u00ebrgjegj\u00ebsi ndaj qytetar\u00ebve , por m\u00eb shum\u00eb si nj\u00eb rast jet\u00ebsor p\u00ebr t\u00eb sunduar dhe leht\u00ebsi p\u00ebr t\u00eb p\u00ebrfituar.<br \/>\nFatmir Gjeka e ka t\u00eb qart\u00eb q\u00eb kriza ne Komun\u00ebn e Ulqinit n\u00eb \u00e7do rast do t\u00eb zgjidhet me largimin e tij nga vendi i kryetarit dhe e vetmja gj\u00eb q\u00eb ai shikon \u00ebsht\u00eb ti zgjas dit\u00ebt n\u00eb karrig\u00ebn e Kryetarit t\u00eb komun\u00ebs me shpres\u00eb q\u00eb t\u00eb p\u00ebrfitoj sado pak.<br \/>\nKy model i politikaneve tashm\u00eb ka filluar t\u00eb kthehet n\u00eb s\u00ebmundje ngjit\u00ebse nga e cila rrezikohet e t\u00ebr\u00eb shoq\u00ebria, prandaj Forca e Re nuk do jet\u00eb m\u00eb pjes\u00eb e k\u00ebtij modeli politikani dhe modeli udh\u00ebheqje n\u00eb Komun\u00ebn e Ulqinit.<br \/>\nSituata n\u00eb t\u00eb cil\u00ebn ndodhet skena politike k\u00ebrkon pjekuri dhe maturi politike , gjithmon\u00eb duke ruajtur interesin e p\u00ebrgjith\u00ebshem dhe Forca e Re \u00ebsht\u00eb e gatshme t\u00eb ulet n\u00eb tavolin\u00ebn e dialogut politik me secilin subjekt politik i cili k\u00ebrkon q\u00eb t\u00eb punoj\u00eb n\u00eb baz\u00eb t\u00eb marr\u00ebveshjeve politike mbi t\u00eb cil\u00ebt ngrihet ajo platform\u00eb qeveris\u00ebse p\u00ebr Komun\u00ebn e Ulqinit<\/p>\n<p><strong>Genci Nimanbegu<\/strong><\/p>\n<p><strong>Sherbimi per informin<\/strong><br \/>\n<iframe loading=\"lazy\" src=\"\/\/www.dailymotion.com\/embed\/video\/x3tfawi?autoPlay=1\" width=\"508\" height=\"315\" frameborder=\"0\" allowfullscreen=\"allowfullscreen\"><\/iframe><\/p>\n","protected":false},"excerpt":{"rendered":"<p>\u00a0Kumtes\u00eb p\u00ebr media Ish-Kryetari i Komun\u00ebs z. Fatmir Gjeka ka nis iniciativ\u00ebn dhe ka b\u00ebr\u00eb thirje q\u00eb m\u00eb dat\u00eb 23 shkurt 2016, t\u00eb mbahet mbledhja e jasht\u00ebzakonshme e Kuvendit Komunal, mbledhje e cila ishte ftuar nga Kryetari i Kuvendit z.Fuad Haxhibeti m\u00eb dat\u00eb 11.02.2016. ku p\u00ebr shkak t\u00eb munges\u00ebs s\u00eb kuorumit dhe mos mbledhjes s\u00eb [&hellip;]<\/p>\n","protected":false},"author":1,"featured_media":0,"comment_status":"closed","ping_status":"closed","sticky":false,"template":"","format":"standard","meta":{"spay_email":"","jetpack_publicize_message":"","jetpack_is_tweetstorm":false,"jetpack_publicize_feature_enabled":true},"categories":[1,6],"tags":[],"jetpack_publicize_connections":[],"yoast_head":"<!-- This site is optimized with the Yoast SEO plugin v19.1 - https:\/\/yoast.com\/wordpress\/plugins\/seo\/ -->\n<title>Forca: Gjeka paralizon q\u00ebllimisht funksionimin e institucioneve - Video - Lajme nga Ulqini<\/title>\n<meta name=\"description\" content=\"\u00a0Kumtes\u00eb p\u00ebr media Ish-Kryetari i Komun\u00ebs z. Fatmir Gjeka ka nis iniciativ\u00ebn dhe ka b\u00ebr\u00eb thirje q\u00eb m\u00eb dat\u00eb 23 shkurt 2016, t\u00eb mbahet mbledhja e\" \/>\n<meta name=\"robots\" content=\"index, follow, max-snippet:-1, max-image-preview:large, max-video-preview:-1\" \/>\n<link rel=\"canonical\" href=\"https:\/\/www.visit-ulcinj.com\/blog\/2016\/02\/21\/forca-gjeka-paralizon-qellimisht-funksionimin-e-institucioneve\/\" \/>\n<meta property=\"og:locale\" content=\"en_US\" \/>\n<meta property=\"og:type\" content=\"article\" \/>\n<meta property=\"og:title\" content=\"Forca: Gjeka paralizon q\u00ebllimisht funksionimin e institucioneve - Video - Lajme nga Ulqini\" \/>\n<meta property=\"og:description\" content=\"\u00a0Kumtes\u00eb p\u00ebr media Ish-Kryetari i Komun\u00ebs z. Fatmir Gjeka ka nis iniciativ\u00ebn dhe ka b\u00ebr\u00eb thirje q\u00eb m\u00eb dat\u00eb 23 shkurt 2016, t\u00eb mbahet mbledhja e\" \/>\n<meta property=\"og:url\" content=\"https:\/\/www.visit-ulcinj.com\/blog\/2016\/02\/21\/forca-gjeka-paralizon-qellimisht-funksionimin-e-institucioneve\/\" \/>\n<meta property=\"og:site_name\" content=\"Lajme nga Ulqini\" \/>\n<meta property=\"article:published_time\" content=\"2016-02-21T17:40:19+00:00\" \/>\n<meta property=\"article:modified_time\" content=\"2016-02-22T14:14:37+00:00\" \/>\n<meta property=\"og:image\" content=\"http:\/\/www.visit-ulcinj.com\/blog\/wp-content\/uploads\/2016\/02\/Genci-Nimanbegu-Forca-Ulqin.jpg\" \/>\n<meta name=\"twitter:label1\" content=\"Written by\" \/>\n\t<meta name=\"twitter:data1\" content=\"ulqini\" \/>\n\t<meta name=\"twitter:label2\" content=\"Est. reading time\" \/>\n\t<meta name=\"twitter:data2\" content=\"3 minutes\" \/>\n<script type=\"application\/ld+json\" class=\"yoast-schema-graph\">{\"@context\":\"https:\/\/schema.org\",\"@graph\":[{\"@type\":\"WebSite\",\"@id\":\"https:\/\/www.visit-ulcinj.com\/blog\/#website\",\"url\":\"https:\/\/www.visit-ulcinj.com\/blog\/\",\"name\":\"Lajme nga Ulqini\",\"description\":\"Lajme,Vijesti,Ulqini,Ulqin,Crna Gora,Mali i Zi\",\"potentialAction\":[{\"@type\":\"SearchAction\",\"target\":{\"@type\":\"EntryPoint\",\"urlTemplate\":\"https:\/\/www.visit-ulcinj.com\/blog\/?s={search_term_string}\"},\"query-input\":\"required name=search_term_string\"}],\"inLanguage\":\"en-US\"},{\"@type\":\"ImageObject\",\"inLanguage\":\"en-US\",\"@id\":\"https:\/\/www.visit-ulcinj.com\/blog\/2016\/02\/21\/forca-gjeka-paralizon-qellimisht-funksionimin-e-institucioneve\/#primaryimage\",\"url\":\"https:\/\/www.visit-ulcinj.com\/blog\/wp-content\/uploads\/2016\/02\/Genci-Nimanbegu-Forca-Ulqin.jpg\",\"contentUrl\":\"https:\/\/www.visit-ulcinj.com\/blog\/wp-content\/uploads\/2016\/02\/Genci-Nimanbegu-Forca-Ulqin.jpg\",\"width\":640,\"height\":425},{\"@type\":\"WebPage\",\"@id\":\"https:\/\/www.visit-ulcinj.com\/blog\/2016\/02\/21\/forca-gjeka-paralizon-qellimisht-funksionimin-e-institucioneve\/#webpage\",\"url\":\"https:\/\/www.visit-ulcinj.com\/blog\/2016\/02\/21\/forca-gjeka-paralizon-qellimisht-funksionimin-e-institucioneve\/\",\"name\":\"Forca: Gjeka paralizon q\u00ebllimisht funksionimin e institucioneve - Video - Lajme nga Ulqini\",\"isPartOf\":{\"@id\":\"https:\/\/www.visit-ulcinj.com\/blog\/#website\"},\"primaryImageOfPage\":{\"@id\":\"https:\/\/www.visit-ulcinj.com\/blog\/2016\/02\/21\/forca-gjeka-paralizon-qellimisht-funksionimin-e-institucioneve\/#primaryimage\"},\"datePublished\":\"2016-02-21T17:40:19+00:00\",\"dateModified\":\"2016-02-22T14:14:37+00:00\",\"author\":{\"@id\":\"https:\/\/www.visit-ulcinj.com\/blog\/#\/schema\/person\/dcab619c614d3038751c63bc2aadc06d\"},\"description\":\"\u00a0Kumtes\u00eb p\u00ebr media Ish-Kryetari i Komun\u00ebs z. Fatmir Gjeka ka nis iniciativ\u00ebn dhe ka b\u00ebr\u00eb thirje q\u00eb m\u00eb dat\u00eb 23 shkurt 2016, t\u00eb mbahet mbledhja e\",\"breadcrumb\":{\"@id\":\"https:\/\/www.visit-ulcinj.com\/blog\/2016\/02\/21\/forca-gjeka-paralizon-qellimisht-funksionimin-e-institucioneve\/#breadcrumb\"},\"inLanguage\":\"en-US\",\"potentialAction\":[{\"@type\":\"ReadAction\",\"target\":[\"https:\/\/www.visit-ulcinj.com\/blog\/2016\/02\/21\/forca-gjeka-paralizon-qellimisht-funksionimin-e-institucioneve\/\"]}]},{\"@type\":\"BreadcrumbList\",\"@id\":\"https:\/\/www.visit-ulcinj.com\/blog\/2016\/02\/21\/forca-gjeka-paralizon-qellimisht-funksionimin-e-institucioneve\/#breadcrumb\",\"itemListElement\":[{\"@type\":\"ListItem\",\"position\":1,\"name\":\"Forca: Gjeka paralizon q\u00ebllimisht funksionimin e institucioneve &#8211; Video\"}]},{\"@type\":\"Person\",\"@id\":\"https:\/\/www.visit-ulcinj.com\/blog\/#\/schema\/person\/dcab619c614d3038751c63bc2aadc06d\",\"name\":\"ulqini\",\"sameAs\":[\"http:\/\/www.visit-ulcinj.com\"],\"url\":\"https:\/\/www.visit-ulcinj.com\/blog\/author\/admin\/\"}]}<\/script>\n<!-- \/ Yoast SEO plugin. -->","yoast_head_json":{"title":"Forca: Gjeka paralizon q\u00ebllimisht funksionimin e institucioneve - Video - Lajme nga Ulqini","description":"\u00a0Kumtes\u00eb p\u00ebr media Ish-Kryetari i Komun\u00ebs z. Fatmir Gjeka ka nis iniciativ\u00ebn dhe ka b\u00ebr\u00eb thirje q\u00eb m\u00eb dat\u00eb 23 shkurt 2016, t\u00eb mbahet mbledhja e","robots":{"index":"index","follow":"follow","max-snippet":"max-snippet:-1","max-image-preview":"max-image-preview:large","max-video-preview":"max-video-preview:-1"},"canonical":"https:\/\/www.visit-ulcinj.com\/blog\/2016\/02\/21\/forca-gjeka-paralizon-qellimisht-funksionimin-e-institucioneve\/","og_locale":"en_US","og_type":"article","og_title":"Forca: Gjeka paralizon q\u00ebllimisht funksionimin e institucioneve - Video - Lajme nga Ulqini","og_description":"\u00a0Kumtes\u00eb p\u00ebr media Ish-Kryetari i Komun\u00ebs z. Fatmir Gjeka ka nis iniciativ\u00ebn dhe ka b\u00ebr\u00eb thirje q\u00eb m\u00eb dat\u00eb 23 shkurt 2016, t\u00eb mbahet mbledhja e","og_url":"https:\/\/www.visit-ulcinj.com\/blog\/2016\/02\/21\/forca-gjeka-paralizon-qellimisht-funksionimin-e-institucioneve\/","og_site_name":"Lajme nga Ulqini","article_published_time":"2016-02-21T17:40:19+00:00","article_modified_time":"2016-02-22T14:14:37+00:00","og_image":[{"url":"http:\/\/www.visit-ulcinj.com\/blog\/wp-content\/uploads\/2016\/02\/Genci-Nimanbegu-Forca-Ulqin.jpg"}],"twitter_misc":{"Written by":"ulqini","Est. reading time":"3 minutes"},"schema":{"@context":"https:\/\/schema.org","@graph":[{"@type":"WebSite","@id":"https:\/\/www.visit-ulcinj.com\/blog\/#website","url":"https:\/\/www.visit-ulcinj.com\/blog\/","name":"Lajme nga Ulqini","description":"Lajme,Vijesti,Ulqini,Ulqin,Crna Gora,Mali i Zi","potentialAction":[{"@type":"SearchAction","target":{"@type":"EntryPoint","urlTemplate":"https:\/\/www.visit-ulcinj.com\/blog\/?s={search_term_string}"},"query-input":"required name=search_term_string"}],"inLanguage":"en-US"},{"@type":"ImageObject","inLanguage":"en-US","@id":"https:\/\/www.visit-ulcinj.com\/blog\/2016\/02\/21\/forca-gjeka-paralizon-qellimisht-funksionimin-e-institucioneve\/#primaryimage","url":"https:\/\/www.visit-ulcinj.com\/blog\/wp-content\/uploads\/2016\/02\/Genci-Nimanbegu-Forca-Ulqin.jpg","contentUrl":"https:\/\/www.visit-ulcinj.com\/blog\/wp-content\/uploads\/2016\/02\/Genci-Nimanbegu-Forca-Ulqin.jpg","width":640,"height":425},{"@type":"WebPage","@id":"https:\/\/www.visit-ulcinj.com\/blog\/2016\/02\/21\/forca-gjeka-paralizon-qellimisht-funksionimin-e-institucioneve\/#webpage","url":"https:\/\/www.visit-ulcinj.com\/blog\/2016\/02\/21\/forca-gjeka-paralizon-qellimisht-funksionimin-e-institucioneve\/","name":"Forca: Gjeka paralizon q\u00ebllimisht funksionimin e institucioneve - Video - Lajme nga Ulqini","isPartOf":{"@id":"https:\/\/www.visit-ulcinj.com\/blog\/#website"},"primaryImageOfPage":{"@id":"https:\/\/www.visit-ulcinj.com\/blog\/2016\/02\/21\/forca-gjeka-paralizon-qellimisht-funksionimin-e-institucioneve\/#primaryimage"},"datePublished":"2016-02-21T17:40:19+00:00","dateModified":"2016-02-22T14:14:37+00:00","author":{"@id":"https:\/\/www.visit-ulcinj.com\/blog\/#\/schema\/person\/dcab619c614d3038751c63bc2aadc06d"},"description":"\u00a0Kumtes\u00eb p\u00ebr media Ish-Kryetari i Komun\u00ebs z. Fatmir Gjeka ka nis iniciativ\u00ebn dhe ka b\u00ebr\u00eb thirje q\u00eb m\u00eb dat\u00eb 23 shkurt 2016, t\u00eb mbahet mbledhja e","breadcrumb":{"@id":"https:\/\/www.visit-ulcinj.com\/blog\/2016\/02\/21\/forca-gjeka-paralizon-qellimisht-funksionimin-e-institucioneve\/#breadcrumb"},"inLanguage":"en-US","potentialAction":[{"@type":"ReadAction","target":["https:\/\/www.visit-ulcinj.com\/blog\/2016\/02\/21\/forca-gjeka-paralizon-qellimisht-funksionimin-e-institucioneve\/"]}]},{"@type":"BreadcrumbList","@id":"https:\/\/www.visit-ulcinj.com\/blog\/2016\/02\/21\/forca-gjeka-paralizon-qellimisht-funksionimin-e-institucioneve\/#breadcrumb","itemListElement":[{"@type":"ListItem","position":1,"name":"Forca: Gjeka paralizon q\u00ebllimisht funksionimin e institucioneve &#8211; Video"}]},{"@type":"Person","@id":"https:\/\/www.visit-ulcinj.com\/blog\/#\/schema\/person\/dcab619c614d3038751c63bc2aadc06d","name":"ulqini","sameAs":["http:\/\/www.visit-ulcinj.com"],"url":"https:\/\/www.visit-ulcinj.com\/blog\/author\/admin\/"}]}},"jetpack_featured_media_url":"","jetpack_sharing_enabled":true,"jetpack_shortlink":"https:\/\/wp.me\/pe6lTn-oEt","_links":{"self":[{"href":"https:\/\/www.visit-ulcinj.com\/blog\/wp-json\/wp\/v2\/posts\/94765"}],"collection":[{"href":"https:\/\/www.visit-ulcinj.com\/blog\/wp-json\/wp\/v2\/posts"}],"about":[{"href":"https:\/\/www.visit-ulcinj.com\/blog\/wp-json\/wp\/v2\/types\/post"}],"author":[{"embeddable":true,"href":"https:\/\/www.visit-ulcinj.com\/blog\/wp-json\/wp\/v2\/users\/1"}],"replies":[{"embeddable":true,"href":"https:\/\/www.visit-ulcinj.com\/blog\/wp-json\/wp\/v2\/comments?post=94765"}],"version-history":[{"count":5,"href":"https:\/\/www.visit-ulcinj.com\/blog\/wp-json\/wp\/v2\/posts\/94765\/revisions"}],"predecessor-version":[{"id":94792,"href":"https:\/\/www.visit-ulcinj.com\/blog\/wp-json\/wp\/v2\/posts\/94765\/revisions\/94792"}],"wp:attachment":[{"href":"https:\/\/www.visit-ulcinj.com\/blog\/wp-json\/wp\/v2\/media?parent=94765"}],"wp:term":[{"taxonomy":"category","embeddable":true,"href":"https:\/\/www.visit-ulcinj.com\/blog\/wp-json\/wp\/v2\/categories?post=94765"},{"taxonomy":"post_tag","embeddable":true,"href":"https:\/\/www.visit-ulcinj.com\/blog\/wp-json\/wp\/v2\/tags?post=94765"}],"curies":[{"name":"wp","href":"https:\/\/api.w.org\/{rel}","templated":true}]}}