{"id":94779,"date":"2016-02-21T20:27:39","date_gmt":"2016-02-21T19:27:39","guid":{"rendered":"http:\/\/www.visit-ulcinj.com\/blog\/?p=94779"},"modified":"2016-02-21T20:27:49","modified_gmt":"2016-02-21T19:27:49","slug":"fatmir-deka-lideri-force-su-sasvim-izgubili-kompas","status":"publish","type":"post","link":"https:\/\/www.visit-ulcinj.com\/blog\/2016\/02\/21\/fatmir-deka-lideri-force-su-sasvim-izgubili-kompas\/","title":{"rendered":"Fatmir \u0110eka: Lideri Force su sasvim izgubili kompas"},"content":{"rendered":"<p><strong><a href=\"http:\/\/www.visit-ulcinj.com\/blog\/wp-content\/uploads\/2016\/02\/Fatmir_Gjeka-Ulqin-Ulcinj-1.jpg\"><img loading=\"lazy\" class=\"alignleft wp-image-94780\" src=\"http:\/\/www.visit-ulcinj.com\/blog\/wp-content\/uploads\/2016\/02\/Fatmir_Gjeka-Ulqin-Ulcinj-1.jpg\" alt=\"Fatmir_Gjeka-Ulqin-Ulcinj-1\" width=\"508\" height=\"338\" srcset=\"https:\/\/www.visit-ulcinj.com\/blog\/wp-content\/uploads\/2016\/02\/Fatmir_Gjeka-Ulqin-Ulcinj-1.jpg 960w, https:\/\/www.visit-ulcinj.com\/blog\/wp-content\/uploads\/2016\/02\/Fatmir_Gjeka-Ulqin-Ulcinj-1-300x200.jpg 300w\" sizes=\"(max-width: 508px) 100vw, 508px\" \/><\/a>Gradona\u010delnik Ulcinja Fatmir \u0110eka reagovao je na dana\u0161nje saop\u0161tenje Nove demokratske snage &#8211; Forca, poru\u010duju\u0107i da su lideri ove partije sasvim izgubili kompas<\/strong><\/p>\n<div id=\"articleContent\">\n<p><strong>Saop\u0161tenje \u0110eke prenosimo u cjelosti<\/strong><\/p>\n<p>Ni\u0161ta me ne mo\u017ee iznenaditi od politi\u010dkih neznalica, prevaranata i \u0161teto\u010dina iz vrha Force. Gra\u0111ani Ulcinja \u0107e upamtiti njihova politi\u010dka nedjela, koja \u0107e se prenositi s generacije na generaciju.<\/p>\n<p>Mi smo svi svjedoci kako je jedna grupa nedozrelih, nedostojnih i neodgovornih ljudi poku\u0161ala da nade grada, \u017eelje i potrebe gra\u0111ana stavi i iskoristi isklju\u010divo za vlastite interese. I u tome su, na svu sre\u0107u, sramno propali.<\/p>\n<p>Naravno, propale su i njihove kukavi\u010dke inicijative da se ja smijenim sa mjesta predsjednika Op\u0161tine, samo da bi njihov lider opet postao gradona\u010delnik. Sada su, jadnicima, ostali samo apeli koje niko ne \u017eeli da \u010duje.<\/p>\n<p>A sve su poku\u0161ali, maksimalno su se ponizili, \u010dak mi ih je bilo \u017eao. Iako oni za osje\u0107aj stida ne znaju.<\/p>\n<p>Nakon toga su sasvim izgubili kompas. Neka Op\u0161tina propadne, \u010ditav Ulcinj, svijet, ma sve u Sun\u010devom sistemu, samo da njima bude dobro. Kakvi rebalansi, bud\u017eeti, planovi, odluke!!! Ma ni\u0161ta ne smije da pro\u0111e, jer to koristi \u0110eki. Nema veze \u0161to su sve odluke za vanrednu Skup\u0161tinu predlo\u017eili na\u0161i sekretari!? Mi za ni\u0161ta ne\u0107emo glasati.<\/p>\n<p>Zaista, ni\u0161ta \u010dudno od te sorte ljudi, jer su to \u0161ampioni u pravljenju blokada.<\/p>\n<p>Fatmir \u0110eka se tim politi\u010dkim idiotlukom ne rukovodi. Ne znam tako\u0111e nijednu stranku u Ulcinju koja podr\u017eava ovakve sramotne postupke.<\/p>\n<p>\u0160to se mene ti\u010de, dok god sam na ovom mjestu, sve \u0107u \u010diniti da se odluke donose u interesu lokalne uprave i gra\u0111ana.<\/p>\n<p>I svakako da \u0107u, u tom smjeru, koristiti sva ovla\u0161\u0107enja koja mi zakon daje, ka\u017ee se na kraju reagovanja Fatmira \u0110eke.<\/p>\n<p><strong>Izvor: CDM<\/strong><\/p>\n<\/div>\n","protected":false},"excerpt":{"rendered":"<p>Gradona\u010delnik Ulcinja Fatmir \u0110eka reagovao je na dana\u0161nje saop\u0161tenje Nove demokratske snage &#8211; Forca, poru\u010duju\u0107i da su lideri ove partije sasvim izgubili kompas Saop\u0161tenje \u0110eke prenosimo u cjelosti Ni\u0161ta me ne mo\u017ee iznenaditi od politi\u010dkih neznalica, prevaranata i \u0161teto\u010dina iz vrha Force. Gra\u0111ani Ulcinja \u0107e upamtiti njihova politi\u010dka nedjela, koja \u0107e se prenositi s generacije [&hellip;]<\/p>\n","protected":false},"author":1,"featured_media":0,"comment_status":"closed","ping_status":"closed","sticky":false,"template":"","format":"standard","meta":{"spay_email":"","jetpack_publicize_message":"","jetpack_is_tweetstorm":false,"jetpack_publicize_feature_enabled":true},"categories":[8337],"tags":[],"jetpack_publicize_connections":[],"yoast_head":"<!-- This site is optimized with the Yoast SEO plugin v19.1 - https:\/\/yoast.com\/wordpress\/plugins\/seo\/ -->\n<title>Fatmir \u0110eka: Lideri Force su sasvim izgubili kompas - Lajme nga Ulqini<\/title>\n<meta name=\"description\" content=\"Gradona\u010delnik Ulcinja Fatmir \u0110eka reagovao je na dana\u0161nje saop\u0161tenje Nove demokratske snage - Forca, poru\u010duju\u0107i da su lideri ove partije sasvim izgubili\" \/>\n<meta name=\"robots\" content=\"index, follow, max-snippet:-1, max-image-preview:large, max-video-preview:-1\" \/>\n<link rel=\"canonical\" href=\"https:\/\/www.visit-ulcinj.com\/blog\/2016\/02\/21\/fatmir-deka-lideri-force-su-sasvim-izgubili-kompas\/\" \/>\n<meta property=\"og:locale\" content=\"en_US\" \/>\n<meta property=\"og:type\" content=\"article\" \/>\n<meta property=\"og:title\" content=\"Fatmir \u0110eka: Lideri Force su sasvim izgubili kompas - Lajme nga Ulqini\" \/>\n<meta property=\"og:description\" content=\"Gradona\u010delnik Ulcinja Fatmir \u0110eka reagovao je na dana\u0161nje saop\u0161tenje Nove demokratske snage - Forca, poru\u010duju\u0107i da su lideri ove partije sasvim izgubili\" \/>\n<meta property=\"og:url\" content=\"https:\/\/www.visit-ulcinj.com\/blog\/2016\/02\/21\/fatmir-deka-lideri-force-su-sasvim-izgubili-kompas\/\" \/>\n<meta property=\"og:site_name\" content=\"Lajme nga Ulqini\" \/>\n<meta property=\"article:published_time\" content=\"2016-02-21T19:27:39+00:00\" \/>\n<meta property=\"article:modified_time\" content=\"2016-02-21T19:27:49+00:00\" \/>\n<meta property=\"og:image\" content=\"http:\/\/www.visit-ulcinj.com\/blog\/wp-content\/uploads\/2016\/02\/Fatmir_Gjeka-Ulqin-Ulcinj-1.jpg\" \/>\n<meta name=\"twitter:label1\" content=\"Written by\" \/>\n\t<meta name=\"twitter:data1\" content=\"ulqini\" \/>\n\t<meta name=\"twitter:label2\" content=\"Est. reading time\" \/>\n\t<meta name=\"twitter:data2\" content=\"2 minutes\" \/>\n<script type=\"application\/ld+json\" class=\"yoast-schema-graph\">{\"@context\":\"https:\/\/schema.org\",\"@graph\":[{\"@type\":\"WebSite\",\"@id\":\"https:\/\/www.visit-ulcinj.com\/blog\/#website\",\"url\":\"https:\/\/www.visit-ulcinj.com\/blog\/\",\"name\":\"Lajme nga Ulqini\",\"description\":\"Lajme,Vijesti,Ulqini,Ulqin,Crna Gora,Mali i Zi\",\"potentialAction\":[{\"@type\":\"SearchAction\",\"target\":{\"@type\":\"EntryPoint\",\"urlTemplate\":\"https:\/\/www.visit-ulcinj.com\/blog\/?s={search_term_string}\"},\"query-input\":\"required name=search_term_string\"}],\"inLanguage\":\"en-US\"},{\"@type\":\"ImageObject\",\"inLanguage\":\"en-US\",\"@id\":\"https:\/\/www.visit-ulcinj.com\/blog\/2016\/02\/21\/fatmir-deka-lideri-force-su-sasvim-izgubili-kompas\/#primaryimage\",\"url\":\"https:\/\/www.visit-ulcinj.com\/blog\/wp-content\/uploads\/2016\/02\/Fatmir_Gjeka-Ulqin-Ulcinj-1.jpg\",\"contentUrl\":\"https:\/\/www.visit-ulcinj.com\/blog\/wp-content\/uploads\/2016\/02\/Fatmir_Gjeka-Ulqin-Ulcinj-1.jpg\",\"width\":960,\"height\":639},{\"@type\":\"WebPage\",\"@id\":\"https:\/\/www.visit-ulcinj.com\/blog\/2016\/02\/21\/fatmir-deka-lideri-force-su-sasvim-izgubili-kompas\/#webpage\",\"url\":\"https:\/\/www.visit-ulcinj.com\/blog\/2016\/02\/21\/fatmir-deka-lideri-force-su-sasvim-izgubili-kompas\/\",\"name\":\"Fatmir \u0110eka: Lideri Force su sasvim izgubili kompas - Lajme nga Ulqini\",\"isPartOf\":{\"@id\":\"https:\/\/www.visit-ulcinj.com\/blog\/#website\"},\"primaryImageOfPage\":{\"@id\":\"https:\/\/www.visit-ulcinj.com\/blog\/2016\/02\/21\/fatmir-deka-lideri-force-su-sasvim-izgubili-kompas\/#primaryimage\"},\"datePublished\":\"2016-02-21T19:27:39+00:00\",\"dateModified\":\"2016-02-21T19:27:49+00:00\",\"author\":{\"@id\":\"https:\/\/www.visit-ulcinj.com\/blog\/#\/schema\/person\/dcab619c614d3038751c63bc2aadc06d\"},\"description\":\"Gradona\u010delnik Ulcinja Fatmir \u0110eka reagovao je na dana\u0161nje saop\u0161tenje Nove demokratske snage - Forca, poru\u010duju\u0107i da su lideri ove partije sasvim izgubili\",\"breadcrumb\":{\"@id\":\"https:\/\/www.visit-ulcinj.com\/blog\/2016\/02\/21\/fatmir-deka-lideri-force-su-sasvim-izgubili-kompas\/#breadcrumb\"},\"inLanguage\":\"en-US\",\"potentialAction\":[{\"@type\":\"ReadAction\",\"target\":[\"https:\/\/www.visit-ulcinj.com\/blog\/2016\/02\/21\/fatmir-deka-lideri-force-su-sasvim-izgubili-kompas\/\"]}]},{\"@type\":\"BreadcrumbList\",\"@id\":\"https:\/\/www.visit-ulcinj.com\/blog\/2016\/02\/21\/fatmir-deka-lideri-force-su-sasvim-izgubili-kompas\/#breadcrumb\",\"itemListElement\":[{\"@type\":\"ListItem\",\"position\":1,\"name\":\"Fatmir \u0110eka: Lideri Force su sasvim izgubili kompas\"}]},{\"@type\":\"Person\",\"@id\":\"https:\/\/www.visit-ulcinj.com\/blog\/#\/schema\/person\/dcab619c614d3038751c63bc2aadc06d\",\"name\":\"ulqini\",\"sameAs\":[\"http:\/\/www.visit-ulcinj.com\"],\"url\":\"https:\/\/www.visit-ulcinj.com\/blog\/author\/admin\/\"}]}<\/script>\n<!-- \/ Yoast SEO plugin. -->","yoast_head_json":{"title":"Fatmir \u0110eka: Lideri Force su sasvim izgubili kompas - Lajme nga Ulqini","description":"Gradona\u010delnik Ulcinja Fatmir \u0110eka reagovao je na dana\u0161nje saop\u0161tenje Nove demokratske snage - Forca, poru\u010duju\u0107i da su lideri ove partije sasvim izgubili","robots":{"index":"index","follow":"follow","max-snippet":"max-snippet:-1","max-image-preview":"max-image-preview:large","max-video-preview":"max-video-preview:-1"},"canonical":"https:\/\/www.visit-ulcinj.com\/blog\/2016\/02\/21\/fatmir-deka-lideri-force-su-sasvim-izgubili-kompas\/","og_locale":"en_US","og_type":"article","og_title":"Fatmir \u0110eka: Lideri Force su sasvim izgubili kompas - Lajme nga Ulqini","og_description":"Gradona\u010delnik Ulcinja Fatmir \u0110eka reagovao je na dana\u0161nje saop\u0161tenje Nove demokratske snage - Forca, poru\u010duju\u0107i da su lideri ove partije sasvim izgubili","og_url":"https:\/\/www.visit-ulcinj.com\/blog\/2016\/02\/21\/fatmir-deka-lideri-force-su-sasvim-izgubili-kompas\/","og_site_name":"Lajme nga Ulqini","article_published_time":"2016-02-21T19:27:39+00:00","article_modified_time":"2016-02-21T19:27:49+00:00","og_image":[{"url":"http:\/\/www.visit-ulcinj.com\/blog\/wp-content\/uploads\/2016\/02\/Fatmir_Gjeka-Ulqin-Ulcinj-1.jpg"}],"twitter_misc":{"Written by":"ulqini","Est. reading time":"2 minutes"},"schema":{"@context":"https:\/\/schema.org","@graph":[{"@type":"WebSite","@id":"https:\/\/www.visit-ulcinj.com\/blog\/#website","url":"https:\/\/www.visit-ulcinj.com\/blog\/","name":"Lajme nga Ulqini","description":"Lajme,Vijesti,Ulqini,Ulqin,Crna Gora,Mali i Zi","potentialAction":[{"@type":"SearchAction","target":{"@type":"EntryPoint","urlTemplate":"https:\/\/www.visit-ulcinj.com\/blog\/?s={search_term_string}"},"query-input":"required name=search_term_string"}],"inLanguage":"en-US"},{"@type":"ImageObject","inLanguage":"en-US","@id":"https:\/\/www.visit-ulcinj.com\/blog\/2016\/02\/21\/fatmir-deka-lideri-force-su-sasvim-izgubili-kompas\/#primaryimage","url":"https:\/\/www.visit-ulcinj.com\/blog\/wp-content\/uploads\/2016\/02\/Fatmir_Gjeka-Ulqin-Ulcinj-1.jpg","contentUrl":"https:\/\/www.visit-ulcinj.com\/blog\/wp-content\/uploads\/2016\/02\/Fatmir_Gjeka-Ulqin-Ulcinj-1.jpg","width":960,"height":639},{"@type":"WebPage","@id":"https:\/\/www.visit-ulcinj.com\/blog\/2016\/02\/21\/fatmir-deka-lideri-force-su-sasvim-izgubili-kompas\/#webpage","url":"https:\/\/www.visit-ulcinj.com\/blog\/2016\/02\/21\/fatmir-deka-lideri-force-su-sasvim-izgubili-kompas\/","name":"Fatmir \u0110eka: Lideri Force su sasvim izgubili kompas - Lajme nga Ulqini","isPartOf":{"@id":"https:\/\/www.visit-ulcinj.com\/blog\/#website"},"primaryImageOfPage":{"@id":"https:\/\/www.visit-ulcinj.com\/blog\/2016\/02\/21\/fatmir-deka-lideri-force-su-sasvim-izgubili-kompas\/#primaryimage"},"datePublished":"2016-02-21T19:27:39+00:00","dateModified":"2016-02-21T19:27:49+00:00","author":{"@id":"https:\/\/www.visit-ulcinj.com\/blog\/#\/schema\/person\/dcab619c614d3038751c63bc2aadc06d"},"description":"Gradona\u010delnik Ulcinja Fatmir \u0110eka reagovao je na dana\u0161nje saop\u0161tenje Nove demokratske snage - Forca, poru\u010duju\u0107i da su lideri ove partije sasvim izgubili","breadcrumb":{"@id":"https:\/\/www.visit-ulcinj.com\/blog\/2016\/02\/21\/fatmir-deka-lideri-force-su-sasvim-izgubili-kompas\/#breadcrumb"},"inLanguage":"en-US","potentialAction":[{"@type":"ReadAction","target":["https:\/\/www.visit-ulcinj.com\/blog\/2016\/02\/21\/fatmir-deka-lideri-force-su-sasvim-izgubili-kompas\/"]}]},{"@type":"BreadcrumbList","@id":"https:\/\/www.visit-ulcinj.com\/blog\/2016\/02\/21\/fatmir-deka-lideri-force-su-sasvim-izgubili-kompas\/#breadcrumb","itemListElement":[{"@type":"ListItem","position":1,"name":"Fatmir \u0110eka: Lideri Force su sasvim izgubili kompas"}]},{"@type":"Person","@id":"https:\/\/www.visit-ulcinj.com\/blog\/#\/schema\/person\/dcab619c614d3038751c63bc2aadc06d","name":"ulqini","sameAs":["http:\/\/www.visit-ulcinj.com"],"url":"https:\/\/www.visit-ulcinj.com\/blog\/author\/admin\/"}]}},"jetpack_featured_media_url":"","jetpack_sharing_enabled":true,"jetpack_shortlink":"https:\/\/wp.me\/pe6lTn-oEH","_links":{"self":[{"href":"https:\/\/www.visit-ulcinj.com\/blog\/wp-json\/wp\/v2\/posts\/94779"}],"collection":[{"href":"https:\/\/www.visit-ulcinj.com\/blog\/wp-json\/wp\/v2\/posts"}],"about":[{"href":"https:\/\/www.visit-ulcinj.com\/blog\/wp-json\/wp\/v2\/types\/post"}],"author":[{"embeddable":true,"href":"https:\/\/www.visit-ulcinj.com\/blog\/wp-json\/wp\/v2\/users\/1"}],"replies":[{"embeddable":true,"href":"https:\/\/www.visit-ulcinj.com\/blog\/wp-json\/wp\/v2\/comments?post=94779"}],"version-history":[{"count":1,"href":"https:\/\/www.visit-ulcinj.com\/blog\/wp-json\/wp\/v2\/posts\/94779\/revisions"}],"predecessor-version":[{"id":94781,"href":"https:\/\/www.visit-ulcinj.com\/blog\/wp-json\/wp\/v2\/posts\/94779\/revisions\/94781"}],"wp:attachment":[{"href":"https:\/\/www.visit-ulcinj.com\/blog\/wp-json\/wp\/v2\/media?parent=94779"}],"wp:term":[{"taxonomy":"category","embeddable":true,"href":"https:\/\/www.visit-ulcinj.com\/blog\/wp-json\/wp\/v2\/categories?post=94779"},{"taxonomy":"post_tag","embeddable":true,"href":"https:\/\/www.visit-ulcinj.com\/blog\/wp-json\/wp\/v2\/tags?post=94779"}],"curies":[{"name":"wp","href":"https:\/\/api.w.org\/{rel}","templated":true}]}}