{"id":94790,"date":"2016-02-22T15:12:06","date_gmt":"2016-02-22T14:12:06","guid":{"rendered":"http:\/\/www.visit-ulcinj.com\/blog\/?p=94790"},"modified":"2016-02-22T20:59:46","modified_gmt":"2016-02-22T19:59:46","slug":"perplasja-nimanbegu-gjeka-ju-si-kryetar-kksh-se-duhet-flisni-gjuhen-e-bashkimit-jo-te-percarjes","status":"publish","type":"post","link":"https:\/\/www.visit-ulcinj.com\/blog\/2016\/02\/22\/perplasja-nimanbegu-gjeka-ju-si-kryetar-kksh-se-duhet-flisni-gjuhen-e-bashkimit-jo-te-percarjes\/","title":{"rendered":"P\u00ebrplasja Nimanbegu &#8211; Gjeka: Ju si kryetar i KKSH-s\u00eb duhet flisni gjuh\u00ebn e bashkimit jo t\u00eb p\u00ebr\u00e7arjes"},"content":{"rendered":"<p><strong><a href=\"http:\/\/www.visit-ulcinj.com\/blog\/wp-content\/uploads\/2013\/08\/Gjeka-Nimanbegu.jpg\"><img loading=\"lazy\" class=\"alignleft wp-image-74283\" src=\"http:\/\/www.visit-ulcinj.com\/blog\/wp-content\/uploads\/2013\/08\/Gjeka-Nimanbegu.jpg\" alt=\"Gjeka-Nimanbegu\" width=\"508\" height=\"300\" srcset=\"https:\/\/www.visit-ulcinj.com\/blog\/wp-content\/uploads\/2013\/08\/Gjeka-Nimanbegu.jpg 999w, https:\/\/www.visit-ulcinj.com\/blog\/wp-content\/uploads\/2013\/08\/Gjeka-Nimanbegu-300x177.jpg 300w\" sizes=\"(max-width: 508px) 100vw, 508px\" \/><\/a>Grupi i k\u00ebshilltar\u00ebve t\u00eb PD-s\u00eb: GJUHA P\u00cbR\u00c7AR\u00cbSE E KRYETARIT T\u00cb KKSH<\/strong><\/p>\n<p>Me d\u00ebshp\u00ebrim e lexuam letr\u00ebn e atij q\u00eb do duhej t\u00eb ishte prij\u00ebsi i shqiptar\u00ebve n\u00eb Malin e Zi n\u00eb koordinim e bashk\u00ebveprim t\u00eb k\u00ebtij faktori. Besoj q\u00eb jo ve\u00e7 ne por secili lexues e ka hetuar gjuh\u00ebn p\u00ebr\u00e7ar\u00ebse e manipuluese t\u00eb tij. Meqen\u00ebse p\u00ebrmendemi n\u00eb letr\u00ebn e ish-kryetarit te KKSh, ne \u201d4 k\u00ebshilltar\u00ebt\u201d, por dhe t\u00eb gjith\u00eb votuesit tan\u00eb p\u00ebrmes nesh si t\u00eb ishim ve\u00e7 figura shahu, na e b\u00ebn t\u00eb nevojshme t\u00eb kund\u00ebrp\u00ebrgjigjemi duke e pasur t\u00eb qart\u00eb q\u00eb me iniciativ\u00ebn e tij kemi hyr\u00eb n\u00eb teren t\u00eb baltur.<\/p>\n<p>Zot\u00ebris\u00eb ne fjal\u00eb i p\u00ebrgjigjemi me pyetjet t\u00eb cilave vet ai nuk ua di e do duhej tu dinte p\u00ebrgjegje. Zot\u00ebria n\u00eb fjal\u00eb ka pushuar t\u00eb jet\u00eb kryetar i KKSh prej momentit q\u00eb i pari i ka dh\u00ebne z\u00eb prishjes s\u00eb koalicionit t\u00eb partive nacionale shqiptare. Zot\u00ebri, ju jeni zgjedhur p\u00ebr t\u00eb bashkuar apo p\u00ebr\u00e7ar\u00eb shqiptar\u00ebt?<\/p>\n<p>Ju zot\u00ebri keni pushuar s\u00eb qeni deputet n\u00eb Parlamentin e Malit t\u00eb Zi prej kur nuk keni respektuar marr\u00ebveshjet nd\u00ebrpartiake q\u00eb vet i keni n\u00ebnshkruar. P\u00ebr \u00e7far\u00eb morali dhe p\u00ebr \u00e7far\u00eb respektim marr\u00ebveshjesh ke t\u00eb drejt te flas\u00ebsh?<br \/>\nJu zot\u00ebri keni baltosur mediumin e vet\u00ebm t\u00eb pavarur Koh\u00ebn Javore, me \u00e7ka keni zgjuar reagim t\u00eb t\u00eb gjith\u00eb intelektual\u00ebve shqiptar\u00eb n\u00eb Mal t\u00eb Zi. Interes i kujt \u00ebsht\u00eb ky?<\/p>\n<p>Ju zot\u00ebri jeni sot krejt rast\u00ebsisht shqiptari m\u00eb i pushtetsh\u00ebm nd\u00ebr shqiptar\u00ebt e Malit t\u00eb Zi. A nuk do duhej t\u00eb ndiheni ma s\u00eb shumti fajtor ju, para se t\u00eb b\u00ebni dik\u00eb tjet\u00ebr me faj?<\/p>\n<p>Ju zot\u00ebri nuk jeni i aft\u00eb t\u00eb mbroni as simbolin ton\u00eb komb\u00ebtar, t\u00eb cilin ta shqyejn\u00eb e pordhosin dit\u00ebn e nat\u00ebn. Keni mbet thjesht\u00eb si bajraktar me shkop ne duar se flamurin s keni zot\u00ebsi ta mbroni. A mos vall\u00eb po baheni i dhunsh\u00ebm e autoritar meq\u00eb ju ka mbet\u00eb shkopi n\u00eb duar?<\/p>\n<p>P\u00ebr fund, ju leht\u00ebsojm\u00eb duke ju th\u00ebn\u00eb q\u00eb nuk presim p\u00ebrgjegje nga ju se ne dhe qytetar\u00ebt si\u00e7 e sheh i kemi shum\u00eb t\u00eb qarta situatat, p\u00ebrfundohet n\u00eb reagimin e grupit t\u00eb k\u00ebshilltar\u00ebve t\u00eb PD-s\u00eb.<\/p>\n<p id=\"js_2y\" class=\"_5pbw\" data-ft=\"{&quot;tn&quot;:&quot;C&quot;}\"><strong><span class=\"fwn fcg\"><span class=\"fwb fcg\" data-ft=\"{&quot;tn&quot;:&quot;k&quot;}\"><a id=\"js_3z\" href=\"https:\/\/www.facebook.com\/Partia-Demokratike-938706886221156\/?fref=nf\" data-hovercard=\"\/ajax\/hovercard\/page.php?id=938706886221156&amp;extragetparams=%7B%22fref%22%3A%22nf%22%7D\">Partia Demokratike Facebook<\/a><\/span><\/span><\/strong><\/p>\n","protected":false},"excerpt":{"rendered":"<p>Grupi i k\u00ebshilltar\u00ebve t\u00eb PD-s\u00eb: GJUHA P\u00cbR\u00c7AR\u00cbSE E KRYETARIT T\u00cb KKSH Me d\u00ebshp\u00ebrim e lexuam letr\u00ebn e atij q\u00eb do duhej t\u00eb ishte prij\u00ebsi i shqiptar\u00ebve n\u00eb Malin e Zi n\u00eb koordinim e bashk\u00ebveprim t\u00eb k\u00ebtij faktori. Besoj q\u00eb jo ve\u00e7 ne por secili lexues e ka hetuar gjuh\u00ebn p\u00ebr\u00e7ar\u00ebse e manipuluese t\u00eb tij. Meqen\u00ebse [&hellip;]<\/p>\n","protected":false},"author":1,"featured_media":0,"comment_status":"closed","ping_status":"closed","sticky":false,"template":"","format":"standard","meta":{"spay_email":"","jetpack_publicize_message":"","jetpack_is_tweetstorm":false,"jetpack_publicize_feature_enabled":true},"categories":[1,2451],"tags":[],"jetpack_publicize_connections":[],"yoast_head":"<!-- This site is optimized with the Yoast SEO plugin v19.1 - https:\/\/yoast.com\/wordpress\/plugins\/seo\/ -->\n<title>P\u00ebrplasja Nimanbegu - Gjeka: Ju si kryetar i KKSH-s\u00eb duhet flisni gjuh\u00ebn e bashkimit jo t\u00eb p\u00ebr\u00e7arjes - Lajme nga Ulqini<\/title>\n<meta name=\"description\" content=\"Grupi i k\u00ebshilltar\u00ebve t\u00eb PD-s\u00eb: GJUHA P\u00cbR\u00c7AR\u00cbSE E KRYETARIT T\u00cb KKSH Me d\u00ebshp\u00ebrim e lexuam letr\u00ebn e atij q\u00eb do duhej t\u00eb ishte prij\u00ebsi i shqiptar\u00ebve n\u00eb\" \/>\n<meta name=\"robots\" content=\"index, follow, max-snippet:-1, max-image-preview:large, max-video-preview:-1\" \/>\n<link rel=\"canonical\" href=\"https:\/\/www.visit-ulcinj.com\/blog\/2016\/02\/22\/perplasja-nimanbegu-gjeka-ju-si-kryetar-kksh-se-duhet-flisni-gjuhen-e-bashkimit-jo-te-percarjes\/\" \/>\n<meta property=\"og:locale\" content=\"en_US\" \/>\n<meta property=\"og:type\" content=\"article\" \/>\n<meta property=\"og:title\" content=\"P\u00ebrplasja Nimanbegu - Gjeka: Ju si kryetar i KKSH-s\u00eb duhet flisni gjuh\u00ebn e bashkimit jo t\u00eb p\u00ebr\u00e7arjes - Lajme nga Ulqini\" \/>\n<meta property=\"og:description\" content=\"Grupi i k\u00ebshilltar\u00ebve t\u00eb PD-s\u00eb: GJUHA P\u00cbR\u00c7AR\u00cbSE E KRYETARIT T\u00cb KKSH Me d\u00ebshp\u00ebrim e lexuam letr\u00ebn e atij q\u00eb do duhej t\u00eb ishte prij\u00ebsi i shqiptar\u00ebve n\u00eb\" \/>\n<meta property=\"og:url\" content=\"https:\/\/www.visit-ulcinj.com\/blog\/2016\/02\/22\/perplasja-nimanbegu-gjeka-ju-si-kryetar-kksh-se-duhet-flisni-gjuhen-e-bashkimit-jo-te-percarjes\/\" \/>\n<meta property=\"og:site_name\" content=\"Lajme nga Ulqini\" \/>\n<meta property=\"article:published_time\" content=\"2016-02-22T14:12:06+00:00\" \/>\n<meta property=\"article:modified_time\" content=\"2016-02-22T19:59:46+00:00\" \/>\n<meta property=\"og:image\" content=\"http:\/\/www.visit-ulcinj.com\/blog\/wp-content\/uploads\/2013\/08\/Gjeka-Nimanbegu.jpg\" \/>\n<meta name=\"twitter:label1\" content=\"Written by\" \/>\n\t<meta name=\"twitter:data1\" content=\"ulqini\" \/>\n\t<meta name=\"twitter:label2\" content=\"Est. reading time\" \/>\n\t<meta name=\"twitter:data2\" content=\"2 minutes\" \/>\n<script type=\"application\/ld+json\" class=\"yoast-schema-graph\">{\"@context\":\"https:\/\/schema.org\",\"@graph\":[{\"@type\":\"WebSite\",\"@id\":\"https:\/\/www.visit-ulcinj.com\/blog\/#website\",\"url\":\"https:\/\/www.visit-ulcinj.com\/blog\/\",\"name\":\"Lajme nga Ulqini\",\"description\":\"Lajme,Vijesti,Ulqini,Ulqin,Crna Gora,Mali i Zi\",\"potentialAction\":[{\"@type\":\"SearchAction\",\"target\":{\"@type\":\"EntryPoint\",\"urlTemplate\":\"https:\/\/www.visit-ulcinj.com\/blog\/?s={search_term_string}\"},\"query-input\":\"required name=search_term_string\"}],\"inLanguage\":\"en-US\"},{\"@type\":\"ImageObject\",\"inLanguage\":\"en-US\",\"@id\":\"https:\/\/www.visit-ulcinj.com\/blog\/2016\/02\/22\/perplasja-nimanbegu-gjeka-ju-si-kryetar-kksh-se-duhet-flisni-gjuhen-e-bashkimit-jo-te-percarjes\/#primaryimage\",\"url\":\"https:\/\/www.visit-ulcinj.com\/blog\/wp-content\/uploads\/2013\/08\/Gjeka-Nimanbegu.jpg\",\"contentUrl\":\"https:\/\/www.visit-ulcinj.com\/blog\/wp-content\/uploads\/2013\/08\/Gjeka-Nimanbegu.jpg\",\"width\":999,\"height\":590},{\"@type\":\"WebPage\",\"@id\":\"https:\/\/www.visit-ulcinj.com\/blog\/2016\/02\/22\/perplasja-nimanbegu-gjeka-ju-si-kryetar-kksh-se-duhet-flisni-gjuhen-e-bashkimit-jo-te-percarjes\/#webpage\",\"url\":\"https:\/\/www.visit-ulcinj.com\/blog\/2016\/02\/22\/perplasja-nimanbegu-gjeka-ju-si-kryetar-kksh-se-duhet-flisni-gjuhen-e-bashkimit-jo-te-percarjes\/\",\"name\":\"P\u00ebrplasja Nimanbegu - Gjeka: Ju si kryetar i KKSH-s\u00eb duhet flisni gjuh\u00ebn e bashkimit jo t\u00eb p\u00ebr\u00e7arjes - Lajme nga Ulqini\",\"isPartOf\":{\"@id\":\"https:\/\/www.visit-ulcinj.com\/blog\/#website\"},\"primaryImageOfPage\":{\"@id\":\"https:\/\/www.visit-ulcinj.com\/blog\/2016\/02\/22\/perplasja-nimanbegu-gjeka-ju-si-kryetar-kksh-se-duhet-flisni-gjuhen-e-bashkimit-jo-te-percarjes\/#primaryimage\"},\"datePublished\":\"2016-02-22T14:12:06+00:00\",\"dateModified\":\"2016-02-22T19:59:46+00:00\",\"author\":{\"@id\":\"https:\/\/www.visit-ulcinj.com\/blog\/#\/schema\/person\/dcab619c614d3038751c63bc2aadc06d\"},\"description\":\"Grupi i k\u00ebshilltar\u00ebve t\u00eb PD-s\u00eb: GJUHA P\u00cbR\u00c7AR\u00cbSE E KRYETARIT T\u00cb KKSH Me d\u00ebshp\u00ebrim e lexuam letr\u00ebn e atij q\u00eb do duhej t\u00eb ishte prij\u00ebsi i shqiptar\u00ebve n\u00eb\",\"breadcrumb\":{\"@id\":\"https:\/\/www.visit-ulcinj.com\/blog\/2016\/02\/22\/perplasja-nimanbegu-gjeka-ju-si-kryetar-kksh-se-duhet-flisni-gjuhen-e-bashkimit-jo-te-percarjes\/#breadcrumb\"},\"inLanguage\":\"en-US\",\"potentialAction\":[{\"@type\":\"ReadAction\",\"target\":[\"https:\/\/www.visit-ulcinj.com\/blog\/2016\/02\/22\/perplasja-nimanbegu-gjeka-ju-si-kryetar-kksh-se-duhet-flisni-gjuhen-e-bashkimit-jo-te-percarjes\/\"]}]},{\"@type\":\"BreadcrumbList\",\"@id\":\"https:\/\/www.visit-ulcinj.com\/blog\/2016\/02\/22\/perplasja-nimanbegu-gjeka-ju-si-kryetar-kksh-se-duhet-flisni-gjuhen-e-bashkimit-jo-te-percarjes\/#breadcrumb\",\"itemListElement\":[{\"@type\":\"ListItem\",\"position\":1,\"name\":\"P\u00ebrplasja Nimanbegu &#8211; Gjeka: Ju si kryetar i KKSH-s\u00eb duhet flisni gjuh\u00ebn e bashkimit jo t\u00eb p\u00ebr\u00e7arjes\"}]},{\"@type\":\"Person\",\"@id\":\"https:\/\/www.visit-ulcinj.com\/blog\/#\/schema\/person\/dcab619c614d3038751c63bc2aadc06d\",\"name\":\"ulqini\",\"sameAs\":[\"http:\/\/www.visit-ulcinj.com\"],\"url\":\"https:\/\/www.visit-ulcinj.com\/blog\/author\/admin\/\"}]}<\/script>\n<!-- \/ Yoast SEO plugin. -->","yoast_head_json":{"title":"P\u00ebrplasja Nimanbegu - Gjeka: Ju si kryetar i KKSH-s\u00eb duhet flisni gjuh\u00ebn e bashkimit jo t\u00eb p\u00ebr\u00e7arjes - Lajme nga Ulqini","description":"Grupi i k\u00ebshilltar\u00ebve t\u00eb PD-s\u00eb: GJUHA P\u00cbR\u00c7AR\u00cbSE E KRYETARIT T\u00cb KKSH Me d\u00ebshp\u00ebrim e lexuam letr\u00ebn e atij q\u00eb do duhej t\u00eb ishte prij\u00ebsi i shqiptar\u00ebve n\u00eb","robots":{"index":"index","follow":"follow","max-snippet":"max-snippet:-1","max-image-preview":"max-image-preview:large","max-video-preview":"max-video-preview:-1"},"canonical":"https:\/\/www.visit-ulcinj.com\/blog\/2016\/02\/22\/perplasja-nimanbegu-gjeka-ju-si-kryetar-kksh-se-duhet-flisni-gjuhen-e-bashkimit-jo-te-percarjes\/","og_locale":"en_US","og_type":"article","og_title":"P\u00ebrplasja Nimanbegu - Gjeka: Ju si kryetar i KKSH-s\u00eb duhet flisni gjuh\u00ebn e bashkimit jo t\u00eb p\u00ebr\u00e7arjes - Lajme nga Ulqini","og_description":"Grupi i k\u00ebshilltar\u00ebve t\u00eb PD-s\u00eb: GJUHA P\u00cbR\u00c7AR\u00cbSE E KRYETARIT T\u00cb KKSH Me d\u00ebshp\u00ebrim e lexuam letr\u00ebn e atij q\u00eb do duhej t\u00eb ishte prij\u00ebsi i shqiptar\u00ebve n\u00eb","og_url":"https:\/\/www.visit-ulcinj.com\/blog\/2016\/02\/22\/perplasja-nimanbegu-gjeka-ju-si-kryetar-kksh-se-duhet-flisni-gjuhen-e-bashkimit-jo-te-percarjes\/","og_site_name":"Lajme nga Ulqini","article_published_time":"2016-02-22T14:12:06+00:00","article_modified_time":"2016-02-22T19:59:46+00:00","og_image":[{"url":"http:\/\/www.visit-ulcinj.com\/blog\/wp-content\/uploads\/2013\/08\/Gjeka-Nimanbegu.jpg"}],"twitter_misc":{"Written by":"ulqini","Est. reading time":"2 minutes"},"schema":{"@context":"https:\/\/schema.org","@graph":[{"@type":"WebSite","@id":"https:\/\/www.visit-ulcinj.com\/blog\/#website","url":"https:\/\/www.visit-ulcinj.com\/blog\/","name":"Lajme nga Ulqini","description":"Lajme,Vijesti,Ulqini,Ulqin,Crna Gora,Mali i Zi","potentialAction":[{"@type":"SearchAction","target":{"@type":"EntryPoint","urlTemplate":"https:\/\/www.visit-ulcinj.com\/blog\/?s={search_term_string}"},"query-input":"required name=search_term_string"}],"inLanguage":"en-US"},{"@type":"ImageObject","inLanguage":"en-US","@id":"https:\/\/www.visit-ulcinj.com\/blog\/2016\/02\/22\/perplasja-nimanbegu-gjeka-ju-si-kryetar-kksh-se-duhet-flisni-gjuhen-e-bashkimit-jo-te-percarjes\/#primaryimage","url":"https:\/\/www.visit-ulcinj.com\/blog\/wp-content\/uploads\/2013\/08\/Gjeka-Nimanbegu.jpg","contentUrl":"https:\/\/www.visit-ulcinj.com\/blog\/wp-content\/uploads\/2013\/08\/Gjeka-Nimanbegu.jpg","width":999,"height":590},{"@type":"WebPage","@id":"https:\/\/www.visit-ulcinj.com\/blog\/2016\/02\/22\/perplasja-nimanbegu-gjeka-ju-si-kryetar-kksh-se-duhet-flisni-gjuhen-e-bashkimit-jo-te-percarjes\/#webpage","url":"https:\/\/www.visit-ulcinj.com\/blog\/2016\/02\/22\/perplasja-nimanbegu-gjeka-ju-si-kryetar-kksh-se-duhet-flisni-gjuhen-e-bashkimit-jo-te-percarjes\/","name":"P\u00ebrplasja Nimanbegu - Gjeka: Ju si kryetar i KKSH-s\u00eb duhet flisni gjuh\u00ebn e bashkimit jo t\u00eb p\u00ebr\u00e7arjes - Lajme nga Ulqini","isPartOf":{"@id":"https:\/\/www.visit-ulcinj.com\/blog\/#website"},"primaryImageOfPage":{"@id":"https:\/\/www.visit-ulcinj.com\/blog\/2016\/02\/22\/perplasja-nimanbegu-gjeka-ju-si-kryetar-kksh-se-duhet-flisni-gjuhen-e-bashkimit-jo-te-percarjes\/#primaryimage"},"datePublished":"2016-02-22T14:12:06+00:00","dateModified":"2016-02-22T19:59:46+00:00","author":{"@id":"https:\/\/www.visit-ulcinj.com\/blog\/#\/schema\/person\/dcab619c614d3038751c63bc2aadc06d"},"description":"Grupi i k\u00ebshilltar\u00ebve t\u00eb PD-s\u00eb: GJUHA P\u00cbR\u00c7AR\u00cbSE E KRYETARIT T\u00cb KKSH Me d\u00ebshp\u00ebrim e lexuam letr\u00ebn e atij q\u00eb do duhej t\u00eb ishte prij\u00ebsi i shqiptar\u00ebve n\u00eb","breadcrumb":{"@id":"https:\/\/www.visit-ulcinj.com\/blog\/2016\/02\/22\/perplasja-nimanbegu-gjeka-ju-si-kryetar-kksh-se-duhet-flisni-gjuhen-e-bashkimit-jo-te-percarjes\/#breadcrumb"},"inLanguage":"en-US","potentialAction":[{"@type":"ReadAction","target":["https:\/\/www.visit-ulcinj.com\/blog\/2016\/02\/22\/perplasja-nimanbegu-gjeka-ju-si-kryetar-kksh-se-duhet-flisni-gjuhen-e-bashkimit-jo-te-percarjes\/"]}]},{"@type":"BreadcrumbList","@id":"https:\/\/www.visit-ulcinj.com\/blog\/2016\/02\/22\/perplasja-nimanbegu-gjeka-ju-si-kryetar-kksh-se-duhet-flisni-gjuhen-e-bashkimit-jo-te-percarjes\/#breadcrumb","itemListElement":[{"@type":"ListItem","position":1,"name":"P\u00ebrplasja Nimanbegu &#8211; Gjeka: Ju si kryetar i KKSH-s\u00eb duhet flisni gjuh\u00ebn e bashkimit jo t\u00eb p\u00ebr\u00e7arjes"}]},{"@type":"Person","@id":"https:\/\/www.visit-ulcinj.com\/blog\/#\/schema\/person\/dcab619c614d3038751c63bc2aadc06d","name":"ulqini","sameAs":["http:\/\/www.visit-ulcinj.com"],"url":"https:\/\/www.visit-ulcinj.com\/blog\/author\/admin\/"}]}},"jetpack_featured_media_url":"","jetpack_sharing_enabled":true,"jetpack_shortlink":"https:\/\/wp.me\/pe6lTn-oES","_links":{"self":[{"href":"https:\/\/www.visit-ulcinj.com\/blog\/wp-json\/wp\/v2\/posts\/94790"}],"collection":[{"href":"https:\/\/www.visit-ulcinj.com\/blog\/wp-json\/wp\/v2\/posts"}],"about":[{"href":"https:\/\/www.visit-ulcinj.com\/blog\/wp-json\/wp\/v2\/types\/post"}],"author":[{"embeddable":true,"href":"https:\/\/www.visit-ulcinj.com\/blog\/wp-json\/wp\/v2\/users\/1"}],"replies":[{"embeddable":true,"href":"https:\/\/www.visit-ulcinj.com\/blog\/wp-json\/wp\/v2\/comments?post=94790"}],"version-history":[{"count":1,"href":"https:\/\/www.visit-ulcinj.com\/blog\/wp-json\/wp\/v2\/posts\/94790\/revisions"}],"predecessor-version":[{"id":94791,"href":"https:\/\/www.visit-ulcinj.com\/blog\/wp-json\/wp\/v2\/posts\/94790\/revisions\/94791"}],"wp:attachment":[{"href":"https:\/\/www.visit-ulcinj.com\/blog\/wp-json\/wp\/v2\/media?parent=94790"}],"wp:term":[{"taxonomy":"category","embeddable":true,"href":"https:\/\/www.visit-ulcinj.com\/blog\/wp-json\/wp\/v2\/categories?post=94790"},{"taxonomy":"post_tag","embeddable":true,"href":"https:\/\/www.visit-ulcinj.com\/blog\/wp-json\/wp\/v2\/tags?post=94790"}],"curies":[{"name":"wp","href":"https:\/\/api.w.org\/{rel}","templated":true}]}}