{"id":948,"date":"2008-03-18T12:59:37","date_gmt":"2008-03-18T17:59:37","guid":{"rendered":"http:\/\/www.visit-ulcinj.com\/blog\/2008\/03\/18\/ekspozite-e-hapur-ne-ulqin-te-piktorit-jozo-kocoviqit\/"},"modified":"2008-03-18T13:09:03","modified_gmt":"2008-03-18T18:09:03","slug":"ekspozite-e-hapur-ne-ulqin-te-piktorit-jozo-kocoviqit","status":"publish","type":"post","link":"https:\/\/www.visit-ulcinj.com\/blog\/2008\/03\/18\/ekspozite-e-hapur-ne-ulqin-te-piktorit-jozo-kocoviqit\/","title":{"rendered":"Ekspozit\u00eb e hapur n\u00eb Ulqin t\u00eb piktorit Jozo Ko\u00e7oviqit"},"content":{"rendered":"<p><a href=\"http:\/\/www.visit-ulcinj.com\/blog\/wp-content\/uploads\/2008\/03\/qazim-muja1.jpg\" title=\"qazim muja1\"><img loading=\"lazy\" src=\"http:\/\/www.visit-ulcinj.com\/blog\/wp-content\/uploads\/2008\/03\/qazim-muja1.thumbnail.jpg\" alt=\"qazim muja1\" align=\"left\" height=\"200\" width=\"194\" \/><\/a><strong>Rr\u00ebfimi i njeriut p\u00ebr njeriun nga Qazim Muja<\/strong><br \/>\nVizatimet me tush t\u00eb Jozo Ko\u00e7oviqit, si variacione sensibile t\u00eb fytyr\u00ebs dhe figur\u00ebs njer\u00ebzore, n\u00eb form\u00ebn vizatimore, gjithsesi m\u00eb t\u00eb pasur se nj\u00eb vizatim kroki, jan\u00eb definuar me nj\u00eb num\u00ebr t\u00eb reduktuar potezash ritmike t\u00eb vij\u00ebs vitale dhe shum\u00eb t\u00eb theksuar me maje t\u00eb penelit e cila fuqish\u00ebm form\u00ebson nj\u00eb dhe vet\u00ebm nj\u00eb figur\u00eb t\u00eb vetmuar njer\u00ebzore t\u00eb vendosur mbi nj\u00eb ideogram psikologjik, simbol subjektiv ky i p\u00ebrjetuar si loj\u00eb q\u00eb \u00e7do njeriu ia servon jeta.<br \/>\nInteresimi p\u00ebr figur\u00ebn dhe n\u00eb p\u00ebrgjith\u00ebsi figurativen si dhe p\u00ebr problematik\u00ebn dhe m\u00ebnyr\u00ebn e t\u00eb shprehurit ekspresiv, piktorin e ri Jozo Ko\u00e7oviq, q\u00eb n\u00eb fillim t\u00eb rrug\u00ebtimit t\u00eb tij artistik, e b\u00ebn hulumtues me nj\u00eb kureshtje prej alkimisti.<br \/>\nN\u00eb ekspozit\u00ebn e hapur n\u00eb Ulqin kemi t\u00eb b\u00ebjm\u00eb me 25 punime n\u00eb teknik\u00ebn e vizatimit, kryesisht me tush, t\u00eb punuara n\u00eb nj\u00eb frym\u00eb. Figurat e zeza mbi t\u00eb bardh\u00ebn, pra format e konturuara me t\u00eb zez\u00eb dhe aty-k\u00ebtu me hij\u00ebzim josh\u00ebs, formojn\u00eb nj\u00eb varg t\u00eb pafund t\u00eb figurave dhe fizionomive njer\u00ebzore. Kjo galeri e figurave njer\u00ebzore, e shikuar si t\u00ebr\u00ebsi, me pozit\u00ebn dhe l\u00ebvizjen e tyre, asocon n\u00eb ato l\u00ebvizjet teatrore meditative t\u00eb hijeve, ose, po t\u00eb shikohen nga k\u00ebndi i artit t\u00eb shtat\u00eb, k\u00ebto figura formojn\u00eb nj\u00eblloj animacioni filmik shum\u00eb p\u00ebrmbajt\u00ebsor t\u00eb p\u00ebrmbyllur, n\u00eb t\u00eb cilin n\u00ebp\u00ebr sekuenca kuadrosh i p\u00ebrcjell rr\u00ebfimi i njeriut p\u00ebr njeriun q\u00eb l\u00ebviz n\u00ebp\u00ebr nj\u00eb bot\u00eb, mbase t\u00eb pasigurt\u00eb ndjenjash t\u00eb br\u00ebndshme. Kontrastet bardh\u00eb e zi, p\u00ebrplasjet e hap\u00ebsirave t\u00eb zbraz\u00ebta dhe atyre t\u00eb plota dhe pothuaj vazhdimisht hudhja tep\u00ebr e lir\u00eb e ngjyr\u00ebs s\u00eb zez\u00eb, me st\u00ebrpikje t\u00eb kontrolluar, t\u00eb themi n\u00eb stilin e ashtuquajtur dripping painting t\u00eb Pollokut, formojn\u00eb t\u00ebr\u00ebsin\u00eb n\u00eb t\u00eb cil\u00ebn paraqiten profilet psikologjike t\u00eb individit n\u00ebp\u00ebr sekuenca kadrovike. Dhe n\u00ebp\u00ebr k\u00ebto sekuenca figurash njer\u00ebzore, l\u00ebvizja trupore b\u00ebhet akt motorik me dometh\u00ebnie gjithher\u00eb t\u00eb ve\u00e7anta, here-her\u00eb i ngrir\u00eb n\u00eb momentin q\u00eb shlyen nj\u00ebr\u00ebn sken\u00eb dhe paralajm\u00ebron sken\u00ebn tjet\u00ebr, q\u00eb shlyen nj\u00eb ndjenj\u00eb momentale dhe paralajm\u00ebron nj\u00eb p\u00ebrjetim tjet\u00ebr, q\u00eb shlyen trishtimin, klithjen, breng\u00ebn, dhembjen, meditimin, p\u00ebr t`iu rikthyer t\u00eb nj\u00ebjtat emocione sekuencave n\u00eb vazhdim.<br \/>\nAndaj, vizatimet e piktorit t\u00eb ri Ko\u00e7oviq, q\u00eb n\u00eb shikim t\u00eb par\u00eb na duken si t\u00eb nj\u00ebjta, mund t`i p\u00ebrjetojm\u00eb si klonim t\u00eb figur\u00ebs njer\u00ebzore, duke e rikrijuar at\u00eb, por \u00e7doher\u00eb me form\u00eb, l\u00ebvizje, shprehje dhe ndjenj\u00eb t\u00eb brendshme t\u00ebr\u00ebsisht tjet\u00ebr.<br \/>\nVizatimet me tush t\u00eb Jozo Ko\u00e7oviqit, si variacione sensibile t\u00eb fytyr\u00ebs dhe figur\u00ebs njer\u00ebzore, n\u00eb form\u00ebn vizatimore, gjithsesi m\u00eb t\u00eb pasur se nj\u00eb vizatim kroki, jan\u00eb definuar me nj\u00eb num\u00ebr t\u00eb reduktuar potezash ritmike t\u00eb vij\u00ebs vitale dhe shum\u00eb t\u00eb theksuar me maje t\u00eb penelit e cila fuqish\u00ebm form\u00ebson nj\u00eb dhe vet\u00ebm nj\u00eb figur\u00eb t\u00eb vetmuar njer\u00ebzore t\u00eb vendosur mbi nj\u00eb ideogram psikologjik, simbol subjektiv ky i p\u00ebrjetuar si loj\u00eb q\u00eb \u00e7do njeriu ia servon jeta. K\u00ebto paraqesin regjistrime ndiesore t\u00eb autorit duke i shp\u00ebrndar\u00eb n\u00ebp\u00ebr 25 sekuenca vargore t\u00eb ve\u00e7anta t\u00eb lindura n\u00eb nj\u00eb moment frym\u00ebzimi t\u00eb caktuar shpirt\u00ebror. Pra, \u00ebsht\u00eb ky nj\u00eb meditim bardh\u00eb e zi i autorit, ashtu si\u00e7 b\u00ebn\u00eb edhe shum\u00eb piktor\u00eb, ashtu si\u00e7 b\u00ebri edhe Edvard Munk, n\u00eb piktur\u00ebn e tij &#8220;Vall\u00ebzimi i jet\u00ebs&#8221; p\u00ebr t\u00eb simbolizuar nj\u00ebkoh\u00ebsisht nj\u00eb rini dhe nj\u00eb pleq\u00ebri, nj\u00eb lindje dhe nj\u00eb vdekje, nj\u00eb fillim dhe nj\u00eb mbarim.<br \/>\nM\u00eb n\u00eb fund duhet th\u00ebn\u00eb se arti i mir\u00ebfillt\u00eb fillon aty ku p\u00ebrfundon zanati. Shpresoj se piktori Ko\u00e7oviq tani m\u00eb zanatin e ka m\u00ebsuar mir\u00eb, andaj uroj q\u00eb p\u00ebrkushtimi i tij n\u00eb rrug\u00ebn e pafund t\u00eb artit t\u00eb jet\u00eb i paluhatsh\u00ebm dhe tejet i frytsh\u00ebm.<br \/>\n<strong>Qazim Muja<br \/>\nKoha javore<\/strong><\/p>\n","protected":false},"excerpt":{"rendered":"<p><img loading=\"lazy\" src=\"http:\/\/www.visit-ulcinj.com\/blog\/wp-content\/uploads\/2008\/03\/qazim-muja1.thumbnail.jpg\" alt=\"qazim muja1\" align=\"left\" height=\"140\" width=\"140\" \/><\/p>\n","protected":false},"author":1,"featured_media":0,"comment_status":"open","ping_status":"closed","sticky":false,"template":"","format":"standard","meta":{"spay_email":"","jetpack_publicize_message":"","jetpack_is_tweetstorm":false,"jetpack_publicize_feature_enabled":true},"categories":[4],"tags":[],"jetpack_publicize_connections":[],"yoast_head":"<!-- This site is optimized with the Yoast SEO plugin v19.1 - https:\/\/yoast.com\/wordpress\/plugins\/seo\/ -->\n<title>Ekspozit\u00eb e hapur n\u00eb Ulqin t\u00eb piktorit Jozo Ko\u00e7oviqit - Lajme nga Ulqini<\/title>\n<meta name=\"robots\" content=\"index, follow, max-snippet:-1, max-image-preview:large, max-video-preview:-1\" \/>\n<link rel=\"canonical\" href=\"https:\/\/www.visit-ulcinj.com\/blog\/2008\/03\/18\/ekspozite-e-hapur-ne-ulqin-te-piktorit-jozo-kocoviqit\/\" \/>\n<meta property=\"og:locale\" content=\"en_US\" \/>\n<meta property=\"og:type\" content=\"article\" \/>\n<meta property=\"og:title\" content=\"Ekspozit\u00eb e hapur n\u00eb Ulqin t\u00eb piktorit Jozo Ko\u00e7oviqit - Lajme nga Ulqini\" \/>\n<meta property=\"og:url\" content=\"https:\/\/www.visit-ulcinj.com\/blog\/2008\/03\/18\/ekspozite-e-hapur-ne-ulqin-te-piktorit-jozo-kocoviqit\/\" \/>\n<meta property=\"og:site_name\" content=\"Lajme nga Ulqini\" \/>\n<meta property=\"article:published_time\" content=\"2008-03-18T17:59:37+00:00\" \/>\n<meta property=\"article:modified_time\" content=\"2008-03-18T18:09:03+00:00\" \/>\n<meta property=\"og:image\" content=\"http:\/\/www.visit-ulcinj.com\/blog\/wp-content\/uploads\/2008\/03\/qazim-muja1.thumbnail.jpg\" \/>\n<meta name=\"twitter:label1\" content=\"Written by\" \/>\n\t<meta name=\"twitter:data1\" content=\"ulqini\" \/>\n\t<meta name=\"twitter:label2\" content=\"Est. reading time\" \/>\n\t<meta name=\"twitter:data2\" content=\"4 minutes\" \/>\n<script type=\"application\/ld+json\" class=\"yoast-schema-graph\">{\"@context\":\"https:\/\/schema.org\",\"@graph\":[{\"@type\":\"WebSite\",\"@id\":\"https:\/\/www.visit-ulcinj.com\/blog\/#website\",\"url\":\"https:\/\/www.visit-ulcinj.com\/blog\/\",\"name\":\"Lajme nga Ulqini\",\"description\":\"Lajme,Vijesti,Ulqini,Ulqin,Crna Gora,Mali i Zi\",\"potentialAction\":[{\"@type\":\"SearchAction\",\"target\":{\"@type\":\"EntryPoint\",\"urlTemplate\":\"https:\/\/www.visit-ulcinj.com\/blog\/?s={search_term_string}\"},\"query-input\":\"required name=search_term_string\"}],\"inLanguage\":\"en-US\"},{\"@type\":\"ImageObject\",\"inLanguage\":\"en-US\",\"@id\":\"https:\/\/www.visit-ulcinj.com\/blog\/2008\/03\/18\/ekspozite-e-hapur-ne-ulqin-te-piktorit-jozo-kocoviqit\/#primaryimage\",\"url\":\"http:\/\/www.visit-ulcinj.com\/blog\/wp-content\/uploads\/2008\/03\/qazim-muja1.thumbnail.jpg\",\"contentUrl\":\"http:\/\/www.visit-ulcinj.com\/blog\/wp-content\/uploads\/2008\/03\/qazim-muja1.thumbnail.jpg\"},{\"@type\":\"WebPage\",\"@id\":\"https:\/\/www.visit-ulcinj.com\/blog\/2008\/03\/18\/ekspozite-e-hapur-ne-ulqin-te-piktorit-jozo-kocoviqit\/#webpage\",\"url\":\"https:\/\/www.visit-ulcinj.com\/blog\/2008\/03\/18\/ekspozite-e-hapur-ne-ulqin-te-piktorit-jozo-kocoviqit\/\",\"name\":\"Ekspozit\u00eb e hapur n\u00eb Ulqin t\u00eb piktorit Jozo Ko\u00e7oviqit - Lajme nga Ulqini\",\"isPartOf\":{\"@id\":\"https:\/\/www.visit-ulcinj.com\/blog\/#website\"},\"primaryImageOfPage\":{\"@id\":\"https:\/\/www.visit-ulcinj.com\/blog\/2008\/03\/18\/ekspozite-e-hapur-ne-ulqin-te-piktorit-jozo-kocoviqit\/#primaryimage\"},\"datePublished\":\"2008-03-18T17:59:37+00:00\",\"dateModified\":\"2008-03-18T18:09:03+00:00\",\"author\":{\"@id\":\"https:\/\/www.visit-ulcinj.com\/blog\/#\/schema\/person\/dcab619c614d3038751c63bc2aadc06d\"},\"breadcrumb\":{\"@id\":\"https:\/\/www.visit-ulcinj.com\/blog\/2008\/03\/18\/ekspozite-e-hapur-ne-ulqin-te-piktorit-jozo-kocoviqit\/#breadcrumb\"},\"inLanguage\":\"en-US\",\"potentialAction\":[{\"@type\":\"ReadAction\",\"target\":[\"https:\/\/www.visit-ulcinj.com\/blog\/2008\/03\/18\/ekspozite-e-hapur-ne-ulqin-te-piktorit-jozo-kocoviqit\/\"]}]},{\"@type\":\"BreadcrumbList\",\"@id\":\"https:\/\/www.visit-ulcinj.com\/blog\/2008\/03\/18\/ekspozite-e-hapur-ne-ulqin-te-piktorit-jozo-kocoviqit\/#breadcrumb\",\"itemListElement\":[{\"@type\":\"ListItem\",\"position\":1,\"name\":\"Ekspozit\u00eb e hapur n\u00eb Ulqin t\u00eb piktorit Jozo Ko\u00e7oviqit\"}]},{\"@type\":\"Person\",\"@id\":\"https:\/\/www.visit-ulcinj.com\/blog\/#\/schema\/person\/dcab619c614d3038751c63bc2aadc06d\",\"name\":\"ulqini\",\"sameAs\":[\"http:\/\/www.visit-ulcinj.com\"],\"url\":\"https:\/\/www.visit-ulcinj.com\/blog\/author\/admin\/\"}]}<\/script>\n<!-- \/ Yoast SEO plugin. -->","yoast_head_json":{"title":"Ekspozit\u00eb e hapur n\u00eb Ulqin t\u00eb piktorit Jozo Ko\u00e7oviqit - Lajme nga Ulqini","robots":{"index":"index","follow":"follow","max-snippet":"max-snippet:-1","max-image-preview":"max-image-preview:large","max-video-preview":"max-video-preview:-1"},"canonical":"https:\/\/www.visit-ulcinj.com\/blog\/2008\/03\/18\/ekspozite-e-hapur-ne-ulqin-te-piktorit-jozo-kocoviqit\/","og_locale":"en_US","og_type":"article","og_title":"Ekspozit\u00eb e hapur n\u00eb Ulqin t\u00eb piktorit Jozo Ko\u00e7oviqit - Lajme nga Ulqini","og_url":"https:\/\/www.visit-ulcinj.com\/blog\/2008\/03\/18\/ekspozite-e-hapur-ne-ulqin-te-piktorit-jozo-kocoviqit\/","og_site_name":"Lajme nga Ulqini","article_published_time":"2008-03-18T17:59:37+00:00","article_modified_time":"2008-03-18T18:09:03+00:00","og_image":[{"url":"http:\/\/www.visit-ulcinj.com\/blog\/wp-content\/uploads\/2008\/03\/qazim-muja1.thumbnail.jpg"}],"twitter_misc":{"Written by":"ulqini","Est. reading time":"4 minutes"},"schema":{"@context":"https:\/\/schema.org","@graph":[{"@type":"WebSite","@id":"https:\/\/www.visit-ulcinj.com\/blog\/#website","url":"https:\/\/www.visit-ulcinj.com\/blog\/","name":"Lajme nga Ulqini","description":"Lajme,Vijesti,Ulqini,Ulqin,Crna Gora,Mali i Zi","potentialAction":[{"@type":"SearchAction","target":{"@type":"EntryPoint","urlTemplate":"https:\/\/www.visit-ulcinj.com\/blog\/?s={search_term_string}"},"query-input":"required name=search_term_string"}],"inLanguage":"en-US"},{"@type":"ImageObject","inLanguage":"en-US","@id":"https:\/\/www.visit-ulcinj.com\/blog\/2008\/03\/18\/ekspozite-e-hapur-ne-ulqin-te-piktorit-jozo-kocoviqit\/#primaryimage","url":"http:\/\/www.visit-ulcinj.com\/blog\/wp-content\/uploads\/2008\/03\/qazim-muja1.thumbnail.jpg","contentUrl":"http:\/\/www.visit-ulcinj.com\/blog\/wp-content\/uploads\/2008\/03\/qazim-muja1.thumbnail.jpg"},{"@type":"WebPage","@id":"https:\/\/www.visit-ulcinj.com\/blog\/2008\/03\/18\/ekspozite-e-hapur-ne-ulqin-te-piktorit-jozo-kocoviqit\/#webpage","url":"https:\/\/www.visit-ulcinj.com\/blog\/2008\/03\/18\/ekspozite-e-hapur-ne-ulqin-te-piktorit-jozo-kocoviqit\/","name":"Ekspozit\u00eb e hapur n\u00eb Ulqin t\u00eb piktorit Jozo Ko\u00e7oviqit - Lajme nga Ulqini","isPartOf":{"@id":"https:\/\/www.visit-ulcinj.com\/blog\/#website"},"primaryImageOfPage":{"@id":"https:\/\/www.visit-ulcinj.com\/blog\/2008\/03\/18\/ekspozite-e-hapur-ne-ulqin-te-piktorit-jozo-kocoviqit\/#primaryimage"},"datePublished":"2008-03-18T17:59:37+00:00","dateModified":"2008-03-18T18:09:03+00:00","author":{"@id":"https:\/\/www.visit-ulcinj.com\/blog\/#\/schema\/person\/dcab619c614d3038751c63bc2aadc06d"},"breadcrumb":{"@id":"https:\/\/www.visit-ulcinj.com\/blog\/2008\/03\/18\/ekspozite-e-hapur-ne-ulqin-te-piktorit-jozo-kocoviqit\/#breadcrumb"},"inLanguage":"en-US","potentialAction":[{"@type":"ReadAction","target":["https:\/\/www.visit-ulcinj.com\/blog\/2008\/03\/18\/ekspozite-e-hapur-ne-ulqin-te-piktorit-jozo-kocoviqit\/"]}]},{"@type":"BreadcrumbList","@id":"https:\/\/www.visit-ulcinj.com\/blog\/2008\/03\/18\/ekspozite-e-hapur-ne-ulqin-te-piktorit-jozo-kocoviqit\/#breadcrumb","itemListElement":[{"@type":"ListItem","position":1,"name":"Ekspozit\u00eb e hapur n\u00eb Ulqin t\u00eb piktorit Jozo Ko\u00e7oviqit"}]},{"@type":"Person","@id":"https:\/\/www.visit-ulcinj.com\/blog\/#\/schema\/person\/dcab619c614d3038751c63bc2aadc06d","name":"ulqini","sameAs":["http:\/\/www.visit-ulcinj.com"],"url":"https:\/\/www.visit-ulcinj.com\/blog\/author\/admin\/"}]}},"jetpack_featured_media_url":"","jetpack_sharing_enabled":true,"jetpack_shortlink":"https:\/\/wp.me\/pe6lTn-fi","_links":{"self":[{"href":"https:\/\/www.visit-ulcinj.com\/blog\/wp-json\/wp\/v2\/posts\/948"}],"collection":[{"href":"https:\/\/www.visit-ulcinj.com\/blog\/wp-json\/wp\/v2\/posts"}],"about":[{"href":"https:\/\/www.visit-ulcinj.com\/blog\/wp-json\/wp\/v2\/types\/post"}],"author":[{"embeddable":true,"href":"https:\/\/www.visit-ulcinj.com\/blog\/wp-json\/wp\/v2\/users\/1"}],"replies":[{"embeddable":true,"href":"https:\/\/www.visit-ulcinj.com\/blog\/wp-json\/wp\/v2\/comments?post=948"}],"version-history":[{"count":0,"href":"https:\/\/www.visit-ulcinj.com\/blog\/wp-json\/wp\/v2\/posts\/948\/revisions"}],"wp:attachment":[{"href":"https:\/\/www.visit-ulcinj.com\/blog\/wp-json\/wp\/v2\/media?parent=948"}],"wp:term":[{"taxonomy":"category","embeddable":true,"href":"https:\/\/www.visit-ulcinj.com\/blog\/wp-json\/wp\/v2\/categories?post=948"},{"taxonomy":"post_tag","embeddable":true,"href":"https:\/\/www.visit-ulcinj.com\/blog\/wp-json\/wp\/v2\/tags?post=948"}],"curies":[{"name":"wp","href":"https:\/\/api.w.org\/{rel}","templated":true}]}}