{"id":94818,"date":"2016-02-22T16:25:18","date_gmt":"2016-02-22T15:25:18","guid":{"rendered":"http:\/\/www.visit-ulcinj.com\/blog\/?p=94818"},"modified":"2016-02-22T16:25:18","modified_gmt":"2016-02-22T15:25:18","slug":"forca-partia-boshnjake-dhe-hgi-te-votojne-shkarkimin-e-krivokapiqit-lista","status":"publish","type":"post","link":"https:\/\/www.visit-ulcinj.com\/blog\/2016\/02\/22\/forca-partia-boshnjake-dhe-hgi-te-votojne-shkarkimin-e-krivokapiqit-lista\/","title":{"rendered":"FORCA, Partia Boshnjake dhe HGI do t\u00eb votojn\u00eb shkarkimin e Krivokapiqit &#8211; Lista"},"content":{"rendered":"<p><strong><a href=\"http:\/\/www.visit-ulcinj.com\/blog\/wp-content\/uploads\/2016\/02\/Partia-Boshnjake-FORCA-HGI.jpg\"><img loading=\"lazy\" class=\"alignleft wp-image-94819\" src=\"http:\/\/www.visit-ulcinj.com\/blog\/wp-content\/uploads\/2016\/02\/Partia-Boshnjake-FORCA-HGI.jpg\" alt=\"Partia Boshnjake- FORCA -HGI\" width=\"508\" height=\"305\" srcset=\"https:\/\/www.visit-ulcinj.com\/blog\/wp-content\/uploads\/2016\/02\/Partia-Boshnjake-FORCA-HGI.jpg 616w, https:\/\/www.visit-ulcinj.com\/blog\/wp-content\/uploads\/2016\/02\/Partia-Boshnjake-FORCA-HGI-300x180.jpg 300w\" sizes=\"(max-width: 508px) 100vw, 508px\" \/><\/a>Deklarat\u00eb nga takimi i Partis\u00eb Boshnjake, Forc\u00ebs dhe HGI ,\u00a0 dat\u00eb 22.02.2016.<\/strong><\/p>\n<p>&nbsp;<\/p>\n<p>Partia Boshnjake, FORCA dhe HGI do t\u00eb\u00a0 mb\u00ebshtesin shkarkimin e kryetarit t\u00eb Kuvendit Ranko Krivokapiq<\/p>\n<p>P\u00ebrfaqsuesit e Partis\u00eb Boshnjake, Forc\u00ebs dhe HGI- s\u00eb do t\u00eb n\u00ebnshkruajn\u00eb nism\u00ebn e votimit dhe do t\u00eb votojn\u00eb p\u00ebr shkarkimin\u00a0 e Presidentit t\u00eb Parlamentit Ranko Krivokapiq.<\/p>\n<p>Ky \u00ebsht\u00eb vendim i p\u00ebrbashk\u00ebt i kryetarit t\u00eb Partis\u00eb boshnjake Rafet Husovi\u0107, Forc\u00ebs Nazif Cungu dhe HGI-s\u00eb Marija Vu\u00e7inovic , marr\u00eb gjat\u00eb takimit t\u00eb tyre n\u00eb Tivar, ku u diskutua p\u00ebr gjendjen aktuale politike n\u00eb Mal t\u00eb Zi.<\/p>\n<p>N\u00eb takim \u00ebsht\u00eb vler\u00ebsuar se partit\u00eb e pakicave kan\u00eb dh\u00ebn\u00eb nj\u00eb kontribut t\u00eb madh gjat\u00eb dialogut t\u00eb fundit parlamentar n\u00eb p\u00ebrpjekje p\u00ebr arritjen e nj\u00eb konsensusi\u00a0 dhe kompromisi, dhe shprehin keqardhje p\u00ebr d\u00ebshtimin e negociatave.<\/p>\n<p>Duke pasur parasysh se Partia Socialdemokrate nuk ka p\u00ebrkrahur qeverin\u00eb me \u00a0vot\u00ebbesim\u00a0 n\u00eb Parlament, dhe duke shkelur marr\u00ebveshjen e koalicionit \u00a0u bashkua me opozit\u00ebn, \u00a0e gjejm\u00eb t\u00eb arsyeshme nism\u00ebn\u00a0 p\u00ebr shkarkimin\u00a0 e \u00a0Kryetarit t\u00eb Kuvendit\u00a0 Ranko Krivokapiq<\/p>\n<p>Deputet\u00ebt e Partis\u00eb Boshnjake, Forc\u00ebs dhe HGI-s\u00eb do ta n\u00ebnshkruajn\u00eb k\u00ebt\u00eb iniciativ\u00eb dhe do ta votojn\u00eb n\u00eb Kuvend.<\/p>\n<p>&nbsp;<\/p>\n<p><strong>Sh\u00ebrbimi informativ i \u00a0Partis\u00eb Boshnjake, Forc\u00ebs dhe HGI-s\u00eb.<\/strong><\/p>\n<p><strong>Lista e n\u00ebnshrimeve p\u00ebr shkarkimin e Ranko Krivokapiq<\/strong><\/p>\n<p><a href=\"http:\/\/www.visit-ulcinj.com\/blog\/wp-content\/uploads\/2016\/02\/votimi-i-shkarkimin-e-Krivokapiqit-potpisi-smjenjivanja-krivokapica.jpg\"><img loading=\"lazy\" class=\"alignleft wp-image-94820\" src=\"http:\/\/www.visit-ulcinj.com\/blog\/wp-content\/uploads\/2016\/02\/votimi-i-shkarkimin-e-Krivokapiqit-potpisi-smjenjivanja-krivokapica.jpg\" alt=\"votimi-i-shkarkimin e Krivokapiqit-potpisi-smjenjivanja-krivokapica\" width=\"508\" height=\"402\" srcset=\"https:\/\/www.visit-ulcinj.com\/blog\/wp-content\/uploads\/2016\/02\/votimi-i-shkarkimin-e-Krivokapiqit-potpisi-smjenjivanja-krivokapica.jpg 793w, https:\/\/www.visit-ulcinj.com\/blog\/wp-content\/uploads\/2016\/02\/votimi-i-shkarkimin-e-Krivokapiqit-potpisi-smjenjivanja-krivokapica-300x238.jpg 300w\" sizes=\"(max-width: 508px) 100vw, 508px\" \/><\/a><br \/>\n<a href=\"http:\/\/www.visit-ulcinj.com\/blog\/wp-content\/uploads\/2016\/02\/votimi-i-shkarkimin-e-Krivokapiqit-potpisi-smjenjivanja-krivokapica-1.jpg\"><img loading=\"lazy\" class=\"alignleft wp-image-94821\" src=\"http:\/\/www.visit-ulcinj.com\/blog\/wp-content\/uploads\/2016\/02\/votimi-i-shkarkimin-e-Krivokapiqit-potpisi-smjenjivanja-krivokapica-1.jpg\" alt=\"votimi-i-shkarkimin e Krivokapiqit-potpisi-smjenjivanja-krivokapica-1\" width=\"508\" height=\"455\" srcset=\"https:\/\/www.visit-ulcinj.com\/blog\/wp-content\/uploads\/2016\/02\/votimi-i-shkarkimin-e-Krivokapiqit-potpisi-smjenjivanja-krivokapica-1.jpg 665w, https:\/\/www.visit-ulcinj.com\/blog\/wp-content\/uploads\/2016\/02\/votimi-i-shkarkimin-e-Krivokapiqit-potpisi-smjenjivanja-krivokapica-1-300x269.jpg 300w\" sizes=\"(max-width: 508px) 100vw, 508px\" \/><\/a><\/p>\n","protected":false},"excerpt":{"rendered":"<p>Deklarat\u00eb nga takimi i Partis\u00eb Boshnjake, Forc\u00ebs dhe HGI ,\u00a0 dat\u00eb 22.02.2016. &nbsp; Partia Boshnjake, FORCA dhe HGI do t\u00eb\u00a0 mb\u00ebshtesin shkarkimin e kryetarit t\u00eb Kuvendit Ranko Krivokapiq P\u00ebrfaqsuesit e Partis\u00eb Boshnjake, Forc\u00ebs dhe HGI- s\u00eb do t\u00eb n\u00ebnshkruajn\u00eb nism\u00ebn e votimit dhe do t\u00eb votojn\u00eb p\u00ebr shkarkimin\u00a0 e Presidentit t\u00eb Parlamentit Ranko Krivokapiq. Ky [&hellip;]<\/p>\n","protected":false},"author":1,"featured_media":0,"comment_status":"closed","ping_status":"closed","sticky":false,"template":"","format":"standard","meta":{"spay_email":"","jetpack_publicize_message":"","jetpack_is_tweetstorm":false,"jetpack_publicize_feature_enabled":true},"categories":[14],"tags":[],"jetpack_publicize_connections":[],"yoast_head":"<!-- This site is optimized with the Yoast SEO plugin v19.1 - https:\/\/yoast.com\/wordpress\/plugins\/seo\/ -->\n<title>FORCA, Partia Boshnjake dhe HGI do t\u00eb votojn\u00eb shkarkimin e Krivokapiqit - Lista - Lajme nga Ulqini<\/title>\n<meta name=\"description\" content=\"Deklarat\u00eb nga takimi i Partis\u00eb Boshnjake, Forc\u00ebs dhe HGI ,\u00a0 dat\u00eb 22.02.2016. &nbsp; Partia Boshnjake, FORCA dhe HGI do t\u00eb\u00a0 mb\u00ebshtesin shkarkimin e\" \/>\n<meta name=\"robots\" content=\"index, follow, max-snippet:-1, max-image-preview:large, max-video-preview:-1\" \/>\n<link rel=\"canonical\" href=\"https:\/\/www.visit-ulcinj.com\/blog\/2016\/02\/22\/forca-partia-boshnjake-dhe-hgi-te-votojne-shkarkimin-e-krivokapiqit-lista\/\" \/>\n<meta property=\"og:locale\" content=\"en_US\" \/>\n<meta property=\"og:type\" content=\"article\" \/>\n<meta property=\"og:title\" content=\"FORCA, Partia Boshnjake dhe HGI do t\u00eb votojn\u00eb shkarkimin e Krivokapiqit - Lista - Lajme nga Ulqini\" \/>\n<meta property=\"og:description\" content=\"Deklarat\u00eb nga takimi i Partis\u00eb Boshnjake, Forc\u00ebs dhe HGI ,\u00a0 dat\u00eb 22.02.2016. &nbsp; Partia Boshnjake, FORCA dhe HGI do t\u00eb\u00a0 mb\u00ebshtesin shkarkimin e\" \/>\n<meta property=\"og:url\" content=\"https:\/\/www.visit-ulcinj.com\/blog\/2016\/02\/22\/forca-partia-boshnjake-dhe-hgi-te-votojne-shkarkimin-e-krivokapiqit-lista\/\" \/>\n<meta property=\"og:site_name\" content=\"Lajme nga Ulqini\" \/>\n<meta property=\"article:published_time\" content=\"2016-02-22T15:25:18+00:00\" \/>\n<meta property=\"og:image\" content=\"http:\/\/www.visit-ulcinj.com\/blog\/wp-content\/uploads\/2016\/02\/Partia-Boshnjake-FORCA-HGI.jpg\" \/>\n<meta name=\"twitter:label1\" content=\"Written by\" \/>\n\t<meta name=\"twitter:data1\" content=\"ulqini\" \/>\n\t<meta name=\"twitter:label2\" content=\"Est. reading time\" \/>\n\t<meta name=\"twitter:data2\" content=\"1 minute\" \/>\n<script type=\"application\/ld+json\" class=\"yoast-schema-graph\">{\"@context\":\"https:\/\/schema.org\",\"@graph\":[{\"@type\":\"WebSite\",\"@id\":\"https:\/\/www.visit-ulcinj.com\/blog\/#website\",\"url\":\"https:\/\/www.visit-ulcinj.com\/blog\/\",\"name\":\"Lajme nga Ulqini\",\"description\":\"Lajme,Vijesti,Ulqini,Ulqin,Crna Gora,Mali i Zi\",\"potentialAction\":[{\"@type\":\"SearchAction\",\"target\":{\"@type\":\"EntryPoint\",\"urlTemplate\":\"https:\/\/www.visit-ulcinj.com\/blog\/?s={search_term_string}\"},\"query-input\":\"required name=search_term_string\"}],\"inLanguage\":\"en-US\"},{\"@type\":\"ImageObject\",\"inLanguage\":\"en-US\",\"@id\":\"https:\/\/www.visit-ulcinj.com\/blog\/2016\/02\/22\/forca-partia-boshnjake-dhe-hgi-te-votojne-shkarkimin-e-krivokapiqit-lista\/#primaryimage\",\"url\":\"https:\/\/www.visit-ulcinj.com\/blog\/wp-content\/uploads\/2016\/02\/Partia-Boshnjake-FORCA-HGI.jpg\",\"contentUrl\":\"https:\/\/www.visit-ulcinj.com\/blog\/wp-content\/uploads\/2016\/02\/Partia-Boshnjake-FORCA-HGI.jpg\",\"width\":616,\"height\":370},{\"@type\":\"WebPage\",\"@id\":\"https:\/\/www.visit-ulcinj.com\/blog\/2016\/02\/22\/forca-partia-boshnjake-dhe-hgi-te-votojne-shkarkimin-e-krivokapiqit-lista\/#webpage\",\"url\":\"https:\/\/www.visit-ulcinj.com\/blog\/2016\/02\/22\/forca-partia-boshnjake-dhe-hgi-te-votojne-shkarkimin-e-krivokapiqit-lista\/\",\"name\":\"FORCA, Partia Boshnjake dhe HGI do t\u00eb votojn\u00eb shkarkimin e Krivokapiqit - Lista - Lajme nga Ulqini\",\"isPartOf\":{\"@id\":\"https:\/\/www.visit-ulcinj.com\/blog\/#website\"},\"primaryImageOfPage\":{\"@id\":\"https:\/\/www.visit-ulcinj.com\/blog\/2016\/02\/22\/forca-partia-boshnjake-dhe-hgi-te-votojne-shkarkimin-e-krivokapiqit-lista\/#primaryimage\"},\"datePublished\":\"2016-02-22T15:25:18+00:00\",\"dateModified\":\"2016-02-22T15:25:18+00:00\",\"author\":{\"@id\":\"https:\/\/www.visit-ulcinj.com\/blog\/#\/schema\/person\/dcab619c614d3038751c63bc2aadc06d\"},\"description\":\"Deklarat\u00eb nga takimi i Partis\u00eb Boshnjake, Forc\u00ebs dhe HGI ,\u00a0 dat\u00eb 22.02.2016. &nbsp; Partia Boshnjake, FORCA dhe HGI do t\u00eb\u00a0 mb\u00ebshtesin shkarkimin e\",\"breadcrumb\":{\"@id\":\"https:\/\/www.visit-ulcinj.com\/blog\/2016\/02\/22\/forca-partia-boshnjake-dhe-hgi-te-votojne-shkarkimin-e-krivokapiqit-lista\/#breadcrumb\"},\"inLanguage\":\"en-US\",\"potentialAction\":[{\"@type\":\"ReadAction\",\"target\":[\"https:\/\/www.visit-ulcinj.com\/blog\/2016\/02\/22\/forca-partia-boshnjake-dhe-hgi-te-votojne-shkarkimin-e-krivokapiqit-lista\/\"]}]},{\"@type\":\"BreadcrumbList\",\"@id\":\"https:\/\/www.visit-ulcinj.com\/blog\/2016\/02\/22\/forca-partia-boshnjake-dhe-hgi-te-votojne-shkarkimin-e-krivokapiqit-lista\/#breadcrumb\",\"itemListElement\":[{\"@type\":\"ListItem\",\"position\":1,\"name\":\"FORCA, Partia Boshnjake dhe HGI do t\u00eb votojn\u00eb shkarkimin e Krivokapiqit &#8211; Lista\"}]},{\"@type\":\"Person\",\"@id\":\"https:\/\/www.visit-ulcinj.com\/blog\/#\/schema\/person\/dcab619c614d3038751c63bc2aadc06d\",\"name\":\"ulqini\",\"sameAs\":[\"http:\/\/www.visit-ulcinj.com\"],\"url\":\"https:\/\/www.visit-ulcinj.com\/blog\/author\/admin\/\"}]}<\/script>\n<!-- \/ Yoast SEO plugin. -->","yoast_head_json":{"title":"FORCA, Partia Boshnjake dhe HGI do t\u00eb votojn\u00eb shkarkimin e Krivokapiqit - Lista - Lajme nga Ulqini","description":"Deklarat\u00eb nga takimi i Partis\u00eb Boshnjake, Forc\u00ebs dhe HGI ,\u00a0 dat\u00eb 22.02.2016. &nbsp; Partia Boshnjake, FORCA dhe HGI do t\u00eb\u00a0 mb\u00ebshtesin shkarkimin e","robots":{"index":"index","follow":"follow","max-snippet":"max-snippet:-1","max-image-preview":"max-image-preview:large","max-video-preview":"max-video-preview:-1"},"canonical":"https:\/\/www.visit-ulcinj.com\/blog\/2016\/02\/22\/forca-partia-boshnjake-dhe-hgi-te-votojne-shkarkimin-e-krivokapiqit-lista\/","og_locale":"en_US","og_type":"article","og_title":"FORCA, Partia Boshnjake dhe HGI do t\u00eb votojn\u00eb shkarkimin e Krivokapiqit - Lista - Lajme nga Ulqini","og_description":"Deklarat\u00eb nga takimi i Partis\u00eb Boshnjake, Forc\u00ebs dhe HGI ,\u00a0 dat\u00eb 22.02.2016. &nbsp; Partia Boshnjake, FORCA dhe HGI do t\u00eb\u00a0 mb\u00ebshtesin shkarkimin e","og_url":"https:\/\/www.visit-ulcinj.com\/blog\/2016\/02\/22\/forca-partia-boshnjake-dhe-hgi-te-votojne-shkarkimin-e-krivokapiqit-lista\/","og_site_name":"Lajme nga Ulqini","article_published_time":"2016-02-22T15:25:18+00:00","og_image":[{"url":"http:\/\/www.visit-ulcinj.com\/blog\/wp-content\/uploads\/2016\/02\/Partia-Boshnjake-FORCA-HGI.jpg"}],"twitter_misc":{"Written by":"ulqini","Est. reading time":"1 minute"},"schema":{"@context":"https:\/\/schema.org","@graph":[{"@type":"WebSite","@id":"https:\/\/www.visit-ulcinj.com\/blog\/#website","url":"https:\/\/www.visit-ulcinj.com\/blog\/","name":"Lajme nga Ulqini","description":"Lajme,Vijesti,Ulqini,Ulqin,Crna Gora,Mali i Zi","potentialAction":[{"@type":"SearchAction","target":{"@type":"EntryPoint","urlTemplate":"https:\/\/www.visit-ulcinj.com\/blog\/?s={search_term_string}"},"query-input":"required name=search_term_string"}],"inLanguage":"en-US"},{"@type":"ImageObject","inLanguage":"en-US","@id":"https:\/\/www.visit-ulcinj.com\/blog\/2016\/02\/22\/forca-partia-boshnjake-dhe-hgi-te-votojne-shkarkimin-e-krivokapiqit-lista\/#primaryimage","url":"https:\/\/www.visit-ulcinj.com\/blog\/wp-content\/uploads\/2016\/02\/Partia-Boshnjake-FORCA-HGI.jpg","contentUrl":"https:\/\/www.visit-ulcinj.com\/blog\/wp-content\/uploads\/2016\/02\/Partia-Boshnjake-FORCA-HGI.jpg","width":616,"height":370},{"@type":"WebPage","@id":"https:\/\/www.visit-ulcinj.com\/blog\/2016\/02\/22\/forca-partia-boshnjake-dhe-hgi-te-votojne-shkarkimin-e-krivokapiqit-lista\/#webpage","url":"https:\/\/www.visit-ulcinj.com\/blog\/2016\/02\/22\/forca-partia-boshnjake-dhe-hgi-te-votojne-shkarkimin-e-krivokapiqit-lista\/","name":"FORCA, Partia Boshnjake dhe HGI do t\u00eb votojn\u00eb shkarkimin e Krivokapiqit - Lista - Lajme nga Ulqini","isPartOf":{"@id":"https:\/\/www.visit-ulcinj.com\/blog\/#website"},"primaryImageOfPage":{"@id":"https:\/\/www.visit-ulcinj.com\/blog\/2016\/02\/22\/forca-partia-boshnjake-dhe-hgi-te-votojne-shkarkimin-e-krivokapiqit-lista\/#primaryimage"},"datePublished":"2016-02-22T15:25:18+00:00","dateModified":"2016-02-22T15:25:18+00:00","author":{"@id":"https:\/\/www.visit-ulcinj.com\/blog\/#\/schema\/person\/dcab619c614d3038751c63bc2aadc06d"},"description":"Deklarat\u00eb nga takimi i Partis\u00eb Boshnjake, Forc\u00ebs dhe HGI ,\u00a0 dat\u00eb 22.02.2016. &nbsp; Partia Boshnjake, FORCA dhe HGI do t\u00eb\u00a0 mb\u00ebshtesin shkarkimin e","breadcrumb":{"@id":"https:\/\/www.visit-ulcinj.com\/blog\/2016\/02\/22\/forca-partia-boshnjake-dhe-hgi-te-votojne-shkarkimin-e-krivokapiqit-lista\/#breadcrumb"},"inLanguage":"en-US","potentialAction":[{"@type":"ReadAction","target":["https:\/\/www.visit-ulcinj.com\/blog\/2016\/02\/22\/forca-partia-boshnjake-dhe-hgi-te-votojne-shkarkimin-e-krivokapiqit-lista\/"]}]},{"@type":"BreadcrumbList","@id":"https:\/\/www.visit-ulcinj.com\/blog\/2016\/02\/22\/forca-partia-boshnjake-dhe-hgi-te-votojne-shkarkimin-e-krivokapiqit-lista\/#breadcrumb","itemListElement":[{"@type":"ListItem","position":1,"name":"FORCA, Partia Boshnjake dhe HGI do t\u00eb votojn\u00eb shkarkimin e Krivokapiqit &#8211; Lista"}]},{"@type":"Person","@id":"https:\/\/www.visit-ulcinj.com\/blog\/#\/schema\/person\/dcab619c614d3038751c63bc2aadc06d","name":"ulqini","sameAs":["http:\/\/www.visit-ulcinj.com"],"url":"https:\/\/www.visit-ulcinj.com\/blog\/author\/admin\/"}]}},"jetpack_featured_media_url":"","jetpack_sharing_enabled":true,"jetpack_shortlink":"https:\/\/wp.me\/pe6lTn-oFk","_links":{"self":[{"href":"https:\/\/www.visit-ulcinj.com\/blog\/wp-json\/wp\/v2\/posts\/94818"}],"collection":[{"href":"https:\/\/www.visit-ulcinj.com\/blog\/wp-json\/wp\/v2\/posts"}],"about":[{"href":"https:\/\/www.visit-ulcinj.com\/blog\/wp-json\/wp\/v2\/types\/post"}],"author":[{"embeddable":true,"href":"https:\/\/www.visit-ulcinj.com\/blog\/wp-json\/wp\/v2\/users\/1"}],"replies":[{"embeddable":true,"href":"https:\/\/www.visit-ulcinj.com\/blog\/wp-json\/wp\/v2\/comments?post=94818"}],"version-history":[{"count":1,"href":"https:\/\/www.visit-ulcinj.com\/blog\/wp-json\/wp\/v2\/posts\/94818\/revisions"}],"predecessor-version":[{"id":94822,"href":"https:\/\/www.visit-ulcinj.com\/blog\/wp-json\/wp\/v2\/posts\/94818\/revisions\/94822"}],"wp:attachment":[{"href":"https:\/\/www.visit-ulcinj.com\/blog\/wp-json\/wp\/v2\/media?parent=94818"}],"wp:term":[{"taxonomy":"category","embeddable":true,"href":"https:\/\/www.visit-ulcinj.com\/blog\/wp-json\/wp\/v2\/categories?post=94818"},{"taxonomy":"post_tag","embeddable":true,"href":"https:\/\/www.visit-ulcinj.com\/blog\/wp-json\/wp\/v2\/tags?post=94818"}],"curies":[{"name":"wp","href":"https:\/\/api.w.org\/{rel}","templated":true}]}}