{"id":94833,"date":"2016-02-22T18:10:42","date_gmt":"2016-02-22T17:10:42","guid":{"rendered":"http:\/\/www.visit-ulcinj.com\/blog\/?p=94833"},"modified":"2016-02-23T08:24:54","modified_gmt":"2016-02-23T07:24:54","slug":"mozaik-vertete-patriotik-ne-ulqin-foto","status":"publish","type":"post","link":"https:\/\/www.visit-ulcinj.com\/blog\/2016\/02\/22\/mozaik-vertete-patriotik-ne-ulqin-foto\/","title":{"rendered":"Mozaik i v\u00ebrtet\u00eb patriotik n\u00eb Ulqin &#8211; Foto &#8211; Video"},"content":{"rendered":"<p><a href=\"http:\/\/www.visit-ulcinj.com\/blog\/wp-content\/uploads\/2016\/02\/Tradita-Ana-Malit-Ulqin.jpg\"><img loading=\"lazy\" class=\"alignleft wp-image-94673\" src=\"http:\/\/www.visit-ulcinj.com\/blog\/wp-content\/uploads\/2016\/02\/Tradita-Ana-Malit-Ulqin.jpg\" alt=\"Tradita Ana Malit-Ulqin\" width=\"508\" height=\"339\" srcset=\"https:\/\/www.visit-ulcinj.com\/blog\/wp-content\/uploads\/2016\/02\/Tradita-Ana-Malit-Ulqin.jpg 960w, https:\/\/www.visit-ulcinj.com\/blog\/wp-content\/uploads\/2016\/02\/Tradita-Ana-Malit-Ulqin-300x200.jpg 300w\" sizes=\"(max-width: 508px) 100vw, 508px\" \/><\/a>Fal\u00eb koncertit premier\u00eb t\u00eb SHKA \u201c Tradita\u201d , i cili u shfaq n\u00eb qytetin e lasht\u00eb t\u00eb Ulqinit m\u00eb 17 shkurt me rastin e 8-t\u00eb vjetorit t\u00eb Pavar\u00ebsis\u00eb s\u00eb Kosov\u00ebs, skena e Qendr\u00ebs Kulturore u shnd\u00ebrrua n\u00eb nj\u00eb sof\u00ebr mbar\u00ebkomb\u00ebtare rreth s\u00eb cil\u00ebs festuan s\u00eb bashku djem e vajza, t\u00eb rinj e t\u00eb reja t\u00eb grupmoshave t\u00eb ndryshme nga Ulqini, Prishtina, Shkupi dhe Vlora k\u00ebt\u00eb dat\u00eb t\u00eb r\u00ebnd\u00ebsishme t\u00eb historis\u00eb shqiptare &#8211; pavar\u00ebsin\u00eb e Kosov\u00ebs. Qindra qytetar\u00eb t\u00eb Komun\u00ebs s\u00eb Ulqinit, personalitete nga t\u00eb gjitha trevat shqiptare dhe diplomat\u00eb t\u00eb shquar, si ambasadorja e Shteteve t\u00eb Bashkuara t\u00eb Amerik\u00ebs Margaret Uyehara, z\u00ebvend\u00ebsambasadori Bix Aliu, ambasadori i Shqip\u00ebris\u00eb n\u00eb Malin e Zi Ernal Filo, sekretarja e par\u00eb e Ambasad\u00ebs s\u00eb Shqip\u00ebris\u00eb Mimoza Veroshi e t\u00eb tjer\u00eb pat\u00ebn rastin t\u00eb k\u00ebnaqen me performanc\u00ebn, cil\u00ebsin\u00eb e interpretimit, pasurin\u00eb shum\u00ebdimensionale shpirt\u00ebrore dhe trash\u00ebgimin\u00eb q\u00eb p\u00ebrcoll\u00ebn artist\u00ebt ulqinak\u00eb, vlonjat\u00eb, shkupian\u00eb dhe prishtinas\u00eb.<\/p>\n<p>Fal\u00eb organizimit t\u00eb mir\u00eb t\u00eb k\u00ebtij spektakli festiv, por edhe nj\u00eb mbr\u00ebmjeje t\u00eb ngroht\u00eb dhe nj\u00eb atmosfere t\u00eb shk\u00eblqyer, ka qen\u00eb m\u00eb se bukur t\u00eb shoh\u00ebh nj\u00eb repertor t\u00eb till\u00eb t\u00eb tipareve m\u00eb t\u00eb mira t\u00eb folklorit shqiptar, t\u00eb atij folklori burimor q\u00eb sot rrall\u00eb ndeshet n\u00eb dimensionet e veta t\u00eb v\u00ebrteta, larushi ngjyrash t\u00eb kostumeve tona popullore, z\u00ebra q\u00eb p\u00ebrcillnin magjish\u00ebm arom\u00ebn e trevave shqiptare pjes\u00ebmarr\u00ebse t\u00eb cilat bashkoheshin n\u00eb nj\u00eb, apo tingujt qiellor t\u00eb fyellit, vallet plot rit\u00ebm, bukuri dhe eleganc\u00eb.<\/p>\n<p>Gjith\u00e7ka ishte burimore. E bukur. Ritmike. Dukej sikur gjeografia shqiptare ishte zhvendosur p\u00ebr nj\u00eb \u00e7ast n\u00eb Ulqin. T\u00eb gjith\u00eb n\u00eb sall\u00eb, vendas dhe t\u00eb huaj festonin shqip. Iu g\u00ebzuan atmosfer\u00ebs festive Duartrokisnin vazhduesh\u00ebm. Ndjenin g\u00ebzim p\u00ebr k\u00ebt\u00eb fest\u00eb t\u00eb madhe p\u00ebr kombin shqiptar. U p\u00eblqenin t\u00eb gjitha elementet e grupeve pjes\u00ebmarr\u00ebse. Dinamizmi n\u00eb sken\u00eb. Bukuria fizike dhe interpretuese. Harmonia e l\u00ebvizjeve dhe e z\u00ebrave. Vibracionet zanore. Thell\u00ebsia e pakrahasueshme dhe kombinimi i jasht\u00ebzakonsh\u00ebm i tyre. K\u00ebng\u00ebt, polifonia, vallet. Ngjyrat e tyre me motive t\u00eb ndryshme. M\u00ebnyra e interpretimit, meq\u00eb ishte nj\u00eb mozaik v\u00ebrtet\u00eb patriotik.<br \/>\nSepse folklori t\u00eb b\u00ebn p\u00ebr vete. T\u00eb rr\u00ebmben n\u00eb atmosfer\u00ebn e tij. T\u00eb b\u00ebn t\u00eb ndihesh ndryshe. M\u00eb gazmor. M\u00eb i buz\u00ebqeshur. M\u00eb krenar. M\u00eb i relaksuar. T\u00eb b\u00ebn t\u00eb shijosh muzik\u00ebn q\u00eb vjen nga era e shekujve, t\u00eb p\u00ebrceptosh ritmik\u00ebn e valleve n\u00ebn kolorin e kostumeve bashk\u00eb me fizikun elegant t\u00eb valltar\u00ebve e valltareve, t\u00eb cil\u00ebt artin ton\u00eb popullor po e ruajn\u00eb, po e \u00e7ojn\u00eb m\u00eb tej dhe nuk po e lejojn\u00eb t\u00eb humbas\u00eb nga element\u00ebt e vet burimor\u00eb. Me at\u00eb \u00e7ka artist\u00ebt reflektuan k\u00ebt\u00eb mbr\u00ebmje n\u00eb Ulqin d\u00ebshmuan se dine dhe p\u00ebrfaq\u00ebsojn\u00eb me dinjitet interpretative vlerat e folklorit burimor , jo vet\u00ebm t\u00eb Shqip\u00ebris\u00eb s\u00eb Jugut, por edhe t\u00eb Kosov\u00ebs, krahinave shqiptare t\u00eb Maqedonis\u00eb dhe t\u00eb Malit t\u00eb Zi. Kjo trash\u00ebgimi jona kulturore dhe historike e p\u00ebrbashk\u00ebt, q\u00eb ne e respektojm\u00eb dhe e vler\u00ebsojm\u00eb aq shum\u00eb \u00ebsht\u00eb krenaria jon\u00eb. \u00cbsht\u00eb drirtarja nga populli shqiptar duhet t\u00eb shoh\u00eb drejt\u00eb Evrop\u00ebs, ku duhet t\u00eb shkojm\u00eb me identitetin ton\u00eb. \/<strong>Gjek\u00eb Gjonaj<\/strong><\/p>\n<p><strong>Bota Sot<\/strong><br \/>\n<iframe loading=\"lazy\" frameborder=\"0\" width=\"508\" height=\"315\" src=\"\/\/www.dailymotion.com\/embed\/video\/x3tgfu1?autoPlay=1\" allowfullscreen><\/iframe><br \/>\n\n\t\t<style type=\"text\/css\">\n\t\t\t#gallery-1 {\n\t\t\t\tmargin: auto;\n\t\t\t}\n\t\t\t#gallery-1 .gallery-item {\n\t\t\t\tfloat: left;\n\t\t\t\tmargin-top: 10px;\n\t\t\t\ttext-align: center;\n\t\t\t\twidth: 33%;\n\t\t\t}\n\t\t\t#gallery-1 img {\n\t\t\t\tborder: 2px solid #cfcfcf;\n\t\t\t}\n\t\t\t#gallery-1 .gallery-caption {\n\t\t\t\tmargin-left: 0;\n\t\t\t}\n\t\t\t\/* see gallery_shortcode() in wp-includes\/media.php *\/\n\t\t<\/style>\n\t\t<div id='gallery-1' class='gallery galleryid-94833 gallery-columns-3 gallery-size-thumbnail'><dl class='gallery-item'>\n\t\t\t<dt class='gallery-icon landscape'>\n\t\t\t\t<a href='https:\/\/www.visit-ulcinj.com\/blog\/2016\/02\/18\/ulqini-feston-8-vjetorin-e-pavaresise-se-kosoves-foto\/tradita-ana-malit-ulqin-19\/'><img width=\"150\" height=\"150\" src=\"https:\/\/www.visit-ulcinj.com\/blog\/wp-content\/uploads\/2016\/02\/Tradita-Ana-Malit-Ulqin-19-150x150.jpg\" class=\"attachment-thumbnail size-thumbnail\" alt=\"\" loading=\"lazy\" \/><\/a>\n\t\t\t<\/dt><\/dl><dl class='gallery-item'>\n\t\t\t<dt class='gallery-icon landscape'>\n\t\t\t\t<a href='https:\/\/www.visit-ulcinj.com\/blog\/2016\/02\/18\/ulqini-feston-8-vjetorin-e-pavaresise-se-kosoves-foto\/tradita-ana-malit-ulqin-18\/'><img width=\"150\" height=\"150\" src=\"https:\/\/www.visit-ulcinj.com\/blog\/wp-content\/uploads\/2016\/02\/Tradita-Ana-Malit-Ulqin-18-150x150.jpg\" class=\"attachment-thumbnail size-thumbnail\" alt=\"\" loading=\"lazy\" \/><\/a>\n\t\t\t<\/dt><\/dl><dl class='gallery-item'>\n\t\t\t<dt class='gallery-icon portrait'>\n\t\t\t\t<a href='https:\/\/www.visit-ulcinj.com\/blog\/2016\/02\/18\/ulqini-feston-8-vjetorin-e-pavaresise-se-kosoves-foto\/tradita-ana-malit-ulqin-17\/'><img width=\"150\" height=\"150\" src=\"https:\/\/www.visit-ulcinj.com\/blog\/wp-content\/uploads\/2016\/02\/Tradita-Ana-Malit-Ulqin-17-150x150.jpg\" class=\"attachment-thumbnail size-thumbnail\" alt=\"\" loading=\"lazy\" \/><\/a>\n\t\t\t<\/dt><\/dl><br style=\"clear: both\" \/><dl class='gallery-item'>\n\t\t\t<dt class='gallery-icon landscape'>\n\t\t\t\t<a href='https:\/\/www.visit-ulcinj.com\/blog\/2016\/02\/18\/ulqini-feston-8-vjetorin-e-pavaresise-se-kosoves-foto\/tradita-ana-malit-ulqin-16\/'><img width=\"150\" height=\"150\" src=\"https:\/\/www.visit-ulcinj.com\/blog\/wp-content\/uploads\/2016\/02\/Tradita-Ana-Malit-Ulqin-16-150x150.jpg\" class=\"attachment-thumbnail size-thumbnail\" alt=\"\" loading=\"lazy\" \/><\/a>\n\t\t\t<\/dt><\/dl><dl class='gallery-item'>\n\t\t\t<dt class='gallery-icon landscape'>\n\t\t\t\t<a href='https:\/\/www.visit-ulcinj.com\/blog\/2016\/02\/18\/ulqini-feston-8-vjetorin-e-pavaresise-se-kosoves-foto\/tradita-ana-malit-ulqin-15\/'><img width=\"150\" height=\"150\" src=\"https:\/\/www.visit-ulcinj.com\/blog\/wp-content\/uploads\/2016\/02\/Tradita-Ana-Malit-Ulqin-15-150x150.jpg\" class=\"attachment-thumbnail size-thumbnail\" alt=\"\" loading=\"lazy\" \/><\/a>\n\t\t\t<\/dt><\/dl><dl class='gallery-item'>\n\t\t\t<dt class='gallery-icon landscape'>\n\t\t\t\t<a href='https:\/\/www.visit-ulcinj.com\/blog\/2016\/02\/18\/ulqini-feston-8-vjetorin-e-pavaresise-se-kosoves-foto\/tradita-ana-malit-ulqin-14\/'><img width=\"150\" height=\"150\" src=\"https:\/\/www.visit-ulcinj.com\/blog\/wp-content\/uploads\/2016\/02\/Tradita-Ana-Malit-Ulqin-14-150x150.jpg\" class=\"attachment-thumbnail size-thumbnail\" alt=\"\" loading=\"lazy\" \/><\/a>\n\t\t\t<\/dt><\/dl><br style=\"clear: both\" \/><dl class='gallery-item'>\n\t\t\t<dt class='gallery-icon landscape'>\n\t\t\t\t<a href='https:\/\/www.visit-ulcinj.com\/blog\/2016\/02\/18\/ulqini-feston-8-vjetorin-e-pavaresise-se-kosoves-foto\/tradita-ana-malit-ulqin-13\/'><img width=\"150\" height=\"150\" src=\"https:\/\/www.visit-ulcinj.com\/blog\/wp-content\/uploads\/2016\/02\/Tradita-Ana-Malit-Ulqin-13-150x150.jpg\" class=\"attachment-thumbnail size-thumbnail\" alt=\"\" loading=\"lazy\" \/><\/a>\n\t\t\t<\/dt><\/dl><dl class='gallery-item'>\n\t\t\t<dt class='gallery-icon landscape'>\n\t\t\t\t<a href='https:\/\/www.visit-ulcinj.com\/blog\/2016\/02\/18\/ulqini-feston-8-vjetorin-e-pavaresise-se-kosoves-foto\/tradita-ana-malit-ulqin-12\/'><img width=\"150\" height=\"150\" src=\"https:\/\/www.visit-ulcinj.com\/blog\/wp-content\/uploads\/2016\/02\/Tradita-Ana-Malit-Ulqin-12-150x150.jpg\" class=\"attachment-thumbnail size-thumbnail\" alt=\"\" loading=\"lazy\" \/><\/a>\n\t\t\t<\/dt><\/dl><dl class='gallery-item'>\n\t\t\t<dt class='gallery-icon landscape'>\n\t\t\t\t<a href='https:\/\/www.visit-ulcinj.com\/blog\/2016\/02\/18\/ulqini-feston-8-vjetorin-e-pavaresise-se-kosoves-foto\/tradita-ana-malit-ulqin-9\/'><img width=\"150\" height=\"150\" src=\"https:\/\/www.visit-ulcinj.com\/blog\/wp-content\/uploads\/2016\/02\/Tradita-Ana-Malit-Ulqin-9-150x150.jpg\" class=\"attachment-thumbnail size-thumbnail\" alt=\"\" loading=\"lazy\" \/><\/a>\n\t\t\t<\/dt><\/dl><br style=\"clear: both\" \/><dl class='gallery-item'>\n\t\t\t<dt class='gallery-icon portrait'>\n\t\t\t\t<a href='https:\/\/www.visit-ulcinj.com\/blog\/2016\/02\/18\/ulqini-feston-8-vjetorin-e-pavaresise-se-kosoves-foto\/tradita-ana-malit-ulqin-11\/'><img width=\"150\" height=\"150\" src=\"https:\/\/www.visit-ulcinj.com\/blog\/wp-content\/uploads\/2016\/02\/Tradita-Ana-Malit-Ulqin-11-150x150.jpg\" class=\"attachment-thumbnail size-thumbnail\" alt=\"\" loading=\"lazy\" \/><\/a>\n\t\t\t<\/dt><\/dl><dl class='gallery-item'>\n\t\t\t<dt class='gallery-icon landscape'>\n\t\t\t\t<a href='https:\/\/www.visit-ulcinj.com\/blog\/2016\/02\/18\/ulqini-feston-8-vjetorin-e-pavaresise-se-kosoves-foto\/tradita-ana-malit-ulqin-10\/'><img width=\"150\" height=\"150\" src=\"https:\/\/www.visit-ulcinj.com\/blog\/wp-content\/uploads\/2016\/02\/Tradita-Ana-Malit-Ulqin-10-150x150.jpg\" class=\"attachment-thumbnail size-thumbnail\" alt=\"\" loading=\"lazy\" \/><\/a>\n\t\t\t<\/dt><\/dl><dl class='gallery-item'>\n\t\t\t<dt class='gallery-icon portrait'>\n\t\t\t\t<a href='https:\/\/www.visit-ulcinj.com\/blog\/2016\/02\/18\/ulqini-feston-8-vjetorin-e-pavaresise-se-kosoves-foto\/tradita-ana-malit-ulqin-7\/'><img width=\"150\" height=\"150\" src=\"https:\/\/www.visit-ulcinj.com\/blog\/wp-content\/uploads\/2016\/02\/Tradita-Ana-Malit-Ulqin-7-150x150.jpg\" class=\"attachment-thumbnail size-thumbnail\" alt=\"\" loading=\"lazy\" \/><\/a>\n\t\t\t<\/dt><\/dl><br style=\"clear: both\" \/><dl class='gallery-item'>\n\t\t\t<dt class='gallery-icon landscape'>\n\t\t\t\t<a href='https:\/\/www.visit-ulcinj.com\/blog\/2016\/02\/18\/ulqini-feston-8-vjetorin-e-pavaresise-se-kosoves-foto\/tradita-ana-malit-ulqin-8\/'><img width=\"150\" height=\"150\" src=\"https:\/\/www.visit-ulcinj.com\/blog\/wp-content\/uploads\/2016\/02\/Tradita-Ana-Malit-Ulqin-8-150x150.jpg\" class=\"attachment-thumbnail size-thumbnail\" alt=\"\" loading=\"lazy\" \/><\/a>\n\t\t\t<\/dt><\/dl><dl class='gallery-item'>\n\t\t\t<dt class='gallery-icon landscape'>\n\t\t\t\t<a href='https:\/\/www.visit-ulcinj.com\/blog\/2016\/02\/18\/ulqini-feston-8-vjetorin-e-pavaresise-se-kosoves-foto\/tradita-ana-malit-ulqin-5\/'><img width=\"150\" height=\"150\" src=\"https:\/\/www.visit-ulcinj.com\/blog\/wp-content\/uploads\/2016\/02\/Tradita-Ana-Malit-Ulqin-5-150x150.jpg\" class=\"attachment-thumbnail size-thumbnail\" alt=\"\" loading=\"lazy\" \/><\/a>\n\t\t\t<\/dt><\/dl><dl class='gallery-item'>\n\t\t\t<dt class='gallery-icon landscape'>\n\t\t\t\t<a href='https:\/\/www.visit-ulcinj.com\/blog\/2016\/02\/18\/ulqini-feston-8-vjetorin-e-pavaresise-se-kosoves-foto\/tradita-ana-malit-ulqin-6\/'><img width=\"150\" height=\"150\" src=\"https:\/\/www.visit-ulcinj.com\/blog\/wp-content\/uploads\/2016\/02\/Tradita-Ana-Malit-Ulqin-6-150x150.jpg\" class=\"attachment-thumbnail size-thumbnail\" alt=\"\" loading=\"lazy\" \/><\/a>\n\t\t\t<\/dt><\/dl><br style=\"clear: both\" \/><dl class='gallery-item'>\n\t\t\t<dt class='gallery-icon landscape'>\n\t\t\t\t<a href='https:\/\/www.visit-ulcinj.com\/blog\/2016\/02\/18\/ulqini-feston-8-vjetorin-e-pavaresise-se-kosoves-foto\/tradita-ana-malit-ulqin-4\/'><img width=\"150\" height=\"150\" src=\"https:\/\/www.visit-ulcinj.com\/blog\/wp-content\/uploads\/2016\/02\/Tradita-Ana-Malit-Ulqin-4-150x150.jpg\" class=\"attachment-thumbnail size-thumbnail\" alt=\"\" loading=\"lazy\" \/><\/a>\n\t\t\t<\/dt><\/dl><dl class='gallery-item'>\n\t\t\t<dt class='gallery-icon landscape'>\n\t\t\t\t<a href='https:\/\/www.visit-ulcinj.com\/blog\/2016\/02\/18\/ulqini-feston-8-vjetorin-e-pavaresise-se-kosoves-foto\/tradita-ana-malit-ulqin-3\/'><img width=\"150\" height=\"150\" src=\"https:\/\/www.visit-ulcinj.com\/blog\/wp-content\/uploads\/2016\/02\/Tradita-Ana-Malit-Ulqin-3-150x150.jpg\" class=\"attachment-thumbnail size-thumbnail\" alt=\"\" loading=\"lazy\" \/><\/a>\n\t\t\t<\/dt><\/dl><dl class='gallery-item'>\n\t\t\t<dt class='gallery-icon landscape'>\n\t\t\t\t<a href='https:\/\/www.visit-ulcinj.com\/blog\/2016\/02\/18\/ulqini-feston-8-vjetorin-e-pavaresise-se-kosoves-foto\/tradita-ana-malit-ulqin-1\/'><img width=\"150\" height=\"150\" src=\"https:\/\/www.visit-ulcinj.com\/blog\/wp-content\/uploads\/2016\/02\/Tradita-Ana-Malit-Ulqin-1-150x150.jpg\" class=\"attachment-thumbnail size-thumbnail\" alt=\"\" loading=\"lazy\" \/><\/a>\n\t\t\t<\/dt><\/dl><br style=\"clear: both\" \/><dl class='gallery-item'>\n\t\t\t<dt class='gallery-icon landscape'>\n\t\t\t\t<a href='https:\/\/www.visit-ulcinj.com\/blog\/2016\/02\/18\/ulqini-feston-8-vjetorin-e-pavaresise-se-kosoves-foto\/tradita-ana-malit-ulqin-2-2\/'><img width=\"150\" height=\"150\" src=\"https:\/\/www.visit-ulcinj.com\/blog\/wp-content\/uploads\/2016\/02\/Tradita-Ana-Malit-Ulqin-2-150x150.jpg\" class=\"attachment-thumbnail size-thumbnail\" alt=\"\" loading=\"lazy\" \/><\/a>\n\t\t\t<\/dt><\/dl><dl class='gallery-item'>\n\t\t\t<dt class='gallery-icon landscape'>\n\t\t\t\t<a href='https:\/\/www.visit-ulcinj.com\/blog\/2016\/02\/18\/ulqini-feston-8-vjetorin-e-pavaresise-se-kosoves-foto\/tradita-ana-malit-ulqin-2\/'><img width=\"150\" height=\"150\" src=\"https:\/\/www.visit-ulcinj.com\/blog\/wp-content\/uploads\/2016\/02\/Tradita-Ana-Malit-Ulqin1-150x150.jpg\" class=\"attachment-thumbnail size-thumbnail\" alt=\"\" loading=\"lazy\" \/><\/a>\n\t\t\t<\/dt><\/dl>\n\t\t\t<br style='clear: both' \/>\n\t\t<\/div>\n<\/p>\n<p>&nbsp;<\/p>\n","protected":false},"excerpt":{"rendered":"<p>Fal\u00eb koncertit premier\u00eb t\u00eb SHKA \u201c Tradita\u201d , i cili u shfaq n\u00eb qytetin e lasht\u00eb t\u00eb Ulqinit m\u00eb 17 shkurt me rastin e 8-t\u00eb vjetorit t\u00eb Pavar\u00ebsis\u00eb s\u00eb Kosov\u00ebs, skena e Qendr\u00ebs Kulturore u shnd\u00ebrrua n\u00eb nj\u00eb sof\u00ebr mbar\u00ebkomb\u00ebtare rreth s\u00eb cil\u00ebs festuan s\u00eb bashku djem e vajza, t\u00eb rinj e t\u00eb reja t\u00eb [&hellip;]<\/p>\n","protected":false},"author":1,"featured_media":0,"comment_status":"closed","ping_status":"closed","sticky":false,"template":"","format":"standard","meta":{"spay_email":"","jetpack_publicize_message":"","jetpack_is_tweetstorm":false,"jetpack_publicize_feature_enabled":true},"categories":[1],"tags":[],"jetpack_publicize_connections":[],"yoast_head":"<!-- This site is optimized with the Yoast SEO plugin v19.1 - https:\/\/yoast.com\/wordpress\/plugins\/seo\/ -->\n<title>Mozaik i v\u00ebrtet\u00eb patriotik n\u00eb Ulqin - Foto - Video - Lajme nga Ulqini<\/title>\n<meta name=\"description\" content=\"Fal\u00eb koncertit premier\u00eb t\u00eb SHKA \u201c Tradita\u201d , i cili u shfaq n\u00eb qytetin e lasht\u00eb t\u00eb Ulqinit m\u00eb 17 shkurt me rastin e 8-t\u00eb vjetorit t\u00eb Pavar\u00ebsis\u00eb s\u00eb\" \/>\n<meta name=\"robots\" content=\"index, follow, max-snippet:-1, max-image-preview:large, max-video-preview:-1\" \/>\n<link rel=\"canonical\" href=\"https:\/\/www.visit-ulcinj.com\/blog\/2016\/02\/22\/mozaik-vertete-patriotik-ne-ulqin-foto\/\" \/>\n<meta property=\"og:locale\" content=\"en_US\" \/>\n<meta property=\"og:type\" content=\"article\" \/>\n<meta property=\"og:title\" content=\"Mozaik i v\u00ebrtet\u00eb patriotik n\u00eb Ulqin - Foto - Video - Lajme nga Ulqini\" \/>\n<meta property=\"og:description\" content=\"Fal\u00eb koncertit premier\u00eb t\u00eb SHKA \u201c Tradita\u201d , i cili u shfaq n\u00eb qytetin e lasht\u00eb t\u00eb Ulqinit m\u00eb 17 shkurt me rastin e 8-t\u00eb vjetorit t\u00eb Pavar\u00ebsis\u00eb s\u00eb\" \/>\n<meta property=\"og:url\" content=\"https:\/\/www.visit-ulcinj.com\/blog\/2016\/02\/22\/mozaik-vertete-patriotik-ne-ulqin-foto\/\" \/>\n<meta property=\"og:site_name\" content=\"Lajme nga Ulqini\" \/>\n<meta property=\"article:published_time\" content=\"2016-02-22T17:10:42+00:00\" \/>\n<meta property=\"article:modified_time\" content=\"2016-02-23T07:24:54+00:00\" \/>\n<meta property=\"og:image\" content=\"https:\/\/www.visit-ulcinj.com\/blog\/wp-content\/uploads\/2016\/02\/Tradita-Ana-Malit-Ulqin-19-150x150.jpg\" \/>\n<meta name=\"twitter:label1\" content=\"Written by\" \/>\n\t<meta name=\"twitter:data1\" content=\"ulqini\" \/>\n\t<meta name=\"twitter:label2\" content=\"Est. reading time\" \/>\n\t<meta name=\"twitter:data2\" content=\"3 minutes\" \/>\n<script type=\"application\/ld+json\" class=\"yoast-schema-graph\">{\"@context\":\"https:\/\/schema.org\",\"@graph\":[{\"@type\":\"WebSite\",\"@id\":\"https:\/\/www.visit-ulcinj.com\/blog\/#website\",\"url\":\"https:\/\/www.visit-ulcinj.com\/blog\/\",\"name\":\"Lajme nga Ulqini\",\"description\":\"Lajme,Vijesti,Ulqini,Ulqin,Crna Gora,Mali i Zi\",\"potentialAction\":[{\"@type\":\"SearchAction\",\"target\":{\"@type\":\"EntryPoint\",\"urlTemplate\":\"https:\/\/www.visit-ulcinj.com\/blog\/?s={search_term_string}\"},\"query-input\":\"required name=search_term_string\"}],\"inLanguage\":\"en-US\"},{\"@type\":\"ImageObject\",\"inLanguage\":\"en-US\",\"@id\":\"https:\/\/www.visit-ulcinj.com\/blog\/2016\/02\/22\/mozaik-vertete-patriotik-ne-ulqin-foto\/#primaryimage\",\"url\":\"https:\/\/www.visit-ulcinj.com\/blog\/wp-content\/uploads\/2016\/02\/Tradita-Ana-Malit-Ulqin.jpg\",\"contentUrl\":\"https:\/\/www.visit-ulcinj.com\/blog\/wp-content\/uploads\/2016\/02\/Tradita-Ana-Malit-Ulqin.jpg\",\"width\":960,\"height\":640},{\"@type\":\"WebPage\",\"@id\":\"https:\/\/www.visit-ulcinj.com\/blog\/2016\/02\/22\/mozaik-vertete-patriotik-ne-ulqin-foto\/#webpage\",\"url\":\"https:\/\/www.visit-ulcinj.com\/blog\/2016\/02\/22\/mozaik-vertete-patriotik-ne-ulqin-foto\/\",\"name\":\"Mozaik i v\u00ebrtet\u00eb patriotik n\u00eb Ulqin - Foto - Video - Lajme nga Ulqini\",\"isPartOf\":{\"@id\":\"https:\/\/www.visit-ulcinj.com\/blog\/#website\"},\"primaryImageOfPage\":{\"@id\":\"https:\/\/www.visit-ulcinj.com\/blog\/2016\/02\/22\/mozaik-vertete-patriotik-ne-ulqin-foto\/#primaryimage\"},\"datePublished\":\"2016-02-22T17:10:42+00:00\",\"dateModified\":\"2016-02-23T07:24:54+00:00\",\"author\":{\"@id\":\"https:\/\/www.visit-ulcinj.com\/blog\/#\/schema\/person\/dcab619c614d3038751c63bc2aadc06d\"},\"description\":\"Fal\u00eb koncertit premier\u00eb t\u00eb SHKA \u201c Tradita\u201d , i cili u shfaq n\u00eb qytetin e lasht\u00eb t\u00eb Ulqinit m\u00eb 17 shkurt me rastin e 8-t\u00eb vjetorit t\u00eb Pavar\u00ebsis\u00eb s\u00eb\",\"breadcrumb\":{\"@id\":\"https:\/\/www.visit-ulcinj.com\/blog\/2016\/02\/22\/mozaik-vertete-patriotik-ne-ulqin-foto\/#breadcrumb\"},\"inLanguage\":\"en-US\",\"potentialAction\":[{\"@type\":\"ReadAction\",\"target\":[\"https:\/\/www.visit-ulcinj.com\/blog\/2016\/02\/22\/mozaik-vertete-patriotik-ne-ulqin-foto\/\"]}]},{\"@type\":\"BreadcrumbList\",\"@id\":\"https:\/\/www.visit-ulcinj.com\/blog\/2016\/02\/22\/mozaik-vertete-patriotik-ne-ulqin-foto\/#breadcrumb\",\"itemListElement\":[{\"@type\":\"ListItem\",\"position\":1,\"name\":\"Mozaik i v\u00ebrtet\u00eb patriotik n\u00eb Ulqin &#8211; Foto &#8211; Video\"}]},{\"@type\":\"Person\",\"@id\":\"https:\/\/www.visit-ulcinj.com\/blog\/#\/schema\/person\/dcab619c614d3038751c63bc2aadc06d\",\"name\":\"ulqini\",\"sameAs\":[\"http:\/\/www.visit-ulcinj.com\"],\"url\":\"https:\/\/www.visit-ulcinj.com\/blog\/author\/admin\/\"}]}<\/script>\n<!-- \/ Yoast SEO plugin. -->","yoast_head_json":{"title":"Mozaik i v\u00ebrtet\u00eb patriotik n\u00eb Ulqin - Foto - Video - Lajme nga Ulqini","description":"Fal\u00eb koncertit premier\u00eb t\u00eb SHKA \u201c Tradita\u201d , i cili u shfaq n\u00eb qytetin e lasht\u00eb t\u00eb Ulqinit m\u00eb 17 shkurt me rastin e 8-t\u00eb vjetorit t\u00eb Pavar\u00ebsis\u00eb s\u00eb","robots":{"index":"index","follow":"follow","max-snippet":"max-snippet:-1","max-image-preview":"max-image-preview:large","max-video-preview":"max-video-preview:-1"},"canonical":"https:\/\/www.visit-ulcinj.com\/blog\/2016\/02\/22\/mozaik-vertete-patriotik-ne-ulqin-foto\/","og_locale":"en_US","og_type":"article","og_title":"Mozaik i v\u00ebrtet\u00eb patriotik n\u00eb Ulqin - Foto - Video - Lajme nga Ulqini","og_description":"Fal\u00eb koncertit premier\u00eb t\u00eb SHKA \u201c Tradita\u201d , i cili u shfaq n\u00eb qytetin e lasht\u00eb t\u00eb Ulqinit m\u00eb 17 shkurt me rastin e 8-t\u00eb vjetorit t\u00eb Pavar\u00ebsis\u00eb s\u00eb","og_url":"https:\/\/www.visit-ulcinj.com\/blog\/2016\/02\/22\/mozaik-vertete-patriotik-ne-ulqin-foto\/","og_site_name":"Lajme nga Ulqini","article_published_time":"2016-02-22T17:10:42+00:00","article_modified_time":"2016-02-23T07:24:54+00:00","og_image":[{"url":"https:\/\/www.visit-ulcinj.com\/blog\/wp-content\/uploads\/2016\/02\/Tradita-Ana-Malit-Ulqin-19-150x150.jpg"}],"twitter_misc":{"Written by":"ulqini","Est. reading time":"3 minutes"},"schema":{"@context":"https:\/\/schema.org","@graph":[{"@type":"WebSite","@id":"https:\/\/www.visit-ulcinj.com\/blog\/#website","url":"https:\/\/www.visit-ulcinj.com\/blog\/","name":"Lajme nga Ulqini","description":"Lajme,Vijesti,Ulqini,Ulqin,Crna Gora,Mali i Zi","potentialAction":[{"@type":"SearchAction","target":{"@type":"EntryPoint","urlTemplate":"https:\/\/www.visit-ulcinj.com\/blog\/?s={search_term_string}"},"query-input":"required name=search_term_string"}],"inLanguage":"en-US"},{"@type":"ImageObject","inLanguage":"en-US","@id":"https:\/\/www.visit-ulcinj.com\/blog\/2016\/02\/22\/mozaik-vertete-patriotik-ne-ulqin-foto\/#primaryimage","url":"https:\/\/www.visit-ulcinj.com\/blog\/wp-content\/uploads\/2016\/02\/Tradita-Ana-Malit-Ulqin.jpg","contentUrl":"https:\/\/www.visit-ulcinj.com\/blog\/wp-content\/uploads\/2016\/02\/Tradita-Ana-Malit-Ulqin.jpg","width":960,"height":640},{"@type":"WebPage","@id":"https:\/\/www.visit-ulcinj.com\/blog\/2016\/02\/22\/mozaik-vertete-patriotik-ne-ulqin-foto\/#webpage","url":"https:\/\/www.visit-ulcinj.com\/blog\/2016\/02\/22\/mozaik-vertete-patriotik-ne-ulqin-foto\/","name":"Mozaik i v\u00ebrtet\u00eb patriotik n\u00eb Ulqin - Foto - Video - Lajme nga Ulqini","isPartOf":{"@id":"https:\/\/www.visit-ulcinj.com\/blog\/#website"},"primaryImageOfPage":{"@id":"https:\/\/www.visit-ulcinj.com\/blog\/2016\/02\/22\/mozaik-vertete-patriotik-ne-ulqin-foto\/#primaryimage"},"datePublished":"2016-02-22T17:10:42+00:00","dateModified":"2016-02-23T07:24:54+00:00","author":{"@id":"https:\/\/www.visit-ulcinj.com\/blog\/#\/schema\/person\/dcab619c614d3038751c63bc2aadc06d"},"description":"Fal\u00eb koncertit premier\u00eb t\u00eb SHKA \u201c Tradita\u201d , i cili u shfaq n\u00eb qytetin e lasht\u00eb t\u00eb Ulqinit m\u00eb 17 shkurt me rastin e 8-t\u00eb vjetorit t\u00eb Pavar\u00ebsis\u00eb s\u00eb","breadcrumb":{"@id":"https:\/\/www.visit-ulcinj.com\/blog\/2016\/02\/22\/mozaik-vertete-patriotik-ne-ulqin-foto\/#breadcrumb"},"inLanguage":"en-US","potentialAction":[{"@type":"ReadAction","target":["https:\/\/www.visit-ulcinj.com\/blog\/2016\/02\/22\/mozaik-vertete-patriotik-ne-ulqin-foto\/"]}]},{"@type":"BreadcrumbList","@id":"https:\/\/www.visit-ulcinj.com\/blog\/2016\/02\/22\/mozaik-vertete-patriotik-ne-ulqin-foto\/#breadcrumb","itemListElement":[{"@type":"ListItem","position":1,"name":"Mozaik i v\u00ebrtet\u00eb patriotik n\u00eb Ulqin &#8211; Foto &#8211; Video"}]},{"@type":"Person","@id":"https:\/\/www.visit-ulcinj.com\/blog\/#\/schema\/person\/dcab619c614d3038751c63bc2aadc06d","name":"ulqini","sameAs":["http:\/\/www.visit-ulcinj.com"],"url":"https:\/\/www.visit-ulcinj.com\/blog\/author\/admin\/"}]}},"jetpack_featured_media_url":"","jetpack_sharing_enabled":true,"jetpack_shortlink":"https:\/\/wp.me\/pe6lTn-oFz","_links":{"self":[{"href":"https:\/\/www.visit-ulcinj.com\/blog\/wp-json\/wp\/v2\/posts\/94833"}],"collection":[{"href":"https:\/\/www.visit-ulcinj.com\/blog\/wp-json\/wp\/v2\/posts"}],"about":[{"href":"https:\/\/www.visit-ulcinj.com\/blog\/wp-json\/wp\/v2\/types\/post"}],"author":[{"embeddable":true,"href":"https:\/\/www.visit-ulcinj.com\/blog\/wp-json\/wp\/v2\/users\/1"}],"replies":[{"embeddable":true,"href":"https:\/\/www.visit-ulcinj.com\/blog\/wp-json\/wp\/v2\/comments?post=94833"}],"version-history":[{"count":2,"href":"https:\/\/www.visit-ulcinj.com\/blog\/wp-json\/wp\/v2\/posts\/94833\/revisions"}],"predecessor-version":[{"id":94853,"href":"https:\/\/www.visit-ulcinj.com\/blog\/wp-json\/wp\/v2\/posts\/94833\/revisions\/94853"}],"wp:attachment":[{"href":"https:\/\/www.visit-ulcinj.com\/blog\/wp-json\/wp\/v2\/media?parent=94833"}],"wp:term":[{"taxonomy":"category","embeddable":true,"href":"https:\/\/www.visit-ulcinj.com\/blog\/wp-json\/wp\/v2\/categories?post=94833"},{"taxonomy":"post_tag","embeddable":true,"href":"https:\/\/www.visit-ulcinj.com\/blog\/wp-json\/wp\/v2\/tags?post=94833"}],"curies":[{"name":"wp","href":"https:\/\/api.w.org\/{rel}","templated":true}]}}