{"id":94838,"date":"2016-02-22T20:52:23","date_gmt":"2016-02-22T19:52:23","guid":{"rendered":"http:\/\/www.visit-ulcinj.com\/blog\/?p=94838"},"modified":"2016-02-23T20:38:40","modified_gmt":"2016-02-23T19:38:40","slug":"thirrje-per-referendum-ne-ulqin-per-kerkimet-e-naftes-video","status":"publish","type":"post","link":"https:\/\/www.visit-ulcinj.com\/blog\/2016\/02\/22\/thirrje-per-referendum-ne-ulqin-per-kerkimet-e-naftes-video\/","title":{"rendered":"Thirrje p\u00ebr referendum n\u00eb Ulqin p\u00ebr k\u00ebrkimet e naft\u00ebs &#8211; Video"},"content":{"rendered":"<p><a href=\"http:\/\/www.visit-ulcinj.com\/blog\/wp-content\/uploads\/2016\/02\/JO-p\u00ebr-k\u00ebrkimet-e-naft\u00ebs-ne-Ulqin-Tivar-mali-i-zi.jpg\"><img loading=\"lazy\" class=\"alignleft wp-image-94839\" src=\"http:\/\/www.visit-ulcinj.com\/blog\/wp-content\/uploads\/2016\/02\/JO-p\u00ebr-k\u00ebrkimet-e-naft\u00ebs-ne-Ulqin-Tivar-mali-i-zi.jpg\" alt=\"JO-p\u00ebr k\u00ebrkimet e naft\u00ebs-ne-Ulqin-Tivar-mali-i-zi\" width=\"508\" height=\"327\" srcset=\"https:\/\/www.visit-ulcinj.com\/blog\/wp-content\/uploads\/2016\/02\/JO-p\u00ebr-k\u00ebrkimet-e-naft\u00ebs-ne-Ulqin-Tivar-mali-i-zi.jpg 900w, https:\/\/www.visit-ulcinj.com\/blog\/wp-content\/uploads\/2016\/02\/JO-p\u00ebr-k\u00ebrkimet-e-naft\u00ebs-ne-Ulqin-Tivar-mali-i-zi-300x193.jpg 300w\" sizes=\"(max-width: 508px) 100vw, 508px\" \/><\/a>Duhet cekur se tenderi p\u00ebr k\u00ebrkimin e naft\u00ebs dhe gazit n\u00eb bregdetin e Malit t\u00eb Zi tashm\u00eb ka p\u00ebrfunduar, ka mbetur vet\u00ebm q\u00eb qeveria t\u00eb jap\u00eb mendimin e vet. I gjith\u00eb ky proces, thon\u00eb ekolog\u00ebt, \u00ebsht\u00eb jotransparent dhe mund t\u00eb figuroj\u00eb me pasoja katastrofale p\u00ebr turizmin e Ulqinit.<\/p>\n<p>Qeveria e Malit t\u00eb Zi jep leje p\u00ebr puse nafte n\u00eb Ulqin, gj\u00eb q\u00eb nuk e din\u00eb as banor\u00ebt, as pushtetar\u00ebt e Ulqinit, e as ambientalist\u00ebt. Pas vendimit p\u00ebr hapjen e puseve t\u00eb naft\u00ebs n\u00eb zon\u00ebn e bregdetit t\u00eb Ulqinit ka alarmuar banor\u00ebt.<\/p>\n<p>Nd\u00ebrkaq, ambientalisti i OJQ -s\u00eb Hapi t\u00eb Gjelbert z.Xhelal Hoxhiq deklaroi se \u00ebsht\u00eb v\u00ebn\u00eb n\u00eb dijeni t\u00eb k\u00ebtij vendimi para disa kohe. Sipas tij, k\u00ebrkimi i naftes k\u00ebrc\u00ebnon bujq\u00ebsin\u00eb dhe peshkimin dhe turizmin n\u00eb zon\u00ebn bregdetare.<\/p>\n<p>&#8220;Sipas Hoxhiqit m\u00eb t\u00eb rrezikuarit do t\u00eb jen\u00eb peshkatar\u00ebt dhe komplet ekonomia turistike, sidomos e dy qyteteve m\u00eb jugor\u00eb, Tivari dhe Ulqini<strong>.<\/strong> E sidomos e Ulqinit, kur dihet shum\u00eb mir\u00eb se, p\u00ebr dallim nga Tivari, Ulqini \u00ebsht\u00eb komplet i varur nga turizmi&#8221;.<\/p>\n<p>Pushtetar\u00ebt dhe ato q\u00eb merren me naft\u00eb sigurojn\u00eb se \u00e7do gj\u00eb do t\u00eb jet\u00eb transparente dhe pa kurrfar\u00eb pasojash p\u00ebr turizmin dhe ekologjin\u00eb. Por ekzistojn\u00eb disa faktor\u00eb q\u00eb flasin pik\u00ebrisht p\u00ebr t\u00eb kund\u00ebrten.<\/p>\n<p><strong>Xhelal Hoxhiqi paralajm\u00ebron referendum <\/strong><\/p>\n<p>Hoxhiqi shprehet q\u00eb n\u00eb m\u00ebnyr\u00eb t\u00eb drejtp\u00ebrdrejt\u00eb t\u00eb shprehet vullneti i popullit dhe nj\u00eb nivel t\u00eb avancuar t\u00eb demokracis\u00eb q\u00eb ai \u00ebsht\u00eb referendumi. Ai ceku se Gjykata Kushtetuese e Italis\u00eb e ka konfirmuar se duhet organizuar refrendum popullor p\u00ebr lejimin apo jo t\u00eb k\u00ebrkimeve t\u00eb naft\u00ebs n\u00eb bregdetin italian.<\/p>\n<p>Derisa n\u00eb Itali p\u00ebr aktivitete t\u00eb tilla do t\u00eb pyetet populli, n\u00eb Mal t\u00eb Zi qeveria nuk ka organizuar as shqyrtime publike.<\/p>\n<p><strong>Tani m\u00eb shum\u00eb se kurr\u00eb duhet t\u00eb nd\u00ebrgjegjsohemi dhe t\u00eb hapim syt\u00eb, pasi k\u00ebto platforma nafte dhe gazi, nuk do t\u00eb jen\u00eb p\u00ebrball\u00eb Budv\u00ebs e as Tivatit por pran bregdetit t\u00eb Ulqinit.<\/strong><\/p>\n<p><strong>Ju ftojm\u00eb t\u00eb ndiqni n\u00eb TV Teuta intervist\u00ebn e gazetares Dafina Teliqi me ambientalistin e OJQ-s\u00eb Hapi Gjelb\u00ebrt z. Xhelal Hoxhiqi<\/strong><\/p>\n<p><iframe loading=\"lazy\" src=\"\/\/www.dailymotion.com\/embed\/video\/x3tgfty?autoPlay=1\" width=\"508\" height=\"315\" frameborder=\"0\" allowfullscreen=\"allowfullscreen\"><\/iframe><\/p>\n","protected":false},"excerpt":{"rendered":"<p>Duhet cekur se tenderi p\u00ebr k\u00ebrkimin e naft\u00ebs dhe gazit n\u00eb bregdetin e Malit t\u00eb Zi tashm\u00eb ka p\u00ebrfunduar, ka mbetur vet\u00ebm q\u00eb qeveria t\u00eb jap\u00eb mendimin e vet. I gjith\u00eb ky proces, thon\u00eb ekolog\u00ebt, \u00ebsht\u00eb jotransparent dhe mund t\u00eb figuroj\u00eb me pasoja katastrofale p\u00ebr turizmin e Ulqinit. Qeveria e Malit t\u00eb Zi jep leje [&hellip;]<\/p>\n","protected":false},"author":1,"featured_media":0,"comment_status":"closed","ping_status":"closed","sticky":false,"template":"","format":"standard","meta":{"spay_email":"","jetpack_publicize_message":"","jetpack_is_tweetstorm":false,"jetpack_publicize_feature_enabled":true},"categories":[7,1],"tags":[],"jetpack_publicize_connections":[],"yoast_head":"<!-- This site is optimized with the Yoast SEO plugin v19.1 - https:\/\/yoast.com\/wordpress\/plugins\/seo\/ -->\n<title>Thirrje p\u00ebr referendum n\u00eb Ulqin p\u00ebr k\u00ebrkimet e naft\u00ebs - Video - Lajme nga Ulqini<\/title>\n<meta name=\"description\" content=\"Duhet cekur se tenderi p\u00ebr k\u00ebrkimin e naft\u00ebs dhe gazit n\u00eb bregdetin e Malit t\u00eb Zi tashm\u00eb ka p\u00ebrfunduar, ka mbetur vet\u00ebm q\u00eb qeveria t\u00eb jap\u00eb mendimin e vet.\" \/>\n<meta name=\"robots\" content=\"index, follow, max-snippet:-1, max-image-preview:large, max-video-preview:-1\" \/>\n<link rel=\"canonical\" href=\"https:\/\/www.visit-ulcinj.com\/blog\/2016\/02\/22\/thirrje-per-referendum-ne-ulqin-per-kerkimet-e-naftes-video\/\" \/>\n<meta property=\"og:locale\" content=\"en_US\" \/>\n<meta property=\"og:type\" content=\"article\" \/>\n<meta property=\"og:title\" content=\"Thirrje p\u00ebr referendum n\u00eb Ulqin p\u00ebr k\u00ebrkimet e naft\u00ebs - Video - Lajme nga Ulqini\" \/>\n<meta property=\"og:description\" content=\"Duhet cekur se tenderi p\u00ebr k\u00ebrkimin e naft\u00ebs dhe gazit n\u00eb bregdetin e Malit t\u00eb Zi tashm\u00eb ka p\u00ebrfunduar, ka mbetur vet\u00ebm q\u00eb qeveria t\u00eb jap\u00eb mendimin e vet.\" \/>\n<meta property=\"og:url\" content=\"https:\/\/www.visit-ulcinj.com\/blog\/2016\/02\/22\/thirrje-per-referendum-ne-ulqin-per-kerkimet-e-naftes-video\/\" \/>\n<meta property=\"og:site_name\" content=\"Lajme nga Ulqini\" \/>\n<meta property=\"article:published_time\" content=\"2016-02-22T19:52:23+00:00\" \/>\n<meta property=\"article:modified_time\" content=\"2016-02-23T19:38:40+00:00\" \/>\n<meta name=\"twitter:label1\" content=\"Written by\" \/>\n\t<meta name=\"twitter:data1\" content=\"ulqini\" \/>\n\t<meta name=\"twitter:label2\" content=\"Est. reading time\" \/>\n\t<meta name=\"twitter:data2\" content=\"2 minutes\" \/>\n<script type=\"application\/ld+json\" class=\"yoast-schema-graph\">{\"@context\":\"https:\/\/schema.org\",\"@graph\":[{\"@type\":\"WebSite\",\"@id\":\"https:\/\/www.visit-ulcinj.com\/blog\/#website\",\"url\":\"https:\/\/www.visit-ulcinj.com\/blog\/\",\"name\":\"Lajme nga Ulqini\",\"description\":\"Lajme,Vijesti,Ulqini,Ulqin,Crna Gora,Mali i Zi\",\"potentialAction\":[{\"@type\":\"SearchAction\",\"target\":{\"@type\":\"EntryPoint\",\"urlTemplate\":\"https:\/\/www.visit-ulcinj.com\/blog\/?s={search_term_string}\"},\"query-input\":\"required name=search_term_string\"}],\"inLanguage\":\"en-US\"},{\"@type\":\"WebPage\",\"@id\":\"https:\/\/www.visit-ulcinj.com\/blog\/2016\/02\/22\/thirrje-per-referendum-ne-ulqin-per-kerkimet-e-naftes-video\/#webpage\",\"url\":\"https:\/\/www.visit-ulcinj.com\/blog\/2016\/02\/22\/thirrje-per-referendum-ne-ulqin-per-kerkimet-e-naftes-video\/\",\"name\":\"Thirrje p\u00ebr referendum n\u00eb Ulqin p\u00ebr k\u00ebrkimet e naft\u00ebs - Video - Lajme nga Ulqini\",\"isPartOf\":{\"@id\":\"https:\/\/www.visit-ulcinj.com\/blog\/#website\"},\"datePublished\":\"2016-02-22T19:52:23+00:00\",\"dateModified\":\"2016-02-23T19:38:40+00:00\",\"author\":{\"@id\":\"https:\/\/www.visit-ulcinj.com\/blog\/#\/schema\/person\/dcab619c614d3038751c63bc2aadc06d\"},\"description\":\"Duhet cekur se tenderi p\u00ebr k\u00ebrkimin e naft\u00ebs dhe gazit n\u00eb bregdetin e Malit t\u00eb Zi tashm\u00eb ka p\u00ebrfunduar, ka mbetur vet\u00ebm q\u00eb qeveria t\u00eb jap\u00eb mendimin e vet.\",\"breadcrumb\":{\"@id\":\"https:\/\/www.visit-ulcinj.com\/blog\/2016\/02\/22\/thirrje-per-referendum-ne-ulqin-per-kerkimet-e-naftes-video\/#breadcrumb\"},\"inLanguage\":\"en-US\",\"potentialAction\":[{\"@type\":\"ReadAction\",\"target\":[\"https:\/\/www.visit-ulcinj.com\/blog\/2016\/02\/22\/thirrje-per-referendum-ne-ulqin-per-kerkimet-e-naftes-video\/\"]}]},{\"@type\":\"BreadcrumbList\",\"@id\":\"https:\/\/www.visit-ulcinj.com\/blog\/2016\/02\/22\/thirrje-per-referendum-ne-ulqin-per-kerkimet-e-naftes-video\/#breadcrumb\",\"itemListElement\":[{\"@type\":\"ListItem\",\"position\":1,\"name\":\"Thirrje p\u00ebr referendum n\u00eb Ulqin p\u00ebr k\u00ebrkimet e naft\u00ebs &#8211; Video\"}]},{\"@type\":\"Person\",\"@id\":\"https:\/\/www.visit-ulcinj.com\/blog\/#\/schema\/person\/dcab619c614d3038751c63bc2aadc06d\",\"name\":\"ulqini\",\"sameAs\":[\"http:\/\/www.visit-ulcinj.com\"],\"url\":\"https:\/\/www.visit-ulcinj.com\/blog\/author\/admin\/\"}]}<\/script>\n<!-- \/ Yoast SEO plugin. -->","yoast_head_json":{"title":"Thirrje p\u00ebr referendum n\u00eb Ulqin p\u00ebr k\u00ebrkimet e naft\u00ebs - Video - Lajme nga Ulqini","description":"Duhet cekur se tenderi p\u00ebr k\u00ebrkimin e naft\u00ebs dhe gazit n\u00eb bregdetin e Malit t\u00eb Zi tashm\u00eb ka p\u00ebrfunduar, ka mbetur vet\u00ebm q\u00eb qeveria t\u00eb jap\u00eb mendimin e vet.","robots":{"index":"index","follow":"follow","max-snippet":"max-snippet:-1","max-image-preview":"max-image-preview:large","max-video-preview":"max-video-preview:-1"},"canonical":"https:\/\/www.visit-ulcinj.com\/blog\/2016\/02\/22\/thirrje-per-referendum-ne-ulqin-per-kerkimet-e-naftes-video\/","og_locale":"en_US","og_type":"article","og_title":"Thirrje p\u00ebr referendum n\u00eb Ulqin p\u00ebr k\u00ebrkimet e naft\u00ebs - Video - Lajme nga Ulqini","og_description":"Duhet cekur se tenderi p\u00ebr k\u00ebrkimin e naft\u00ebs dhe gazit n\u00eb bregdetin e Malit t\u00eb Zi tashm\u00eb ka p\u00ebrfunduar, ka mbetur vet\u00ebm q\u00eb qeveria t\u00eb jap\u00eb mendimin e vet.","og_url":"https:\/\/www.visit-ulcinj.com\/blog\/2016\/02\/22\/thirrje-per-referendum-ne-ulqin-per-kerkimet-e-naftes-video\/","og_site_name":"Lajme nga Ulqini","article_published_time":"2016-02-22T19:52:23+00:00","article_modified_time":"2016-02-23T19:38:40+00:00","twitter_misc":{"Written by":"ulqini","Est. reading time":"2 minutes"},"schema":{"@context":"https:\/\/schema.org","@graph":[{"@type":"WebSite","@id":"https:\/\/www.visit-ulcinj.com\/blog\/#website","url":"https:\/\/www.visit-ulcinj.com\/blog\/","name":"Lajme nga Ulqini","description":"Lajme,Vijesti,Ulqini,Ulqin,Crna Gora,Mali i Zi","potentialAction":[{"@type":"SearchAction","target":{"@type":"EntryPoint","urlTemplate":"https:\/\/www.visit-ulcinj.com\/blog\/?s={search_term_string}"},"query-input":"required name=search_term_string"}],"inLanguage":"en-US"},{"@type":"WebPage","@id":"https:\/\/www.visit-ulcinj.com\/blog\/2016\/02\/22\/thirrje-per-referendum-ne-ulqin-per-kerkimet-e-naftes-video\/#webpage","url":"https:\/\/www.visit-ulcinj.com\/blog\/2016\/02\/22\/thirrje-per-referendum-ne-ulqin-per-kerkimet-e-naftes-video\/","name":"Thirrje p\u00ebr referendum n\u00eb Ulqin p\u00ebr k\u00ebrkimet e naft\u00ebs - Video - Lajme nga Ulqini","isPartOf":{"@id":"https:\/\/www.visit-ulcinj.com\/blog\/#website"},"datePublished":"2016-02-22T19:52:23+00:00","dateModified":"2016-02-23T19:38:40+00:00","author":{"@id":"https:\/\/www.visit-ulcinj.com\/blog\/#\/schema\/person\/dcab619c614d3038751c63bc2aadc06d"},"description":"Duhet cekur se tenderi p\u00ebr k\u00ebrkimin e naft\u00ebs dhe gazit n\u00eb bregdetin e Malit t\u00eb Zi tashm\u00eb ka p\u00ebrfunduar, ka mbetur vet\u00ebm q\u00eb qeveria t\u00eb jap\u00eb mendimin e vet.","breadcrumb":{"@id":"https:\/\/www.visit-ulcinj.com\/blog\/2016\/02\/22\/thirrje-per-referendum-ne-ulqin-per-kerkimet-e-naftes-video\/#breadcrumb"},"inLanguage":"en-US","potentialAction":[{"@type":"ReadAction","target":["https:\/\/www.visit-ulcinj.com\/blog\/2016\/02\/22\/thirrje-per-referendum-ne-ulqin-per-kerkimet-e-naftes-video\/"]}]},{"@type":"BreadcrumbList","@id":"https:\/\/www.visit-ulcinj.com\/blog\/2016\/02\/22\/thirrje-per-referendum-ne-ulqin-per-kerkimet-e-naftes-video\/#breadcrumb","itemListElement":[{"@type":"ListItem","position":1,"name":"Thirrje p\u00ebr referendum n\u00eb Ulqin p\u00ebr k\u00ebrkimet e naft\u00ebs &#8211; Video"}]},{"@type":"Person","@id":"https:\/\/www.visit-ulcinj.com\/blog\/#\/schema\/person\/dcab619c614d3038751c63bc2aadc06d","name":"ulqini","sameAs":["http:\/\/www.visit-ulcinj.com"],"url":"https:\/\/www.visit-ulcinj.com\/blog\/author\/admin\/"}]}},"jetpack_featured_media_url":"","jetpack_sharing_enabled":true,"jetpack_shortlink":"https:\/\/wp.me\/pe6lTn-oFE","_links":{"self":[{"href":"https:\/\/www.visit-ulcinj.com\/blog\/wp-json\/wp\/v2\/posts\/94838"}],"collection":[{"href":"https:\/\/www.visit-ulcinj.com\/blog\/wp-json\/wp\/v2\/posts"}],"about":[{"href":"https:\/\/www.visit-ulcinj.com\/blog\/wp-json\/wp\/v2\/types\/post"}],"author":[{"embeddable":true,"href":"https:\/\/www.visit-ulcinj.com\/blog\/wp-json\/wp\/v2\/users\/1"}],"replies":[{"embeddable":true,"href":"https:\/\/www.visit-ulcinj.com\/blog\/wp-json\/wp\/v2\/comments?post=94838"}],"version-history":[{"count":7,"href":"https:\/\/www.visit-ulcinj.com\/blog\/wp-json\/wp\/v2\/posts\/94838\/revisions"}],"predecessor-version":[{"id":94896,"href":"https:\/\/www.visit-ulcinj.com\/blog\/wp-json\/wp\/v2\/posts\/94838\/revisions\/94896"}],"wp:attachment":[{"href":"https:\/\/www.visit-ulcinj.com\/blog\/wp-json\/wp\/v2\/media?parent=94838"}],"wp:term":[{"taxonomy":"category","embeddable":true,"href":"https:\/\/www.visit-ulcinj.com\/blog\/wp-json\/wp\/v2\/categories?post=94838"},{"taxonomy":"post_tag","embeddable":true,"href":"https:\/\/www.visit-ulcinj.com\/blog\/wp-json\/wp\/v2\/tags?post=94838"}],"curies":[{"name":"wp","href":"https:\/\/api.w.org\/{rel}","templated":true}]}}