{"id":94857,"date":"2016-02-23T09:10:51","date_gmt":"2016-02-23T08:10:51","guid":{"rendered":"http:\/\/www.visit-ulcinj.com\/blog\/?p=94857"},"modified":"2016-02-23T14:42:29","modified_gmt":"2016-02-23T13:42:29","slug":"nik-gjeloshaj-forca-e-ka-afer-partine-boshnjake-dhe-kroate-se-shqiptaret","status":"publish","type":"post","link":"https:\/\/www.visit-ulcinj.com\/blog\/2016\/02\/23\/nik-gjeloshaj-forca-e-ka-afer-partine-boshnjake-dhe-kroate-se-shqiptaret\/","title":{"rendered":"Nik Gjeloshaj: Forca e ka m\u00eb af\u00ebr partin\u00eb boshnjake dhe kroate se shqiptar\u00ebt"},"content":{"rendered":"<p><a href=\"http:\/\/www.visit-ulcinj.com\/blog\/wp-content\/uploads\/2016\/02\/nike-gjeloshaj.jpg\"><img loading=\"lazy\" class=\"alignleft wp-image-94858\" src=\"http:\/\/www.visit-ulcinj.com\/blog\/wp-content\/uploads\/2016\/02\/nike-gjeloshaj.jpg\" alt=\"nike-gjeloshaj\" width=\"508\" height=\"337\" srcset=\"https:\/\/www.visit-ulcinj.com\/blog\/wp-content\/uploads\/2016\/02\/nike-gjeloshaj.jpg 960w, https:\/\/www.visit-ulcinj.com\/blog\/wp-content\/uploads\/2016\/02\/nike-gjeloshaj-300x199.jpg 300w\" sizes=\"(max-width: 508px) 100vw, 508px\" \/><\/a>Deputeti i Alternativ\u00ebs Shqiptare Nik Gjeloshaj ka reaguar pas lajmit se partit\u00eb e pakicave do p\u00ebrkrahin shkarkimin e kryetarit t\u00eb Parlamentit Ranko Krivokapiq, raporton portali Ul.info.<\/p>\n<p>Ai \u00ebsht\u00eb shprehur se Forca nuk deshiron bashk\u00ebveprim me subjektet tjera politike shqiptare, por m\u00eb af\u00ebr ka Partin\u00eb Boshnjake dhe at\u00eb Kroate.<\/p>\n<p>\u201cForca p\u00ebrseri nuk deshiron bashk\u00ebveprim me subjektet tjera shqiptare, duket q\u00eb m\u00eb af\u00ebr ka Partin\u00eb Boshnjake dhe Iniciativ\u00ebn Qytetare Kroate. P\u00ebrseri favorizon k\u00ebrkesat dhe pozicionimin e Boshnjak\u00ebve, duke l\u00ebn\u00eb anash k\u00ebrkesat dhe interesat e shqiptar\u00ebve n\u00eb Mal t\u00eb Zi\u201d, deklaroi Gjeloshaj.<\/p>\n<p>Ai ka th\u00ebn\u00eb se veprimet e Forc\u00ebs bien ndesh me interesat e shqiptar\u00ebve dhe se po i b\u00ebhet nj\u00eb dam i madh politik shqiptar\u00ebve n\u00eb Mal t\u00eb Zi.<\/p>\n<p>\u201cDo t\u00eb duhet shum\u00eb koh\u00eb q\u00eb t\u00eb rehabilitojm\u00eb d\u00ebmin politik q\u00eb ky subjekt po i b\u00ebn\u00eb shqiptar\u00ebve. Edhe n\u00eb k\u00ebt\u00eb rast kam k\u00ebrkuar bashk\u00ebpunim dhe bashk\u00ebveprim, por me sa duket kjo nuk \u00ebsht\u00eb n\u00eb interesin e tyre, ashtu si\u00e7 nuk ka qen\u00eb n\u00eb interesin e tyre bashk\u00ebveprimi para votbesimit t\u00eb Qeveris\u00eb. Duket q\u00eb p\u00ebr momentin veprimi i tyre politik prioritet ka interesat e boshnjak\u00ebve dhe jo ato t\u00eb shqiptar\u00ebve\u201d, shtoi Gjeloshaj.<\/p>\n","protected":false},"excerpt":{"rendered":"<p>Deputeti i Alternativ\u00ebs Shqiptare Nik Gjeloshaj ka reaguar pas lajmit se partit\u00eb e pakicave do p\u00ebrkrahin shkarkimin e kryetarit t\u00eb Parlamentit Ranko Krivokapiq, raporton portali Ul.info. Ai \u00ebsht\u00eb shprehur se Forca nuk deshiron bashk\u00ebveprim me subjektet tjera politike shqiptare, por m\u00eb af\u00ebr ka Partin\u00eb Boshnjake dhe at\u00eb Kroate. \u201cForca p\u00ebrseri nuk deshiron bashk\u00ebveprim me subjektet [&hellip;]<\/p>\n","protected":false},"author":1,"featured_media":0,"comment_status":"closed","ping_status":"closed","sticky":false,"template":"","format":"standard","meta":{"spay_email":"","jetpack_publicize_message":"","jetpack_is_tweetstorm":false,"jetpack_publicize_feature_enabled":true},"categories":[6950],"tags":[],"jetpack_publicize_connections":[],"yoast_head":"<!-- This site is optimized with the Yoast SEO plugin v19.1 - https:\/\/yoast.com\/wordpress\/plugins\/seo\/ -->\n<title>Nik Gjeloshaj: Forca e ka m\u00eb af\u00ebr partin\u00eb boshnjake dhe kroate se shqiptar\u00ebt - Lajme nga Ulqini<\/title>\n<meta name=\"description\" content=\"Deputeti i Alternativ\u00ebs Shqiptare Nik Gjeloshaj ka reaguar pas lajmit se partit\u00eb e pakicave do p\u00ebrkrahin shkarkimin e kryetarit t\u00eb Parlamentit Ranko\" \/>\n<meta name=\"robots\" content=\"index, follow, max-snippet:-1, max-image-preview:large, max-video-preview:-1\" \/>\n<link rel=\"canonical\" href=\"https:\/\/www.visit-ulcinj.com\/blog\/2016\/02\/23\/nik-gjeloshaj-forca-e-ka-afer-partine-boshnjake-dhe-kroate-se-shqiptaret\/\" \/>\n<meta property=\"og:locale\" content=\"en_US\" \/>\n<meta property=\"og:type\" content=\"article\" \/>\n<meta property=\"og:title\" content=\"Nik Gjeloshaj: Forca e ka m\u00eb af\u00ebr partin\u00eb boshnjake dhe kroate se shqiptar\u00ebt - Lajme nga Ulqini\" \/>\n<meta property=\"og:description\" content=\"Deputeti i Alternativ\u00ebs Shqiptare Nik Gjeloshaj ka reaguar pas lajmit se partit\u00eb e pakicave do p\u00ebrkrahin shkarkimin e kryetarit t\u00eb Parlamentit Ranko\" \/>\n<meta property=\"og:url\" content=\"https:\/\/www.visit-ulcinj.com\/blog\/2016\/02\/23\/nik-gjeloshaj-forca-e-ka-afer-partine-boshnjake-dhe-kroate-se-shqiptaret\/\" \/>\n<meta property=\"og:site_name\" content=\"Lajme nga Ulqini\" \/>\n<meta property=\"article:published_time\" content=\"2016-02-23T08:10:51+00:00\" \/>\n<meta property=\"article:modified_time\" content=\"2016-02-23T13:42:29+00:00\" \/>\n<meta property=\"og:image\" content=\"http:\/\/www.visit-ulcinj.com\/blog\/wp-content\/uploads\/2016\/02\/nike-gjeloshaj.jpg\" \/>\n<meta name=\"twitter:label1\" content=\"Written by\" \/>\n\t<meta name=\"twitter:data1\" content=\"ulqini\" \/>\n\t<meta name=\"twitter:label2\" content=\"Est. reading time\" \/>\n\t<meta name=\"twitter:data2\" content=\"1 minute\" \/>\n<script type=\"application\/ld+json\" class=\"yoast-schema-graph\">{\"@context\":\"https:\/\/schema.org\",\"@graph\":[{\"@type\":\"WebSite\",\"@id\":\"https:\/\/www.visit-ulcinj.com\/blog\/#website\",\"url\":\"https:\/\/www.visit-ulcinj.com\/blog\/\",\"name\":\"Lajme nga Ulqini\",\"description\":\"Lajme,Vijesti,Ulqini,Ulqin,Crna Gora,Mali i Zi\",\"potentialAction\":[{\"@type\":\"SearchAction\",\"target\":{\"@type\":\"EntryPoint\",\"urlTemplate\":\"https:\/\/www.visit-ulcinj.com\/blog\/?s={search_term_string}\"},\"query-input\":\"required name=search_term_string\"}],\"inLanguage\":\"en-US\"},{\"@type\":\"ImageObject\",\"inLanguage\":\"en-US\",\"@id\":\"https:\/\/www.visit-ulcinj.com\/blog\/2016\/02\/23\/nik-gjeloshaj-forca-e-ka-afer-partine-boshnjake-dhe-kroate-se-shqiptaret\/#primaryimage\",\"url\":\"https:\/\/www.visit-ulcinj.com\/blog\/wp-content\/uploads\/2016\/02\/nike-gjeloshaj.jpg\",\"contentUrl\":\"https:\/\/www.visit-ulcinj.com\/blog\/wp-content\/uploads\/2016\/02\/nike-gjeloshaj.jpg\",\"width\":960,\"height\":637},{\"@type\":\"WebPage\",\"@id\":\"https:\/\/www.visit-ulcinj.com\/blog\/2016\/02\/23\/nik-gjeloshaj-forca-e-ka-afer-partine-boshnjake-dhe-kroate-se-shqiptaret\/#webpage\",\"url\":\"https:\/\/www.visit-ulcinj.com\/blog\/2016\/02\/23\/nik-gjeloshaj-forca-e-ka-afer-partine-boshnjake-dhe-kroate-se-shqiptaret\/\",\"name\":\"Nik Gjeloshaj: Forca e ka m\u00eb af\u00ebr partin\u00eb boshnjake dhe kroate se shqiptar\u00ebt - Lajme nga Ulqini\",\"isPartOf\":{\"@id\":\"https:\/\/www.visit-ulcinj.com\/blog\/#website\"},\"primaryImageOfPage\":{\"@id\":\"https:\/\/www.visit-ulcinj.com\/blog\/2016\/02\/23\/nik-gjeloshaj-forca-e-ka-afer-partine-boshnjake-dhe-kroate-se-shqiptaret\/#primaryimage\"},\"datePublished\":\"2016-02-23T08:10:51+00:00\",\"dateModified\":\"2016-02-23T13:42:29+00:00\",\"author\":{\"@id\":\"https:\/\/www.visit-ulcinj.com\/blog\/#\/schema\/person\/dcab619c614d3038751c63bc2aadc06d\"},\"description\":\"Deputeti i Alternativ\u00ebs Shqiptare Nik Gjeloshaj ka reaguar pas lajmit se partit\u00eb e pakicave do p\u00ebrkrahin shkarkimin e kryetarit t\u00eb Parlamentit Ranko\",\"breadcrumb\":{\"@id\":\"https:\/\/www.visit-ulcinj.com\/blog\/2016\/02\/23\/nik-gjeloshaj-forca-e-ka-afer-partine-boshnjake-dhe-kroate-se-shqiptaret\/#breadcrumb\"},\"inLanguage\":\"en-US\",\"potentialAction\":[{\"@type\":\"ReadAction\",\"target\":[\"https:\/\/www.visit-ulcinj.com\/blog\/2016\/02\/23\/nik-gjeloshaj-forca-e-ka-afer-partine-boshnjake-dhe-kroate-se-shqiptaret\/\"]}]},{\"@type\":\"BreadcrumbList\",\"@id\":\"https:\/\/www.visit-ulcinj.com\/blog\/2016\/02\/23\/nik-gjeloshaj-forca-e-ka-afer-partine-boshnjake-dhe-kroate-se-shqiptaret\/#breadcrumb\",\"itemListElement\":[{\"@type\":\"ListItem\",\"position\":1,\"name\":\"Nik Gjeloshaj: Forca e ka m\u00eb af\u00ebr partin\u00eb boshnjake dhe kroate se shqiptar\u00ebt\"}]},{\"@type\":\"Person\",\"@id\":\"https:\/\/www.visit-ulcinj.com\/blog\/#\/schema\/person\/dcab619c614d3038751c63bc2aadc06d\",\"name\":\"ulqini\",\"sameAs\":[\"http:\/\/www.visit-ulcinj.com\"],\"url\":\"https:\/\/www.visit-ulcinj.com\/blog\/author\/admin\/\"}]}<\/script>\n<!-- \/ Yoast SEO plugin. -->","yoast_head_json":{"title":"Nik Gjeloshaj: Forca e ka m\u00eb af\u00ebr partin\u00eb boshnjake dhe kroate se shqiptar\u00ebt - Lajme nga Ulqini","description":"Deputeti i Alternativ\u00ebs Shqiptare Nik Gjeloshaj ka reaguar pas lajmit se partit\u00eb e pakicave do p\u00ebrkrahin shkarkimin e kryetarit t\u00eb Parlamentit Ranko","robots":{"index":"index","follow":"follow","max-snippet":"max-snippet:-1","max-image-preview":"max-image-preview:large","max-video-preview":"max-video-preview:-1"},"canonical":"https:\/\/www.visit-ulcinj.com\/blog\/2016\/02\/23\/nik-gjeloshaj-forca-e-ka-afer-partine-boshnjake-dhe-kroate-se-shqiptaret\/","og_locale":"en_US","og_type":"article","og_title":"Nik Gjeloshaj: Forca e ka m\u00eb af\u00ebr partin\u00eb boshnjake dhe kroate se shqiptar\u00ebt - Lajme nga Ulqini","og_description":"Deputeti i Alternativ\u00ebs Shqiptare Nik Gjeloshaj ka reaguar pas lajmit se partit\u00eb e pakicave do p\u00ebrkrahin shkarkimin e kryetarit t\u00eb Parlamentit Ranko","og_url":"https:\/\/www.visit-ulcinj.com\/blog\/2016\/02\/23\/nik-gjeloshaj-forca-e-ka-afer-partine-boshnjake-dhe-kroate-se-shqiptaret\/","og_site_name":"Lajme nga Ulqini","article_published_time":"2016-02-23T08:10:51+00:00","article_modified_time":"2016-02-23T13:42:29+00:00","og_image":[{"url":"http:\/\/www.visit-ulcinj.com\/blog\/wp-content\/uploads\/2016\/02\/nike-gjeloshaj.jpg"}],"twitter_misc":{"Written by":"ulqini","Est. reading time":"1 minute"},"schema":{"@context":"https:\/\/schema.org","@graph":[{"@type":"WebSite","@id":"https:\/\/www.visit-ulcinj.com\/blog\/#website","url":"https:\/\/www.visit-ulcinj.com\/blog\/","name":"Lajme nga Ulqini","description":"Lajme,Vijesti,Ulqini,Ulqin,Crna Gora,Mali i Zi","potentialAction":[{"@type":"SearchAction","target":{"@type":"EntryPoint","urlTemplate":"https:\/\/www.visit-ulcinj.com\/blog\/?s={search_term_string}"},"query-input":"required name=search_term_string"}],"inLanguage":"en-US"},{"@type":"ImageObject","inLanguage":"en-US","@id":"https:\/\/www.visit-ulcinj.com\/blog\/2016\/02\/23\/nik-gjeloshaj-forca-e-ka-afer-partine-boshnjake-dhe-kroate-se-shqiptaret\/#primaryimage","url":"https:\/\/www.visit-ulcinj.com\/blog\/wp-content\/uploads\/2016\/02\/nike-gjeloshaj.jpg","contentUrl":"https:\/\/www.visit-ulcinj.com\/blog\/wp-content\/uploads\/2016\/02\/nike-gjeloshaj.jpg","width":960,"height":637},{"@type":"WebPage","@id":"https:\/\/www.visit-ulcinj.com\/blog\/2016\/02\/23\/nik-gjeloshaj-forca-e-ka-afer-partine-boshnjake-dhe-kroate-se-shqiptaret\/#webpage","url":"https:\/\/www.visit-ulcinj.com\/blog\/2016\/02\/23\/nik-gjeloshaj-forca-e-ka-afer-partine-boshnjake-dhe-kroate-se-shqiptaret\/","name":"Nik Gjeloshaj: Forca e ka m\u00eb af\u00ebr partin\u00eb boshnjake dhe kroate se shqiptar\u00ebt - Lajme nga Ulqini","isPartOf":{"@id":"https:\/\/www.visit-ulcinj.com\/blog\/#website"},"primaryImageOfPage":{"@id":"https:\/\/www.visit-ulcinj.com\/blog\/2016\/02\/23\/nik-gjeloshaj-forca-e-ka-afer-partine-boshnjake-dhe-kroate-se-shqiptaret\/#primaryimage"},"datePublished":"2016-02-23T08:10:51+00:00","dateModified":"2016-02-23T13:42:29+00:00","author":{"@id":"https:\/\/www.visit-ulcinj.com\/blog\/#\/schema\/person\/dcab619c614d3038751c63bc2aadc06d"},"description":"Deputeti i Alternativ\u00ebs Shqiptare Nik Gjeloshaj ka reaguar pas lajmit se partit\u00eb e pakicave do p\u00ebrkrahin shkarkimin e kryetarit t\u00eb Parlamentit Ranko","breadcrumb":{"@id":"https:\/\/www.visit-ulcinj.com\/blog\/2016\/02\/23\/nik-gjeloshaj-forca-e-ka-afer-partine-boshnjake-dhe-kroate-se-shqiptaret\/#breadcrumb"},"inLanguage":"en-US","potentialAction":[{"@type":"ReadAction","target":["https:\/\/www.visit-ulcinj.com\/blog\/2016\/02\/23\/nik-gjeloshaj-forca-e-ka-afer-partine-boshnjake-dhe-kroate-se-shqiptaret\/"]}]},{"@type":"BreadcrumbList","@id":"https:\/\/www.visit-ulcinj.com\/blog\/2016\/02\/23\/nik-gjeloshaj-forca-e-ka-afer-partine-boshnjake-dhe-kroate-se-shqiptaret\/#breadcrumb","itemListElement":[{"@type":"ListItem","position":1,"name":"Nik Gjeloshaj: Forca e ka m\u00eb af\u00ebr partin\u00eb boshnjake dhe kroate se shqiptar\u00ebt"}]},{"@type":"Person","@id":"https:\/\/www.visit-ulcinj.com\/blog\/#\/schema\/person\/dcab619c614d3038751c63bc2aadc06d","name":"ulqini","sameAs":["http:\/\/www.visit-ulcinj.com"],"url":"https:\/\/www.visit-ulcinj.com\/blog\/author\/admin\/"}]}},"jetpack_featured_media_url":"","jetpack_sharing_enabled":true,"jetpack_shortlink":"https:\/\/wp.me\/pe6lTn-oFX","_links":{"self":[{"href":"https:\/\/www.visit-ulcinj.com\/blog\/wp-json\/wp\/v2\/posts\/94857"}],"collection":[{"href":"https:\/\/www.visit-ulcinj.com\/blog\/wp-json\/wp\/v2\/posts"}],"about":[{"href":"https:\/\/www.visit-ulcinj.com\/blog\/wp-json\/wp\/v2\/types\/post"}],"author":[{"embeddable":true,"href":"https:\/\/www.visit-ulcinj.com\/blog\/wp-json\/wp\/v2\/users\/1"}],"replies":[{"embeddable":true,"href":"https:\/\/www.visit-ulcinj.com\/blog\/wp-json\/wp\/v2\/comments?post=94857"}],"version-history":[{"count":1,"href":"https:\/\/www.visit-ulcinj.com\/blog\/wp-json\/wp\/v2\/posts\/94857\/revisions"}],"predecessor-version":[{"id":94859,"href":"https:\/\/www.visit-ulcinj.com\/blog\/wp-json\/wp\/v2\/posts\/94857\/revisions\/94859"}],"wp:attachment":[{"href":"https:\/\/www.visit-ulcinj.com\/blog\/wp-json\/wp\/v2\/media?parent=94857"}],"wp:term":[{"taxonomy":"category","embeddable":true,"href":"https:\/\/www.visit-ulcinj.com\/blog\/wp-json\/wp\/v2\/categories?post=94857"},{"taxonomy":"post_tag","embeddable":true,"href":"https:\/\/www.visit-ulcinj.com\/blog\/wp-json\/wp\/v2\/tags?post=94857"}],"curies":[{"name":"wp","href":"https:\/\/api.w.org\/{rel}","templated":true}]}}