{"id":94863,"date":"2016-02-23T09:54:51","date_gmt":"2016-02-23T08:54:51","guid":{"rendered":"http:\/\/www.visit-ulcinj.com\/blog\/?p=94863"},"modified":"2016-02-23T20:36:42","modified_gmt":"2016-02-23T19:36:42","slug":"rrahje-brutale-ne-strazhe-ne-mes-tifozeve-malazez-dhe-te-shkendijes","status":"publish","type":"post","link":"https:\/\/www.visit-ulcinj.com\/blog\/2016\/02\/23\/rrahje-brutale-ne-strazhe-ne-mes-tifozeve-malazez-dhe-te-shkendijes\/","title":{"rendered":"Rrahje Brutale n\u00eb Strazh\u00eb n\u00eb mes tifoz\u00ebve malazez dhe t\u00eb Shk\u00ebndij\u00ebs &#8211; Video"},"content":{"rendered":"<p><a href=\"http:\/\/www.visit-ulcinj.com\/blog\/wp-content\/uploads\/2016\/02\/Rrahje-e-p\u00ebrgjakshme-e-tifoz\u00ebve-Buducnosti-Shkendija.jpg\"><img loading=\"lazy\" class=\"alignleft wp-image-94864\" src=\"http:\/\/www.visit-ulcinj.com\/blog\/wp-content\/uploads\/2016\/02\/Rrahje-e-p\u00ebrgjakshme-e-tifoz\u00ebve-Buducnosti-Shkendija.jpg\" alt=\"Rrahje e p\u00ebrgjakshme e tifoz\u00ebve-Buducnosti-Shkendija\" width=\"508\" height=\"286\" srcset=\"https:\/\/www.visit-ulcinj.com\/blog\/wp-content\/uploads\/2016\/02\/Rrahje-e-p\u00ebrgjakshme-e-tifoz\u00ebve-Buducnosti-Shkendija.jpg 960w, https:\/\/www.visit-ulcinj.com\/blog\/wp-content\/uploads\/2016\/02\/Rrahje-e-p\u00ebrgjakshme-e-tifoz\u00ebve-Buducnosti-Shkendija-300x169.jpg 300w\" sizes=\"(max-width: 508px) 100vw, 508px\" \/><\/a>Tifoz\u00ebt e Shk\u00ebndij\u00ebs, Ballist\u00ebt dhe tifoz\u00ebt e Buducnostit nga Mali i Zi, Varvari, jan\u00eb p\u00ebrleshur sot n\u00eb lokalitetin Strazh\u00eb, nd\u00ebrsa epilogu \u00ebsht\u00eb dhjet\u00ebra t\u00eb l\u00ebnduar nga t\u00eb dyja an\u00ebt.<\/p>\n<!--YouTube Error: bad URL entered-->\n<p>Incidenti ka ndodhur kur autobus\u00ebt e t\u00eb dyja grupeve t\u00eb tifoz\u00ebve kan\u00eb ndaluar n\u00eb k\u00ebt\u00eb kalim malor dhe pas provokimeve ka nisur p\u00ebrleshja e tyre. Nga MPB-ja informojn\u00eb se ballist\u00ebt kan\u00eb nisur t\u00eb gjuajn\u00eb me mjete t\u00eb ndryshme n\u00eb drejtim t\u00eb autobusit t\u00eb malazez\u00ebve, dhe aty ka nisur p\u00ebrleshja mes grupeve.<\/p>\n<p>Nga kjo p\u00ebrleshje \u00ebsht\u00eb d\u00ebmtuar autobusi i skuadr\u00ebs malazeze dhe disa vetura, nd\u00ebrsa ka pasur edhe t\u00eb l\u00ebnduar. T\u00eb l\u00ebnduarit jan\u00eb transferuar n\u00ebspitalin e Gostivarit, kurse ata q\u00eb ishin m\u00eb r\u00ebnd\u00eb t\u00eb l\u00ebnduar jan\u00eb derguar n\u00eb qendr\u00ebn p\u00ebr urgjenc\u00eb n\u00eb Shkup. Dy t\u00eb l\u00ebnduar n\u00eb gjendje m\u00eb t\u00eb r\u00ebnd\u00eb jan\u00eb d\u00ebrguar n\u00eb Klinikat e Shkupit. (INA)<\/p>\n<p><a href=\"http:\/\/www.visit-ulcinj.com\/blog\/wp-content\/uploads\/2016\/02\/Rrahje-e-p\u00ebrgjakshme-e-tifoz\u00ebve-Buducnosti-Shkendija-1.jpg\"><img loading=\"lazy\" class=\"alignleft wp-image-94865\" src=\"http:\/\/www.visit-ulcinj.com\/blog\/wp-content\/uploads\/2016\/02\/Rrahje-e-p\u00ebrgjakshme-e-tifoz\u00ebve-Buducnosti-Shkendija-1.jpg\" alt=\"Rrahje e p\u00ebrgjakshme e tifoz\u00ebve-Buducnosti-Shkendija-1\" width=\"508\" height=\"286\" srcset=\"https:\/\/www.visit-ulcinj.com\/blog\/wp-content\/uploads\/2016\/02\/Rrahje-e-p\u00ebrgjakshme-e-tifoz\u00ebve-Buducnosti-Shkendija-1.jpg 960w, https:\/\/www.visit-ulcinj.com\/blog\/wp-content\/uploads\/2016\/02\/Rrahje-e-p\u00ebrgjakshme-e-tifoz\u00ebve-Buducnosti-Shkendija-1-300x169.jpg 300w\" sizes=\"(max-width: 508px) 100vw, 508px\" \/><\/a> <a href=\"http:\/\/www.visit-ulcinj.com\/blog\/wp-content\/uploads\/2016\/02\/Rrahje-e-p\u00ebrgjakshme-e-tifoz\u00ebve-Buducnosti-Shkendija-2.jpg\"><img loading=\"lazy\" class=\"alignleft wp-image-94866\" src=\"http:\/\/www.visit-ulcinj.com\/blog\/wp-content\/uploads\/2016\/02\/Rrahje-e-p\u00ebrgjakshme-e-tifoz\u00ebve-Buducnosti-Shkendija-2.jpg\" alt=\"Rrahje e p\u00ebrgjakshme e tifoz\u00ebve-Buducnosti-Shkendija-2\" width=\"508\" height=\"286\" srcset=\"https:\/\/www.visit-ulcinj.com\/blog\/wp-content\/uploads\/2016\/02\/Rrahje-e-p\u00ebrgjakshme-e-tifoz\u00ebve-Buducnosti-Shkendija-2.jpg 960w, https:\/\/www.visit-ulcinj.com\/blog\/wp-content\/uploads\/2016\/02\/Rrahje-e-p\u00ebrgjakshme-e-tifoz\u00ebve-Buducnosti-Shkendija-2-300x169.jpg 300w\" sizes=\"(max-width: 508px) 100vw, 508px\" \/><\/a><\/p>\n","protected":false},"excerpt":{"rendered":"<p>Tifoz\u00ebt e Shk\u00ebndij\u00ebs, Ballist\u00ebt dhe tifoz\u00ebt e Buducnostit nga Mali i Zi, Varvari, jan\u00eb p\u00ebrleshur sot n\u00eb lokalitetin Strazh\u00eb, nd\u00ebrsa epilogu \u00ebsht\u00eb dhjet\u00ebra t\u00eb l\u00ebnduar nga t\u00eb dyja an\u00ebt. Incidenti ka ndodhur kur autobus\u00ebt e t\u00eb dyja grupeve t\u00eb tifoz\u00ebve kan\u00eb ndaluar n\u00eb k\u00ebt\u00eb kalim malor dhe pas provokimeve ka nisur p\u00ebrleshja e tyre. Nga [&hellip;]<\/p>\n","protected":false},"author":1,"featured_media":0,"comment_status":"closed","ping_status":"closed","sticky":false,"template":"","format":"standard","meta":{"spay_email":"","jetpack_publicize_message":"","jetpack_is_tweetstorm":false,"jetpack_publicize_feature_enabled":true},"categories":[6950],"tags":[],"jetpack_publicize_connections":[],"yoast_head":"<!-- This site is optimized with the Yoast SEO plugin v19.1 - https:\/\/yoast.com\/wordpress\/plugins\/seo\/ -->\n<title>Rrahje Brutale n\u00eb Strazh\u00eb n\u00eb mes tifoz\u00ebve malazez dhe t\u00eb Shk\u00ebndij\u00ebs - Video - Lajme nga Ulqini<\/title>\n<meta name=\"description\" content=\"Tifoz\u00ebt e Shk\u00ebndij\u00ebs, Ballist\u00ebt dhe tifoz\u00ebt e Buducnostit nga Mali i Zi, Varvari, jan\u00eb p\u00ebrleshur sot n\u00eb lokalitetin Strazh\u00eb, nd\u00ebrsa epilogu \u00ebsht\u00eb dhjet\u00ebra\" \/>\n<meta name=\"robots\" content=\"index, follow, max-snippet:-1, max-image-preview:large, max-video-preview:-1\" \/>\n<link rel=\"canonical\" href=\"https:\/\/www.visit-ulcinj.com\/blog\/2016\/02\/23\/rrahje-brutale-ne-strazhe-ne-mes-tifozeve-malazez-dhe-te-shkendijes\/\" \/>\n<meta property=\"og:locale\" content=\"en_US\" \/>\n<meta property=\"og:type\" content=\"article\" \/>\n<meta property=\"og:title\" content=\"Rrahje Brutale n\u00eb Strazh\u00eb n\u00eb mes tifoz\u00ebve malazez dhe t\u00eb Shk\u00ebndij\u00ebs - Video - Lajme nga Ulqini\" \/>\n<meta property=\"og:description\" content=\"Tifoz\u00ebt e Shk\u00ebndij\u00ebs, Ballist\u00ebt dhe tifoz\u00ebt e Buducnostit nga Mali i Zi, Varvari, jan\u00eb p\u00ebrleshur sot n\u00eb lokalitetin Strazh\u00eb, nd\u00ebrsa epilogu \u00ebsht\u00eb dhjet\u00ebra\" \/>\n<meta property=\"og:url\" content=\"https:\/\/www.visit-ulcinj.com\/blog\/2016\/02\/23\/rrahje-brutale-ne-strazhe-ne-mes-tifozeve-malazez-dhe-te-shkendijes\/\" \/>\n<meta property=\"og:site_name\" content=\"Lajme nga Ulqini\" \/>\n<meta property=\"article:published_time\" content=\"2016-02-23T08:54:51+00:00\" \/>\n<meta property=\"article:modified_time\" content=\"2016-02-23T19:36:42+00:00\" \/>\n<meta name=\"twitter:label1\" content=\"Written by\" \/>\n\t<meta name=\"twitter:data1\" content=\"ulqini\" \/>\n\t<meta name=\"twitter:label2\" content=\"Est. reading time\" \/>\n\t<meta name=\"twitter:data2\" content=\"1 minute\" \/>\n<script type=\"application\/ld+json\" class=\"yoast-schema-graph\">{\"@context\":\"https:\/\/schema.org\",\"@graph\":[{\"@type\":\"WebSite\",\"@id\":\"https:\/\/www.visit-ulcinj.com\/blog\/#website\",\"url\":\"https:\/\/www.visit-ulcinj.com\/blog\/\",\"name\":\"Lajme nga Ulqini\",\"description\":\"Lajme,Vijesti,Ulqini,Ulqin,Crna Gora,Mali i Zi\",\"potentialAction\":[{\"@type\":\"SearchAction\",\"target\":{\"@type\":\"EntryPoint\",\"urlTemplate\":\"https:\/\/www.visit-ulcinj.com\/blog\/?s={search_term_string}\"},\"query-input\":\"required name=search_term_string\"}],\"inLanguage\":\"en-US\"},{\"@type\":\"WebPage\",\"@id\":\"https:\/\/www.visit-ulcinj.com\/blog\/2016\/02\/23\/rrahje-brutale-ne-strazhe-ne-mes-tifozeve-malazez-dhe-te-shkendijes\/#webpage\",\"url\":\"https:\/\/www.visit-ulcinj.com\/blog\/2016\/02\/23\/rrahje-brutale-ne-strazhe-ne-mes-tifozeve-malazez-dhe-te-shkendijes\/\",\"name\":\"Rrahje Brutale n\u00eb Strazh\u00eb n\u00eb mes tifoz\u00ebve malazez dhe t\u00eb Shk\u00ebndij\u00ebs - Video - Lajme nga Ulqini\",\"isPartOf\":{\"@id\":\"https:\/\/www.visit-ulcinj.com\/blog\/#website\"},\"datePublished\":\"2016-02-23T08:54:51+00:00\",\"dateModified\":\"2016-02-23T19:36:42+00:00\",\"author\":{\"@id\":\"https:\/\/www.visit-ulcinj.com\/blog\/#\/schema\/person\/dcab619c614d3038751c63bc2aadc06d\"},\"description\":\"Tifoz\u00ebt e Shk\u00ebndij\u00ebs, Ballist\u00ebt dhe tifoz\u00ebt e Buducnostit nga Mali i Zi, Varvari, jan\u00eb p\u00ebrleshur sot n\u00eb lokalitetin Strazh\u00eb, nd\u00ebrsa epilogu \u00ebsht\u00eb dhjet\u00ebra\",\"breadcrumb\":{\"@id\":\"https:\/\/www.visit-ulcinj.com\/blog\/2016\/02\/23\/rrahje-brutale-ne-strazhe-ne-mes-tifozeve-malazez-dhe-te-shkendijes\/#breadcrumb\"},\"inLanguage\":\"en-US\",\"potentialAction\":[{\"@type\":\"ReadAction\",\"target\":[\"https:\/\/www.visit-ulcinj.com\/blog\/2016\/02\/23\/rrahje-brutale-ne-strazhe-ne-mes-tifozeve-malazez-dhe-te-shkendijes\/\"]}]},{\"@type\":\"BreadcrumbList\",\"@id\":\"https:\/\/www.visit-ulcinj.com\/blog\/2016\/02\/23\/rrahje-brutale-ne-strazhe-ne-mes-tifozeve-malazez-dhe-te-shkendijes\/#breadcrumb\",\"itemListElement\":[{\"@type\":\"ListItem\",\"position\":1,\"name\":\"Rrahje Brutale n\u00eb Strazh\u00eb n\u00eb mes tifoz\u00ebve malazez dhe t\u00eb Shk\u00ebndij\u00ebs &#8211; Video\"}]},{\"@type\":\"Person\",\"@id\":\"https:\/\/www.visit-ulcinj.com\/blog\/#\/schema\/person\/dcab619c614d3038751c63bc2aadc06d\",\"name\":\"ulqini\",\"sameAs\":[\"http:\/\/www.visit-ulcinj.com\"],\"url\":\"https:\/\/www.visit-ulcinj.com\/blog\/author\/admin\/\"}]}<\/script>\n<!-- \/ Yoast SEO plugin. -->","yoast_head_json":{"title":"Rrahje Brutale n\u00eb Strazh\u00eb n\u00eb mes tifoz\u00ebve malazez dhe t\u00eb Shk\u00ebndij\u00ebs - Video - Lajme nga Ulqini","description":"Tifoz\u00ebt e Shk\u00ebndij\u00ebs, Ballist\u00ebt dhe tifoz\u00ebt e Buducnostit nga Mali i Zi, Varvari, jan\u00eb p\u00ebrleshur sot n\u00eb lokalitetin Strazh\u00eb, nd\u00ebrsa epilogu \u00ebsht\u00eb dhjet\u00ebra","robots":{"index":"index","follow":"follow","max-snippet":"max-snippet:-1","max-image-preview":"max-image-preview:large","max-video-preview":"max-video-preview:-1"},"canonical":"https:\/\/www.visit-ulcinj.com\/blog\/2016\/02\/23\/rrahje-brutale-ne-strazhe-ne-mes-tifozeve-malazez-dhe-te-shkendijes\/","og_locale":"en_US","og_type":"article","og_title":"Rrahje Brutale n\u00eb Strazh\u00eb n\u00eb mes tifoz\u00ebve malazez dhe t\u00eb Shk\u00ebndij\u00ebs - Video - Lajme nga Ulqini","og_description":"Tifoz\u00ebt e Shk\u00ebndij\u00ebs, Ballist\u00ebt dhe tifoz\u00ebt e Buducnostit nga Mali i Zi, Varvari, jan\u00eb p\u00ebrleshur sot n\u00eb lokalitetin Strazh\u00eb, nd\u00ebrsa epilogu \u00ebsht\u00eb dhjet\u00ebra","og_url":"https:\/\/www.visit-ulcinj.com\/blog\/2016\/02\/23\/rrahje-brutale-ne-strazhe-ne-mes-tifozeve-malazez-dhe-te-shkendijes\/","og_site_name":"Lajme nga Ulqini","article_published_time":"2016-02-23T08:54:51+00:00","article_modified_time":"2016-02-23T19:36:42+00:00","twitter_misc":{"Written by":"ulqini","Est. reading time":"1 minute"},"schema":{"@context":"https:\/\/schema.org","@graph":[{"@type":"WebSite","@id":"https:\/\/www.visit-ulcinj.com\/blog\/#website","url":"https:\/\/www.visit-ulcinj.com\/blog\/","name":"Lajme nga Ulqini","description":"Lajme,Vijesti,Ulqini,Ulqin,Crna Gora,Mali i Zi","potentialAction":[{"@type":"SearchAction","target":{"@type":"EntryPoint","urlTemplate":"https:\/\/www.visit-ulcinj.com\/blog\/?s={search_term_string}"},"query-input":"required name=search_term_string"}],"inLanguage":"en-US"},{"@type":"WebPage","@id":"https:\/\/www.visit-ulcinj.com\/blog\/2016\/02\/23\/rrahje-brutale-ne-strazhe-ne-mes-tifozeve-malazez-dhe-te-shkendijes\/#webpage","url":"https:\/\/www.visit-ulcinj.com\/blog\/2016\/02\/23\/rrahje-brutale-ne-strazhe-ne-mes-tifozeve-malazez-dhe-te-shkendijes\/","name":"Rrahje Brutale n\u00eb Strazh\u00eb n\u00eb mes tifoz\u00ebve malazez dhe t\u00eb Shk\u00ebndij\u00ebs - Video - Lajme nga Ulqini","isPartOf":{"@id":"https:\/\/www.visit-ulcinj.com\/blog\/#website"},"datePublished":"2016-02-23T08:54:51+00:00","dateModified":"2016-02-23T19:36:42+00:00","author":{"@id":"https:\/\/www.visit-ulcinj.com\/blog\/#\/schema\/person\/dcab619c614d3038751c63bc2aadc06d"},"description":"Tifoz\u00ebt e Shk\u00ebndij\u00ebs, Ballist\u00ebt dhe tifoz\u00ebt e Buducnostit nga Mali i Zi, Varvari, jan\u00eb p\u00ebrleshur sot n\u00eb lokalitetin Strazh\u00eb, nd\u00ebrsa epilogu \u00ebsht\u00eb dhjet\u00ebra","breadcrumb":{"@id":"https:\/\/www.visit-ulcinj.com\/blog\/2016\/02\/23\/rrahje-brutale-ne-strazhe-ne-mes-tifozeve-malazez-dhe-te-shkendijes\/#breadcrumb"},"inLanguage":"en-US","potentialAction":[{"@type":"ReadAction","target":["https:\/\/www.visit-ulcinj.com\/blog\/2016\/02\/23\/rrahje-brutale-ne-strazhe-ne-mes-tifozeve-malazez-dhe-te-shkendijes\/"]}]},{"@type":"BreadcrumbList","@id":"https:\/\/www.visit-ulcinj.com\/blog\/2016\/02\/23\/rrahje-brutale-ne-strazhe-ne-mes-tifozeve-malazez-dhe-te-shkendijes\/#breadcrumb","itemListElement":[{"@type":"ListItem","position":1,"name":"Rrahje Brutale n\u00eb Strazh\u00eb n\u00eb mes tifoz\u00ebve malazez dhe t\u00eb Shk\u00ebndij\u00ebs &#8211; Video"}]},{"@type":"Person","@id":"https:\/\/www.visit-ulcinj.com\/blog\/#\/schema\/person\/dcab619c614d3038751c63bc2aadc06d","name":"ulqini","sameAs":["http:\/\/www.visit-ulcinj.com"],"url":"https:\/\/www.visit-ulcinj.com\/blog\/author\/admin\/"}]}},"jetpack_featured_media_url":"","jetpack_sharing_enabled":true,"jetpack_shortlink":"https:\/\/wp.me\/pe6lTn-oG3","_links":{"self":[{"href":"https:\/\/www.visit-ulcinj.com\/blog\/wp-json\/wp\/v2\/posts\/94863"}],"collection":[{"href":"https:\/\/www.visit-ulcinj.com\/blog\/wp-json\/wp\/v2\/posts"}],"about":[{"href":"https:\/\/www.visit-ulcinj.com\/blog\/wp-json\/wp\/v2\/types\/post"}],"author":[{"embeddable":true,"href":"https:\/\/www.visit-ulcinj.com\/blog\/wp-json\/wp\/v2\/users\/1"}],"replies":[{"embeddable":true,"href":"https:\/\/www.visit-ulcinj.com\/blog\/wp-json\/wp\/v2\/comments?post=94863"}],"version-history":[{"count":5,"href":"https:\/\/www.visit-ulcinj.com\/blog\/wp-json\/wp\/v2\/posts\/94863\/revisions"}],"predecessor-version":[{"id":94895,"href":"https:\/\/www.visit-ulcinj.com\/blog\/wp-json\/wp\/v2\/posts\/94863\/revisions\/94895"}],"wp:attachment":[{"href":"https:\/\/www.visit-ulcinj.com\/blog\/wp-json\/wp\/v2\/media?parent=94863"}],"wp:term":[{"taxonomy":"category","embeddable":true,"href":"https:\/\/www.visit-ulcinj.com\/blog\/wp-json\/wp\/v2\/categories?post=94863"},{"taxonomy":"post_tag","embeddable":true,"href":"https:\/\/www.visit-ulcinj.com\/blog\/wp-json\/wp\/v2\/tags?post=94863"}],"curies":[{"name":"wp","href":"https:\/\/api.w.org\/{rel}","templated":true}]}}