{"id":94870,"date":"2016-02-23T12:39:20","date_gmt":"2016-02-23T11:39:20","guid":{"rendered":"http:\/\/www.visit-ulcinj.com\/blog\/?p=94870"},"modified":"2016-02-24T19:21:06","modified_gmt":"2016-02-24T18:21:06","slug":"reagimi-forces-ne-artikullin-e-gazetes-vijesti-gjeka-shkarkon-kuadrot-e-forces","status":"publish","type":"post","link":"https:\/\/www.visit-ulcinj.com\/blog\/2016\/02\/23\/reagimi-forces-ne-artikullin-e-gazetes-vijesti-gjeka-shkarkon-kuadrot-e-forces\/","title":{"rendered":"Reagimi i Forces n\u00eb artikullin e gazet\u00ebs Vijesti \u201cGjeka shkarkon kuadrot e Forc\u00ebs\u201d &#8211; Video"},"content":{"rendered":"<p><strong><a href=\"http:\/\/www.visit-ulcinj.com\/blog\/wp-content\/uploads\/2013\/12\/forca-e-re-demokratike.forca-per-zhvillim-ulqin.jpg\"><img loading=\"lazy\" class=\"alignleft wp-image-77822\" src=\"http:\/\/www.visit-ulcinj.com\/blog\/wp-content\/uploads\/2013\/12\/forca-e-re-demokratike.forca-per-zhvillim-ulqin.jpg\" alt=\"forca e re demokratike.forca per zhvillim-ulqin\" width=\"508\" height=\"186\" srcset=\"https:\/\/www.visit-ulcinj.com\/blog\/wp-content\/uploads\/2013\/12\/forca-e-re-demokratike.forca-per-zhvillim-ulqin.jpg 960w, https:\/\/www.visit-ulcinj.com\/blog\/wp-content\/uploads\/2013\/12\/forca-e-re-demokratike.forca-per-zhvillim-ulqin-300x110.jpg 300w\" sizes=\"(max-width: 508px) 100vw, 508px\" \/><\/a>Reagim n\u00eb artikullin e gazet\u00ebs Vijesti \u201cGjeka shkarkon kuadrot e Forc\u00ebs\u201d , dat\u00eb 22.02.2016<\/strong><\/p>\n<p>Ish-kryetari Gjeka, i njohur tashm\u00eb si kampion i pap\u00ebrgjegjshm\u00ebris\u00eb, paaft\u00ebsis\u00eb dhe i korrupsionit, \u00a0vazhdon me sjellljet e veta skandaloze dhe t\u00eb turpshme, t\u00eb panjohura n\u00eb demokracin\u00eb moderne t\u00eb komun\u00ebs son\u00eb. Njeriu mendon se \u00ebsht\u00eb i d\u00ebrguar nga Per\u00ebndia, dhe se g\u00ebzon t\u00eb drejt\u00ebn e trashigimis\u00eb n\u00eb postin e kryetarit. I njohur si zyrtar i cili me veprime personale ka shkat\u00ebrruar dikur nd\u00ebrmarrjen m\u00eb t\u00eb sh\u00ebndetshme \u201cUj\u00ebsjell\u00ebs Kanalizime\u201d , puna e t\u00eb cilit tani po kontrollohet edhe nga prokurori i shtetit, k\u00ebt\u00eb praktik\u00eb e vazhdoi edhe gjat\u00eb ushtrimit t\u00eb funksionit t\u00eb Kryetarit t\u00eb Komun\u00ebs.<\/p>\n<p>Vendimi i fundit, nga rradha e gjat\u00eb e vendimeve skandaloze t\u00eb Gjek\u00ebs, \u00ebsht\u00eb ai p\u00ebr shkarkimin e tre krer\u00ebve t\u00eb vet\u00ebqeverisjes lokale nga rradh\u00ebt e Forc\u00ebs. Edhe pse \u00ebsht\u00eb e qart\u00eb se ky vendim \u00ebsht\u00eb n\u00eb kund\u00ebrshtim me ligjin, ish-kryetari me vet\u00ebdije shkel ligjin, edhe pse veprimet e tija do ti shkaktojn\u00eb d\u00ebm t\u00eb konsideruesh\u00ebm buxhetit t\u00eb Komun\u00ebs . Por nga dikush q\u00eb ndodhet n\u00eb gjendje paniku dhe kllapie politike as nuk pritet di\u00e7ka tjet\u00ebr. Me k\u00ebto veprime ai po p\u00ebrpiqet t\u00eb t\u00ebrheq v\u00ebmendjen nga skandalet e shumta t\u00eb korrupsionit q\u00eb jan\u00eb t\u00eb lidhura me emrin e tij, blerja e votave me mjetet buxhetore dhe n\u00ebnshkrimi i llogarive fiktive me t\u00eb cilat k\u00ebrkon t\u00eb mbuloj\u00eb aktivitetet e tija t\u00eb paligjshme. Ne e kemi t\u00eb qart\u00eb se q\u00ebllimi i vet\u00ebm i k\u00ebtyre shkarkimeve \u00ebsht\u00eb mbulimi i keqp\u00ebrdorimeve t\u00eb tija dhe shpenzimi pa kriter i mjeteve buxhetore.<\/p>\n<p>I sugjerojm\u00eb ish-kryetarit q\u00eb t\u00eb reflektoj\u00eb mir\u00eb p\u00ebr veprimet e veta, p\u00ebr t\u00eb cilat ne jemi thell\u00ebsisht t\u00eb bindur se nuk kan\u00eb mb\u00ebshtetje as nga koleg\u00ebt e partis\u00eb s\u00eb tij, dhe se do t\u00eb informojm\u00eb t\u00eb gjitha institucionet relevante shtet\u00ebrore n\u00eb lidhje me k\u00ebto veprime. Gjithashtu duam ti b\u00ebjm\u00eb me dije se akte t\u00eb tilla nuk kan\u00eb kurr\u00ebfar\u00eb ndikimi n\u00eb politik\u00ebn e Forc\u00ebs, p\u00ebrkundrazi, na tregojn\u00eb se gjat\u00eb gjith\u00eb koh\u00ebs kemi pasur t\u00eb drejt\u00eb dhe se Gjeka tashm\u00eb \u00ebsht\u00eb ish-kryetar!<\/p>\n<p><strong>Sh\u00ebrbimi p\u00ebr informim<\/strong><\/p>\n<p><strong>Forca e Re Demokratike<\/strong><\/p>\n<div class=\"clearfix\"><\/div>\n<p><iframe loading=\"lazy\" frameborder=\"0\" width=\"508\" height=\"315\" src=\"\/\/www.dailymotion.com\/embed\/video\/x3tvw3g?autoPlay=1\" allowfullscreen><\/iframe><\/p>\n","protected":false},"excerpt":{"rendered":"<p>Reagim n\u00eb artikullin e gazet\u00ebs Vijesti \u201cGjeka shkarkon kuadrot e Forc\u00ebs\u201d , dat\u00eb 22.02.2016 Ish-kryetari Gjeka, i njohur tashm\u00eb si kampion i pap\u00ebrgjegjshm\u00ebris\u00eb, paaft\u00ebsis\u00eb dhe i korrupsionit, \u00a0vazhdon me sjellljet e veta skandaloze dhe t\u00eb turpshme, t\u00eb panjohura n\u00eb demokracin\u00eb moderne t\u00eb komun\u00ebs son\u00eb. Njeriu mendon se \u00ebsht\u00eb i d\u00ebrguar nga Per\u00ebndia, dhe se g\u00ebzon [&hellip;]<\/p>\n","protected":false},"author":1,"featured_media":0,"comment_status":"closed","ping_status":"closed","sticky":false,"template":"","format":"standard","meta":{"spay_email":"","jetpack_publicize_message":"","jetpack_is_tweetstorm":false,"jetpack_publicize_feature_enabled":true},"categories":[6],"tags":[],"jetpack_publicize_connections":[],"yoast_head":"<!-- This site is optimized with the Yoast SEO plugin v19.1 - https:\/\/yoast.com\/wordpress\/plugins\/seo\/ -->\n<title>Reagimi i Forces n\u00eb artikullin e gazet\u00ebs Vijesti \u201cGjeka shkarkon kuadrot e Forc\u00ebs\u201d - Video - Lajme nga Ulqini<\/title>\n<meta name=\"description\" content=\"Reagim n\u00eb artikullin e gazet\u00ebs Vijesti \u201cGjeka shkarkon kuadrot e Forc\u00ebs\u201d , dat\u00eb 22.02.2016 Ish-kryetari Gjeka, i njohur tashm\u00eb si kampion i\" \/>\n<meta name=\"robots\" content=\"index, follow, max-snippet:-1, max-image-preview:large, max-video-preview:-1\" \/>\n<link rel=\"canonical\" href=\"https:\/\/www.visit-ulcinj.com\/blog\/2016\/02\/23\/reagimi-forces-ne-artikullin-e-gazetes-vijesti-gjeka-shkarkon-kuadrot-e-forces\/\" \/>\n<meta property=\"og:locale\" content=\"en_US\" \/>\n<meta property=\"og:type\" content=\"article\" \/>\n<meta property=\"og:title\" content=\"Reagimi i Forces n\u00eb artikullin e gazet\u00ebs Vijesti \u201cGjeka shkarkon kuadrot e Forc\u00ebs\u201d - Video - Lajme nga Ulqini\" \/>\n<meta property=\"og:description\" content=\"Reagim n\u00eb artikullin e gazet\u00ebs Vijesti \u201cGjeka shkarkon kuadrot e Forc\u00ebs\u201d , dat\u00eb 22.02.2016 Ish-kryetari Gjeka, i njohur tashm\u00eb si kampion i\" \/>\n<meta property=\"og:url\" content=\"https:\/\/www.visit-ulcinj.com\/blog\/2016\/02\/23\/reagimi-forces-ne-artikullin-e-gazetes-vijesti-gjeka-shkarkon-kuadrot-e-forces\/\" \/>\n<meta property=\"og:site_name\" content=\"Lajme nga Ulqini\" \/>\n<meta property=\"article:published_time\" content=\"2016-02-23T11:39:20+00:00\" \/>\n<meta property=\"article:modified_time\" content=\"2016-02-24T18:21:06+00:00\" \/>\n<meta property=\"og:image\" content=\"http:\/\/www.visit-ulcinj.com\/blog\/wp-content\/uploads\/2013\/12\/forca-e-re-demokratike.forca-per-zhvillim-ulqin.jpg\" \/>\n<meta name=\"twitter:label1\" content=\"Written by\" \/>\n\t<meta name=\"twitter:data1\" content=\"ulqini\" \/>\n\t<meta name=\"twitter:label2\" content=\"Est. reading time\" \/>\n\t<meta name=\"twitter:data2\" content=\"2 minutes\" \/>\n<script type=\"application\/ld+json\" class=\"yoast-schema-graph\">{\"@context\":\"https:\/\/schema.org\",\"@graph\":[{\"@type\":\"WebSite\",\"@id\":\"https:\/\/www.visit-ulcinj.com\/blog\/#website\",\"url\":\"https:\/\/www.visit-ulcinj.com\/blog\/\",\"name\":\"Lajme nga Ulqini\",\"description\":\"Lajme,Vijesti,Ulqini,Ulqin,Crna Gora,Mali i Zi\",\"potentialAction\":[{\"@type\":\"SearchAction\",\"target\":{\"@type\":\"EntryPoint\",\"urlTemplate\":\"https:\/\/www.visit-ulcinj.com\/blog\/?s={search_term_string}\"},\"query-input\":\"required name=search_term_string\"}],\"inLanguage\":\"en-US\"},{\"@type\":\"ImageObject\",\"inLanguage\":\"en-US\",\"@id\":\"https:\/\/www.visit-ulcinj.com\/blog\/2016\/02\/23\/reagimi-forces-ne-artikullin-e-gazetes-vijesti-gjeka-shkarkon-kuadrot-e-forces\/#primaryimage\",\"url\":\"https:\/\/www.visit-ulcinj.com\/blog\/wp-content\/uploads\/2013\/12\/forca-e-re-demokratike.forca-per-zhvillim-ulqin.jpg\",\"contentUrl\":\"https:\/\/www.visit-ulcinj.com\/blog\/wp-content\/uploads\/2013\/12\/forca-e-re-demokratike.forca-per-zhvillim-ulqin.jpg\",\"width\":960,\"height\":352},{\"@type\":\"WebPage\",\"@id\":\"https:\/\/www.visit-ulcinj.com\/blog\/2016\/02\/23\/reagimi-forces-ne-artikullin-e-gazetes-vijesti-gjeka-shkarkon-kuadrot-e-forces\/#webpage\",\"url\":\"https:\/\/www.visit-ulcinj.com\/blog\/2016\/02\/23\/reagimi-forces-ne-artikullin-e-gazetes-vijesti-gjeka-shkarkon-kuadrot-e-forces\/\",\"name\":\"Reagimi i Forces n\u00eb artikullin e gazet\u00ebs Vijesti \u201cGjeka shkarkon kuadrot e Forc\u00ebs\u201d - Video - Lajme nga Ulqini\",\"isPartOf\":{\"@id\":\"https:\/\/www.visit-ulcinj.com\/blog\/#website\"},\"primaryImageOfPage\":{\"@id\":\"https:\/\/www.visit-ulcinj.com\/blog\/2016\/02\/23\/reagimi-forces-ne-artikullin-e-gazetes-vijesti-gjeka-shkarkon-kuadrot-e-forces\/#primaryimage\"},\"datePublished\":\"2016-02-23T11:39:20+00:00\",\"dateModified\":\"2016-02-24T18:21:06+00:00\",\"author\":{\"@id\":\"https:\/\/www.visit-ulcinj.com\/blog\/#\/schema\/person\/dcab619c614d3038751c63bc2aadc06d\"},\"description\":\"Reagim n\u00eb artikullin e gazet\u00ebs Vijesti \u201cGjeka shkarkon kuadrot e Forc\u00ebs\u201d , dat\u00eb 22.02.2016 Ish-kryetari Gjeka, i njohur tashm\u00eb si kampion i\",\"breadcrumb\":{\"@id\":\"https:\/\/www.visit-ulcinj.com\/blog\/2016\/02\/23\/reagimi-forces-ne-artikullin-e-gazetes-vijesti-gjeka-shkarkon-kuadrot-e-forces\/#breadcrumb\"},\"inLanguage\":\"en-US\",\"potentialAction\":[{\"@type\":\"ReadAction\",\"target\":[\"https:\/\/www.visit-ulcinj.com\/blog\/2016\/02\/23\/reagimi-forces-ne-artikullin-e-gazetes-vijesti-gjeka-shkarkon-kuadrot-e-forces\/\"]}]},{\"@type\":\"BreadcrumbList\",\"@id\":\"https:\/\/www.visit-ulcinj.com\/blog\/2016\/02\/23\/reagimi-forces-ne-artikullin-e-gazetes-vijesti-gjeka-shkarkon-kuadrot-e-forces\/#breadcrumb\",\"itemListElement\":[{\"@type\":\"ListItem\",\"position\":1,\"name\":\"Reagimi i Forces n\u00eb artikullin e gazet\u00ebs Vijesti \u201cGjeka shkarkon kuadrot e Forc\u00ebs\u201d &#8211; Video\"}]},{\"@type\":\"Person\",\"@id\":\"https:\/\/www.visit-ulcinj.com\/blog\/#\/schema\/person\/dcab619c614d3038751c63bc2aadc06d\",\"name\":\"ulqini\",\"sameAs\":[\"http:\/\/www.visit-ulcinj.com\"],\"url\":\"https:\/\/www.visit-ulcinj.com\/blog\/author\/admin\/\"}]}<\/script>\n<!-- \/ Yoast SEO plugin. -->","yoast_head_json":{"title":"Reagimi i Forces n\u00eb artikullin e gazet\u00ebs Vijesti \u201cGjeka shkarkon kuadrot e Forc\u00ebs\u201d - Video - Lajme nga Ulqini","description":"Reagim n\u00eb artikullin e gazet\u00ebs Vijesti \u201cGjeka shkarkon kuadrot e Forc\u00ebs\u201d , dat\u00eb 22.02.2016 Ish-kryetari Gjeka, i njohur tashm\u00eb si kampion i","robots":{"index":"index","follow":"follow","max-snippet":"max-snippet:-1","max-image-preview":"max-image-preview:large","max-video-preview":"max-video-preview:-1"},"canonical":"https:\/\/www.visit-ulcinj.com\/blog\/2016\/02\/23\/reagimi-forces-ne-artikullin-e-gazetes-vijesti-gjeka-shkarkon-kuadrot-e-forces\/","og_locale":"en_US","og_type":"article","og_title":"Reagimi i Forces n\u00eb artikullin e gazet\u00ebs Vijesti \u201cGjeka shkarkon kuadrot e Forc\u00ebs\u201d - Video - Lajme nga Ulqini","og_description":"Reagim n\u00eb artikullin e gazet\u00ebs Vijesti \u201cGjeka shkarkon kuadrot e Forc\u00ebs\u201d , dat\u00eb 22.02.2016 Ish-kryetari Gjeka, i njohur tashm\u00eb si kampion i","og_url":"https:\/\/www.visit-ulcinj.com\/blog\/2016\/02\/23\/reagimi-forces-ne-artikullin-e-gazetes-vijesti-gjeka-shkarkon-kuadrot-e-forces\/","og_site_name":"Lajme nga Ulqini","article_published_time":"2016-02-23T11:39:20+00:00","article_modified_time":"2016-02-24T18:21:06+00:00","og_image":[{"url":"http:\/\/www.visit-ulcinj.com\/blog\/wp-content\/uploads\/2013\/12\/forca-e-re-demokratike.forca-per-zhvillim-ulqin.jpg"}],"twitter_misc":{"Written by":"ulqini","Est. reading time":"2 minutes"},"schema":{"@context":"https:\/\/schema.org","@graph":[{"@type":"WebSite","@id":"https:\/\/www.visit-ulcinj.com\/blog\/#website","url":"https:\/\/www.visit-ulcinj.com\/blog\/","name":"Lajme nga Ulqini","description":"Lajme,Vijesti,Ulqini,Ulqin,Crna Gora,Mali i Zi","potentialAction":[{"@type":"SearchAction","target":{"@type":"EntryPoint","urlTemplate":"https:\/\/www.visit-ulcinj.com\/blog\/?s={search_term_string}"},"query-input":"required name=search_term_string"}],"inLanguage":"en-US"},{"@type":"ImageObject","inLanguage":"en-US","@id":"https:\/\/www.visit-ulcinj.com\/blog\/2016\/02\/23\/reagimi-forces-ne-artikullin-e-gazetes-vijesti-gjeka-shkarkon-kuadrot-e-forces\/#primaryimage","url":"https:\/\/www.visit-ulcinj.com\/blog\/wp-content\/uploads\/2013\/12\/forca-e-re-demokratike.forca-per-zhvillim-ulqin.jpg","contentUrl":"https:\/\/www.visit-ulcinj.com\/blog\/wp-content\/uploads\/2013\/12\/forca-e-re-demokratike.forca-per-zhvillim-ulqin.jpg","width":960,"height":352},{"@type":"WebPage","@id":"https:\/\/www.visit-ulcinj.com\/blog\/2016\/02\/23\/reagimi-forces-ne-artikullin-e-gazetes-vijesti-gjeka-shkarkon-kuadrot-e-forces\/#webpage","url":"https:\/\/www.visit-ulcinj.com\/blog\/2016\/02\/23\/reagimi-forces-ne-artikullin-e-gazetes-vijesti-gjeka-shkarkon-kuadrot-e-forces\/","name":"Reagimi i Forces n\u00eb artikullin e gazet\u00ebs Vijesti \u201cGjeka shkarkon kuadrot e Forc\u00ebs\u201d - Video - Lajme nga Ulqini","isPartOf":{"@id":"https:\/\/www.visit-ulcinj.com\/blog\/#website"},"primaryImageOfPage":{"@id":"https:\/\/www.visit-ulcinj.com\/blog\/2016\/02\/23\/reagimi-forces-ne-artikullin-e-gazetes-vijesti-gjeka-shkarkon-kuadrot-e-forces\/#primaryimage"},"datePublished":"2016-02-23T11:39:20+00:00","dateModified":"2016-02-24T18:21:06+00:00","author":{"@id":"https:\/\/www.visit-ulcinj.com\/blog\/#\/schema\/person\/dcab619c614d3038751c63bc2aadc06d"},"description":"Reagim n\u00eb artikullin e gazet\u00ebs Vijesti \u201cGjeka shkarkon kuadrot e Forc\u00ebs\u201d , dat\u00eb 22.02.2016 Ish-kryetari Gjeka, i njohur tashm\u00eb si kampion i","breadcrumb":{"@id":"https:\/\/www.visit-ulcinj.com\/blog\/2016\/02\/23\/reagimi-forces-ne-artikullin-e-gazetes-vijesti-gjeka-shkarkon-kuadrot-e-forces\/#breadcrumb"},"inLanguage":"en-US","potentialAction":[{"@type":"ReadAction","target":["https:\/\/www.visit-ulcinj.com\/blog\/2016\/02\/23\/reagimi-forces-ne-artikullin-e-gazetes-vijesti-gjeka-shkarkon-kuadrot-e-forces\/"]}]},{"@type":"BreadcrumbList","@id":"https:\/\/www.visit-ulcinj.com\/blog\/2016\/02\/23\/reagimi-forces-ne-artikullin-e-gazetes-vijesti-gjeka-shkarkon-kuadrot-e-forces\/#breadcrumb","itemListElement":[{"@type":"ListItem","position":1,"name":"Reagimi i Forces n\u00eb artikullin e gazet\u00ebs Vijesti \u201cGjeka shkarkon kuadrot e Forc\u00ebs\u201d &#8211; Video"}]},{"@type":"Person","@id":"https:\/\/www.visit-ulcinj.com\/blog\/#\/schema\/person\/dcab619c614d3038751c63bc2aadc06d","name":"ulqini","sameAs":["http:\/\/www.visit-ulcinj.com"],"url":"https:\/\/www.visit-ulcinj.com\/blog\/author\/admin\/"}]}},"jetpack_featured_media_url":"","jetpack_sharing_enabled":true,"jetpack_shortlink":"https:\/\/wp.me\/pe6lTn-oGa","_links":{"self":[{"href":"https:\/\/www.visit-ulcinj.com\/blog\/wp-json\/wp\/v2\/posts\/94870"}],"collection":[{"href":"https:\/\/www.visit-ulcinj.com\/blog\/wp-json\/wp\/v2\/posts"}],"about":[{"href":"https:\/\/www.visit-ulcinj.com\/blog\/wp-json\/wp\/v2\/types\/post"}],"author":[{"embeddable":true,"href":"https:\/\/www.visit-ulcinj.com\/blog\/wp-json\/wp\/v2\/users\/1"}],"replies":[{"embeddable":true,"href":"https:\/\/www.visit-ulcinj.com\/blog\/wp-json\/wp\/v2\/comments?post=94870"}],"version-history":[{"count":4,"href":"https:\/\/www.visit-ulcinj.com\/blog\/wp-json\/wp\/v2\/posts\/94870\/revisions"}],"predecessor-version":[{"id":94930,"href":"https:\/\/www.visit-ulcinj.com\/blog\/wp-json\/wp\/v2\/posts\/94870\/revisions\/94930"}],"wp:attachment":[{"href":"https:\/\/www.visit-ulcinj.com\/blog\/wp-json\/wp\/v2\/media?parent=94870"}],"wp:term":[{"taxonomy":"category","embeddable":true,"href":"https:\/\/www.visit-ulcinj.com\/blog\/wp-json\/wp\/v2\/categories?post=94870"},{"taxonomy":"post_tag","embeddable":true,"href":"https:\/\/www.visit-ulcinj.com\/blog\/wp-json\/wp\/v2\/tags?post=94870"}],"curies":[{"name":"wp","href":"https:\/\/api.w.org\/{rel}","templated":true}]}}