{"id":94876,"date":"2016-02-23T14:29:44","date_gmt":"2016-02-23T13:29:44","guid":{"rendered":"http:\/\/www.visit-ulcinj.com\/blog\/?p=94876"},"modified":"2016-02-23T14:29:44","modified_gmt":"2016-02-23T13:29:44","slug":"ulqini-harruar-ku-ndalohet-gjithcka-ne-dimer","status":"publish","type":"post","link":"https:\/\/www.visit-ulcinj.com\/blog\/2016\/02\/23\/ulqini-harruar-ku-ndalohet-gjithcka-ne-dimer\/","title":{"rendered":"Ulqini i harruar ku ndalohet gjith\u00e7ka n\u00eb dim\u00ebr"},"content":{"rendered":"<div class=\"entry-content\">\n<p><a href=\"http:\/\/www.visit-ulcinj.com\/blog\/wp-content\/uploads\/2016\/02\/Ulqini-i-Haruar-boshatisur.jpg\"><img loading=\"lazy\" class=\"alignleft wp-image-94877\" src=\"http:\/\/www.visit-ulcinj.com\/blog\/wp-content\/uploads\/2016\/02\/Ulqini-i-Haruar-boshatisur.jpg\" alt=\"Ulqini-i-Haruar-boshatisur\" width=\"508\" height=\"381\" srcset=\"https:\/\/www.visit-ulcinj.com\/blog\/wp-content\/uploads\/2016\/02\/Ulqini-i-Haruar-boshatisur.jpg 960w, https:\/\/www.visit-ulcinj.com\/blog\/wp-content\/uploads\/2016\/02\/Ulqini-i-Haruar-boshatisur-300x225.jpg 300w\" sizes=\"(max-width: 508px) 100vw, 508px\" \/><\/a>Derisa gjat\u00eb ver\u00ebs, gumzhon dhe v\u00eblon nga qindra e mijra turist\u00eb nga an\u00eb t\u00eb ndryshme t\u00eb bot\u00ebs, gjat\u00eb dimrit, duket nj\u00eb vend i boshatisur apo i harruar.<\/p>\n<p>\u00cbsht\u00eb ky Ulqini, ku k\u00ebto dit\u00eb t\u00eb fundit t\u00eb shkurtit, vazhdon t\u00eb mbetet\u00a0 i zbarazur, e jo sikur jemi m\u00ebsuar q\u00eb ver\u00ebs ta shohim t\u00eb st\u00ebrmbushur nga turist\u00ebt.<\/p>\n<p>Rana, q\u00eb ndryshe quhet plazha e vog\u00ebl, vazhdon \u00a0t\u00eb mbetet e vetmuar, ku pos val\u00ebve q\u00eb her\u00eb her\u00eb p\u00ebrplasen nd\u00ebrmjet vete dhe r\u00ebr\u00ebz, krahas tyre jo rrall\u00eb her\u00eb shihen edhe shpez\u00eb duke u munduar t\u00eb kapin ndonj\u00eb peshk\u00eb nga uji.<\/p>\n<p>Edhe pse n\u00eb stin\u00eb dimri, temperaturat jan\u00eb t\u00eb ngrohta dhe dielli sh\u00ebndrit Ran\u00ebn, n\u00eb an\u00ebn tjet\u00ebr mungojn\u00eb \u00a0turist\u00ebt p\u00ebr tu rrezitur e lar\u00eb.<\/p>\n<p>N\u00eb qytet shihen pak qytetar\u00eb, e\u00a0 turist\u00eb. Lokalet hoteliere vazhdojn\u00eb t\u00eb jen\u00eb t\u00eb pakta q\u00eb punojn\u00eb e po ashtu edhe tregtoret e tjera.<\/p>\n<p>N\u00eb qytetet e rrethin\u00eb mbret\u00ebron q\u00ebt\u00ebsi, derisa temperaturat e ngrohta\u00a0 tregojn\u00eb se mund t\u00eb ket\u00eb nj\u00eb ver\u00eb t\u00eb bujshme turistike.<\/p>\n<p>Njejt\u00eb sikur tek Rana apo gjith\u00eb andej qytetit\u00a0 edhe tek Shtoi apo plazha e madhe nuk ka po ashtu asnj\u00eb lloj\u00eb gjall\u00ebrie, gjith\u00e7ka e mbyllur dhe e qet\u00eb.<\/p>\n<p>E derisa mbr\u00ebt\u00ebron\u00a0 qet\u00ebsi, n\u00eb an\u00ebn tjet\u00ebr\u00a0 k\u00ebtu jan\u00eb krijuar tensione politike n\u00eb pushtetin lokal, e t\u00eb cilat tensione politike po vazhdojn\u00eb tash tre kat\u00ebr vjet, e t\u00eb cilat si duket sa po rriten e nuk po zgjidhen.<\/p>\n<p>N\u00eb an\u00ebn tjet\u00ebr derisa\u00a0 akoma nuk \u00ebsht\u00eb koha p\u00ebr pritje t\u00eb turist\u00ebve, zyrtar\u00ebt apo profesionist\u00ebt turistik po vazhdojn\u00eb lobimin n\u00eb vende t\u00eb ndryshme p\u00ebr thithjen e turist\u00ebve\u00a0 n\u00eb Ulqin e rezultatet e t\u00eb cilave do t\u00eb shihen ver\u00ebs .<\/p>\n<p>Edhe pronar\u00ebt e objekteve t\u00eb banimit, hoteleris\u00eb e t\u00eb tjera kan\u00eb nisur sado pak me p\u00ebrgatitje dhe investime vetanake me q\u00ebllim q\u00eb turist\u00ebt ti joshin se cili p\u00ebr vete n\u00eb m\u00ebnyr\u00ebn sa m\u00eb t\u00eb mir\u00eb dhe presin q\u00eb ato ti investime ti rikthejn\u00eb gjat\u00eb ver\u00ebs.<\/p>\n<p><strong>Toskanapress.info<\/strong><\/p>\n<\/div>\n","protected":false},"excerpt":{"rendered":"<p>Derisa gjat\u00eb ver\u00ebs, gumzhon dhe v\u00eblon nga qindra e mijra turist\u00eb nga an\u00eb t\u00eb ndryshme t\u00eb bot\u00ebs, gjat\u00eb dimrit, duket nj\u00eb vend i boshatisur apo i harruar. \u00cbsht\u00eb ky Ulqini, ku k\u00ebto dit\u00eb t\u00eb fundit t\u00eb shkurtit, vazhdon t\u00eb mbetet\u00a0 i zbarazur, e jo sikur jemi m\u00ebsuar q\u00eb ver\u00ebs ta shohim t\u00eb st\u00ebrmbushur nga turist\u00ebt. [&hellip;]<\/p>\n","protected":false},"author":1,"featured_media":0,"comment_status":"closed","ping_status":"closed","sticky":false,"template":"","format":"standard","meta":{"spay_email":"","jetpack_publicize_message":"","jetpack_is_tweetstorm":false,"jetpack_publicize_feature_enabled":true},"categories":[10],"tags":[],"jetpack_publicize_connections":[],"yoast_head":"<!-- This site is optimized with the Yoast SEO plugin v19.1 - https:\/\/yoast.com\/wordpress\/plugins\/seo\/ -->\n<title>Ulqini i harruar ku ndalohet gjith\u00e7ka n\u00eb dim\u00ebr - Lajme nga Ulqini<\/title>\n<meta name=\"description\" content=\"Derisa gjat\u00eb ver\u00ebs, gumzhon dhe v\u00eblon nga qindra e mijra turist\u00eb nga an\u00eb t\u00eb ndryshme t\u00eb bot\u00ebs, gjat\u00eb dimrit, duket nj\u00eb vend i boshatisur apo i harruar.\" \/>\n<meta name=\"robots\" content=\"index, follow, max-snippet:-1, max-image-preview:large, max-video-preview:-1\" \/>\n<link rel=\"canonical\" href=\"https:\/\/www.visit-ulcinj.com\/blog\/2016\/02\/23\/ulqini-harruar-ku-ndalohet-gjithcka-ne-dimer\/\" \/>\n<meta property=\"og:locale\" content=\"en_US\" \/>\n<meta property=\"og:type\" content=\"article\" \/>\n<meta property=\"og:title\" content=\"Ulqini i harruar ku ndalohet gjith\u00e7ka n\u00eb dim\u00ebr - Lajme nga Ulqini\" \/>\n<meta property=\"og:description\" content=\"Derisa gjat\u00eb ver\u00ebs, gumzhon dhe v\u00eblon nga qindra e mijra turist\u00eb nga an\u00eb t\u00eb ndryshme t\u00eb bot\u00ebs, gjat\u00eb dimrit, duket nj\u00eb vend i boshatisur apo i harruar.\" \/>\n<meta property=\"og:url\" content=\"https:\/\/www.visit-ulcinj.com\/blog\/2016\/02\/23\/ulqini-harruar-ku-ndalohet-gjithcka-ne-dimer\/\" \/>\n<meta property=\"og:site_name\" content=\"Lajme nga Ulqini\" \/>\n<meta property=\"article:published_time\" content=\"2016-02-23T13:29:44+00:00\" \/>\n<meta property=\"og:image\" content=\"http:\/\/www.visit-ulcinj.com\/blog\/wp-content\/uploads\/2016\/02\/Ulqini-i-Haruar-boshatisur.jpg\" \/>\n<meta name=\"twitter:label1\" content=\"Written by\" \/>\n\t<meta name=\"twitter:data1\" content=\"ulqini\" \/>\n\t<meta name=\"twitter:label2\" content=\"Est. reading time\" \/>\n\t<meta name=\"twitter:data2\" content=\"2 minutes\" \/>\n<script type=\"application\/ld+json\" class=\"yoast-schema-graph\">{\"@context\":\"https:\/\/schema.org\",\"@graph\":[{\"@type\":\"WebSite\",\"@id\":\"https:\/\/www.visit-ulcinj.com\/blog\/#website\",\"url\":\"https:\/\/www.visit-ulcinj.com\/blog\/\",\"name\":\"Lajme nga Ulqini\",\"description\":\"Lajme,Vijesti,Ulqini,Ulqin,Crna Gora,Mali i Zi\",\"potentialAction\":[{\"@type\":\"SearchAction\",\"target\":{\"@type\":\"EntryPoint\",\"urlTemplate\":\"https:\/\/www.visit-ulcinj.com\/blog\/?s={search_term_string}\"},\"query-input\":\"required name=search_term_string\"}],\"inLanguage\":\"en-US\"},{\"@type\":\"ImageObject\",\"inLanguage\":\"en-US\",\"@id\":\"https:\/\/www.visit-ulcinj.com\/blog\/2016\/02\/23\/ulqini-harruar-ku-ndalohet-gjithcka-ne-dimer\/#primaryimage\",\"url\":\"https:\/\/www.visit-ulcinj.com\/blog\/wp-content\/uploads\/2016\/02\/Ulqini-i-Haruar-boshatisur.jpg\",\"contentUrl\":\"https:\/\/www.visit-ulcinj.com\/blog\/wp-content\/uploads\/2016\/02\/Ulqini-i-Haruar-boshatisur.jpg\",\"width\":960,\"height\":720},{\"@type\":\"WebPage\",\"@id\":\"https:\/\/www.visit-ulcinj.com\/blog\/2016\/02\/23\/ulqini-harruar-ku-ndalohet-gjithcka-ne-dimer\/#webpage\",\"url\":\"https:\/\/www.visit-ulcinj.com\/blog\/2016\/02\/23\/ulqini-harruar-ku-ndalohet-gjithcka-ne-dimer\/\",\"name\":\"Ulqini i harruar ku ndalohet gjith\u00e7ka n\u00eb dim\u00ebr - Lajme nga Ulqini\",\"isPartOf\":{\"@id\":\"https:\/\/www.visit-ulcinj.com\/blog\/#website\"},\"primaryImageOfPage\":{\"@id\":\"https:\/\/www.visit-ulcinj.com\/blog\/2016\/02\/23\/ulqini-harruar-ku-ndalohet-gjithcka-ne-dimer\/#primaryimage\"},\"datePublished\":\"2016-02-23T13:29:44+00:00\",\"dateModified\":\"2016-02-23T13:29:44+00:00\",\"author\":{\"@id\":\"https:\/\/www.visit-ulcinj.com\/blog\/#\/schema\/person\/dcab619c614d3038751c63bc2aadc06d\"},\"description\":\"Derisa gjat\u00eb ver\u00ebs, gumzhon dhe v\u00eblon nga qindra e mijra turist\u00eb nga an\u00eb t\u00eb ndryshme t\u00eb bot\u00ebs, gjat\u00eb dimrit, duket nj\u00eb vend i boshatisur apo i harruar.\",\"breadcrumb\":{\"@id\":\"https:\/\/www.visit-ulcinj.com\/blog\/2016\/02\/23\/ulqini-harruar-ku-ndalohet-gjithcka-ne-dimer\/#breadcrumb\"},\"inLanguage\":\"en-US\",\"potentialAction\":[{\"@type\":\"ReadAction\",\"target\":[\"https:\/\/www.visit-ulcinj.com\/blog\/2016\/02\/23\/ulqini-harruar-ku-ndalohet-gjithcka-ne-dimer\/\"]}]},{\"@type\":\"BreadcrumbList\",\"@id\":\"https:\/\/www.visit-ulcinj.com\/blog\/2016\/02\/23\/ulqini-harruar-ku-ndalohet-gjithcka-ne-dimer\/#breadcrumb\",\"itemListElement\":[{\"@type\":\"ListItem\",\"position\":1,\"name\":\"Ulqini i harruar ku ndalohet gjith\u00e7ka n\u00eb dim\u00ebr\"}]},{\"@type\":\"Person\",\"@id\":\"https:\/\/www.visit-ulcinj.com\/blog\/#\/schema\/person\/dcab619c614d3038751c63bc2aadc06d\",\"name\":\"ulqini\",\"sameAs\":[\"http:\/\/www.visit-ulcinj.com\"],\"url\":\"https:\/\/www.visit-ulcinj.com\/blog\/author\/admin\/\"}]}<\/script>\n<!-- \/ Yoast SEO plugin. -->","yoast_head_json":{"title":"Ulqini i harruar ku ndalohet gjith\u00e7ka n\u00eb dim\u00ebr - Lajme nga Ulqini","description":"Derisa gjat\u00eb ver\u00ebs, gumzhon dhe v\u00eblon nga qindra e mijra turist\u00eb nga an\u00eb t\u00eb ndryshme t\u00eb bot\u00ebs, gjat\u00eb dimrit, duket nj\u00eb vend i boshatisur apo i harruar.","robots":{"index":"index","follow":"follow","max-snippet":"max-snippet:-1","max-image-preview":"max-image-preview:large","max-video-preview":"max-video-preview:-1"},"canonical":"https:\/\/www.visit-ulcinj.com\/blog\/2016\/02\/23\/ulqini-harruar-ku-ndalohet-gjithcka-ne-dimer\/","og_locale":"en_US","og_type":"article","og_title":"Ulqini i harruar ku ndalohet gjith\u00e7ka n\u00eb dim\u00ebr - Lajme nga Ulqini","og_description":"Derisa gjat\u00eb ver\u00ebs, gumzhon dhe v\u00eblon nga qindra e mijra turist\u00eb nga an\u00eb t\u00eb ndryshme t\u00eb bot\u00ebs, gjat\u00eb dimrit, duket nj\u00eb vend i boshatisur apo i harruar.","og_url":"https:\/\/www.visit-ulcinj.com\/blog\/2016\/02\/23\/ulqini-harruar-ku-ndalohet-gjithcka-ne-dimer\/","og_site_name":"Lajme nga Ulqini","article_published_time":"2016-02-23T13:29:44+00:00","og_image":[{"url":"http:\/\/www.visit-ulcinj.com\/blog\/wp-content\/uploads\/2016\/02\/Ulqini-i-Haruar-boshatisur.jpg"}],"twitter_misc":{"Written by":"ulqini","Est. reading time":"2 minutes"},"schema":{"@context":"https:\/\/schema.org","@graph":[{"@type":"WebSite","@id":"https:\/\/www.visit-ulcinj.com\/blog\/#website","url":"https:\/\/www.visit-ulcinj.com\/blog\/","name":"Lajme nga Ulqini","description":"Lajme,Vijesti,Ulqini,Ulqin,Crna Gora,Mali i Zi","potentialAction":[{"@type":"SearchAction","target":{"@type":"EntryPoint","urlTemplate":"https:\/\/www.visit-ulcinj.com\/blog\/?s={search_term_string}"},"query-input":"required name=search_term_string"}],"inLanguage":"en-US"},{"@type":"ImageObject","inLanguage":"en-US","@id":"https:\/\/www.visit-ulcinj.com\/blog\/2016\/02\/23\/ulqini-harruar-ku-ndalohet-gjithcka-ne-dimer\/#primaryimage","url":"https:\/\/www.visit-ulcinj.com\/blog\/wp-content\/uploads\/2016\/02\/Ulqini-i-Haruar-boshatisur.jpg","contentUrl":"https:\/\/www.visit-ulcinj.com\/blog\/wp-content\/uploads\/2016\/02\/Ulqini-i-Haruar-boshatisur.jpg","width":960,"height":720},{"@type":"WebPage","@id":"https:\/\/www.visit-ulcinj.com\/blog\/2016\/02\/23\/ulqini-harruar-ku-ndalohet-gjithcka-ne-dimer\/#webpage","url":"https:\/\/www.visit-ulcinj.com\/blog\/2016\/02\/23\/ulqini-harruar-ku-ndalohet-gjithcka-ne-dimer\/","name":"Ulqini i harruar ku ndalohet gjith\u00e7ka n\u00eb dim\u00ebr - Lajme nga Ulqini","isPartOf":{"@id":"https:\/\/www.visit-ulcinj.com\/blog\/#website"},"primaryImageOfPage":{"@id":"https:\/\/www.visit-ulcinj.com\/blog\/2016\/02\/23\/ulqini-harruar-ku-ndalohet-gjithcka-ne-dimer\/#primaryimage"},"datePublished":"2016-02-23T13:29:44+00:00","dateModified":"2016-02-23T13:29:44+00:00","author":{"@id":"https:\/\/www.visit-ulcinj.com\/blog\/#\/schema\/person\/dcab619c614d3038751c63bc2aadc06d"},"description":"Derisa gjat\u00eb ver\u00ebs, gumzhon dhe v\u00eblon nga qindra e mijra turist\u00eb nga an\u00eb t\u00eb ndryshme t\u00eb bot\u00ebs, gjat\u00eb dimrit, duket nj\u00eb vend i boshatisur apo i harruar.","breadcrumb":{"@id":"https:\/\/www.visit-ulcinj.com\/blog\/2016\/02\/23\/ulqini-harruar-ku-ndalohet-gjithcka-ne-dimer\/#breadcrumb"},"inLanguage":"en-US","potentialAction":[{"@type":"ReadAction","target":["https:\/\/www.visit-ulcinj.com\/blog\/2016\/02\/23\/ulqini-harruar-ku-ndalohet-gjithcka-ne-dimer\/"]}]},{"@type":"BreadcrumbList","@id":"https:\/\/www.visit-ulcinj.com\/blog\/2016\/02\/23\/ulqini-harruar-ku-ndalohet-gjithcka-ne-dimer\/#breadcrumb","itemListElement":[{"@type":"ListItem","position":1,"name":"Ulqini i harruar ku ndalohet gjith\u00e7ka n\u00eb dim\u00ebr"}]},{"@type":"Person","@id":"https:\/\/www.visit-ulcinj.com\/blog\/#\/schema\/person\/dcab619c614d3038751c63bc2aadc06d","name":"ulqini","sameAs":["http:\/\/www.visit-ulcinj.com"],"url":"https:\/\/www.visit-ulcinj.com\/blog\/author\/admin\/"}]}},"jetpack_featured_media_url":"","jetpack_sharing_enabled":true,"jetpack_shortlink":"https:\/\/wp.me\/pe6lTn-oGg","_links":{"self":[{"href":"https:\/\/www.visit-ulcinj.com\/blog\/wp-json\/wp\/v2\/posts\/94876"}],"collection":[{"href":"https:\/\/www.visit-ulcinj.com\/blog\/wp-json\/wp\/v2\/posts"}],"about":[{"href":"https:\/\/www.visit-ulcinj.com\/blog\/wp-json\/wp\/v2\/types\/post"}],"author":[{"embeddable":true,"href":"https:\/\/www.visit-ulcinj.com\/blog\/wp-json\/wp\/v2\/users\/1"}],"replies":[{"embeddable":true,"href":"https:\/\/www.visit-ulcinj.com\/blog\/wp-json\/wp\/v2\/comments?post=94876"}],"version-history":[{"count":1,"href":"https:\/\/www.visit-ulcinj.com\/blog\/wp-json\/wp\/v2\/posts\/94876\/revisions"}],"predecessor-version":[{"id":94878,"href":"https:\/\/www.visit-ulcinj.com\/blog\/wp-json\/wp\/v2\/posts\/94876\/revisions\/94878"}],"wp:attachment":[{"href":"https:\/\/www.visit-ulcinj.com\/blog\/wp-json\/wp\/v2\/media?parent=94876"}],"wp:term":[{"taxonomy":"category","embeddable":true,"href":"https:\/\/www.visit-ulcinj.com\/blog\/wp-json\/wp\/v2\/categories?post=94876"},{"taxonomy":"post_tag","embeddable":true,"href":"https:\/\/www.visit-ulcinj.com\/blog\/wp-json\/wp\/v2\/tags?post=94876"}],"curies":[{"name":"wp","href":"https:\/\/api.w.org\/{rel}","templated":true}]}}