{"id":94883,"date":"2016-02-23T14:55:18","date_gmt":"2016-02-23T13:55:18","guid":{"rendered":"http:\/\/www.visit-ulcinj.com\/blog\/?p=94883"},"modified":"2016-02-23T14:55:18","modified_gmt":"2016-02-23T13:55:18","slug":"pds-ja-ne-parlamentin-e-ulqinit-ka-nente-keshilltare-prandaj-nuk-ka-interes-te-shkoje-ne-mbledhje","status":"publish","type":"post","link":"https:\/\/www.visit-ulcinj.com\/blog\/2016\/02\/23\/pds-ja-ne-parlamentin-e-ulqinit-ka-nente-keshilltare-prandaj-nuk-ka-interes-te-shkoje-ne-mbledhje\/","title":{"rendered":"PDS-ja n\u00eb Parlamentin e Ulqinit ka n\u00ebnt\u00eb k\u00ebshilltar\u00eb, prandaj nuk ka interes t\u00eb shkoj\u00eb ne mbledhje"},"content":{"rendered":"<p><a href=\"http:\/\/www.visit-ulcinj.com\/blog\/wp-content\/uploads\/2014\/01\/DPS-ULCINJ1.jpg\"><img loading=\"lazy\" class=\"alignleft wp-image-78622\" src=\"http:\/\/www.visit-ulcinj.com\/blog\/wp-content\/uploads\/2014\/01\/DPS-ULCINJ1.jpg\" alt=\"DPS-ULCINJ\" width=\"508\" height=\"381\" srcset=\"https:\/\/www.visit-ulcinj.com\/blog\/wp-content\/uploads\/2014\/01\/DPS-ULCINJ1.jpg 960w, https:\/\/www.visit-ulcinj.com\/blog\/wp-content\/uploads\/2014\/01\/DPS-ULCINJ1-300x225.jpg 300w\" sizes=\"(max-width: 508px) 100vw, 508px\" \/><\/a>Mbledhja e Kuvendit komunal t\u00eb Ulqinit n\u00eb t\u00eb cil\u00ebn duhej t\u00eb diskutohej p\u00ebr miratimin e dhjet\u00eb dokumenteve planifikues nuk u mbajt sot, raporton portali Ul.info<\/p>\n<p>Mbledhjen, mbas konsultimeve me t\u00eb gjith\u00eb klubet e k\u00ebshilltar\u00ebve, p\u00ebrve\u00e7 Forc\u00ebs s\u00eb re demokratike, t\u00eb mart\u00ebn e kaluar e thirri kryekomunari i Ulqinit Fatmir Gjeka.<\/p>\n<p>Arsyeja kryesore p\u00ebr mosmbajtjen e k\u00ebsaj mbledhje \u00ebsht\u00eb se nga qendra e PDS-s\u00eb dje von\u00eb i sugjeruan k\u00ebshilltar\u00ebve t\u00eb vet q\u00eb mos t\u00eb marrin pjes\u00eb n\u00eb mbledhje.<\/p>\n<p>\u201cPDS-ja nuk d\u00ebshiron q\u00eb n\u00eb k\u00ebt\u00eb moment delikat p\u00ebr shtet t\u00eb arbitroj\u00eb n\u00eb mosmarr\u00ebveshjet t\u00eb cilat ekzistojn\u00eb n\u00eb Ulqin n\u00eb mes t\u00eb partner\u00ebve tan\u00eb t\u00eb koalicionit n\u00eb nivel shtet\u00ebror\u201d, than\u00eb jozyrtarisht nga partia.<\/p>\n<p>PDS-ja n\u00eb Parlamentin e Ulqinit ka n\u00ebnt\u00eb k\u00ebshilltar\u00eb dhe individualisht \u00ebsht\u00eb partia m\u00eb e fort\u00eb.<\/p>\n","protected":false},"excerpt":{"rendered":"<p>Mbledhja e Kuvendit komunal t\u00eb Ulqinit n\u00eb t\u00eb cil\u00ebn duhej t\u00eb diskutohej p\u00ebr miratimin e dhjet\u00eb dokumenteve planifikues nuk u mbajt sot, raporton portali Ul.info Mbledhjen, mbas konsultimeve me t\u00eb gjith\u00eb klubet e k\u00ebshilltar\u00ebve, p\u00ebrve\u00e7 Forc\u00ebs s\u00eb re demokratike, t\u00eb mart\u00ebn e kaluar e thirri kryekomunari i Ulqinit Fatmir Gjeka. Arsyeja kryesore p\u00ebr mosmbajtjen e [&hellip;]<\/p>\n","protected":false},"author":1,"featured_media":0,"comment_status":"closed","ping_status":"closed","sticky":false,"template":"","format":"standard","meta":{"spay_email":"","jetpack_publicize_message":"","jetpack_is_tweetstorm":false,"jetpack_publicize_feature_enabled":true},"categories":[2451],"tags":[],"jetpack_publicize_connections":[],"yoast_head":"<!-- This site is optimized with the Yoast SEO plugin v19.1 - https:\/\/yoast.com\/wordpress\/plugins\/seo\/ -->\n<title>PDS-ja n\u00eb Parlamentin e Ulqinit ka n\u00ebnt\u00eb k\u00ebshilltar\u00eb, prandaj nuk ka interes t\u00eb shkoj\u00eb ne mbledhje - Lajme nga Ulqini<\/title>\n<meta name=\"description\" content=\"Mbledhja e Kuvendit komunal t\u00eb Ulqinit n\u00eb t\u00eb cil\u00ebn duhej t\u00eb diskutohej p\u00ebr miratimin e dhjet\u00eb dokumenteve planifikues nuk u mbajt sot, raporton portali\" \/>\n<meta name=\"robots\" content=\"index, follow, max-snippet:-1, max-image-preview:large, max-video-preview:-1\" \/>\n<link rel=\"canonical\" href=\"https:\/\/www.visit-ulcinj.com\/blog\/2016\/02\/23\/pds-ja-ne-parlamentin-e-ulqinit-ka-nente-keshilltare-prandaj-nuk-ka-interes-te-shkoje-ne-mbledhje\/\" \/>\n<meta property=\"og:locale\" content=\"en_US\" \/>\n<meta property=\"og:type\" content=\"article\" \/>\n<meta property=\"og:title\" content=\"PDS-ja n\u00eb Parlamentin e Ulqinit ka n\u00ebnt\u00eb k\u00ebshilltar\u00eb, prandaj nuk ka interes t\u00eb shkoj\u00eb ne mbledhje - Lajme nga Ulqini\" \/>\n<meta property=\"og:description\" content=\"Mbledhja e Kuvendit komunal t\u00eb Ulqinit n\u00eb t\u00eb cil\u00ebn duhej t\u00eb diskutohej p\u00ebr miratimin e dhjet\u00eb dokumenteve planifikues nuk u mbajt sot, raporton portali\" \/>\n<meta property=\"og:url\" content=\"https:\/\/www.visit-ulcinj.com\/blog\/2016\/02\/23\/pds-ja-ne-parlamentin-e-ulqinit-ka-nente-keshilltare-prandaj-nuk-ka-interes-te-shkoje-ne-mbledhje\/\" \/>\n<meta property=\"og:site_name\" content=\"Lajme nga Ulqini\" \/>\n<meta property=\"article:published_time\" content=\"2016-02-23T13:55:18+00:00\" \/>\n<meta property=\"og:image\" content=\"http:\/\/www.visit-ulcinj.com\/blog\/wp-content\/uploads\/2014\/01\/DPS-ULCINJ1.jpg\" \/>\n<meta name=\"twitter:label1\" content=\"Written by\" \/>\n\t<meta name=\"twitter:data1\" content=\"ulqini\" \/>\n\t<meta name=\"twitter:label2\" content=\"Est. reading time\" \/>\n\t<meta name=\"twitter:data2\" content=\"1 minute\" \/>\n<script type=\"application\/ld+json\" class=\"yoast-schema-graph\">{\"@context\":\"https:\/\/schema.org\",\"@graph\":[{\"@type\":\"WebSite\",\"@id\":\"https:\/\/www.visit-ulcinj.com\/blog\/#website\",\"url\":\"https:\/\/www.visit-ulcinj.com\/blog\/\",\"name\":\"Lajme nga Ulqini\",\"description\":\"Lajme,Vijesti,Ulqini,Ulqin,Crna Gora,Mali i Zi\",\"potentialAction\":[{\"@type\":\"SearchAction\",\"target\":{\"@type\":\"EntryPoint\",\"urlTemplate\":\"https:\/\/www.visit-ulcinj.com\/blog\/?s={search_term_string}\"},\"query-input\":\"required name=search_term_string\"}],\"inLanguage\":\"en-US\"},{\"@type\":\"ImageObject\",\"inLanguage\":\"en-US\",\"@id\":\"https:\/\/www.visit-ulcinj.com\/blog\/2016\/02\/23\/pds-ja-ne-parlamentin-e-ulqinit-ka-nente-keshilltare-prandaj-nuk-ka-interes-te-shkoje-ne-mbledhje\/#primaryimage\",\"url\":\"https:\/\/www.visit-ulcinj.com\/blog\/wp-content\/uploads\/2014\/01\/DPS-ULCINJ1.jpg\",\"contentUrl\":\"https:\/\/www.visit-ulcinj.com\/blog\/wp-content\/uploads\/2014\/01\/DPS-ULCINJ1.jpg\",\"width\":960,\"height\":720},{\"@type\":\"WebPage\",\"@id\":\"https:\/\/www.visit-ulcinj.com\/blog\/2016\/02\/23\/pds-ja-ne-parlamentin-e-ulqinit-ka-nente-keshilltare-prandaj-nuk-ka-interes-te-shkoje-ne-mbledhje\/#webpage\",\"url\":\"https:\/\/www.visit-ulcinj.com\/blog\/2016\/02\/23\/pds-ja-ne-parlamentin-e-ulqinit-ka-nente-keshilltare-prandaj-nuk-ka-interes-te-shkoje-ne-mbledhje\/\",\"name\":\"PDS-ja n\u00eb Parlamentin e Ulqinit ka n\u00ebnt\u00eb k\u00ebshilltar\u00eb, prandaj nuk ka interes t\u00eb shkoj\u00eb ne mbledhje - Lajme nga Ulqini\",\"isPartOf\":{\"@id\":\"https:\/\/www.visit-ulcinj.com\/blog\/#website\"},\"primaryImageOfPage\":{\"@id\":\"https:\/\/www.visit-ulcinj.com\/blog\/2016\/02\/23\/pds-ja-ne-parlamentin-e-ulqinit-ka-nente-keshilltare-prandaj-nuk-ka-interes-te-shkoje-ne-mbledhje\/#primaryimage\"},\"datePublished\":\"2016-02-23T13:55:18+00:00\",\"dateModified\":\"2016-02-23T13:55:18+00:00\",\"author\":{\"@id\":\"https:\/\/www.visit-ulcinj.com\/blog\/#\/schema\/person\/dcab619c614d3038751c63bc2aadc06d\"},\"description\":\"Mbledhja e Kuvendit komunal t\u00eb Ulqinit n\u00eb t\u00eb cil\u00ebn duhej t\u00eb diskutohej p\u00ebr miratimin e dhjet\u00eb dokumenteve planifikues nuk u mbajt sot, raporton portali\",\"breadcrumb\":{\"@id\":\"https:\/\/www.visit-ulcinj.com\/blog\/2016\/02\/23\/pds-ja-ne-parlamentin-e-ulqinit-ka-nente-keshilltare-prandaj-nuk-ka-interes-te-shkoje-ne-mbledhje\/#breadcrumb\"},\"inLanguage\":\"en-US\",\"potentialAction\":[{\"@type\":\"ReadAction\",\"target\":[\"https:\/\/www.visit-ulcinj.com\/blog\/2016\/02\/23\/pds-ja-ne-parlamentin-e-ulqinit-ka-nente-keshilltare-prandaj-nuk-ka-interes-te-shkoje-ne-mbledhje\/\"]}]},{\"@type\":\"BreadcrumbList\",\"@id\":\"https:\/\/www.visit-ulcinj.com\/blog\/2016\/02\/23\/pds-ja-ne-parlamentin-e-ulqinit-ka-nente-keshilltare-prandaj-nuk-ka-interes-te-shkoje-ne-mbledhje\/#breadcrumb\",\"itemListElement\":[{\"@type\":\"ListItem\",\"position\":1,\"name\":\"PDS-ja n\u00eb Parlamentin e Ulqinit ka n\u00ebnt\u00eb k\u00ebshilltar\u00eb, prandaj nuk ka interes t\u00eb shkoj\u00eb ne mbledhje\"}]},{\"@type\":\"Person\",\"@id\":\"https:\/\/www.visit-ulcinj.com\/blog\/#\/schema\/person\/dcab619c614d3038751c63bc2aadc06d\",\"name\":\"ulqini\",\"sameAs\":[\"http:\/\/www.visit-ulcinj.com\"],\"url\":\"https:\/\/www.visit-ulcinj.com\/blog\/author\/admin\/\"}]}<\/script>\n<!-- \/ Yoast SEO plugin. -->","yoast_head_json":{"title":"PDS-ja n\u00eb Parlamentin e Ulqinit ka n\u00ebnt\u00eb k\u00ebshilltar\u00eb, prandaj nuk ka interes t\u00eb shkoj\u00eb ne mbledhje - Lajme nga Ulqini","description":"Mbledhja e Kuvendit komunal t\u00eb Ulqinit n\u00eb t\u00eb cil\u00ebn duhej t\u00eb diskutohej p\u00ebr miratimin e dhjet\u00eb dokumenteve planifikues nuk u mbajt sot, raporton portali","robots":{"index":"index","follow":"follow","max-snippet":"max-snippet:-1","max-image-preview":"max-image-preview:large","max-video-preview":"max-video-preview:-1"},"canonical":"https:\/\/www.visit-ulcinj.com\/blog\/2016\/02\/23\/pds-ja-ne-parlamentin-e-ulqinit-ka-nente-keshilltare-prandaj-nuk-ka-interes-te-shkoje-ne-mbledhje\/","og_locale":"en_US","og_type":"article","og_title":"PDS-ja n\u00eb Parlamentin e Ulqinit ka n\u00ebnt\u00eb k\u00ebshilltar\u00eb, prandaj nuk ka interes t\u00eb shkoj\u00eb ne mbledhje - Lajme nga Ulqini","og_description":"Mbledhja e Kuvendit komunal t\u00eb Ulqinit n\u00eb t\u00eb cil\u00ebn duhej t\u00eb diskutohej p\u00ebr miratimin e dhjet\u00eb dokumenteve planifikues nuk u mbajt sot, raporton portali","og_url":"https:\/\/www.visit-ulcinj.com\/blog\/2016\/02\/23\/pds-ja-ne-parlamentin-e-ulqinit-ka-nente-keshilltare-prandaj-nuk-ka-interes-te-shkoje-ne-mbledhje\/","og_site_name":"Lajme nga Ulqini","article_published_time":"2016-02-23T13:55:18+00:00","og_image":[{"url":"http:\/\/www.visit-ulcinj.com\/blog\/wp-content\/uploads\/2014\/01\/DPS-ULCINJ1.jpg"}],"twitter_misc":{"Written by":"ulqini","Est. reading time":"1 minute"},"schema":{"@context":"https:\/\/schema.org","@graph":[{"@type":"WebSite","@id":"https:\/\/www.visit-ulcinj.com\/blog\/#website","url":"https:\/\/www.visit-ulcinj.com\/blog\/","name":"Lajme nga Ulqini","description":"Lajme,Vijesti,Ulqini,Ulqin,Crna Gora,Mali i Zi","potentialAction":[{"@type":"SearchAction","target":{"@type":"EntryPoint","urlTemplate":"https:\/\/www.visit-ulcinj.com\/blog\/?s={search_term_string}"},"query-input":"required name=search_term_string"}],"inLanguage":"en-US"},{"@type":"ImageObject","inLanguage":"en-US","@id":"https:\/\/www.visit-ulcinj.com\/blog\/2016\/02\/23\/pds-ja-ne-parlamentin-e-ulqinit-ka-nente-keshilltare-prandaj-nuk-ka-interes-te-shkoje-ne-mbledhje\/#primaryimage","url":"https:\/\/www.visit-ulcinj.com\/blog\/wp-content\/uploads\/2014\/01\/DPS-ULCINJ1.jpg","contentUrl":"https:\/\/www.visit-ulcinj.com\/blog\/wp-content\/uploads\/2014\/01\/DPS-ULCINJ1.jpg","width":960,"height":720},{"@type":"WebPage","@id":"https:\/\/www.visit-ulcinj.com\/blog\/2016\/02\/23\/pds-ja-ne-parlamentin-e-ulqinit-ka-nente-keshilltare-prandaj-nuk-ka-interes-te-shkoje-ne-mbledhje\/#webpage","url":"https:\/\/www.visit-ulcinj.com\/blog\/2016\/02\/23\/pds-ja-ne-parlamentin-e-ulqinit-ka-nente-keshilltare-prandaj-nuk-ka-interes-te-shkoje-ne-mbledhje\/","name":"PDS-ja n\u00eb Parlamentin e Ulqinit ka n\u00ebnt\u00eb k\u00ebshilltar\u00eb, prandaj nuk ka interes t\u00eb shkoj\u00eb ne mbledhje - Lajme nga Ulqini","isPartOf":{"@id":"https:\/\/www.visit-ulcinj.com\/blog\/#website"},"primaryImageOfPage":{"@id":"https:\/\/www.visit-ulcinj.com\/blog\/2016\/02\/23\/pds-ja-ne-parlamentin-e-ulqinit-ka-nente-keshilltare-prandaj-nuk-ka-interes-te-shkoje-ne-mbledhje\/#primaryimage"},"datePublished":"2016-02-23T13:55:18+00:00","dateModified":"2016-02-23T13:55:18+00:00","author":{"@id":"https:\/\/www.visit-ulcinj.com\/blog\/#\/schema\/person\/dcab619c614d3038751c63bc2aadc06d"},"description":"Mbledhja e Kuvendit komunal t\u00eb Ulqinit n\u00eb t\u00eb cil\u00ebn duhej t\u00eb diskutohej p\u00ebr miratimin e dhjet\u00eb dokumenteve planifikues nuk u mbajt sot, raporton portali","breadcrumb":{"@id":"https:\/\/www.visit-ulcinj.com\/blog\/2016\/02\/23\/pds-ja-ne-parlamentin-e-ulqinit-ka-nente-keshilltare-prandaj-nuk-ka-interes-te-shkoje-ne-mbledhje\/#breadcrumb"},"inLanguage":"en-US","potentialAction":[{"@type":"ReadAction","target":["https:\/\/www.visit-ulcinj.com\/blog\/2016\/02\/23\/pds-ja-ne-parlamentin-e-ulqinit-ka-nente-keshilltare-prandaj-nuk-ka-interes-te-shkoje-ne-mbledhje\/"]}]},{"@type":"BreadcrumbList","@id":"https:\/\/www.visit-ulcinj.com\/blog\/2016\/02\/23\/pds-ja-ne-parlamentin-e-ulqinit-ka-nente-keshilltare-prandaj-nuk-ka-interes-te-shkoje-ne-mbledhje\/#breadcrumb","itemListElement":[{"@type":"ListItem","position":1,"name":"PDS-ja n\u00eb Parlamentin e Ulqinit ka n\u00ebnt\u00eb k\u00ebshilltar\u00eb, prandaj nuk ka interes t\u00eb shkoj\u00eb ne mbledhje"}]},{"@type":"Person","@id":"https:\/\/www.visit-ulcinj.com\/blog\/#\/schema\/person\/dcab619c614d3038751c63bc2aadc06d","name":"ulqini","sameAs":["http:\/\/www.visit-ulcinj.com"],"url":"https:\/\/www.visit-ulcinj.com\/blog\/author\/admin\/"}]}},"jetpack_featured_media_url":"","jetpack_sharing_enabled":true,"jetpack_shortlink":"https:\/\/wp.me\/pe6lTn-oGn","_links":{"self":[{"href":"https:\/\/www.visit-ulcinj.com\/blog\/wp-json\/wp\/v2\/posts\/94883"}],"collection":[{"href":"https:\/\/www.visit-ulcinj.com\/blog\/wp-json\/wp\/v2\/posts"}],"about":[{"href":"https:\/\/www.visit-ulcinj.com\/blog\/wp-json\/wp\/v2\/types\/post"}],"author":[{"embeddable":true,"href":"https:\/\/www.visit-ulcinj.com\/blog\/wp-json\/wp\/v2\/users\/1"}],"replies":[{"embeddable":true,"href":"https:\/\/www.visit-ulcinj.com\/blog\/wp-json\/wp\/v2\/comments?post=94883"}],"version-history":[{"count":1,"href":"https:\/\/www.visit-ulcinj.com\/blog\/wp-json\/wp\/v2\/posts\/94883\/revisions"}],"predecessor-version":[{"id":94884,"href":"https:\/\/www.visit-ulcinj.com\/blog\/wp-json\/wp\/v2\/posts\/94883\/revisions\/94884"}],"wp:attachment":[{"href":"https:\/\/www.visit-ulcinj.com\/blog\/wp-json\/wp\/v2\/media?parent=94883"}],"wp:term":[{"taxonomy":"category","embeddable":true,"href":"https:\/\/www.visit-ulcinj.com\/blog\/wp-json\/wp\/v2\/categories?post=94883"},{"taxonomy":"post_tag","embeddable":true,"href":"https:\/\/www.visit-ulcinj.com\/blog\/wp-json\/wp\/v2\/tags?post=94883"}],"curies":[{"name":"wp","href":"https:\/\/api.w.org\/{rel}","templated":true}]}}