{"id":94889,"date":"2016-02-23T19:12:36","date_gmt":"2016-02-23T18:12:36","guid":{"rendered":"http:\/\/www.visit-ulcinj.com\/blog\/?p=94889"},"modified":"2016-02-24T09:33:18","modified_gmt":"2016-02-24T08:33:18","slug":"haxhibeti-vendimet-e-gjekes-ne-kundershtim-ligjin","status":"publish","type":"post","link":"https:\/\/www.visit-ulcinj.com\/blog\/2016\/02\/23\/haxhibeti-vendimet-e-gjekes-ne-kundershtim-ligjin\/","title":{"rendered":"Haxhibeti: Vendimet e Gjek\u00ebs n\u00eb kund\u00ebrshtim me ligjin &#8211; Video"},"content":{"rendered":"<p><a href=\"http:\/\/www.visit-ulcinj.com\/blog\/wp-content\/uploads\/2016\/02\/Fuad-Haxhibeti-Vendimet-e-Gjek\u00ebs-n\u00eb-kund\u00ebrshtim-me-ligjin-Ulqin.jpg\"><img loading=\"lazy\" class=\"alignleft wp-image-94890\" src=\"http:\/\/www.visit-ulcinj.com\/blog\/wp-content\/uploads\/2016\/02\/Fuad-Haxhibeti-Vendimet-e-Gjek\u00ebs-n\u00eb-kund\u00ebrshtim-me-ligjin-Ulqin.jpg\" alt=\"Fuad-Haxhibeti-Vendimet e Gjek\u00ebs n\u00eb kund\u00ebrshtim me ligjin-Ulqin\" width=\"508\" height=\"386\" srcset=\"https:\/\/www.visit-ulcinj.com\/blog\/wp-content\/uploads\/2016\/02\/Fuad-Haxhibeti-Vendimet-e-Gjek\u00ebs-n\u00eb-kund\u00ebrshtim-me-ligjin-Ulqin.jpg 951w, https:\/\/www.visit-ulcinj.com\/blog\/wp-content\/uploads\/2016\/02\/Fuad-Haxhibeti-Vendimet-e-Gjek\u00ebs-n\u00eb-kund\u00ebrshtim-me-ligjin-Ulqin-300x228.jpg 300w\" sizes=\"(max-width: 508px) 100vw, 508px\" \/><\/a>Data, 23.02.2016<\/p>\n<p style=\"text-align: center;\"><strong>Kumtes<\/strong><strong>\u00eb p\u00ebr opinion<\/strong><\/p>\n<p>T\u00eb nderuar qytetar\u00eb,<\/p>\n<p>Si kryetar legjitim i Kuvendit Komunal Ulqin, e ndiej obligim t\u00eb njoftoj opinionin e gj\u00ebr\u00eb p\u00ebr veprimet e paligjshme dhe t\u00eb pakordinuara t\u00eb cilat ish kryetari i Komun\u00ebs Fatmir Gjeka , n\u00eb m\u00ebnyr\u00eb t\u00eb paligjshme tentoi thirjen e seanc\u00ebs s\u00eb jasht\u00ebzakonshme t\u00eb Kuvendit Komunal., e cila sot ka p\u00ebsuar kulmin, raporton portali TV Teuta.<\/p>\n<p>N\u00eb rend t\u00eb par\u00eb si Kryetar i Kuvendit , i falenderoj publikisht t\u00eb gjith\u00eb k\u00ebshilltar\u00ebt e Kuvendit Komunal , t\u00eb cil\u00ebt nuk kan\u00eb pranuar ftes\u00ebn, duke e \u00a0par\u00eb t\u00eb jasht\u00ebligjsh\u00ebm veprimet e ish Kryetarit t\u00eb Komun\u00ebs dhe nuk ran\u00eb pre e manipulimeve t\u00eb tija , duke respektuar bashk\u00ebpunimin dhe besimin t\u00eb cilin e kemi krijuar gjat\u00eb dy viteve t\u00eb fundit , pa dallim a jemi n\u00eb \u00a0opozit\u00eb apo pozit\u00eb.<\/p>\n<p>Edhe pse disa her\u00eb Ish Kryetarin e Komun\u00ebs e kam njoftuar p\u00ebr veprimet e paligjshme t\u00eb sjelljes s\u00eb tij, ai m\u00eb kok\u00ebfort\u00ebsi tentoi , p\u00ebr arsye t\u00eb tija tashm\u00eb t\u00eb njohura, vendosi t\u00eb laj\u00eb gjurm\u00eb t\u00eb shkruar n\u00eb veprimet e tij t\u00eb cmenduara politike.<\/p>\n<p>Ish kryetari i Komun\u00ebs na ftoi si dhe m\u00eb dat\u00eb 26.02.2016 n\u00eb seanc\u00eb ku pik\u00eb e rendit t\u00eb dit\u00ebs \u00ebsht\u00eb vendosur projekt Buxheti p\u00ebr vitin 2016 , ku pres p\u00ebrs\u00ebri q\u00eb t\u00eb gjith\u00eb k\u00ebshilltar\u00ebt do ta respektojn\u00eb ligjin m\u00eb mosprezenc nuk do t\u00eb p\u00ebrkrahin veprimet e paligjshme t\u00eb z.Fatmir Gjeka.<\/p>\n<p>Edhe nj\u00eb her\u00eb thras\u00eb ish-kryetarin e Komun\u00ebs q\u00eb pas\u00a0 veprimeve t\u00eb pasukseshme\u00a0 dhe t\u00eb paligjsh\u00ebm t\u00eb thirjes s\u00eb Kuvendit , m\u00eb n\u00eb fund t\u00eb jap dor\u00ebheqje dhe t\u00eb liroj\u00eb institucionet e vet\u00eb qeverisjes lokale t\u00eb cilat kan\u00eb mbetur t\u00eb bllokuara nga d\u00ebshira e tij, q\u00eb t\u00eb mbes\u00eb i p\u00ebrjetsh\u00ebm si Kryetar Komune.\u00a0 Ndoshta e ka t\u00eb qart\u00eb q\u00eb p\u00ebr at funksion nuk ka m\u00eb p\u00ebrkrahjen e Kuvendit Komunal si dhe asnj\u00eb subjekti politik.<\/p>\n<p><strong>Kryetari i Kuvendit Komunal<\/strong><\/p>\n<p><strong>Fuad Haxhibeti<\/strong><\/p>\n<p><iframe loading=\"lazy\" frameborder=\"0\" width=\"508\" height=\"315\" src=\"\/\/www.dailymotion.com\/embed\/video\/x3tw1n8?autoPlay=1\" allowfullscreen><\/iframe><\/p>\n","protected":false},"excerpt":{"rendered":"<p>Data, 23.02.2016 Kumtes\u00eb p\u00ebr opinion T\u00eb nderuar qytetar\u00eb, Si kryetar legjitim i Kuvendit Komunal Ulqin, e ndiej obligim t\u00eb njoftoj opinionin e gj\u00ebr\u00eb p\u00ebr veprimet e paligjshme dhe t\u00eb pakordinuara t\u00eb cilat ish kryetari i Komun\u00ebs Fatmir Gjeka , n\u00eb m\u00ebnyr\u00eb t\u00eb paligjshme tentoi thirjen e seanc\u00ebs s\u00eb jasht\u00ebzakonshme t\u00eb Kuvendit Komunal., e cila sot [&hellip;]<\/p>\n","protected":false},"author":1,"featured_media":0,"comment_status":"closed","ping_status":"closed","sticky":false,"template":"","format":"standard","meta":{"spay_email":"","jetpack_publicize_message":"","jetpack_is_tweetstorm":false,"jetpack_publicize_feature_enabled":true},"categories":[12],"tags":[],"jetpack_publicize_connections":[],"yoast_head":"<!-- This site is optimized with the Yoast SEO plugin v19.1 - https:\/\/yoast.com\/wordpress\/plugins\/seo\/ -->\n<title>Haxhibeti: Vendimet e Gjek\u00ebs n\u00eb kund\u00ebrshtim me ligjin - Video - Lajme nga Ulqini<\/title>\n<meta name=\"description\" content=\"Data, 23.02.2016 Kumtes\u00eb p\u00ebr opinion T\u00eb nderuar qytetar\u00eb, Si kryetar legjitim i Kuvendit Komunal Ulqin, e ndiej obligim t\u00eb njoftoj opinionin e gj\u00ebr\u00eb p\u00ebr\" \/>\n<meta name=\"robots\" content=\"index, follow, max-snippet:-1, max-image-preview:large, max-video-preview:-1\" \/>\n<link rel=\"canonical\" href=\"https:\/\/www.visit-ulcinj.com\/blog\/2016\/02\/23\/haxhibeti-vendimet-e-gjekes-ne-kundershtim-ligjin\/\" \/>\n<meta property=\"og:locale\" content=\"en_US\" \/>\n<meta property=\"og:type\" content=\"article\" \/>\n<meta property=\"og:title\" content=\"Haxhibeti: Vendimet e Gjek\u00ebs n\u00eb kund\u00ebrshtim me ligjin - Video - Lajme nga Ulqini\" \/>\n<meta property=\"og:description\" content=\"Data, 23.02.2016 Kumtes\u00eb p\u00ebr opinion T\u00eb nderuar qytetar\u00eb, Si kryetar legjitim i Kuvendit Komunal Ulqin, e ndiej obligim t\u00eb njoftoj opinionin e gj\u00ebr\u00eb p\u00ebr\" \/>\n<meta property=\"og:url\" content=\"https:\/\/www.visit-ulcinj.com\/blog\/2016\/02\/23\/haxhibeti-vendimet-e-gjekes-ne-kundershtim-ligjin\/\" \/>\n<meta property=\"og:site_name\" content=\"Lajme nga Ulqini\" \/>\n<meta property=\"article:published_time\" content=\"2016-02-23T18:12:36+00:00\" \/>\n<meta property=\"article:modified_time\" content=\"2016-02-24T08:33:18+00:00\" \/>\n<meta name=\"twitter:label1\" content=\"Written by\" \/>\n\t<meta name=\"twitter:data1\" content=\"ulqini\" \/>\n\t<meta name=\"twitter:label2\" content=\"Est. reading time\" \/>\n\t<meta name=\"twitter:data2\" content=\"2 minutes\" \/>\n<script type=\"application\/ld+json\" class=\"yoast-schema-graph\">{\"@context\":\"https:\/\/schema.org\",\"@graph\":[{\"@type\":\"WebSite\",\"@id\":\"https:\/\/www.visit-ulcinj.com\/blog\/#website\",\"url\":\"https:\/\/www.visit-ulcinj.com\/blog\/\",\"name\":\"Lajme nga Ulqini\",\"description\":\"Lajme,Vijesti,Ulqini,Ulqin,Crna Gora,Mali i Zi\",\"potentialAction\":[{\"@type\":\"SearchAction\",\"target\":{\"@type\":\"EntryPoint\",\"urlTemplate\":\"https:\/\/www.visit-ulcinj.com\/blog\/?s={search_term_string}\"},\"query-input\":\"required name=search_term_string\"}],\"inLanguage\":\"en-US\"},{\"@type\":\"WebPage\",\"@id\":\"https:\/\/www.visit-ulcinj.com\/blog\/2016\/02\/23\/haxhibeti-vendimet-e-gjekes-ne-kundershtim-ligjin\/#webpage\",\"url\":\"https:\/\/www.visit-ulcinj.com\/blog\/2016\/02\/23\/haxhibeti-vendimet-e-gjekes-ne-kundershtim-ligjin\/\",\"name\":\"Haxhibeti: Vendimet e Gjek\u00ebs n\u00eb kund\u00ebrshtim me ligjin - Video - Lajme nga Ulqini\",\"isPartOf\":{\"@id\":\"https:\/\/www.visit-ulcinj.com\/blog\/#website\"},\"datePublished\":\"2016-02-23T18:12:36+00:00\",\"dateModified\":\"2016-02-24T08:33:18+00:00\",\"author\":{\"@id\":\"https:\/\/www.visit-ulcinj.com\/blog\/#\/schema\/person\/dcab619c614d3038751c63bc2aadc06d\"},\"description\":\"Data, 23.02.2016 Kumtes\u00eb p\u00ebr opinion T\u00eb nderuar qytetar\u00eb, Si kryetar legjitim i Kuvendit Komunal Ulqin, e ndiej obligim t\u00eb njoftoj opinionin e gj\u00ebr\u00eb p\u00ebr\",\"breadcrumb\":{\"@id\":\"https:\/\/www.visit-ulcinj.com\/blog\/2016\/02\/23\/haxhibeti-vendimet-e-gjekes-ne-kundershtim-ligjin\/#breadcrumb\"},\"inLanguage\":\"en-US\",\"potentialAction\":[{\"@type\":\"ReadAction\",\"target\":[\"https:\/\/www.visit-ulcinj.com\/blog\/2016\/02\/23\/haxhibeti-vendimet-e-gjekes-ne-kundershtim-ligjin\/\"]}]},{\"@type\":\"BreadcrumbList\",\"@id\":\"https:\/\/www.visit-ulcinj.com\/blog\/2016\/02\/23\/haxhibeti-vendimet-e-gjekes-ne-kundershtim-ligjin\/#breadcrumb\",\"itemListElement\":[{\"@type\":\"ListItem\",\"position\":1,\"name\":\"Haxhibeti: Vendimet e Gjek\u00ebs n\u00eb kund\u00ebrshtim me ligjin &#8211; Video\"}]},{\"@type\":\"Person\",\"@id\":\"https:\/\/www.visit-ulcinj.com\/blog\/#\/schema\/person\/dcab619c614d3038751c63bc2aadc06d\",\"name\":\"ulqini\",\"sameAs\":[\"http:\/\/www.visit-ulcinj.com\"],\"url\":\"https:\/\/www.visit-ulcinj.com\/blog\/author\/admin\/\"}]}<\/script>\n<!-- \/ Yoast SEO plugin. -->","yoast_head_json":{"title":"Haxhibeti: Vendimet e Gjek\u00ebs n\u00eb kund\u00ebrshtim me ligjin - Video - Lajme nga Ulqini","description":"Data, 23.02.2016 Kumtes\u00eb p\u00ebr opinion T\u00eb nderuar qytetar\u00eb, Si kryetar legjitim i Kuvendit Komunal Ulqin, e ndiej obligim t\u00eb njoftoj opinionin e gj\u00ebr\u00eb p\u00ebr","robots":{"index":"index","follow":"follow","max-snippet":"max-snippet:-1","max-image-preview":"max-image-preview:large","max-video-preview":"max-video-preview:-1"},"canonical":"https:\/\/www.visit-ulcinj.com\/blog\/2016\/02\/23\/haxhibeti-vendimet-e-gjekes-ne-kundershtim-ligjin\/","og_locale":"en_US","og_type":"article","og_title":"Haxhibeti: Vendimet e Gjek\u00ebs n\u00eb kund\u00ebrshtim me ligjin - Video - Lajme nga Ulqini","og_description":"Data, 23.02.2016 Kumtes\u00eb p\u00ebr opinion T\u00eb nderuar qytetar\u00eb, Si kryetar legjitim i Kuvendit Komunal Ulqin, e ndiej obligim t\u00eb njoftoj opinionin e gj\u00ebr\u00eb p\u00ebr","og_url":"https:\/\/www.visit-ulcinj.com\/blog\/2016\/02\/23\/haxhibeti-vendimet-e-gjekes-ne-kundershtim-ligjin\/","og_site_name":"Lajme nga Ulqini","article_published_time":"2016-02-23T18:12:36+00:00","article_modified_time":"2016-02-24T08:33:18+00:00","twitter_misc":{"Written by":"ulqini","Est. reading time":"2 minutes"},"schema":{"@context":"https:\/\/schema.org","@graph":[{"@type":"WebSite","@id":"https:\/\/www.visit-ulcinj.com\/blog\/#website","url":"https:\/\/www.visit-ulcinj.com\/blog\/","name":"Lajme nga Ulqini","description":"Lajme,Vijesti,Ulqini,Ulqin,Crna Gora,Mali i Zi","potentialAction":[{"@type":"SearchAction","target":{"@type":"EntryPoint","urlTemplate":"https:\/\/www.visit-ulcinj.com\/blog\/?s={search_term_string}"},"query-input":"required name=search_term_string"}],"inLanguage":"en-US"},{"@type":"WebPage","@id":"https:\/\/www.visit-ulcinj.com\/blog\/2016\/02\/23\/haxhibeti-vendimet-e-gjekes-ne-kundershtim-ligjin\/#webpage","url":"https:\/\/www.visit-ulcinj.com\/blog\/2016\/02\/23\/haxhibeti-vendimet-e-gjekes-ne-kundershtim-ligjin\/","name":"Haxhibeti: Vendimet e Gjek\u00ebs n\u00eb kund\u00ebrshtim me ligjin - Video - Lajme nga Ulqini","isPartOf":{"@id":"https:\/\/www.visit-ulcinj.com\/blog\/#website"},"datePublished":"2016-02-23T18:12:36+00:00","dateModified":"2016-02-24T08:33:18+00:00","author":{"@id":"https:\/\/www.visit-ulcinj.com\/blog\/#\/schema\/person\/dcab619c614d3038751c63bc2aadc06d"},"description":"Data, 23.02.2016 Kumtes\u00eb p\u00ebr opinion T\u00eb nderuar qytetar\u00eb, Si kryetar legjitim i Kuvendit Komunal Ulqin, e ndiej obligim t\u00eb njoftoj opinionin e gj\u00ebr\u00eb p\u00ebr","breadcrumb":{"@id":"https:\/\/www.visit-ulcinj.com\/blog\/2016\/02\/23\/haxhibeti-vendimet-e-gjekes-ne-kundershtim-ligjin\/#breadcrumb"},"inLanguage":"en-US","potentialAction":[{"@type":"ReadAction","target":["https:\/\/www.visit-ulcinj.com\/blog\/2016\/02\/23\/haxhibeti-vendimet-e-gjekes-ne-kundershtim-ligjin\/"]}]},{"@type":"BreadcrumbList","@id":"https:\/\/www.visit-ulcinj.com\/blog\/2016\/02\/23\/haxhibeti-vendimet-e-gjekes-ne-kundershtim-ligjin\/#breadcrumb","itemListElement":[{"@type":"ListItem","position":1,"name":"Haxhibeti: Vendimet e Gjek\u00ebs n\u00eb kund\u00ebrshtim me ligjin &#8211; Video"}]},{"@type":"Person","@id":"https:\/\/www.visit-ulcinj.com\/blog\/#\/schema\/person\/dcab619c614d3038751c63bc2aadc06d","name":"ulqini","sameAs":["http:\/\/www.visit-ulcinj.com"],"url":"https:\/\/www.visit-ulcinj.com\/blog\/author\/admin\/"}]}},"jetpack_featured_media_url":"","jetpack_sharing_enabled":true,"jetpack_shortlink":"https:\/\/wp.me\/pe6lTn-oGt","_links":{"self":[{"href":"https:\/\/www.visit-ulcinj.com\/blog\/wp-json\/wp\/v2\/posts\/94889"}],"collection":[{"href":"https:\/\/www.visit-ulcinj.com\/blog\/wp-json\/wp\/v2\/posts"}],"about":[{"href":"https:\/\/www.visit-ulcinj.com\/blog\/wp-json\/wp\/v2\/types\/post"}],"author":[{"embeddable":true,"href":"https:\/\/www.visit-ulcinj.com\/blog\/wp-json\/wp\/v2\/users\/1"}],"replies":[{"embeddable":true,"href":"https:\/\/www.visit-ulcinj.com\/blog\/wp-json\/wp\/v2\/comments?post=94889"}],"version-history":[{"count":3,"href":"https:\/\/www.visit-ulcinj.com\/blog\/wp-json\/wp\/v2\/posts\/94889\/revisions"}],"predecessor-version":[{"id":94911,"href":"https:\/\/www.visit-ulcinj.com\/blog\/wp-json\/wp\/v2\/posts\/94889\/revisions\/94911"}],"wp:attachment":[{"href":"https:\/\/www.visit-ulcinj.com\/blog\/wp-json\/wp\/v2\/media?parent=94889"}],"wp:term":[{"taxonomy":"category","embeddable":true,"href":"https:\/\/www.visit-ulcinj.com\/blog\/wp-json\/wp\/v2\/categories?post=94889"},{"taxonomy":"post_tag","embeddable":true,"href":"https:\/\/www.visit-ulcinj.com\/blog\/wp-json\/wp\/v2\/tags?post=94889"}],"curies":[{"name":"wp","href":"https:\/\/api.w.org\/{rel}","templated":true}]}}