{"id":94897,"date":"2016-02-23T20:55:37","date_gmt":"2016-02-23T19:55:37","guid":{"rendered":"http:\/\/www.visit-ulcinj.com\/blog\/?p=94897"},"modified":"2016-02-23T20:55:37","modified_gmt":"2016-02-23T19:55:37","slug":"abazoviq-pervec-dialogut-te-shfrytezohen-edhe-mundesite-tjera","status":"publish","type":"post","link":"https:\/\/www.visit-ulcinj.com\/blog\/2016\/02\/23\/abazoviq-pervec-dialogut-te-shfrytezohen-edhe-mundesite-tjera\/","title":{"rendered":"Abazoviq: P\u00ebrve\u00e7 dialogut t\u00eb shfryt\u00ebzohen edhe mund\u00ebsit\u00eb tjera"},"content":{"rendered":"<p><a href=\"http:\/\/www.visit-ulcinj.com\/blog\/wp-content\/uploads\/2016\/02\/Dritan-Abazovic-.jpg\"><img loading=\"lazy\" class=\"alignleft wp-image-94698\" src=\"http:\/\/www.visit-ulcinj.com\/blog\/wp-content\/uploads\/2016\/02\/Dritan-Abazovic-.jpg\" alt=\"Dritan-Abazovic-\" width=\"508\" height=\"338\" srcset=\"https:\/\/www.visit-ulcinj.com\/blog\/wp-content\/uploads\/2016\/02\/Dritan-Abazovic-.jpg 548w, https:\/\/www.visit-ulcinj.com\/blog\/wp-content\/uploads\/2016\/02\/Dritan-Abazovic--300x200.jpg 300w\" sizes=\"(max-width: 508px) 100vw, 508px\" \/><\/a>Opozita duhet t\u00eb vazhdoj\u00eb luft\u00ebn p\u00ebr zgjedhje t\u00eb lira dhe t\u00eb ndershme, q\u00eb do t\u00eb thot\u00eb krahas gatishm\u00ebris\u00eb p\u00ebr dialog duhet t\u00eb nd\u00ebrmarr edhe aktivitetet tjera, si\u00e7 \u00ebsht\u00eb organizimi i protestave , konsideron n\u00ebnkryetari i L\u00ebvizjes qytetare URA, Dritan Abazoviq.<\/p>\n<p>Ai, si\u00e7 ka vler\u00ebsuar , thekson se PDS edhe nj\u00ebher\u00eb ka demonstruar sjelljen e vet\u00eb antievropiane dhe p\u00ebrmes grupeve t\u00eb veta t\u00eb interesit\u00a0 t\u00eb cilat politikisht e rrethojn\u00eb, e ka rr\u00ebnuar dialogun .<\/p>\n<p>Abazoviq , po ashtu ka theksuar se opozita nuk ka tentuar marrjen e servisit publik\u00eb dhe agjencin\u00eb p\u00ebr sigurin\u00eb nacionale t\u00eb cilat , si\u00e7 thekson ai , PDS i kontrollon dhe i keqp\u00ebrdor 25 vite t\u00eb plota, por plot\u00ebsisht t\u00eb kund\u00ebrt\u00ebn profesionalizmin.<\/p>\n<p>TVCG<\/p>\n","protected":false},"excerpt":{"rendered":"<p>Opozita duhet t\u00eb vazhdoj\u00eb luft\u00ebn p\u00ebr zgjedhje t\u00eb lira dhe t\u00eb ndershme, q\u00eb do t\u00eb thot\u00eb krahas gatishm\u00ebris\u00eb p\u00ebr dialog duhet t\u00eb nd\u00ebrmarr edhe aktivitetet tjera, si\u00e7 \u00ebsht\u00eb organizimi i protestave , konsideron n\u00ebnkryetari i L\u00ebvizjes qytetare URA, Dritan Abazoviq. Ai, si\u00e7 ka vler\u00ebsuar , thekson se PDS edhe nj\u00ebher\u00eb ka demonstruar sjelljen e vet\u00eb [&hellip;]<\/p>\n","protected":false},"author":1,"featured_media":0,"comment_status":"closed","ping_status":"closed","sticky":false,"template":"","format":"standard","meta":{"spay_email":"","jetpack_publicize_message":"","jetpack_is_tweetstorm":false,"jetpack_publicize_feature_enabled":true},"categories":[1],"tags":[],"jetpack_publicize_connections":[],"yoast_head":"<!-- This site is optimized with the Yoast SEO plugin v19.1 - https:\/\/yoast.com\/wordpress\/plugins\/seo\/ -->\n<title>Abazoviq: P\u00ebrve\u00e7 dialogut t\u00eb shfryt\u00ebzohen edhe mund\u00ebsit\u00eb tjera - Lajme nga Ulqini<\/title>\n<meta name=\"description\" content=\"Opozita duhet t\u00eb vazhdoj\u00eb luft\u00ebn p\u00ebr zgjedhje t\u00eb lira dhe t\u00eb ndershme, q\u00eb do t\u00eb thot\u00eb krahas gatishm\u00ebris\u00eb p\u00ebr dialog duhet t\u00eb nd\u00ebrmarr edhe aktivitetet\" \/>\n<meta name=\"robots\" content=\"index, follow, max-snippet:-1, max-image-preview:large, max-video-preview:-1\" \/>\n<link rel=\"canonical\" href=\"https:\/\/www.visit-ulcinj.com\/blog\/2016\/02\/23\/abazoviq-pervec-dialogut-te-shfrytezohen-edhe-mundesite-tjera\/\" \/>\n<meta property=\"og:locale\" content=\"en_US\" \/>\n<meta property=\"og:type\" content=\"article\" \/>\n<meta property=\"og:title\" content=\"Abazoviq: P\u00ebrve\u00e7 dialogut t\u00eb shfryt\u00ebzohen edhe mund\u00ebsit\u00eb tjera - Lajme nga Ulqini\" \/>\n<meta property=\"og:description\" content=\"Opozita duhet t\u00eb vazhdoj\u00eb luft\u00ebn p\u00ebr zgjedhje t\u00eb lira dhe t\u00eb ndershme, q\u00eb do t\u00eb thot\u00eb krahas gatishm\u00ebris\u00eb p\u00ebr dialog duhet t\u00eb nd\u00ebrmarr edhe aktivitetet\" \/>\n<meta property=\"og:url\" content=\"https:\/\/www.visit-ulcinj.com\/blog\/2016\/02\/23\/abazoviq-pervec-dialogut-te-shfrytezohen-edhe-mundesite-tjera\/\" \/>\n<meta property=\"og:site_name\" content=\"Lajme nga Ulqini\" \/>\n<meta property=\"article:published_time\" content=\"2016-02-23T19:55:37+00:00\" \/>\n<meta property=\"og:image\" content=\"http:\/\/www.visit-ulcinj.com\/blog\/wp-content\/uploads\/2016\/02\/Dritan-Abazovic-.jpg\" \/>\n<meta name=\"twitter:label1\" content=\"Written by\" \/>\n\t<meta name=\"twitter:data1\" content=\"ulqini\" \/>\n\t<meta name=\"twitter:label2\" content=\"Est. reading time\" \/>\n\t<meta name=\"twitter:data2\" content=\"1 minute\" \/>\n<script type=\"application\/ld+json\" class=\"yoast-schema-graph\">{\"@context\":\"https:\/\/schema.org\",\"@graph\":[{\"@type\":\"WebSite\",\"@id\":\"https:\/\/www.visit-ulcinj.com\/blog\/#website\",\"url\":\"https:\/\/www.visit-ulcinj.com\/blog\/\",\"name\":\"Lajme nga Ulqini\",\"description\":\"Lajme,Vijesti,Ulqini,Ulqin,Crna Gora,Mali i Zi\",\"potentialAction\":[{\"@type\":\"SearchAction\",\"target\":{\"@type\":\"EntryPoint\",\"urlTemplate\":\"https:\/\/www.visit-ulcinj.com\/blog\/?s={search_term_string}\"},\"query-input\":\"required name=search_term_string\"}],\"inLanguage\":\"en-US\"},{\"@type\":\"ImageObject\",\"inLanguage\":\"en-US\",\"@id\":\"https:\/\/www.visit-ulcinj.com\/blog\/2016\/02\/23\/abazoviq-pervec-dialogut-te-shfrytezohen-edhe-mundesite-tjera\/#primaryimage\",\"url\":\"https:\/\/www.visit-ulcinj.com\/blog\/wp-content\/uploads\/2016\/02\/Dritan-Abazovic-.jpg\",\"contentUrl\":\"https:\/\/www.visit-ulcinj.com\/blog\/wp-content\/uploads\/2016\/02\/Dritan-Abazovic-.jpg\",\"width\":548,\"height\":365},{\"@type\":\"WebPage\",\"@id\":\"https:\/\/www.visit-ulcinj.com\/blog\/2016\/02\/23\/abazoviq-pervec-dialogut-te-shfrytezohen-edhe-mundesite-tjera\/#webpage\",\"url\":\"https:\/\/www.visit-ulcinj.com\/blog\/2016\/02\/23\/abazoviq-pervec-dialogut-te-shfrytezohen-edhe-mundesite-tjera\/\",\"name\":\"Abazoviq: P\u00ebrve\u00e7 dialogut t\u00eb shfryt\u00ebzohen edhe mund\u00ebsit\u00eb tjera - Lajme nga Ulqini\",\"isPartOf\":{\"@id\":\"https:\/\/www.visit-ulcinj.com\/blog\/#website\"},\"primaryImageOfPage\":{\"@id\":\"https:\/\/www.visit-ulcinj.com\/blog\/2016\/02\/23\/abazoviq-pervec-dialogut-te-shfrytezohen-edhe-mundesite-tjera\/#primaryimage\"},\"datePublished\":\"2016-02-23T19:55:37+00:00\",\"dateModified\":\"2016-02-23T19:55:37+00:00\",\"author\":{\"@id\":\"https:\/\/www.visit-ulcinj.com\/blog\/#\/schema\/person\/dcab619c614d3038751c63bc2aadc06d\"},\"description\":\"Opozita duhet t\u00eb vazhdoj\u00eb luft\u00ebn p\u00ebr zgjedhje t\u00eb lira dhe t\u00eb ndershme, q\u00eb do t\u00eb thot\u00eb krahas gatishm\u00ebris\u00eb p\u00ebr dialog duhet t\u00eb nd\u00ebrmarr edhe aktivitetet\",\"breadcrumb\":{\"@id\":\"https:\/\/www.visit-ulcinj.com\/blog\/2016\/02\/23\/abazoviq-pervec-dialogut-te-shfrytezohen-edhe-mundesite-tjera\/#breadcrumb\"},\"inLanguage\":\"en-US\",\"potentialAction\":[{\"@type\":\"ReadAction\",\"target\":[\"https:\/\/www.visit-ulcinj.com\/blog\/2016\/02\/23\/abazoviq-pervec-dialogut-te-shfrytezohen-edhe-mundesite-tjera\/\"]}]},{\"@type\":\"BreadcrumbList\",\"@id\":\"https:\/\/www.visit-ulcinj.com\/blog\/2016\/02\/23\/abazoviq-pervec-dialogut-te-shfrytezohen-edhe-mundesite-tjera\/#breadcrumb\",\"itemListElement\":[{\"@type\":\"ListItem\",\"position\":1,\"name\":\"Abazoviq: P\u00ebrve\u00e7 dialogut t\u00eb shfryt\u00ebzohen edhe mund\u00ebsit\u00eb tjera\"}]},{\"@type\":\"Person\",\"@id\":\"https:\/\/www.visit-ulcinj.com\/blog\/#\/schema\/person\/dcab619c614d3038751c63bc2aadc06d\",\"name\":\"ulqini\",\"sameAs\":[\"http:\/\/www.visit-ulcinj.com\"],\"url\":\"https:\/\/www.visit-ulcinj.com\/blog\/author\/admin\/\"}]}<\/script>\n<!-- \/ Yoast SEO plugin. -->","yoast_head_json":{"title":"Abazoviq: P\u00ebrve\u00e7 dialogut t\u00eb shfryt\u00ebzohen edhe mund\u00ebsit\u00eb tjera - Lajme nga Ulqini","description":"Opozita duhet t\u00eb vazhdoj\u00eb luft\u00ebn p\u00ebr zgjedhje t\u00eb lira dhe t\u00eb ndershme, q\u00eb do t\u00eb thot\u00eb krahas gatishm\u00ebris\u00eb p\u00ebr dialog duhet t\u00eb nd\u00ebrmarr edhe aktivitetet","robots":{"index":"index","follow":"follow","max-snippet":"max-snippet:-1","max-image-preview":"max-image-preview:large","max-video-preview":"max-video-preview:-1"},"canonical":"https:\/\/www.visit-ulcinj.com\/blog\/2016\/02\/23\/abazoviq-pervec-dialogut-te-shfrytezohen-edhe-mundesite-tjera\/","og_locale":"en_US","og_type":"article","og_title":"Abazoviq: P\u00ebrve\u00e7 dialogut t\u00eb shfryt\u00ebzohen edhe mund\u00ebsit\u00eb tjera - Lajme nga Ulqini","og_description":"Opozita duhet t\u00eb vazhdoj\u00eb luft\u00ebn p\u00ebr zgjedhje t\u00eb lira dhe t\u00eb ndershme, q\u00eb do t\u00eb thot\u00eb krahas gatishm\u00ebris\u00eb p\u00ebr dialog duhet t\u00eb nd\u00ebrmarr edhe aktivitetet","og_url":"https:\/\/www.visit-ulcinj.com\/blog\/2016\/02\/23\/abazoviq-pervec-dialogut-te-shfrytezohen-edhe-mundesite-tjera\/","og_site_name":"Lajme nga Ulqini","article_published_time":"2016-02-23T19:55:37+00:00","og_image":[{"url":"http:\/\/www.visit-ulcinj.com\/blog\/wp-content\/uploads\/2016\/02\/Dritan-Abazovic-.jpg"}],"twitter_misc":{"Written by":"ulqini","Est. reading time":"1 minute"},"schema":{"@context":"https:\/\/schema.org","@graph":[{"@type":"WebSite","@id":"https:\/\/www.visit-ulcinj.com\/blog\/#website","url":"https:\/\/www.visit-ulcinj.com\/blog\/","name":"Lajme nga Ulqini","description":"Lajme,Vijesti,Ulqini,Ulqin,Crna Gora,Mali i Zi","potentialAction":[{"@type":"SearchAction","target":{"@type":"EntryPoint","urlTemplate":"https:\/\/www.visit-ulcinj.com\/blog\/?s={search_term_string}"},"query-input":"required name=search_term_string"}],"inLanguage":"en-US"},{"@type":"ImageObject","inLanguage":"en-US","@id":"https:\/\/www.visit-ulcinj.com\/blog\/2016\/02\/23\/abazoviq-pervec-dialogut-te-shfrytezohen-edhe-mundesite-tjera\/#primaryimage","url":"https:\/\/www.visit-ulcinj.com\/blog\/wp-content\/uploads\/2016\/02\/Dritan-Abazovic-.jpg","contentUrl":"https:\/\/www.visit-ulcinj.com\/blog\/wp-content\/uploads\/2016\/02\/Dritan-Abazovic-.jpg","width":548,"height":365},{"@type":"WebPage","@id":"https:\/\/www.visit-ulcinj.com\/blog\/2016\/02\/23\/abazoviq-pervec-dialogut-te-shfrytezohen-edhe-mundesite-tjera\/#webpage","url":"https:\/\/www.visit-ulcinj.com\/blog\/2016\/02\/23\/abazoviq-pervec-dialogut-te-shfrytezohen-edhe-mundesite-tjera\/","name":"Abazoviq: P\u00ebrve\u00e7 dialogut t\u00eb shfryt\u00ebzohen edhe mund\u00ebsit\u00eb tjera - Lajme nga Ulqini","isPartOf":{"@id":"https:\/\/www.visit-ulcinj.com\/blog\/#website"},"primaryImageOfPage":{"@id":"https:\/\/www.visit-ulcinj.com\/blog\/2016\/02\/23\/abazoviq-pervec-dialogut-te-shfrytezohen-edhe-mundesite-tjera\/#primaryimage"},"datePublished":"2016-02-23T19:55:37+00:00","dateModified":"2016-02-23T19:55:37+00:00","author":{"@id":"https:\/\/www.visit-ulcinj.com\/blog\/#\/schema\/person\/dcab619c614d3038751c63bc2aadc06d"},"description":"Opozita duhet t\u00eb vazhdoj\u00eb luft\u00ebn p\u00ebr zgjedhje t\u00eb lira dhe t\u00eb ndershme, q\u00eb do t\u00eb thot\u00eb krahas gatishm\u00ebris\u00eb p\u00ebr dialog duhet t\u00eb nd\u00ebrmarr edhe aktivitetet","breadcrumb":{"@id":"https:\/\/www.visit-ulcinj.com\/blog\/2016\/02\/23\/abazoviq-pervec-dialogut-te-shfrytezohen-edhe-mundesite-tjera\/#breadcrumb"},"inLanguage":"en-US","potentialAction":[{"@type":"ReadAction","target":["https:\/\/www.visit-ulcinj.com\/blog\/2016\/02\/23\/abazoviq-pervec-dialogut-te-shfrytezohen-edhe-mundesite-tjera\/"]}]},{"@type":"BreadcrumbList","@id":"https:\/\/www.visit-ulcinj.com\/blog\/2016\/02\/23\/abazoviq-pervec-dialogut-te-shfrytezohen-edhe-mundesite-tjera\/#breadcrumb","itemListElement":[{"@type":"ListItem","position":1,"name":"Abazoviq: P\u00ebrve\u00e7 dialogut t\u00eb shfryt\u00ebzohen edhe mund\u00ebsit\u00eb tjera"}]},{"@type":"Person","@id":"https:\/\/www.visit-ulcinj.com\/blog\/#\/schema\/person\/dcab619c614d3038751c63bc2aadc06d","name":"ulqini","sameAs":["http:\/\/www.visit-ulcinj.com"],"url":"https:\/\/www.visit-ulcinj.com\/blog\/author\/admin\/"}]}},"jetpack_featured_media_url":"","jetpack_sharing_enabled":true,"jetpack_shortlink":"https:\/\/wp.me\/pe6lTn-oGB","_links":{"self":[{"href":"https:\/\/www.visit-ulcinj.com\/blog\/wp-json\/wp\/v2\/posts\/94897"}],"collection":[{"href":"https:\/\/www.visit-ulcinj.com\/blog\/wp-json\/wp\/v2\/posts"}],"about":[{"href":"https:\/\/www.visit-ulcinj.com\/blog\/wp-json\/wp\/v2\/types\/post"}],"author":[{"embeddable":true,"href":"https:\/\/www.visit-ulcinj.com\/blog\/wp-json\/wp\/v2\/users\/1"}],"replies":[{"embeddable":true,"href":"https:\/\/www.visit-ulcinj.com\/blog\/wp-json\/wp\/v2\/comments?post=94897"}],"version-history":[{"count":1,"href":"https:\/\/www.visit-ulcinj.com\/blog\/wp-json\/wp\/v2\/posts\/94897\/revisions"}],"predecessor-version":[{"id":94898,"href":"https:\/\/www.visit-ulcinj.com\/blog\/wp-json\/wp\/v2\/posts\/94897\/revisions\/94898"}],"wp:attachment":[{"href":"https:\/\/www.visit-ulcinj.com\/blog\/wp-json\/wp\/v2\/media?parent=94897"}],"wp:term":[{"taxonomy":"category","embeddable":true,"href":"https:\/\/www.visit-ulcinj.com\/blog\/wp-json\/wp\/v2\/categories?post=94897"},{"taxonomy":"post_tag","embeddable":true,"href":"https:\/\/www.visit-ulcinj.com\/blog\/wp-json\/wp\/v2\/tags?post=94897"}],"curies":[{"name":"wp","href":"https:\/\/api.w.org\/{rel}","templated":true}]}}