{"id":94912,"date":"2016-02-24T13:26:33","date_gmt":"2016-02-24T12:26:33","guid":{"rendered":"http:\/\/www.visit-ulcinj.com\/blog\/?p=94912"},"modified":"2016-02-24T13:28:21","modified_gmt":"2016-02-24T12:28:21","slug":"nika-keshilli-kombetar-shqiptar-dhe-bardhi-te-ngrisin-dhe-te-mbrojne-flamurin-ose-ii","status":"publish","type":"post","link":"https:\/\/www.visit-ulcinj.com\/blog\/2016\/02\/24\/nika-keshilli-kombetar-shqiptar-dhe-bardhi-te-ngrisin-dhe-te-mbrojne-flamurin-ose-ii\/","title":{"rendered":"Nika: K\u00ebshilli Komb\u00ebtar Shqiptar dhe Bardhi; T\u00eb ngrisin dhe t\u00eb mbrojn\u00eb flamurin ose\u2026?!!! (II)"},"content":{"rendered":"<p><a href=\"http:\/\/www.visit-ulcinj.com\/blog\/wp-content\/uploads\/2016\/02\/Sulmohet-zyra-e-LD-n\u00eb-MZ-s\u00eb-n\u00eb-Ulqin-Mehmet-Bardhi-Ulqin-1.jpg\"><img loading=\"lazy\" class=\"alignleft wp-image-94581\" src=\"http:\/\/www.visit-ulcinj.com\/blog\/wp-content\/uploads\/2016\/02\/Sulmohet-zyra-e-LD-n\u00eb-MZ-s\u00eb-n\u00eb-Ulqin-Mehmet-Bardhi-Ulqin-1.jpg\" alt=\"Sulmohet zyra e LD n\u00eb MZ-s\u00eb n\u00eb Ulqin - Mehmet-Bardhi-Ulqin-1\" width=\"508\" height=\"532\" srcset=\"https:\/\/www.visit-ulcinj.com\/blog\/wp-content\/uploads\/2016\/02\/Sulmohet-zyra-e-LD-n\u00eb-MZ-s\u00eb-n\u00eb-Ulqin-Mehmet-Bardhi-Ulqin-1.jpg 478w, https:\/\/www.visit-ulcinj.com\/blog\/wp-content\/uploads\/2016\/02\/Sulmohet-zyra-e-LD-n\u00eb-MZ-s\u00eb-n\u00eb-Ulqin-Mehmet-Bardhi-Ulqin-1-286x300.jpg 286w\" sizes=\"(max-width: 508px) 100vw, 508px\" \/><\/a>\u201c<strong><em>KUSHTRIMI P\u00cbR MBROJRTJEN E FLAMURIT\u201d- N\u00cb ULQIN<\/em><\/strong><\/p>\n<p><strong><em>Po t\u00eb shikojm\u00eb k\u00ebt\u00eb shkrim t\u00eb huazuar nga libri i Gjek\u00eb Gjonajt , me titullin e p\u00ebrmendur shohim se autori nuk ka mundur ti ik fjal\u00ebs- KUSHTRIM , q\u00eb gjuh\u00ebsisht del si kompozit\u00eb e dale \u2013 kush \u00ebsht\u00eb trim?! Dhe p\u00ebr t\u00eb kuptuar k\u00ebt\u00eb, se kush ishin trimat e mbrojtjes s\u00eb Flamurit . poshtojm\u00eb at\u00eb q\u00eb Gjeka shkroi n\u00eb lib\u00ebr:<\/em><\/strong><\/p>\n<p>\u201cDit\u00ebt e fundit t\u00eb prillit t\u00eb vitit 1968\u00a0 p\u00ebr Ulqinin mbeten t\u00eb sh\u00ebnuara si ngjarje madhore t\u00eb k\u00ebtij qyteti. Pik\u00ebrisht ato dit\u00eb u ngrit\u00eb flamuri kuq e zi p\u00ebr t\u00eb cilin ishin burgosur shum\u00eb\u00a0 njer\u00ebz patriot\u00eb t\u00eb k\u00ebsaj\u00a0\u00a0 komun\u00eb dhe t\u00eb gjitha trevave tjera shqiptare n\u00eb\u00a0 Malin e Zi.<br \/>\nVeprimtari i shquar i \u00e7\u00ebshtjes komb\u00ebtare , patrioti,\u00a0 ish i burgosuri politik, prof.doktor Bahri Brisku, i cili kaloi disa vite n\u00eb burgjet famkeqe t\u00eb sistemit barbar serbosllav,\u00a0 n\u00eb rr\u00ebfimin e tij sqaron\u00a0\u00a0\u00a0 se \u00e7far\u00eb ndodhi me k\u00ebt\u00eb rast.<br \/>\n\u201c Nat\u00ebn e 30 prillit t\u00eb vitit 1968\u00a0 nj\u00eb grup qytetar\u00ebsh patriot\u00eb organizuan n\u00eb Ulqin nj\u00eb tubim\u00a0\u00a0 ( kushtrim) p\u00ebr mbrojtjen e flamujve shqiptar\u00eb, t\u00eb cil\u00ebt\u00a0 i kishim vendosur\u00a0 at\u00eb dit\u00eb, n\u00eb\u00a0 disa objekte e dyqane private n\u00eb\u00a0 qytet.\u00a0\u00a0 T\u00eb gjith\u00eb ishim t\u00eb bindur se heqjen e flamujve e kishte organizuar policia e asaj koh\u00eb, e\u00a0 bindur se ne nuk do t\u2019i rivendosim.\u00a0 T\u00eb pak\u00ebnaqur me k\u00ebt\u00eb veprim t\u00eb policis\u00eb ne\u00a0 v\u00ebndos\u00ebm q\u00eb\u00a0 flamujt komb\u00ebtar\u00eb t\u2019i\u00a0\u00a0 ngrisim\u00a0 p\u00ebrs\u00ebri\u00a0\u00a0 n\u00eb t\u00eb gjitha pjes\u00ebt e qytetit. Flamurin n\u00eb Kala ( Qytetin e\u00a0 Vjet\u00ebr)\u00a0 e ngrit\u00ebn\u00a0 pa r\u00ebn\u00eb terri Jakup\u00a0Nimanbegu dhe Zyhti Misheri,kurse n\u00eb Kull\u00ebn e Sahatit e v\u00ebndos\u00ebn Hasan Bojku dhe Qemal Dervishi. Duke qen\u00eb t\u00eb bindur se\u00a0 pushtetar\u00ebt e asaj koh\u00eb do t\u00eb b\u00ebjn\u00eb\u00a0\u00a0 gjith\u00e7ka t\u00eb munden\u00a0 q\u00eb flamujt t\u2019i hjekin p\u00ebr\u00ebsri\u00a0\u00a0 ne v\u00ebndos\u00ebm q\u00eb t\u2019i ruajm\u00eb flamujt \u00e7do nat\u00eb.P\u00ebr k\u00ebt\u00eb q\u00ebllim u ftuan persona t\u00eb zgjedhur nga rrethi i Ulqinit,\u00a0 t\u00eb gjith\u00eb t\u00eb armatosur\u201d,thot\u00eb Brisku.<\/p>\n<p><strong> Taktika e policis\u00eb<\/strong><\/p>\n<p>Policia, si\u00e7 rr\u00ebfen Brisku,\u00a0\u00a0 p\u00ebr t\u2019ia\u00a0 arritur q\u00ebllimit\u00a0 t\u00eb\u00a0 vet \u2013 heqjen e flamujve shqiptar\u00eb nga\u00a0\u00a0 objektet\u00a0 ku ishin vendosur, p\u00ebrdori nj\u00eb\u00a0 taktik\u00eb t\u00eb re, t\u00eb papritshme\u00a0 dhe befasuese.\u00a0 \u201c Ajo\u00a0 msheftazi kishte ftuar Komand\u00ebn e ushtris\u00eb s\u00eb Tivarit, q\u00eb t\u00eb\u00a0 marr\u00eb masa ndaj popullat\u00ebs shqiptare\u00a0 t\u00eb Ulqinit e cila \u201c po\u00a0 kryente\u00a0 disa veprime kund\u00ebr pushtetit\u201d. Rreth or\u00ebs dy pasmesnate erdhi\u00a0 n\u00eb Ulqin nj\u00eb major ( p\u00ebr t\u00eb\u00a0cilin von\u00eb m\u00ebsova nga nj\u00eb tivaras se\u00a0 quhej Beqir Husenbegoviq,i komb\u00ebsis\u00eb boshnjake)\u00a0 me dy ushtar\u00eb.\u00a0 Un\u00eb\u00a0 bashk\u00eb me\u00a0 an\u00ebtar\u00ebt e grupit mbikqyr\u00ebs\u00a0 t\u00eb k\u00ebtij tubimi protestues Elez Nikeziqi, Hasan Bojku, Esat Shkodra dhe\u00a0 Selatin Bajraktari ishim vendosur n\u00eb katin e dyt\u00eb t\u00eb nj\u00eb dyqani te\u00a0 Rrethi i sotsh\u00ebm.<\/p>\n<p><strong>Biseda me majorin e Ushtris\u00eb Jugosllave<\/strong><\/p>\n<p>Pas nj\u00eb bisede t\u00eb shkurt\u00ebr majori m\u00eb drejtohet me k\u00ebto fjal\u00eb:<br \/>\n&#8211;\u00a0\u00a0\u00a0\u00a0 T\u00eb lutem m\u00eb tregoni shkakun e k\u00ebsaj\u00a0 proteste popullore\u00a0\u00a0 n\u00eb Ulqin ?<br \/>\n&#8211;\u00a0\u00a0\u00a0 Qytetar\u00ebt e Ulqinit\u00a0 jan\u00eb t\u00eb shqet\u00ebsuar\u00a0 shum\u00eb p\u00ebr\u00a0 arsye se policia n\u00eb m\u00ebnyr\u00eb t\u00eb padrejt\u00eb,\u00a0 kishte\u00a0 hequr dhe vjedhur flamujt ton\u00eb komb\u00ebtar\u00eb &#8211;\u00a0 u p\u00ebrgjigja.<br \/>\nDhe, p\u00ebr t\u00eb argumentuar fjal\u00ebn time nxora nga\u00a0 xhepi\u00a0\u00a0 gazet\u00ebn e p\u00ebrditshme \u201c Politika\u201d t\u00eb\u00a0Beogradit, ku thuhej qart\u00eb se p\u00ebrdorimi i flamurit t\u00eb pakicave ishte i lir\u00eb n\u00eb krejt Jugosllavin\u00eb.\u00a0 Protestuesit e tjer\u00eb shqiptar\u00eb\u00a0\u00a0 pranuan para majorit se\u00a0\u00a0 at\u00eb nat\u00eb jan\u00eb grumbulluar nj\u00eb num\u00ebr i madh qytetar\u00ebsh\u00a0 t\u00eb armatosur nga Ulqini me rrethin\u00eb\u00a0\u00a0 n\u00eb mbrojte t\u00eb flamujve shqiptar\u00eb . Ata u betuan para majorit se\u00a0 p\u00ebr s\u00eb gjalli nuk do t\u00eb lejojn\u00eb\u00a0 heqjen e flamujve shqiptar\u00eb nga vendet ku i kishin ngritur.<br \/>\n&#8211;\u00a0\u00a0\u00a0\u00a0 Majori me z\u00eb t\u00eb zbutur\u00a0 m\u00eb tha:<br \/>\n&#8211;\u00a0\u00a0\u00a0 A ekziston mund\u00ebsia reale q\u00eb flamujt t\u2019i ken\u00eb hequr dikush tjet\u00ebr, e jo policia ?<br \/>\n&#8211;\u00a0\u00a0\u00a0 \u00cbsht\u00eb e mundur edhe kjo, q\u00eb thoni. Por opinioni publik\u00a0 i k\u00ebtush\u00ebm \u00ebsht\u00eb i bindur se k\u00ebt\u00eb veprim makab\u00ebr , e ka b\u00ebr\u00eb dikush\u00a0 i lidhur ngusht\u00eb me policin\u00eb \u2013 u p\u00ebrgjigja.<br \/>\nPas\u00a0 pak majori\u00a0 k\u00ebrkoi nga un\u00eb q\u00eb\u00a0 t\u00eb shkoj me t\u00eb.\u00a0 Megjith\u00ebq\u00eb e dija se nuk duhet besuar personit n\u00eb uniform\u00eb ,\u00a0\u00a0 pranova.-\u00a0\u00a0\u00a0 Po vij\u00eb me ju,por\u00a0 me vete po i marr\u00eb edhe dy shok\u00eb!- i thash\u00eb<br \/>\n&#8211;\u00a0\u00a0\u00a0 Mir\u00eb, mir\u00eb.Ti merr me vete\u00a0 cilindo q\u00eb d\u00ebshiron \u2013 mu p\u00ebrgjigj majori.<br \/>\nMe vete mora Elez Nikeziqin dhe Selatin Bajraktarin. Majori hypi n\u00eb xhipin e ushtris\u00eb, nd\u00ebrsa un\u00eb dhe shok\u00ebt e mi vazhduam pas tyre me autovetur\u00ebn time.\u00a0\u00a0 Kur mb\u00ebrrit\u00ebm n\u00eb nj\u00eb rrafshin\u00eb aty\u00a0 gjet\u00ebm t\u00eb parkuar dy kamion\u00eb plot me ushtar\u00eb.\u00a0\u00a0\u00a0 Natyrsiht se u shqet\u00ebsuam. Selatini fshehu\u00a0 revolen dhe nj\u00eb\u00a0 bomb\u00eb dore\u00a0 n\u00eb autovetur\u00ebn time. Dol\u00ebm jasht\u00eb.<\/p>\n<p><strong> Pafaj\u00ebsia<\/strong><\/p>\n<p>&#8211;\u00a0\u00a0\u00a0 O, burra!\u00a0 Na falni shum\u00eb q\u00eb ju kemi shqet\u00ebsuar sonte. Mir\u00ebpo ne kishim informacion nga epror\u00ebt e policis\u00eb\u00a0 se\u00a0 situata poltike\u00a0 n\u00eb Ulqin \u00ebsht\u00eb shum\u00eb e r\u00ebnd\u00eb. Ne, tani u bind\u00ebm se nuk \u00ebsht\u00eb ashtu. Ju nuk jeni fajtor\u00eb. Fajtor \u00ebsht\u00eb dikush tjet\u00ebr.\u00a0 Ju\u00a0 vazhdoni t\u00eb ruani qet\u00ebsin\u00eb n\u00eb qytet. Mos bini fli e provokimeve t\u00eb mundshme. Ruani gjakftoht\u00ebsin\u00eb! Sa p\u00ebr flamujt q\u00eb i keni ngritur, ata jan\u00eb t\u00eb lir\u00eb, por mos i keqp\u00ebrdorni. Vazhdoni t\u00eb luftoni p\u00ebr t\u00eb drejtat\u00a0 e juaja\u00a0 \u2013 na tha me dashamir\u00ebsi\u00a0\u00a0 majori, duke na lutur\u00a0 q\u00eb mos t\u00eb tregojm\u00eb se \u00e7far\u00eb fol\u00ebm.\u201d<\/p>\n<p>Nga autor\u00ebt e k\u00ebsaj ngjarjeje, q\u00eb p\u00ebrmend Gjeka, po thuaj se\u00a0 t\u00eb gjith\u00eb kan\u00eb qen\u00eb tep\u00ebr aktive n\u00eb faz\u00ebn e par\u00eb t\u00eb formimit t\u00eb Lidhjes Demokratike n\u00eb mal t\u00eb Zi, e cila paraqiste nj\u00eb rast tep\u00ebr t\u00eb r\u00ebnd\u00ebsish\u00ebm n\u00eb historin\u00eb e zhvillimit t\u00eb shoq\u00ebris\u00eb , kurse Bahriu, bashk\u00eb me Esat Shkodr\u00ebn qen\u00eb edhe t\u00eb denuar p\u00ebr propagand\u00eb armiq\u00ebsore , pas ngjarjeve t\u00eb vitit 1981\u2026.\u201d<\/p>\n<p>&nbsp;<\/p>\n<p>(VAZHDIM &#8211; III)<\/p>\n<p>&nbsp;<\/p>\n<p><strong>Pik\u00ebpamjet e shprehura n\u00eb faqen \u201cOPINIONE\u201d nuk p\u00ebrfaq\u00ebsojn\u00eb domosdoshm\u00ebrisht politik\u00ebn redaksionale t\u00eb \u201eLajmeve nga Ulqini\u201e<\/strong><\/p>\n","protected":false},"excerpt":{"rendered":"<p>\u201cKUSHTRIMI P\u00cbR MBROJRTJEN E FLAMURIT\u201d- N\u00cb ULQIN Po t\u00eb shikojm\u00eb k\u00ebt\u00eb shkrim t\u00eb huazuar nga libri i Gjek\u00eb Gjonajt , me titullin e p\u00ebrmendur shohim se autori nuk ka mundur ti ik fjal\u00ebs- KUSHTRIM , q\u00eb gjuh\u00ebsisht del si kompozit\u00eb e dale \u2013 kush \u00ebsht\u00eb trim?! Dhe p\u00ebr t\u00eb kuptuar k\u00ebt\u00eb, se kush ishin trimat [&hellip;]<\/p>\n","protected":false},"author":1,"featured_media":0,"comment_status":"closed","ping_status":"closed","sticky":false,"template":"","format":"standard","meta":{"spay_email":"","jetpack_publicize_message":"","jetpack_is_tweetstorm":false,"jetpack_publicize_feature_enabled":true},"categories":[14249],"tags":[],"jetpack_publicize_connections":[],"yoast_head":"<!-- This site is optimized with the Yoast SEO plugin v19.1 - https:\/\/yoast.com\/wordpress\/plugins\/seo\/ -->\n<title>Nika: K\u00ebshilli Komb\u00ebtar Shqiptar dhe Bardhi; T\u00eb ngrisin dhe t\u00eb mbrojn\u00eb flamurin ose\u2026?!!! (II) - Lajme nga Ulqini<\/title>\n<meta name=\"description\" content=\"\u201cKUSHTRIMI P\u00cbR MBROJRTJEN E FLAMURIT\u201d- N\u00cb ULQIN Po t\u00eb shikojm\u00eb k\u00ebt\u00eb shkrim t\u00eb huazuar nga libri i Gjek\u00eb Gjonajt , me titullin e p\u00ebrmendur shohim se autori\" \/>\n<meta name=\"robots\" content=\"index, follow, max-snippet:-1, max-image-preview:large, max-video-preview:-1\" \/>\n<link rel=\"canonical\" href=\"https:\/\/www.visit-ulcinj.com\/blog\/2016\/02\/24\/nika-keshilli-kombetar-shqiptar-dhe-bardhi-te-ngrisin-dhe-te-mbrojne-flamurin-ose-ii\/\" \/>\n<meta property=\"og:locale\" content=\"en_US\" \/>\n<meta property=\"og:type\" content=\"article\" \/>\n<meta property=\"og:title\" content=\"Nika: K\u00ebshilli Komb\u00ebtar Shqiptar dhe Bardhi; T\u00eb ngrisin dhe t\u00eb mbrojn\u00eb flamurin ose\u2026?!!! (II) - Lajme nga Ulqini\" \/>\n<meta property=\"og:description\" content=\"\u201cKUSHTRIMI P\u00cbR MBROJRTJEN E FLAMURIT\u201d- N\u00cb ULQIN Po t\u00eb shikojm\u00eb k\u00ebt\u00eb shkrim t\u00eb huazuar nga libri i Gjek\u00eb Gjonajt , me titullin e p\u00ebrmendur shohim se autori\" \/>\n<meta property=\"og:url\" content=\"https:\/\/www.visit-ulcinj.com\/blog\/2016\/02\/24\/nika-keshilli-kombetar-shqiptar-dhe-bardhi-te-ngrisin-dhe-te-mbrojne-flamurin-ose-ii\/\" \/>\n<meta property=\"og:site_name\" content=\"Lajme nga Ulqini\" \/>\n<meta property=\"article:published_time\" content=\"2016-02-24T12:26:33+00:00\" \/>\n<meta property=\"article:modified_time\" content=\"2016-02-24T12:28:21+00:00\" \/>\n<meta name=\"twitter:label1\" content=\"Written by\" \/>\n\t<meta name=\"twitter:data1\" content=\"ulqini\" \/>\n\t<meta name=\"twitter:label2\" content=\"Est. reading time\" \/>\n\t<meta name=\"twitter:data2\" content=\"5 minutes\" \/>\n<script type=\"application\/ld+json\" class=\"yoast-schema-graph\">{\"@context\":\"https:\/\/schema.org\",\"@graph\":[{\"@type\":\"WebSite\",\"@id\":\"https:\/\/www.visit-ulcinj.com\/blog\/#website\",\"url\":\"https:\/\/www.visit-ulcinj.com\/blog\/\",\"name\":\"Lajme nga Ulqini\",\"description\":\"Lajme,Vijesti,Ulqini,Ulqin,Crna Gora,Mali i Zi\",\"potentialAction\":[{\"@type\":\"SearchAction\",\"target\":{\"@type\":\"EntryPoint\",\"urlTemplate\":\"https:\/\/www.visit-ulcinj.com\/blog\/?s={search_term_string}\"},\"query-input\":\"required name=search_term_string\"}],\"inLanguage\":\"en-US\"},{\"@type\":\"WebPage\",\"@id\":\"https:\/\/www.visit-ulcinj.com\/blog\/2016\/02\/24\/nika-keshilli-kombetar-shqiptar-dhe-bardhi-te-ngrisin-dhe-te-mbrojne-flamurin-ose-ii\/#webpage\",\"url\":\"https:\/\/www.visit-ulcinj.com\/blog\/2016\/02\/24\/nika-keshilli-kombetar-shqiptar-dhe-bardhi-te-ngrisin-dhe-te-mbrojne-flamurin-ose-ii\/\",\"name\":\"Nika: K\u00ebshilli Komb\u00ebtar Shqiptar dhe Bardhi; T\u00eb ngrisin dhe t\u00eb mbrojn\u00eb flamurin ose\u2026?!!! (II) - Lajme nga Ulqini\",\"isPartOf\":{\"@id\":\"https:\/\/www.visit-ulcinj.com\/blog\/#website\"},\"datePublished\":\"2016-02-24T12:26:33+00:00\",\"dateModified\":\"2016-02-24T12:28:21+00:00\",\"author\":{\"@id\":\"https:\/\/www.visit-ulcinj.com\/blog\/#\/schema\/person\/dcab619c614d3038751c63bc2aadc06d\"},\"description\":\"\u201cKUSHTRIMI P\u00cbR MBROJRTJEN E FLAMURIT\u201d- N\u00cb ULQIN Po t\u00eb shikojm\u00eb k\u00ebt\u00eb shkrim t\u00eb huazuar nga libri i Gjek\u00eb Gjonajt , me titullin e p\u00ebrmendur shohim se autori\",\"breadcrumb\":{\"@id\":\"https:\/\/www.visit-ulcinj.com\/blog\/2016\/02\/24\/nika-keshilli-kombetar-shqiptar-dhe-bardhi-te-ngrisin-dhe-te-mbrojne-flamurin-ose-ii\/#breadcrumb\"},\"inLanguage\":\"en-US\",\"potentialAction\":[{\"@type\":\"ReadAction\",\"target\":[\"https:\/\/www.visit-ulcinj.com\/blog\/2016\/02\/24\/nika-keshilli-kombetar-shqiptar-dhe-bardhi-te-ngrisin-dhe-te-mbrojne-flamurin-ose-ii\/\"]}]},{\"@type\":\"BreadcrumbList\",\"@id\":\"https:\/\/www.visit-ulcinj.com\/blog\/2016\/02\/24\/nika-keshilli-kombetar-shqiptar-dhe-bardhi-te-ngrisin-dhe-te-mbrojne-flamurin-ose-ii\/#breadcrumb\",\"itemListElement\":[{\"@type\":\"ListItem\",\"position\":1,\"name\":\"Nika: K\u00ebshilli Komb\u00ebtar Shqiptar dhe Bardhi; T\u00eb ngrisin dhe t\u00eb mbrojn\u00eb flamurin ose\u2026?!!! (II)\"}]},{\"@type\":\"Person\",\"@id\":\"https:\/\/www.visit-ulcinj.com\/blog\/#\/schema\/person\/dcab619c614d3038751c63bc2aadc06d\",\"name\":\"ulqini\",\"sameAs\":[\"http:\/\/www.visit-ulcinj.com\"],\"url\":\"https:\/\/www.visit-ulcinj.com\/blog\/author\/admin\/\"}]}<\/script>\n<!-- \/ Yoast SEO plugin. -->","yoast_head_json":{"title":"Nika: K\u00ebshilli Komb\u00ebtar Shqiptar dhe Bardhi; T\u00eb ngrisin dhe t\u00eb mbrojn\u00eb flamurin ose\u2026?!!! (II) - Lajme nga Ulqini","description":"\u201cKUSHTRIMI P\u00cbR MBROJRTJEN E FLAMURIT\u201d- N\u00cb ULQIN Po t\u00eb shikojm\u00eb k\u00ebt\u00eb shkrim t\u00eb huazuar nga libri i Gjek\u00eb Gjonajt , me titullin e p\u00ebrmendur shohim se autori","robots":{"index":"index","follow":"follow","max-snippet":"max-snippet:-1","max-image-preview":"max-image-preview:large","max-video-preview":"max-video-preview:-1"},"canonical":"https:\/\/www.visit-ulcinj.com\/blog\/2016\/02\/24\/nika-keshilli-kombetar-shqiptar-dhe-bardhi-te-ngrisin-dhe-te-mbrojne-flamurin-ose-ii\/","og_locale":"en_US","og_type":"article","og_title":"Nika: K\u00ebshilli Komb\u00ebtar Shqiptar dhe Bardhi; T\u00eb ngrisin dhe t\u00eb mbrojn\u00eb flamurin ose\u2026?!!! (II) - Lajme nga Ulqini","og_description":"\u201cKUSHTRIMI P\u00cbR MBROJRTJEN E FLAMURIT\u201d- N\u00cb ULQIN Po t\u00eb shikojm\u00eb k\u00ebt\u00eb shkrim t\u00eb huazuar nga libri i Gjek\u00eb Gjonajt , me titullin e p\u00ebrmendur shohim se autori","og_url":"https:\/\/www.visit-ulcinj.com\/blog\/2016\/02\/24\/nika-keshilli-kombetar-shqiptar-dhe-bardhi-te-ngrisin-dhe-te-mbrojne-flamurin-ose-ii\/","og_site_name":"Lajme nga Ulqini","article_published_time":"2016-02-24T12:26:33+00:00","article_modified_time":"2016-02-24T12:28:21+00:00","twitter_misc":{"Written by":"ulqini","Est. reading time":"5 minutes"},"schema":{"@context":"https:\/\/schema.org","@graph":[{"@type":"WebSite","@id":"https:\/\/www.visit-ulcinj.com\/blog\/#website","url":"https:\/\/www.visit-ulcinj.com\/blog\/","name":"Lajme nga Ulqini","description":"Lajme,Vijesti,Ulqini,Ulqin,Crna Gora,Mali i Zi","potentialAction":[{"@type":"SearchAction","target":{"@type":"EntryPoint","urlTemplate":"https:\/\/www.visit-ulcinj.com\/blog\/?s={search_term_string}"},"query-input":"required name=search_term_string"}],"inLanguage":"en-US"},{"@type":"WebPage","@id":"https:\/\/www.visit-ulcinj.com\/blog\/2016\/02\/24\/nika-keshilli-kombetar-shqiptar-dhe-bardhi-te-ngrisin-dhe-te-mbrojne-flamurin-ose-ii\/#webpage","url":"https:\/\/www.visit-ulcinj.com\/blog\/2016\/02\/24\/nika-keshilli-kombetar-shqiptar-dhe-bardhi-te-ngrisin-dhe-te-mbrojne-flamurin-ose-ii\/","name":"Nika: K\u00ebshilli Komb\u00ebtar Shqiptar dhe Bardhi; T\u00eb ngrisin dhe t\u00eb mbrojn\u00eb flamurin ose\u2026?!!! (II) - Lajme nga Ulqini","isPartOf":{"@id":"https:\/\/www.visit-ulcinj.com\/blog\/#website"},"datePublished":"2016-02-24T12:26:33+00:00","dateModified":"2016-02-24T12:28:21+00:00","author":{"@id":"https:\/\/www.visit-ulcinj.com\/blog\/#\/schema\/person\/dcab619c614d3038751c63bc2aadc06d"},"description":"\u201cKUSHTRIMI P\u00cbR MBROJRTJEN E FLAMURIT\u201d- N\u00cb ULQIN Po t\u00eb shikojm\u00eb k\u00ebt\u00eb shkrim t\u00eb huazuar nga libri i Gjek\u00eb Gjonajt , me titullin e p\u00ebrmendur shohim se autori","breadcrumb":{"@id":"https:\/\/www.visit-ulcinj.com\/blog\/2016\/02\/24\/nika-keshilli-kombetar-shqiptar-dhe-bardhi-te-ngrisin-dhe-te-mbrojne-flamurin-ose-ii\/#breadcrumb"},"inLanguage":"en-US","potentialAction":[{"@type":"ReadAction","target":["https:\/\/www.visit-ulcinj.com\/blog\/2016\/02\/24\/nika-keshilli-kombetar-shqiptar-dhe-bardhi-te-ngrisin-dhe-te-mbrojne-flamurin-ose-ii\/"]}]},{"@type":"BreadcrumbList","@id":"https:\/\/www.visit-ulcinj.com\/blog\/2016\/02\/24\/nika-keshilli-kombetar-shqiptar-dhe-bardhi-te-ngrisin-dhe-te-mbrojne-flamurin-ose-ii\/#breadcrumb","itemListElement":[{"@type":"ListItem","position":1,"name":"Nika: K\u00ebshilli Komb\u00ebtar Shqiptar dhe Bardhi; T\u00eb ngrisin dhe t\u00eb mbrojn\u00eb flamurin ose\u2026?!!! (II)"}]},{"@type":"Person","@id":"https:\/\/www.visit-ulcinj.com\/blog\/#\/schema\/person\/dcab619c614d3038751c63bc2aadc06d","name":"ulqini","sameAs":["http:\/\/www.visit-ulcinj.com"],"url":"https:\/\/www.visit-ulcinj.com\/blog\/author\/admin\/"}]}},"jetpack_featured_media_url":"","jetpack_sharing_enabled":true,"jetpack_shortlink":"https:\/\/wp.me\/pe6lTn-oGQ","_links":{"self":[{"href":"https:\/\/www.visit-ulcinj.com\/blog\/wp-json\/wp\/v2\/posts\/94912"}],"collection":[{"href":"https:\/\/www.visit-ulcinj.com\/blog\/wp-json\/wp\/v2\/posts"}],"about":[{"href":"https:\/\/www.visit-ulcinj.com\/blog\/wp-json\/wp\/v2\/types\/post"}],"author":[{"embeddable":true,"href":"https:\/\/www.visit-ulcinj.com\/blog\/wp-json\/wp\/v2\/users\/1"}],"replies":[{"embeddable":true,"href":"https:\/\/www.visit-ulcinj.com\/blog\/wp-json\/wp\/v2\/comments?post=94912"}],"version-history":[{"count":1,"href":"https:\/\/www.visit-ulcinj.com\/blog\/wp-json\/wp\/v2\/posts\/94912\/revisions"}],"predecessor-version":[{"id":94913,"href":"https:\/\/www.visit-ulcinj.com\/blog\/wp-json\/wp\/v2\/posts\/94912\/revisions\/94913"}],"wp:attachment":[{"href":"https:\/\/www.visit-ulcinj.com\/blog\/wp-json\/wp\/v2\/media?parent=94912"}],"wp:term":[{"taxonomy":"category","embeddable":true,"href":"https:\/\/www.visit-ulcinj.com\/blog\/wp-json\/wp\/v2\/categories?post=94912"},{"taxonomy":"post_tag","embeddable":true,"href":"https:\/\/www.visit-ulcinj.com\/blog\/wp-json\/wp\/v2\/tags?post=94912"}],"curies":[{"name":"wp","href":"https:\/\/api.w.org\/{rel}","templated":true}]}}