{"id":94919,"date":"2016-02-24T14:31:23","date_gmt":"2016-02-24T13:31:23","guid":{"rendered":"http:\/\/www.visit-ulcinj.com\/blog\/?p=94919"},"modified":"2016-02-25T07:51:26","modified_gmt":"2016-02-25T06:51:26","slug":"osmanaga-show-apelon-per-ndihme-nje-familje-ne-skamje-video","status":"publish","type":"post","link":"https:\/\/www.visit-ulcinj.com\/blog\/2016\/02\/24\/osmanaga-show-apelon-per-ndihme-nje-familje-ne-skamje-video\/","title":{"rendered":"Osmanaga Show apelon p\u00ebr ndihm\u00eb nj\u00eb familje n\u00eb skamje &#8211; Video"},"content":{"rendered":"<p><strong><a href=\"http:\/\/www.visit-ulcinj.com\/blog\/wp-content\/uploads\/2016\/02\/Osmanaga-Show-apelon-p\u00ebr-ndihm\u00eb-nj\u00eb-familje-n\u00eb-skamje-Ulqin.jpg\"><img loading=\"lazy\" class=\"alignleft wp-image-94920\" src=\"http:\/\/www.visit-ulcinj.com\/blog\/wp-content\/uploads\/2016\/02\/Osmanaga-Show-apelon-p\u00ebr-ndihm\u00eb-nj\u00eb-familje-n\u00eb-skamje-Ulqin.jpg\" alt=\"Osmanaga Show apelon p\u00ebr ndihm\u00eb nj\u00eb familje n\u00eb skamje-Ulqin\" width=\"508\" height=\"327\" srcset=\"https:\/\/www.visit-ulcinj.com\/blog\/wp-content\/uploads\/2016\/02\/Osmanaga-Show-apelon-p\u00ebr-ndihm\u00eb-nj\u00eb-familje-n\u00eb-skamje-Ulqin.jpg 711w, https:\/\/www.visit-ulcinj.com\/blog\/wp-content\/uploads\/2016\/02\/Osmanaga-Show-apelon-p\u00ebr-ndihm\u00eb-nj\u00eb-familje-n\u00eb-skamje-Ulqin-300x193.jpg 300w\" sizes=\"(max-width: 508px) 100vw, 508px\" \/><\/a>N\u2019Osmanaga Show, emision i drejtuar nga Suad Mehmeti, k\u00ebt\u00eb jav\u00eb n\u00eb Tv Teuta Showi i Osmanit fillon t\u00eb prek edhe n\u00eb jet\u00ebn sociale t\u00eb familjeve n\u00eb skamje.<\/strong><\/p>\n<p>Megjith\u00ebse shumica e din\u00eb gjendjen e k\u00ebsaj familje, askush deri sot nuk u doli n\u00eb ndihm\u00eb. Kjo familje edhe p\u00ebrkund\u00ebr gjendjes\u00a0 s\u00eb v\u00ebshtir\u00eb nuk\u00a0 g\u00ebzon asnj\u00eb ndihm\u00eb.<\/p>\n<p>Besoj\u00eb q\u00eb ka mbetur\u00a0 edhe\u00a0 nj\u00eb \u00a0fije shprese\u00a0se\u00a0 p\u00ebr hatrin e f\u00ebmij\u00ebve do t\u00eb gjendet dikush\u00a0 q\u00eb do ti dal n\u00eb ndihm\u00eb, s\u00eb paku p\u00ebr f\u00ebmij\u00ebt\u00a0 t\u00eb cil\u00ebt gjat\u00eb vizit\u00ebs q\u00eb i\u00a0b\u00eb Osmanaga Show.<\/p>\n<p><iframe loading=\"lazy\" src=\"\/\/www.dailymotion.com\/embed\/video\/x3tw1nc?autoPlay=1\" width=\"508\" height=\"315\" frameborder=\"0\" allowfullscreen=\"allowfullscreen\"><\/iframe><\/p>\n","protected":false},"excerpt":{"rendered":"<p>N\u2019Osmanaga Show, emision i drejtuar nga Suad Mehmeti, k\u00ebt\u00eb jav\u00eb n\u00eb Tv Teuta Showi i Osmanit fillon t\u00eb prek edhe n\u00eb jet\u00ebn sociale t\u00eb familjeve n\u00eb skamje. Megjith\u00ebse shumica e din\u00eb gjendjen e k\u00ebsaj familje, askush deri sot nuk u doli n\u00eb ndihm\u00eb. Kjo familje edhe p\u00ebrkund\u00ebr gjendjes\u00a0 s\u00eb v\u00ebshtir\u00eb nuk\u00a0 g\u00ebzon asnj\u00eb ndihm\u00eb. Besoj\u00eb [&hellip;]<\/p>\n","protected":false},"author":1,"featured_media":0,"comment_status":"closed","ping_status":"closed","sticky":false,"template":"","format":"standard","meta":{"spay_email":"","jetpack_publicize_message":"","jetpack_is_tweetstorm":false,"jetpack_publicize_feature_enabled":true},"categories":[1],"tags":[],"jetpack_publicize_connections":[],"yoast_head":"<!-- This site is optimized with the Yoast SEO plugin v19.1 - https:\/\/yoast.com\/wordpress\/plugins\/seo\/ -->\n<title>Osmanaga Show apelon p\u00ebr ndihm\u00eb nj\u00eb familje n\u00eb skamje - Video - Lajme nga Ulqini<\/title>\n<meta name=\"description\" content=\"N\u2019Osmanaga Show, emision i drejtuar nga Suad Mehmeti, k\u00ebt\u00eb jav\u00eb n\u00eb Tv Teuta Showi i Osmanit fillon t\u00eb prek edhe n\u00eb jet\u00ebn sociale t\u00eb familjeve n\u00eb skamje.\" \/>\n<meta name=\"robots\" content=\"index, follow, max-snippet:-1, max-image-preview:large, max-video-preview:-1\" \/>\n<link rel=\"canonical\" href=\"https:\/\/www.visit-ulcinj.com\/blog\/2016\/02\/24\/osmanaga-show-apelon-per-ndihme-nje-familje-ne-skamje-video\/\" \/>\n<meta property=\"og:locale\" content=\"en_US\" \/>\n<meta property=\"og:type\" content=\"article\" \/>\n<meta property=\"og:title\" content=\"Osmanaga Show apelon p\u00ebr ndihm\u00eb nj\u00eb familje n\u00eb skamje - Video - Lajme nga Ulqini\" \/>\n<meta property=\"og:description\" content=\"N\u2019Osmanaga Show, emision i drejtuar nga Suad Mehmeti, k\u00ebt\u00eb jav\u00eb n\u00eb Tv Teuta Showi i Osmanit fillon t\u00eb prek edhe n\u00eb jet\u00ebn sociale t\u00eb familjeve n\u00eb skamje.\" \/>\n<meta property=\"og:url\" content=\"https:\/\/www.visit-ulcinj.com\/blog\/2016\/02\/24\/osmanaga-show-apelon-per-ndihme-nje-familje-ne-skamje-video\/\" \/>\n<meta property=\"og:site_name\" content=\"Lajme nga Ulqini\" \/>\n<meta property=\"article:published_time\" content=\"2016-02-24T13:31:23+00:00\" \/>\n<meta property=\"article:modified_time\" content=\"2016-02-25T06:51:26+00:00\" \/>\n<meta name=\"twitter:label1\" content=\"Written by\" \/>\n\t<meta name=\"twitter:data1\" content=\"ulqini\" \/>\n\t<meta name=\"twitter:label2\" content=\"Est. reading time\" \/>\n\t<meta name=\"twitter:data2\" content=\"1 minute\" \/>\n<script type=\"application\/ld+json\" class=\"yoast-schema-graph\">{\"@context\":\"https:\/\/schema.org\",\"@graph\":[{\"@type\":\"WebSite\",\"@id\":\"https:\/\/www.visit-ulcinj.com\/blog\/#website\",\"url\":\"https:\/\/www.visit-ulcinj.com\/blog\/\",\"name\":\"Lajme nga Ulqini\",\"description\":\"Lajme,Vijesti,Ulqini,Ulqin,Crna Gora,Mali i Zi\",\"potentialAction\":[{\"@type\":\"SearchAction\",\"target\":{\"@type\":\"EntryPoint\",\"urlTemplate\":\"https:\/\/www.visit-ulcinj.com\/blog\/?s={search_term_string}\"},\"query-input\":\"required name=search_term_string\"}],\"inLanguage\":\"en-US\"},{\"@type\":\"WebPage\",\"@id\":\"https:\/\/www.visit-ulcinj.com\/blog\/2016\/02\/24\/osmanaga-show-apelon-per-ndihme-nje-familje-ne-skamje-video\/#webpage\",\"url\":\"https:\/\/www.visit-ulcinj.com\/blog\/2016\/02\/24\/osmanaga-show-apelon-per-ndihme-nje-familje-ne-skamje-video\/\",\"name\":\"Osmanaga Show apelon p\u00ebr ndihm\u00eb nj\u00eb familje n\u00eb skamje - Video - Lajme nga Ulqini\",\"isPartOf\":{\"@id\":\"https:\/\/www.visit-ulcinj.com\/blog\/#website\"},\"datePublished\":\"2016-02-24T13:31:23+00:00\",\"dateModified\":\"2016-02-25T06:51:26+00:00\",\"author\":{\"@id\":\"https:\/\/www.visit-ulcinj.com\/blog\/#\/schema\/person\/dcab619c614d3038751c63bc2aadc06d\"},\"description\":\"N\u2019Osmanaga Show, emision i drejtuar nga Suad Mehmeti, k\u00ebt\u00eb jav\u00eb n\u00eb Tv Teuta Showi i Osmanit fillon t\u00eb prek edhe n\u00eb jet\u00ebn sociale t\u00eb familjeve n\u00eb skamje.\",\"breadcrumb\":{\"@id\":\"https:\/\/www.visit-ulcinj.com\/blog\/2016\/02\/24\/osmanaga-show-apelon-per-ndihme-nje-familje-ne-skamje-video\/#breadcrumb\"},\"inLanguage\":\"en-US\",\"potentialAction\":[{\"@type\":\"ReadAction\",\"target\":[\"https:\/\/www.visit-ulcinj.com\/blog\/2016\/02\/24\/osmanaga-show-apelon-per-ndihme-nje-familje-ne-skamje-video\/\"]}]},{\"@type\":\"BreadcrumbList\",\"@id\":\"https:\/\/www.visit-ulcinj.com\/blog\/2016\/02\/24\/osmanaga-show-apelon-per-ndihme-nje-familje-ne-skamje-video\/#breadcrumb\",\"itemListElement\":[{\"@type\":\"ListItem\",\"position\":1,\"name\":\"Osmanaga Show apelon p\u00ebr ndihm\u00eb nj\u00eb familje n\u00eb skamje &#8211; Video\"}]},{\"@type\":\"Person\",\"@id\":\"https:\/\/www.visit-ulcinj.com\/blog\/#\/schema\/person\/dcab619c614d3038751c63bc2aadc06d\",\"name\":\"ulqini\",\"sameAs\":[\"http:\/\/www.visit-ulcinj.com\"],\"url\":\"https:\/\/www.visit-ulcinj.com\/blog\/author\/admin\/\"}]}<\/script>\n<!-- \/ Yoast SEO plugin. -->","yoast_head_json":{"title":"Osmanaga Show apelon p\u00ebr ndihm\u00eb nj\u00eb familje n\u00eb skamje - Video - Lajme nga Ulqini","description":"N\u2019Osmanaga Show, emision i drejtuar nga Suad Mehmeti, k\u00ebt\u00eb jav\u00eb n\u00eb Tv Teuta Showi i Osmanit fillon t\u00eb prek edhe n\u00eb jet\u00ebn sociale t\u00eb familjeve n\u00eb skamje.","robots":{"index":"index","follow":"follow","max-snippet":"max-snippet:-1","max-image-preview":"max-image-preview:large","max-video-preview":"max-video-preview:-1"},"canonical":"https:\/\/www.visit-ulcinj.com\/blog\/2016\/02\/24\/osmanaga-show-apelon-per-ndihme-nje-familje-ne-skamje-video\/","og_locale":"en_US","og_type":"article","og_title":"Osmanaga Show apelon p\u00ebr ndihm\u00eb nj\u00eb familje n\u00eb skamje - Video - Lajme nga Ulqini","og_description":"N\u2019Osmanaga Show, emision i drejtuar nga Suad Mehmeti, k\u00ebt\u00eb jav\u00eb n\u00eb Tv Teuta Showi i Osmanit fillon t\u00eb prek edhe n\u00eb jet\u00ebn sociale t\u00eb familjeve n\u00eb skamje.","og_url":"https:\/\/www.visit-ulcinj.com\/blog\/2016\/02\/24\/osmanaga-show-apelon-per-ndihme-nje-familje-ne-skamje-video\/","og_site_name":"Lajme nga Ulqini","article_published_time":"2016-02-24T13:31:23+00:00","article_modified_time":"2016-02-25T06:51:26+00:00","twitter_misc":{"Written by":"ulqini","Est. reading time":"1 minute"},"schema":{"@context":"https:\/\/schema.org","@graph":[{"@type":"WebSite","@id":"https:\/\/www.visit-ulcinj.com\/blog\/#website","url":"https:\/\/www.visit-ulcinj.com\/blog\/","name":"Lajme nga Ulqini","description":"Lajme,Vijesti,Ulqini,Ulqin,Crna Gora,Mali i Zi","potentialAction":[{"@type":"SearchAction","target":{"@type":"EntryPoint","urlTemplate":"https:\/\/www.visit-ulcinj.com\/blog\/?s={search_term_string}"},"query-input":"required name=search_term_string"}],"inLanguage":"en-US"},{"@type":"WebPage","@id":"https:\/\/www.visit-ulcinj.com\/blog\/2016\/02\/24\/osmanaga-show-apelon-per-ndihme-nje-familje-ne-skamje-video\/#webpage","url":"https:\/\/www.visit-ulcinj.com\/blog\/2016\/02\/24\/osmanaga-show-apelon-per-ndihme-nje-familje-ne-skamje-video\/","name":"Osmanaga Show apelon p\u00ebr ndihm\u00eb nj\u00eb familje n\u00eb skamje - Video - Lajme nga Ulqini","isPartOf":{"@id":"https:\/\/www.visit-ulcinj.com\/blog\/#website"},"datePublished":"2016-02-24T13:31:23+00:00","dateModified":"2016-02-25T06:51:26+00:00","author":{"@id":"https:\/\/www.visit-ulcinj.com\/blog\/#\/schema\/person\/dcab619c614d3038751c63bc2aadc06d"},"description":"N\u2019Osmanaga Show, emision i drejtuar nga Suad Mehmeti, k\u00ebt\u00eb jav\u00eb n\u00eb Tv Teuta Showi i Osmanit fillon t\u00eb prek edhe n\u00eb jet\u00ebn sociale t\u00eb familjeve n\u00eb skamje.","breadcrumb":{"@id":"https:\/\/www.visit-ulcinj.com\/blog\/2016\/02\/24\/osmanaga-show-apelon-per-ndihme-nje-familje-ne-skamje-video\/#breadcrumb"},"inLanguage":"en-US","potentialAction":[{"@type":"ReadAction","target":["https:\/\/www.visit-ulcinj.com\/blog\/2016\/02\/24\/osmanaga-show-apelon-per-ndihme-nje-familje-ne-skamje-video\/"]}]},{"@type":"BreadcrumbList","@id":"https:\/\/www.visit-ulcinj.com\/blog\/2016\/02\/24\/osmanaga-show-apelon-per-ndihme-nje-familje-ne-skamje-video\/#breadcrumb","itemListElement":[{"@type":"ListItem","position":1,"name":"Osmanaga Show apelon p\u00ebr ndihm\u00eb nj\u00eb familje n\u00eb skamje &#8211; Video"}]},{"@type":"Person","@id":"https:\/\/www.visit-ulcinj.com\/blog\/#\/schema\/person\/dcab619c614d3038751c63bc2aadc06d","name":"ulqini","sameAs":["http:\/\/www.visit-ulcinj.com"],"url":"https:\/\/www.visit-ulcinj.com\/blog\/author\/admin\/"}]}},"jetpack_featured_media_url":"","jetpack_sharing_enabled":true,"jetpack_shortlink":"https:\/\/wp.me\/pe6lTn-oGX","_links":{"self":[{"href":"https:\/\/www.visit-ulcinj.com\/blog\/wp-json\/wp\/v2\/posts\/94919"}],"collection":[{"href":"https:\/\/www.visit-ulcinj.com\/blog\/wp-json\/wp\/v2\/posts"}],"about":[{"href":"https:\/\/www.visit-ulcinj.com\/blog\/wp-json\/wp\/v2\/types\/post"}],"author":[{"embeddable":true,"href":"https:\/\/www.visit-ulcinj.com\/blog\/wp-json\/wp\/v2\/users\/1"}],"replies":[{"embeddable":true,"href":"https:\/\/www.visit-ulcinj.com\/blog\/wp-json\/wp\/v2\/comments?post=94919"}],"version-history":[{"count":2,"href":"https:\/\/www.visit-ulcinj.com\/blog\/wp-json\/wp\/v2\/posts\/94919\/revisions"}],"predecessor-version":[{"id":94922,"href":"https:\/\/www.visit-ulcinj.com\/blog\/wp-json\/wp\/v2\/posts\/94919\/revisions\/94922"}],"wp:attachment":[{"href":"https:\/\/www.visit-ulcinj.com\/blog\/wp-json\/wp\/v2\/media?parent=94919"}],"wp:term":[{"taxonomy":"category","embeddable":true,"href":"https:\/\/www.visit-ulcinj.com\/blog\/wp-json\/wp\/v2\/categories?post=94919"},{"taxonomy":"post_tag","embeddable":true,"href":"https:\/\/www.visit-ulcinj.com\/blog\/wp-json\/wp\/v2\/tags?post=94919"}],"curies":[{"name":"wp","href":"https:\/\/api.w.org\/{rel}","templated":true}]}}