{"id":94923,"date":"2016-02-24T17:12:21","date_gmt":"2016-02-24T16:12:21","guid":{"rendered":"http:\/\/www.visit-ulcinj.com\/blog\/?p=94923"},"modified":"2016-02-24T17:40:26","modified_gmt":"2016-02-24T16:40:26","slug":"fatmir-deka-danas-se-vise-ne-pita-forca-ja-sam-biram-tim","status":"publish","type":"post","link":"https:\/\/www.visit-ulcinj.com\/blog\/2016\/02\/24\/fatmir-deka-danas-se-vise-ne-pita-forca-ja-sam-biram-tim\/","title":{"rendered":"Fatmir \u0110eka: Danas se vi\u0161e ne pita Forca, ja sam biram tim"},"content":{"rendered":"<p><strong><a href=\"http:\/\/www.visit-ulcinj.com\/blog\/wp-content\/uploads\/2016\/02\/Kuvendi-themelues-i-Partis\u00eb-Demokratike-Ulqin.jpg\"><img loading=\"lazy\" class=\"alignleft wp-image-94927\" src=\"http:\/\/www.visit-ulcinj.com\/blog\/wp-content\/uploads\/2016\/02\/Kuvendi-themelues-i-Partis\u00eb-Demokratike-Ulqin.jpg\" alt=\"-Kuvendi-themelues-i-Partis\u00eb-Demokratike-Ulqin\" width=\"508\" height=\"338\" srcset=\"https:\/\/www.visit-ulcinj.com\/blog\/wp-content\/uploads\/2016\/02\/Kuvendi-themelues-i-Partis\u00eb-Demokratike-Ulqin.jpg 800w, https:\/\/www.visit-ulcinj.com\/blog\/wp-content\/uploads\/2016\/02\/Kuvendi-themelues-i-Partis\u00eb-Demokratike-Ulqin-300x200.jpg 300w\" sizes=\"(max-width: 508px) 100vw, 508px\" \/><\/a>Fatmir \u0110eka je kazao \u201eVijestima\u201c da mu ne pada na pamet da udovolji zahtjevima \u010delnika Force i podnese ostavku<\/strong><\/p>\n<figure class=\"credits__img_block\"><\/figure>\n<p><strong><span class=\"credits__photo\"> \u00a0<\/span><span class=\"credits__author\">Autor: Samir Adrovi\u0107 <\/span><\/strong><\/p>\n<p>Predsjednik Op\u0161tine Ulcinj Fatmir \u0110eka kazao je da vi\u0161e ne\u0107e tolerisati opstrukcije biv\u0161eg koalicionog partnera Force i da \u0107e sam birati tim koji \u0107e voditi grad do prekompozicije vlasti u lokalnom paralmentu ili do novih vanrednih izbora. On je na dana\u0161njoj konferenciji za novinare pojasnio da za to ima zakonska ovla\u0161\u0107enja i da ih koristi.<\/p>\n<p>\u201eDo sada sam imao razumijevanja i bio popustljiv, sve u nadi da \u0107e Forca prestati sa opstrukcijama i blokadama. Vi\u0161e ne\u0107u, jer je Ulcinj zbog toga izgubio dosta vremena. Svoj tim ja biram i za to snosim odgovornost. Ne treba mi uloga engleske kraljice da samo paradiram,\u201c kazao je \u0110eka.<\/p>\n<p>On je ju\u010de smijenio sekretara za finansije i bud\u017eet Valjdeta Ad\u017eemovi\u0107a, \u0161efa slu\u017ebe zajedni\u010dkih poslova Nazmira Sulu i direktora Centra za informacioni sistem Teutu Mehmedovi\u0107, kadrove Force. Na mjesto sekretara za finasije i bud\u017eet \u0110eka je postavio svog bliskog saradnika Agrona Ibrahimija a uskoro, kako saznajemo, UO Komunalnog razrije\u0161i\u0107e du\u017enosti direktora koji tako\u0111e dolazi iz redova Force.<\/p>\n<p>\u0110eka je podsjetio da je za 730 dana, od kada pokriva funkciju prvog \u010dovjeka grada, primio preko 2.000 gra\u0111ana.<\/p>\n<p>\u201eMoja vrata bila su otvorena i za svakog investitora, kojima smo u okviru zakonskih ovla\u0161\u0107enja ponudili pomo\u0107 u realizaciji projekata va\u017enih za grad. Ali, nijesmo zadovoljni onim \u0161to smo ostvarili jer smo obe\u0107ali vi\u0161e. Opstrukcijama i blokadama na svim nivoima vlasti, Forca se pobrinula da do\u0111emo u situaciju gdje objektivno nije bilo mogu\u0107e realizovati obe\u0107ano,\u201c kazao je \u0110eka. On se zapitao da li i gdje postoji slu\u010daj da se koalicioni partner protivi usvajanju rebalnasa bud\u017eeta, \u0161to je bio preduslov za dobijanje veoma povoljnog kredita za koji je garantovala Vlada. Time je, kako je naveo, zaustavljen po\u010detak realizacije nekoliko strate\u0161ki va\u017enih projekata za grad.<\/p>\n<p>\u201eDa li je i gdje u parlamentarnoj demokratiji poznat slu\u010daj da \u0161ef lokalnog parlamenta u fioci dr\u017ei bud\u017eet Op\u0161tine na koji je saglasnost dalo Ministarstvo finansija? Taj isti \u010dovjek ne saziva Skup\u0161tinu mjesecima iako na usvajanje \u010deka preko 80 predloga odluka izvr\u0161ne vlasti u kojoj i njegova partija participira. I to mu je malo pa poziva odbornike da ne dolaze na sjednice,\u201c kazao je \u0110eka, aludiraju\u0107i na visokog funkcionera Force Fuada Had\u017eibetija.<\/p>\n<p>\u0110eka je kazao \u201eVijestima\u201c da mu ne pada na pamet da udovolji zahtjevima \u010delnika Force \u00a0i podnese ostavku.<\/p>\n<p>\u201eKroz razgovore za odgovornim politi\u010dkim subjektima poku\u0161a\u0107emo da na\u0111emo izlaz iz ove situacije. Mi smo spremni za svaki scenario, i za prekompoziciju vlasti i za vanredne izbore kad god budu zakazani\u201c, kazao je \u0110eka.<\/p>\n<p><strong>Izvor: Vijesti Online<\/strong><\/p>\n","protected":false},"excerpt":{"rendered":"<p>Fatmir \u0110eka je kazao \u201eVijestima\u201c da mu ne pada na pamet da udovolji zahtjevima \u010delnika Force i podnese ostavku \u00a0Autor: Samir Adrovi\u0107 Predsjednik Op\u0161tine Ulcinj Fatmir \u0110eka kazao je da vi\u0161e ne\u0107e tolerisati opstrukcije biv\u0161eg koalicionog partnera Force i da \u0107e sam birati tim koji \u0107e voditi grad do prekompozicije vlasti u lokalnom paralmentu ili [&hellip;]<\/p>\n","protected":false},"author":1,"featured_media":0,"comment_status":"closed","ping_status":"closed","sticky":false,"template":"","format":"standard","meta":{"spay_email":"","jetpack_publicize_message":"","jetpack_is_tweetstorm":false,"jetpack_publicize_feature_enabled":true},"categories":[8337],"tags":[],"jetpack_publicize_connections":[],"yoast_head":"<!-- This site is optimized with the Yoast SEO plugin v19.1 - https:\/\/yoast.com\/wordpress\/plugins\/seo\/ -->\n<title>Fatmir \u0110eka: Danas se vi\u0161e ne pita Forca, ja sam biram tim - Lajme nga Ulqini<\/title>\n<meta name=\"description\" content=\"Fatmir \u0110eka je kazao \u201eVijestima\u201c da mu ne pada na pamet da udovolji zahtjevima \u010delnika Force i podnese ostavku \u00a0Autor: Samir Adrovi\u0107 Predsjednik Op\u0161tine\" \/>\n<meta name=\"robots\" content=\"index, follow, max-snippet:-1, max-image-preview:large, max-video-preview:-1\" \/>\n<link rel=\"canonical\" href=\"https:\/\/www.visit-ulcinj.com\/blog\/2016\/02\/24\/fatmir-deka-danas-se-vise-ne-pita-forca-ja-sam-biram-tim\/\" \/>\n<meta property=\"og:locale\" content=\"en_US\" \/>\n<meta property=\"og:type\" content=\"article\" \/>\n<meta property=\"og:title\" content=\"Fatmir \u0110eka: Danas se vi\u0161e ne pita Forca, ja sam biram tim - Lajme nga Ulqini\" \/>\n<meta property=\"og:description\" content=\"Fatmir \u0110eka je kazao \u201eVijestima\u201c da mu ne pada na pamet da udovolji zahtjevima \u010delnika Force i podnese ostavku \u00a0Autor: Samir Adrovi\u0107 Predsjednik Op\u0161tine\" \/>\n<meta property=\"og:url\" content=\"https:\/\/www.visit-ulcinj.com\/blog\/2016\/02\/24\/fatmir-deka-danas-se-vise-ne-pita-forca-ja-sam-biram-tim\/\" \/>\n<meta property=\"og:site_name\" content=\"Lajme nga Ulqini\" \/>\n<meta property=\"article:published_time\" content=\"2016-02-24T16:12:21+00:00\" \/>\n<meta property=\"article:modified_time\" content=\"2016-02-24T16:40:26+00:00\" \/>\n<meta name=\"twitter:label1\" content=\"Written by\" \/>\n\t<meta name=\"twitter:data1\" content=\"ulqini\" \/>\n\t<meta name=\"twitter:label2\" content=\"Est. reading time\" \/>\n\t<meta name=\"twitter:data2\" content=\"2 minutes\" \/>\n<script type=\"application\/ld+json\" class=\"yoast-schema-graph\">{\"@context\":\"https:\/\/schema.org\",\"@graph\":[{\"@type\":\"WebSite\",\"@id\":\"https:\/\/www.visit-ulcinj.com\/blog\/#website\",\"url\":\"https:\/\/www.visit-ulcinj.com\/blog\/\",\"name\":\"Lajme nga Ulqini\",\"description\":\"Lajme,Vijesti,Ulqini,Ulqin,Crna Gora,Mali i Zi\",\"potentialAction\":[{\"@type\":\"SearchAction\",\"target\":{\"@type\":\"EntryPoint\",\"urlTemplate\":\"https:\/\/www.visit-ulcinj.com\/blog\/?s={search_term_string}\"},\"query-input\":\"required name=search_term_string\"}],\"inLanguage\":\"en-US\"},{\"@type\":\"WebPage\",\"@id\":\"https:\/\/www.visit-ulcinj.com\/blog\/2016\/02\/24\/fatmir-deka-danas-se-vise-ne-pita-forca-ja-sam-biram-tim\/#webpage\",\"url\":\"https:\/\/www.visit-ulcinj.com\/blog\/2016\/02\/24\/fatmir-deka-danas-se-vise-ne-pita-forca-ja-sam-biram-tim\/\",\"name\":\"Fatmir \u0110eka: Danas se vi\u0161e ne pita Forca, ja sam biram tim - Lajme nga Ulqini\",\"isPartOf\":{\"@id\":\"https:\/\/www.visit-ulcinj.com\/blog\/#website\"},\"datePublished\":\"2016-02-24T16:12:21+00:00\",\"dateModified\":\"2016-02-24T16:40:26+00:00\",\"author\":{\"@id\":\"https:\/\/www.visit-ulcinj.com\/blog\/#\/schema\/person\/dcab619c614d3038751c63bc2aadc06d\"},\"description\":\"Fatmir \u0110eka je kazao \u201eVijestima\u201c da mu ne pada na pamet da udovolji zahtjevima \u010delnika Force i podnese ostavku \u00a0Autor: Samir Adrovi\u0107 Predsjednik Op\u0161tine\",\"breadcrumb\":{\"@id\":\"https:\/\/www.visit-ulcinj.com\/blog\/2016\/02\/24\/fatmir-deka-danas-se-vise-ne-pita-forca-ja-sam-biram-tim\/#breadcrumb\"},\"inLanguage\":\"en-US\",\"potentialAction\":[{\"@type\":\"ReadAction\",\"target\":[\"https:\/\/www.visit-ulcinj.com\/blog\/2016\/02\/24\/fatmir-deka-danas-se-vise-ne-pita-forca-ja-sam-biram-tim\/\"]}]},{\"@type\":\"BreadcrumbList\",\"@id\":\"https:\/\/www.visit-ulcinj.com\/blog\/2016\/02\/24\/fatmir-deka-danas-se-vise-ne-pita-forca-ja-sam-biram-tim\/#breadcrumb\",\"itemListElement\":[{\"@type\":\"ListItem\",\"position\":1,\"name\":\"Fatmir \u0110eka: Danas se vi\u0161e ne pita Forca, ja sam biram tim\"}]},{\"@type\":\"Person\",\"@id\":\"https:\/\/www.visit-ulcinj.com\/blog\/#\/schema\/person\/dcab619c614d3038751c63bc2aadc06d\",\"name\":\"ulqini\",\"sameAs\":[\"http:\/\/www.visit-ulcinj.com\"],\"url\":\"https:\/\/www.visit-ulcinj.com\/blog\/author\/admin\/\"}]}<\/script>\n<!-- \/ Yoast SEO plugin. -->","yoast_head_json":{"title":"Fatmir \u0110eka: Danas se vi\u0161e ne pita Forca, ja sam biram tim - Lajme nga Ulqini","description":"Fatmir \u0110eka je kazao \u201eVijestima\u201c da mu ne pada na pamet da udovolji zahtjevima \u010delnika Force i podnese ostavku \u00a0Autor: Samir Adrovi\u0107 Predsjednik Op\u0161tine","robots":{"index":"index","follow":"follow","max-snippet":"max-snippet:-1","max-image-preview":"max-image-preview:large","max-video-preview":"max-video-preview:-1"},"canonical":"https:\/\/www.visit-ulcinj.com\/blog\/2016\/02\/24\/fatmir-deka-danas-se-vise-ne-pita-forca-ja-sam-biram-tim\/","og_locale":"en_US","og_type":"article","og_title":"Fatmir \u0110eka: Danas se vi\u0161e ne pita Forca, ja sam biram tim - Lajme nga Ulqini","og_description":"Fatmir \u0110eka je kazao \u201eVijestima\u201c da mu ne pada na pamet da udovolji zahtjevima \u010delnika Force i podnese ostavku \u00a0Autor: Samir Adrovi\u0107 Predsjednik Op\u0161tine","og_url":"https:\/\/www.visit-ulcinj.com\/blog\/2016\/02\/24\/fatmir-deka-danas-se-vise-ne-pita-forca-ja-sam-biram-tim\/","og_site_name":"Lajme nga Ulqini","article_published_time":"2016-02-24T16:12:21+00:00","article_modified_time":"2016-02-24T16:40:26+00:00","twitter_misc":{"Written by":"ulqini","Est. reading time":"2 minutes"},"schema":{"@context":"https:\/\/schema.org","@graph":[{"@type":"WebSite","@id":"https:\/\/www.visit-ulcinj.com\/blog\/#website","url":"https:\/\/www.visit-ulcinj.com\/blog\/","name":"Lajme nga Ulqini","description":"Lajme,Vijesti,Ulqini,Ulqin,Crna Gora,Mali i Zi","potentialAction":[{"@type":"SearchAction","target":{"@type":"EntryPoint","urlTemplate":"https:\/\/www.visit-ulcinj.com\/blog\/?s={search_term_string}"},"query-input":"required name=search_term_string"}],"inLanguage":"en-US"},{"@type":"WebPage","@id":"https:\/\/www.visit-ulcinj.com\/blog\/2016\/02\/24\/fatmir-deka-danas-se-vise-ne-pita-forca-ja-sam-biram-tim\/#webpage","url":"https:\/\/www.visit-ulcinj.com\/blog\/2016\/02\/24\/fatmir-deka-danas-se-vise-ne-pita-forca-ja-sam-biram-tim\/","name":"Fatmir \u0110eka: Danas se vi\u0161e ne pita Forca, ja sam biram tim - Lajme nga Ulqini","isPartOf":{"@id":"https:\/\/www.visit-ulcinj.com\/blog\/#website"},"datePublished":"2016-02-24T16:12:21+00:00","dateModified":"2016-02-24T16:40:26+00:00","author":{"@id":"https:\/\/www.visit-ulcinj.com\/blog\/#\/schema\/person\/dcab619c614d3038751c63bc2aadc06d"},"description":"Fatmir \u0110eka je kazao \u201eVijestima\u201c da mu ne pada na pamet da udovolji zahtjevima \u010delnika Force i podnese ostavku \u00a0Autor: Samir Adrovi\u0107 Predsjednik Op\u0161tine","breadcrumb":{"@id":"https:\/\/www.visit-ulcinj.com\/blog\/2016\/02\/24\/fatmir-deka-danas-se-vise-ne-pita-forca-ja-sam-biram-tim\/#breadcrumb"},"inLanguage":"en-US","potentialAction":[{"@type":"ReadAction","target":["https:\/\/www.visit-ulcinj.com\/blog\/2016\/02\/24\/fatmir-deka-danas-se-vise-ne-pita-forca-ja-sam-biram-tim\/"]}]},{"@type":"BreadcrumbList","@id":"https:\/\/www.visit-ulcinj.com\/blog\/2016\/02\/24\/fatmir-deka-danas-se-vise-ne-pita-forca-ja-sam-biram-tim\/#breadcrumb","itemListElement":[{"@type":"ListItem","position":1,"name":"Fatmir \u0110eka: Danas se vi\u0161e ne pita Forca, ja sam biram tim"}]},{"@type":"Person","@id":"https:\/\/www.visit-ulcinj.com\/blog\/#\/schema\/person\/dcab619c614d3038751c63bc2aadc06d","name":"ulqini","sameAs":["http:\/\/www.visit-ulcinj.com"],"url":"https:\/\/www.visit-ulcinj.com\/blog\/author\/admin\/"}]}},"jetpack_featured_media_url":"","jetpack_sharing_enabled":true,"jetpack_shortlink":"https:\/\/wp.me\/pe6lTn-oH1","_links":{"self":[{"href":"https:\/\/www.visit-ulcinj.com\/blog\/wp-json\/wp\/v2\/posts\/94923"}],"collection":[{"href":"https:\/\/www.visit-ulcinj.com\/blog\/wp-json\/wp\/v2\/posts"}],"about":[{"href":"https:\/\/www.visit-ulcinj.com\/blog\/wp-json\/wp\/v2\/types\/post"}],"author":[{"embeddable":true,"href":"https:\/\/www.visit-ulcinj.com\/blog\/wp-json\/wp\/v2\/users\/1"}],"replies":[{"embeddable":true,"href":"https:\/\/www.visit-ulcinj.com\/blog\/wp-json\/wp\/v2\/comments?post=94923"}],"version-history":[{"count":3,"href":"https:\/\/www.visit-ulcinj.com\/blog\/wp-json\/wp\/v2\/posts\/94923\/revisions"}],"predecessor-version":[{"id":94928,"href":"https:\/\/www.visit-ulcinj.com\/blog\/wp-json\/wp\/v2\/posts\/94923\/revisions\/94928"}],"wp:attachment":[{"href":"https:\/\/www.visit-ulcinj.com\/blog\/wp-json\/wp\/v2\/media?parent=94923"}],"wp:term":[{"taxonomy":"category","embeddable":true,"href":"https:\/\/www.visit-ulcinj.com\/blog\/wp-json\/wp\/v2\/categories?post=94923"},{"taxonomy":"post_tag","embeddable":true,"href":"https:\/\/www.visit-ulcinj.com\/blog\/wp-json\/wp\/v2\/tags?post=94923"}],"curies":[{"name":"wp","href":"https:\/\/api.w.org\/{rel}","templated":true}]}}