{"id":9493,"date":"2009-01-21T09:14:36","date_gmt":"2009-01-21T08:14:36","guid":{"rendered":"http:\/\/www.visit-ulcinj.com\/blog\/?p=9493"},"modified":"2009-01-21T09:14:41","modified_gmt":"2009-01-21T08:14:41","slug":"jelusic-ugovaranje-turistickih-aranzmana-zasad-ide-lose","status":"publish","type":"post","link":"https:\/\/www.visit-ulcinj.com\/blog\/2009\/01\/21\/jelusic-ugovaranje-turistickih-aranzmana-zasad-ide-lose\/","title":{"rendered":"Jelu\u0161i?: Ugovaranje turisti?kih aran\u017emana zasad ide lo\u0161e"},"content":{"rendered":"<p><a rel=\"attachment wp-att-9494\" href=\"http:\/\/www.visit-ulcinj.com\/blog\/2009\/01\/21\/jelusic-ugovaranje-turistickih-aranzmana-zasad-ide-lose\/turisticki-aranzmani-crne-gore\/\"><img loading=\"lazy\" class=\"alignleft size-full wp-image-9494\" title=\"turisticki-aranzmani-crne-gore\" src=\"http:\/\/www.visit-ulcinj.com\/blog\/wp-content\/uploads\/2009\/01\/turisticki-aranzmani-crne-gore.jpg\" alt=\"turisticki-aranzmani-crne-gore\" width=\"570\" height=\"300\" \/><\/a>PODGORICA &#8211; Ugovaranje turisti?kih aran\u017emana na stranom tr\u017ei\u0161tu prili?no je lo\u0161e iako je po?etak godine, \u0161to izaziva opravdanu zabrinutost radnika iz te oblasti u Crnoj Gori, saop\u0161tio je predsjednik Crnogorskog turisti?kog udru\u017eenja (CTU), Predrag Jelu\u0161i?.<br \/>\n\u201eTuristi?ki sajmovi u Evropi su po?eli, ali konkretnih pomaka, kada je rije? o broju potpisanih ugovora nema\u201c, kazao je Jelu\u0161i? agenciji Mina-business.<br \/>\nOn je rekao da se Udru\u017eenje prethodnih dana nekoliko puta sastalo sa hotelijerima kako bi razgovarali o ugovorenim aran\u017emanima.<br \/>\n\u201eKonstatovali smo da je ugovaranje kapaciteta, pogotovo kada su u pitanju pred i postsezona veoma slabo, dok odre?ene najave za mart jo\u0161 nijesu izvjesne\u201c, naveo je Jelu\u0161i?.<br \/>\nPrema njegovim rije?ima, hotelijeri se nadaju da u glavnoj turisti?koj sezoni ne?e biti problema sa posjetom, kako sa doma?eg, tako i stranog tr\u017ei\u0161ta.<br \/>\n\u201eMe?utim, s obzirom na to da ima razloga za zabrinutost, dogovorili smo zajedni?ko djelovanje svih, po?ev od hotelijera i lokalnih samouprava do ministarstava turizma i finansija\u201c, saop\u0161tio je Jelu\u0161i?.<br \/>\nCTU ?e, kako je najavio, najkasnije za sedam dana imati zajedni?ki sastanak sa ministrima turizma i finansija, Predragom Nenezi?em i Igorom Luk\u0161i?em.<br \/>\n\u201eSa predstavnicima Vlade treba da vidimo da li postoji spremnost da se dio obaveza hotelijera, kao \u0161to su krediti, reprogramira, kao i mogu?nost stimulativnije poreske politike prema turizmu ove i naredne godine\u201c, precizirao je Jelu\u0161i?.<br \/>\nOn je podsjetio da ?e Udru\u017eenje ove godine sa Ministarstvom turizma planirati intenzivniju kampanju turisti?ke ponude Crne Gore na tr\u017ei\u0161tima u regionu.<br \/>\n\u201ePredlo\u017eili smo i uklju?enje avio kompanije Montenegro erlajnz \/Airlines\/ da bi se \u0161to kvalitetnije pokrila regionalna tr\u017ei\u0161ta, pogotovo turisti iz Beograda, Skoplja i Ljubljane\u201c, dodao je Jelu\u0161i?.<br \/>\nOn je kazao da CTU ima nagovje\u0161taje da ?e se to pitanje rije\u0161iti na najbolji na?in.<br \/>\n<strong>Izvor \/ Mina-business <\/strong><\/p>\n<!--YouTube Error: bad URL entered-->\n","protected":false},"excerpt":{"rendered":"<p>PODGORICA &#8211; Ugovaranje turisti?kih aran\u017emana na stranom tr\u017ei\u0161tu prili?no je lo\u0161e iako je po?etak godine, \u0161to izaziva opravdanu zabrinutost radnika iz te oblasti u Crnoj Gori, saop\u0161tio je predsjednik Crnogorskog turisti?kog udru\u017eenja (CTU), Predrag Jelu\u0161i?. \u201eTuristi?ki sajmovi u Evropi su po?eli, ali konkretnih pomaka, kada je rije? o broju potpisanih ugovora nema\u201c, kazao je Jelu\u0161i? [&hellip;]<\/p>\n","protected":false},"author":1,"featured_media":0,"comment_status":"open","ping_status":"closed","sticky":false,"template":"","format":"standard","meta":{"spay_email":"","jetpack_publicize_message":"","jetpack_is_tweetstorm":false,"jetpack_publicize_feature_enabled":true},"categories":[15],"tags":[4159,3606,5996,5995],"jetpack_publicize_connections":[],"yoast_head":"<!-- This site is optimized with the Yoast SEO plugin v19.1 - https:\/\/yoast.com\/wordpress\/plugins\/seo\/ -->\n<title>Jelu\u0161i?: Ugovaranje turisti?kih aran\u017emana zasad ide lo\u0161e - Lajme nga Ulqini<\/title>\n<meta name=\"description\" content=\"PODGORICA - Ugovaranje turisti?kih aran\u017emana na stranom tr\u017ei\u0161tu prili?no je lo\u0161e iako je po?etak godine, \u0161to izaziva opravdanu zabrinutost radnika iz te\" \/>\n<meta name=\"robots\" content=\"index, follow, max-snippet:-1, max-image-preview:large, max-video-preview:-1\" \/>\n<link rel=\"canonical\" href=\"https:\/\/www.visit-ulcinj.com\/blog\/2009\/01\/21\/jelusic-ugovaranje-turistickih-aranzmana-zasad-ide-lose\/\" \/>\n<meta property=\"og:locale\" content=\"en_US\" \/>\n<meta property=\"og:type\" content=\"article\" \/>\n<meta property=\"og:title\" content=\"Jelu\u0161i?: Ugovaranje turisti?kih aran\u017emana zasad ide lo\u0161e - Lajme nga Ulqini\" \/>\n<meta property=\"og:description\" content=\"PODGORICA - Ugovaranje turisti?kih aran\u017emana na stranom tr\u017ei\u0161tu prili?no je lo\u0161e iako je po?etak godine, \u0161to izaziva opravdanu zabrinutost radnika iz te\" \/>\n<meta property=\"og:url\" content=\"https:\/\/www.visit-ulcinj.com\/blog\/2009\/01\/21\/jelusic-ugovaranje-turistickih-aranzmana-zasad-ide-lose\/\" \/>\n<meta property=\"og:site_name\" content=\"Lajme nga Ulqini\" \/>\n<meta property=\"article:published_time\" content=\"2009-01-21T08:14:36+00:00\" \/>\n<meta property=\"article:modified_time\" content=\"2009-01-21T08:14:41+00:00\" \/>\n<meta property=\"og:image\" content=\"http:\/\/www.visit-ulcinj.com\/blog\/wp-content\/uploads\/2009\/01\/turisticki-aranzmani-crne-gore.jpg\" \/>\n<meta name=\"twitter:label1\" content=\"Written by\" \/>\n\t<meta name=\"twitter:data1\" content=\"ulqini\" \/>\n\t<meta name=\"twitter:label2\" content=\"Est. reading time\" \/>\n\t<meta name=\"twitter:data2\" content=\"2 minutes\" \/>\n<script type=\"application\/ld+json\" class=\"yoast-schema-graph\">{\"@context\":\"https:\/\/schema.org\",\"@graph\":[{\"@type\":\"WebSite\",\"@id\":\"https:\/\/www.visit-ulcinj.com\/blog\/#website\",\"url\":\"https:\/\/www.visit-ulcinj.com\/blog\/\",\"name\":\"Lajme nga Ulqini\",\"description\":\"Lajme,Vijesti,Ulqini,Ulqin,Crna Gora,Mali i Zi\",\"potentialAction\":[{\"@type\":\"SearchAction\",\"target\":{\"@type\":\"EntryPoint\",\"urlTemplate\":\"https:\/\/www.visit-ulcinj.com\/blog\/?s={search_term_string}\"},\"query-input\":\"required name=search_term_string\"}],\"inLanguage\":\"en-US\"},{\"@type\":\"ImageObject\",\"inLanguage\":\"en-US\",\"@id\":\"https:\/\/www.visit-ulcinj.com\/blog\/2009\/01\/21\/jelusic-ugovaranje-turistickih-aranzmana-zasad-ide-lose\/#primaryimage\",\"url\":\"https:\/\/www.visit-ulcinj.com\/blog\/wp-content\/uploads\/2009\/01\/turisticki-aranzmani-crne-gore.jpg\",\"contentUrl\":\"https:\/\/www.visit-ulcinj.com\/blog\/wp-content\/uploads\/2009\/01\/turisticki-aranzmani-crne-gore.jpg\",\"width\":\"700\",\"height\":\"300\"},{\"@type\":\"WebPage\",\"@id\":\"https:\/\/www.visit-ulcinj.com\/blog\/2009\/01\/21\/jelusic-ugovaranje-turistickih-aranzmana-zasad-ide-lose\/#webpage\",\"url\":\"https:\/\/www.visit-ulcinj.com\/blog\/2009\/01\/21\/jelusic-ugovaranje-turistickih-aranzmana-zasad-ide-lose\/\",\"name\":\"Jelu\u0161i?: Ugovaranje turisti?kih aran\u017emana zasad ide lo\u0161e - Lajme nga Ulqini\",\"isPartOf\":{\"@id\":\"https:\/\/www.visit-ulcinj.com\/blog\/#website\"},\"primaryImageOfPage\":{\"@id\":\"https:\/\/www.visit-ulcinj.com\/blog\/2009\/01\/21\/jelusic-ugovaranje-turistickih-aranzmana-zasad-ide-lose\/#primaryimage\"},\"datePublished\":\"2009-01-21T08:14:36+00:00\",\"dateModified\":\"2009-01-21T08:14:41+00:00\",\"author\":{\"@id\":\"https:\/\/www.visit-ulcinj.com\/blog\/#\/schema\/person\/dcab619c614d3038751c63bc2aadc06d\"},\"description\":\"PODGORICA - Ugovaranje turisti?kih aran\u017emana na stranom tr\u017ei\u0161tu prili?no je lo\u0161e iako je po?etak godine, \u0161to izaziva opravdanu zabrinutost radnika iz te\",\"breadcrumb\":{\"@id\":\"https:\/\/www.visit-ulcinj.com\/blog\/2009\/01\/21\/jelusic-ugovaranje-turistickih-aranzmana-zasad-ide-lose\/#breadcrumb\"},\"inLanguage\":\"en-US\",\"potentialAction\":[{\"@type\":\"ReadAction\",\"target\":[\"https:\/\/www.visit-ulcinj.com\/blog\/2009\/01\/21\/jelusic-ugovaranje-turistickih-aranzmana-zasad-ide-lose\/\"]}]},{\"@type\":\"BreadcrumbList\",\"@id\":\"https:\/\/www.visit-ulcinj.com\/blog\/2009\/01\/21\/jelusic-ugovaranje-turistickih-aranzmana-zasad-ide-lose\/#breadcrumb\",\"itemListElement\":[{\"@type\":\"ListItem\",\"position\":1,\"name\":\"Jelu\u0161i?: Ugovaranje turisti?kih aran\u017emana zasad ide lo\u0161e\"}]},{\"@type\":\"Person\",\"@id\":\"https:\/\/www.visit-ulcinj.com\/blog\/#\/schema\/person\/dcab619c614d3038751c63bc2aadc06d\",\"name\":\"ulqini\",\"sameAs\":[\"http:\/\/www.visit-ulcinj.com\"],\"url\":\"https:\/\/www.visit-ulcinj.com\/blog\/author\/admin\/\"}]}<\/script>\n<!-- \/ Yoast SEO plugin. -->","yoast_head_json":{"title":"Jelu\u0161i?: Ugovaranje turisti?kih aran\u017emana zasad ide lo\u0161e - Lajme nga Ulqini","description":"PODGORICA - Ugovaranje turisti?kih aran\u017emana na stranom tr\u017ei\u0161tu prili?no je lo\u0161e iako je po?etak godine, \u0161to izaziva opravdanu zabrinutost radnika iz te","robots":{"index":"index","follow":"follow","max-snippet":"max-snippet:-1","max-image-preview":"max-image-preview:large","max-video-preview":"max-video-preview:-1"},"canonical":"https:\/\/www.visit-ulcinj.com\/blog\/2009\/01\/21\/jelusic-ugovaranje-turistickih-aranzmana-zasad-ide-lose\/","og_locale":"en_US","og_type":"article","og_title":"Jelu\u0161i?: Ugovaranje turisti?kih aran\u017emana zasad ide lo\u0161e - Lajme nga Ulqini","og_description":"PODGORICA - Ugovaranje turisti?kih aran\u017emana na stranom tr\u017ei\u0161tu prili?no je lo\u0161e iako je po?etak godine, \u0161to izaziva opravdanu zabrinutost radnika iz te","og_url":"https:\/\/www.visit-ulcinj.com\/blog\/2009\/01\/21\/jelusic-ugovaranje-turistickih-aranzmana-zasad-ide-lose\/","og_site_name":"Lajme nga Ulqini","article_published_time":"2009-01-21T08:14:36+00:00","article_modified_time":"2009-01-21T08:14:41+00:00","og_image":[{"url":"http:\/\/www.visit-ulcinj.com\/blog\/wp-content\/uploads\/2009\/01\/turisticki-aranzmani-crne-gore.jpg"}],"twitter_misc":{"Written by":"ulqini","Est. reading time":"2 minutes"},"schema":{"@context":"https:\/\/schema.org","@graph":[{"@type":"WebSite","@id":"https:\/\/www.visit-ulcinj.com\/blog\/#website","url":"https:\/\/www.visit-ulcinj.com\/blog\/","name":"Lajme nga Ulqini","description":"Lajme,Vijesti,Ulqini,Ulqin,Crna Gora,Mali i Zi","potentialAction":[{"@type":"SearchAction","target":{"@type":"EntryPoint","urlTemplate":"https:\/\/www.visit-ulcinj.com\/blog\/?s={search_term_string}"},"query-input":"required name=search_term_string"}],"inLanguage":"en-US"},{"@type":"ImageObject","inLanguage":"en-US","@id":"https:\/\/www.visit-ulcinj.com\/blog\/2009\/01\/21\/jelusic-ugovaranje-turistickih-aranzmana-zasad-ide-lose\/#primaryimage","url":"https:\/\/www.visit-ulcinj.com\/blog\/wp-content\/uploads\/2009\/01\/turisticki-aranzmani-crne-gore.jpg","contentUrl":"https:\/\/www.visit-ulcinj.com\/blog\/wp-content\/uploads\/2009\/01\/turisticki-aranzmani-crne-gore.jpg","width":"700","height":"300"},{"@type":"WebPage","@id":"https:\/\/www.visit-ulcinj.com\/blog\/2009\/01\/21\/jelusic-ugovaranje-turistickih-aranzmana-zasad-ide-lose\/#webpage","url":"https:\/\/www.visit-ulcinj.com\/blog\/2009\/01\/21\/jelusic-ugovaranje-turistickih-aranzmana-zasad-ide-lose\/","name":"Jelu\u0161i?: Ugovaranje turisti?kih aran\u017emana zasad ide lo\u0161e - Lajme nga Ulqini","isPartOf":{"@id":"https:\/\/www.visit-ulcinj.com\/blog\/#website"},"primaryImageOfPage":{"@id":"https:\/\/www.visit-ulcinj.com\/blog\/2009\/01\/21\/jelusic-ugovaranje-turistickih-aranzmana-zasad-ide-lose\/#primaryimage"},"datePublished":"2009-01-21T08:14:36+00:00","dateModified":"2009-01-21T08:14:41+00:00","author":{"@id":"https:\/\/www.visit-ulcinj.com\/blog\/#\/schema\/person\/dcab619c614d3038751c63bc2aadc06d"},"description":"PODGORICA - Ugovaranje turisti?kih aran\u017emana na stranom tr\u017ei\u0161tu prili?no je lo\u0161e iako je po?etak godine, \u0161to izaziva opravdanu zabrinutost radnika iz te","breadcrumb":{"@id":"https:\/\/www.visit-ulcinj.com\/blog\/2009\/01\/21\/jelusic-ugovaranje-turistickih-aranzmana-zasad-ide-lose\/#breadcrumb"},"inLanguage":"en-US","potentialAction":[{"@type":"ReadAction","target":["https:\/\/www.visit-ulcinj.com\/blog\/2009\/01\/21\/jelusic-ugovaranje-turistickih-aranzmana-zasad-ide-lose\/"]}]},{"@type":"BreadcrumbList","@id":"https:\/\/www.visit-ulcinj.com\/blog\/2009\/01\/21\/jelusic-ugovaranje-turistickih-aranzmana-zasad-ide-lose\/#breadcrumb","itemListElement":[{"@type":"ListItem","position":1,"name":"Jelu\u0161i?: Ugovaranje turisti?kih aran\u017emana zasad ide lo\u0161e"}]},{"@type":"Person","@id":"https:\/\/www.visit-ulcinj.com\/blog\/#\/schema\/person\/dcab619c614d3038751c63bc2aadc06d","name":"ulqini","sameAs":["http:\/\/www.visit-ulcinj.com"],"url":"https:\/\/www.visit-ulcinj.com\/blog\/author\/admin\/"}]}},"jetpack_featured_media_url":"","jetpack_sharing_enabled":true,"jetpack_shortlink":"https:\/\/wp.me\/pe6lTn-2t7","_links":{"self":[{"href":"https:\/\/www.visit-ulcinj.com\/blog\/wp-json\/wp\/v2\/posts\/9493"}],"collection":[{"href":"https:\/\/www.visit-ulcinj.com\/blog\/wp-json\/wp\/v2\/posts"}],"about":[{"href":"https:\/\/www.visit-ulcinj.com\/blog\/wp-json\/wp\/v2\/types\/post"}],"author":[{"embeddable":true,"href":"https:\/\/www.visit-ulcinj.com\/blog\/wp-json\/wp\/v2\/users\/1"}],"replies":[{"embeddable":true,"href":"https:\/\/www.visit-ulcinj.com\/blog\/wp-json\/wp\/v2\/comments?post=9493"}],"version-history":[{"count":0,"href":"https:\/\/www.visit-ulcinj.com\/blog\/wp-json\/wp\/v2\/posts\/9493\/revisions"}],"wp:attachment":[{"href":"https:\/\/www.visit-ulcinj.com\/blog\/wp-json\/wp\/v2\/media?parent=9493"}],"wp:term":[{"taxonomy":"category","embeddable":true,"href":"https:\/\/www.visit-ulcinj.com\/blog\/wp-json\/wp\/v2\/categories?post=9493"},{"taxonomy":"post_tag","embeddable":true,"href":"https:\/\/www.visit-ulcinj.com\/blog\/wp-json\/wp\/v2\/tags?post=9493"}],"curies":[{"name":"wp","href":"https:\/\/api.w.org\/{rel}","templated":true}]}}