{"id":94932,"date":"2016-02-25T07:50:02","date_gmt":"2016-02-25T06:50:02","guid":{"rendered":"http:\/\/www.visit-ulcinj.com\/blog\/?p=94932"},"modified":"2016-02-25T20:09:06","modified_gmt":"2016-02-25T19:09:06","slug":"gjeka-shfrytezohen-maksimalisht-kompetencat-e-mija-ligjore-video","status":"publish","type":"post","link":"https:\/\/www.visit-ulcinj.com\/blog\/2016\/02\/25\/gjeka-shfrytezohen-maksimalisht-kompetencat-e-mija-ligjore-video\/","title":{"rendered":"Gjeka: Do shfryt\u00ebzohen maksimalisht kompetencat e mija ligjore &#8211; Video"},"content":{"rendered":"<p><a href=\"http:\/\/www.visit-ulcinj.com\/blog\/wp-content\/uploads\/2016\/02\/Fatmir-Gjeka-kryetari-Ulqinit.jpg\"><img loading=\"lazy\" class=\"alignleft wp-image-94933\" src=\"http:\/\/www.visit-ulcinj.com\/blog\/wp-content\/uploads\/2016\/02\/Fatmir-Gjeka-kryetari-Ulqinit.jpg\" alt=\"Fatmir-Gjeka-kryetari-Ulqinit\" width=\"508\" height=\"381\" srcset=\"https:\/\/www.visit-ulcinj.com\/blog\/wp-content\/uploads\/2016\/02\/Fatmir-Gjeka-kryetari-Ulqinit.jpg 640w, https:\/\/www.visit-ulcinj.com\/blog\/wp-content\/uploads\/2016\/02\/Fatmir-Gjeka-kryetari-Ulqinit-300x225.jpg 300w\" sizes=\"(max-width: 508px) 100vw, 508px\" \/><\/a>Kryetari i komun\u00ebs s\u00eb Ulqinit Fatmir Gjeka ka th\u00ebn\u00eb se n\u00eb bisedime me subjektet p\u00ebrgjegj\u00ebse politike do t\u00eb k\u00ebrkoj\u00eb daljen nga kjo situat\u00eb n\u00eb t\u00eb cil\u00ebn ndodhet kjo komun\u00eb, raporton portali Ul.info.<\/p>\n<p>N\u00eb dyvjetorin e zgjedhjes n\u00eb k\u00ebt\u00eb funksion ai n\u00eb konferenc\u00eb p\u00ebr shtyp tha se nuk \u00ebsht\u00eb i k\u00ebnaqur me at\u00eb \u00e7far\u00eb \u00ebsht\u00eb arritur dhe realizuar.<\/p>\n<p>P\u00ebr gjendje t\u00eb till\u00eb Gjeka akuzoi partnerin e deritash\u00ebm t\u00eb koalicionit Forc\u00ebn e re demokratike duke th\u00ebn\u00eb se kjo parti ka b\u00ebr\u00eb obstruksion dhe ka bllokuar pushtetin lokal dhe shmangu sjelljen e mbi 80 vendimeve t\u00eb cilat q\u00ebndrojn\u00eb n\u00eb sirtarin e kryetarit t\u00eb Kuvendit, duke p\u00ebrfshir\u00eb aty edhe buxhetin p\u00ebr k\u00ebt\u00eb vit.<\/p>\n<p>N\u00eb pyetjen p\u00ebr shkarkimin e tre sekretar\u00ebve nga radh\u00ebt e Forc\u00ebs, kryekomunari ka th\u00ebn\u00eb se ka kompetenca ligjore dhe ai i shfryt\u00ebzon.<\/p>\n<p>Gjeka shtoi se \u00ebsht\u00eb i gatsh\u00ebm p\u00ebr \u00e7do skenar. \u201cP\u00ebr rikompozim, por edhe p\u00ebr zgjedhje t\u00eb parakohshme, kur do q\u00eb t\u00eb caktohen ato\u201d, theksoi ai.<\/p>\n<!--YouTube Error: bad URL entered-->\n","protected":false},"excerpt":{"rendered":"<p>Kryetari i komun\u00ebs s\u00eb Ulqinit Fatmir Gjeka ka th\u00ebn\u00eb se n\u00eb bisedime me subjektet p\u00ebrgjegj\u00ebse politike do t\u00eb k\u00ebrkoj\u00eb daljen nga kjo situat\u00eb n\u00eb t\u00eb cil\u00ebn ndodhet kjo komun\u00eb, raporton portali Ul.info. N\u00eb dyvjetorin e zgjedhjes n\u00eb k\u00ebt\u00eb funksion ai n\u00eb konferenc\u00eb p\u00ebr shtyp tha se nuk \u00ebsht\u00eb i k\u00ebnaqur me at\u00eb \u00e7far\u00eb \u00ebsht\u00eb arritur [&hellip;]<\/p>\n","protected":false},"author":1,"featured_media":0,"comment_status":"closed","ping_status":"closed","sticky":false,"template":"","format":"standard","meta":{"spay_email":"","jetpack_publicize_message":"","jetpack_is_tweetstorm":false,"jetpack_publicize_feature_enabled":true},"categories":[1,6],"tags":[],"jetpack_publicize_connections":[],"yoast_head":"<!-- This site is optimized with the Yoast SEO plugin v19.1 - https:\/\/yoast.com\/wordpress\/plugins\/seo\/ -->\n<title>Gjeka: Do shfryt\u00ebzohen maksimalisht kompetencat e mija ligjore - Video - Lajme nga Ulqini<\/title>\n<meta name=\"description\" content=\"Kryetari i komun\u00ebs s\u00eb Ulqinit Fatmir Gjeka ka th\u00ebn\u00eb se n\u00eb bisedime me subjektet p\u00ebrgjegj\u00ebse politike do t\u00eb k\u00ebrkoj\u00eb daljen nga kjo situat\u00eb n\u00eb t\u00eb cil\u00ebn\" \/>\n<meta name=\"robots\" content=\"index, follow, max-snippet:-1, max-image-preview:large, max-video-preview:-1\" \/>\n<link rel=\"canonical\" href=\"https:\/\/www.visit-ulcinj.com\/blog\/2016\/02\/25\/gjeka-shfrytezohen-maksimalisht-kompetencat-e-mija-ligjore-video\/\" \/>\n<meta property=\"og:locale\" content=\"en_US\" \/>\n<meta property=\"og:type\" content=\"article\" \/>\n<meta property=\"og:title\" content=\"Gjeka: Do shfryt\u00ebzohen maksimalisht kompetencat e mija ligjore - Video - Lajme nga Ulqini\" \/>\n<meta property=\"og:description\" content=\"Kryetari i komun\u00ebs s\u00eb Ulqinit Fatmir Gjeka ka th\u00ebn\u00eb se n\u00eb bisedime me subjektet p\u00ebrgjegj\u00ebse politike do t\u00eb k\u00ebrkoj\u00eb daljen nga kjo situat\u00eb n\u00eb t\u00eb cil\u00ebn\" \/>\n<meta property=\"og:url\" content=\"https:\/\/www.visit-ulcinj.com\/blog\/2016\/02\/25\/gjeka-shfrytezohen-maksimalisht-kompetencat-e-mija-ligjore-video\/\" \/>\n<meta property=\"og:site_name\" content=\"Lajme nga Ulqini\" \/>\n<meta property=\"article:published_time\" content=\"2016-02-25T06:50:02+00:00\" \/>\n<meta property=\"article:modified_time\" content=\"2016-02-25T19:09:06+00:00\" \/>\n<meta property=\"og:image\" content=\"http:\/\/www.visit-ulcinj.com\/blog\/wp-content\/uploads\/2016\/02\/Fatmir-Gjeka-kryetari-Ulqinit.jpg\" \/>\n<meta name=\"twitter:label1\" content=\"Written by\" \/>\n\t<meta name=\"twitter:data1\" content=\"ulqini\" \/>\n\t<meta name=\"twitter:label2\" content=\"Est. reading time\" \/>\n\t<meta name=\"twitter:data2\" content=\"1 minute\" \/>\n<script type=\"application\/ld+json\" class=\"yoast-schema-graph\">{\"@context\":\"https:\/\/schema.org\",\"@graph\":[{\"@type\":\"WebSite\",\"@id\":\"https:\/\/www.visit-ulcinj.com\/blog\/#website\",\"url\":\"https:\/\/www.visit-ulcinj.com\/blog\/\",\"name\":\"Lajme nga Ulqini\",\"description\":\"Lajme,Vijesti,Ulqini,Ulqin,Crna Gora,Mali i Zi\",\"potentialAction\":[{\"@type\":\"SearchAction\",\"target\":{\"@type\":\"EntryPoint\",\"urlTemplate\":\"https:\/\/www.visit-ulcinj.com\/blog\/?s={search_term_string}\"},\"query-input\":\"required name=search_term_string\"}],\"inLanguage\":\"en-US\"},{\"@type\":\"ImageObject\",\"inLanguage\":\"en-US\",\"@id\":\"https:\/\/www.visit-ulcinj.com\/blog\/2016\/02\/25\/gjeka-shfrytezohen-maksimalisht-kompetencat-e-mija-ligjore-video\/#primaryimage\",\"url\":\"https:\/\/www.visit-ulcinj.com\/blog\/wp-content\/uploads\/2016\/02\/Fatmir-Gjeka-kryetari-Ulqinit.jpg\",\"contentUrl\":\"https:\/\/www.visit-ulcinj.com\/blog\/wp-content\/uploads\/2016\/02\/Fatmir-Gjeka-kryetari-Ulqinit.jpg\",\"width\":640,\"height\":480},{\"@type\":\"WebPage\",\"@id\":\"https:\/\/www.visit-ulcinj.com\/blog\/2016\/02\/25\/gjeka-shfrytezohen-maksimalisht-kompetencat-e-mija-ligjore-video\/#webpage\",\"url\":\"https:\/\/www.visit-ulcinj.com\/blog\/2016\/02\/25\/gjeka-shfrytezohen-maksimalisht-kompetencat-e-mija-ligjore-video\/\",\"name\":\"Gjeka: Do shfryt\u00ebzohen maksimalisht kompetencat e mija ligjore - Video - Lajme nga Ulqini\",\"isPartOf\":{\"@id\":\"https:\/\/www.visit-ulcinj.com\/blog\/#website\"},\"primaryImageOfPage\":{\"@id\":\"https:\/\/www.visit-ulcinj.com\/blog\/2016\/02\/25\/gjeka-shfrytezohen-maksimalisht-kompetencat-e-mija-ligjore-video\/#primaryimage\"},\"datePublished\":\"2016-02-25T06:50:02+00:00\",\"dateModified\":\"2016-02-25T19:09:06+00:00\",\"author\":{\"@id\":\"https:\/\/www.visit-ulcinj.com\/blog\/#\/schema\/person\/dcab619c614d3038751c63bc2aadc06d\"},\"description\":\"Kryetari i komun\u00ebs s\u00eb Ulqinit Fatmir Gjeka ka th\u00ebn\u00eb se n\u00eb bisedime me subjektet p\u00ebrgjegj\u00ebse politike do t\u00eb k\u00ebrkoj\u00eb daljen nga kjo situat\u00eb n\u00eb t\u00eb cil\u00ebn\",\"breadcrumb\":{\"@id\":\"https:\/\/www.visit-ulcinj.com\/blog\/2016\/02\/25\/gjeka-shfrytezohen-maksimalisht-kompetencat-e-mija-ligjore-video\/#breadcrumb\"},\"inLanguage\":\"en-US\",\"potentialAction\":[{\"@type\":\"ReadAction\",\"target\":[\"https:\/\/www.visit-ulcinj.com\/blog\/2016\/02\/25\/gjeka-shfrytezohen-maksimalisht-kompetencat-e-mija-ligjore-video\/\"]}]},{\"@type\":\"BreadcrumbList\",\"@id\":\"https:\/\/www.visit-ulcinj.com\/blog\/2016\/02\/25\/gjeka-shfrytezohen-maksimalisht-kompetencat-e-mija-ligjore-video\/#breadcrumb\",\"itemListElement\":[{\"@type\":\"ListItem\",\"position\":1,\"name\":\"Gjeka: Do shfryt\u00ebzohen maksimalisht kompetencat e mija ligjore &#8211; Video\"}]},{\"@type\":\"Person\",\"@id\":\"https:\/\/www.visit-ulcinj.com\/blog\/#\/schema\/person\/dcab619c614d3038751c63bc2aadc06d\",\"name\":\"ulqini\",\"sameAs\":[\"http:\/\/www.visit-ulcinj.com\"],\"url\":\"https:\/\/www.visit-ulcinj.com\/blog\/author\/admin\/\"}]}<\/script>\n<!-- \/ Yoast SEO plugin. -->","yoast_head_json":{"title":"Gjeka: Do shfryt\u00ebzohen maksimalisht kompetencat e mija ligjore - Video - Lajme nga Ulqini","description":"Kryetari i komun\u00ebs s\u00eb Ulqinit Fatmir Gjeka ka th\u00ebn\u00eb se n\u00eb bisedime me subjektet p\u00ebrgjegj\u00ebse politike do t\u00eb k\u00ebrkoj\u00eb daljen nga kjo situat\u00eb n\u00eb t\u00eb cil\u00ebn","robots":{"index":"index","follow":"follow","max-snippet":"max-snippet:-1","max-image-preview":"max-image-preview:large","max-video-preview":"max-video-preview:-1"},"canonical":"https:\/\/www.visit-ulcinj.com\/blog\/2016\/02\/25\/gjeka-shfrytezohen-maksimalisht-kompetencat-e-mija-ligjore-video\/","og_locale":"en_US","og_type":"article","og_title":"Gjeka: Do shfryt\u00ebzohen maksimalisht kompetencat e mija ligjore - Video - Lajme nga Ulqini","og_description":"Kryetari i komun\u00ebs s\u00eb Ulqinit Fatmir Gjeka ka th\u00ebn\u00eb se n\u00eb bisedime me subjektet p\u00ebrgjegj\u00ebse politike do t\u00eb k\u00ebrkoj\u00eb daljen nga kjo situat\u00eb n\u00eb t\u00eb cil\u00ebn","og_url":"https:\/\/www.visit-ulcinj.com\/blog\/2016\/02\/25\/gjeka-shfrytezohen-maksimalisht-kompetencat-e-mija-ligjore-video\/","og_site_name":"Lajme nga Ulqini","article_published_time":"2016-02-25T06:50:02+00:00","article_modified_time":"2016-02-25T19:09:06+00:00","og_image":[{"url":"http:\/\/www.visit-ulcinj.com\/blog\/wp-content\/uploads\/2016\/02\/Fatmir-Gjeka-kryetari-Ulqinit.jpg"}],"twitter_misc":{"Written by":"ulqini","Est. reading time":"1 minute"},"schema":{"@context":"https:\/\/schema.org","@graph":[{"@type":"WebSite","@id":"https:\/\/www.visit-ulcinj.com\/blog\/#website","url":"https:\/\/www.visit-ulcinj.com\/blog\/","name":"Lajme nga Ulqini","description":"Lajme,Vijesti,Ulqini,Ulqin,Crna Gora,Mali i Zi","potentialAction":[{"@type":"SearchAction","target":{"@type":"EntryPoint","urlTemplate":"https:\/\/www.visit-ulcinj.com\/blog\/?s={search_term_string}"},"query-input":"required name=search_term_string"}],"inLanguage":"en-US"},{"@type":"ImageObject","inLanguage":"en-US","@id":"https:\/\/www.visit-ulcinj.com\/blog\/2016\/02\/25\/gjeka-shfrytezohen-maksimalisht-kompetencat-e-mija-ligjore-video\/#primaryimage","url":"https:\/\/www.visit-ulcinj.com\/blog\/wp-content\/uploads\/2016\/02\/Fatmir-Gjeka-kryetari-Ulqinit.jpg","contentUrl":"https:\/\/www.visit-ulcinj.com\/blog\/wp-content\/uploads\/2016\/02\/Fatmir-Gjeka-kryetari-Ulqinit.jpg","width":640,"height":480},{"@type":"WebPage","@id":"https:\/\/www.visit-ulcinj.com\/blog\/2016\/02\/25\/gjeka-shfrytezohen-maksimalisht-kompetencat-e-mija-ligjore-video\/#webpage","url":"https:\/\/www.visit-ulcinj.com\/blog\/2016\/02\/25\/gjeka-shfrytezohen-maksimalisht-kompetencat-e-mija-ligjore-video\/","name":"Gjeka: Do shfryt\u00ebzohen maksimalisht kompetencat e mija ligjore - Video - Lajme nga Ulqini","isPartOf":{"@id":"https:\/\/www.visit-ulcinj.com\/blog\/#website"},"primaryImageOfPage":{"@id":"https:\/\/www.visit-ulcinj.com\/blog\/2016\/02\/25\/gjeka-shfrytezohen-maksimalisht-kompetencat-e-mija-ligjore-video\/#primaryimage"},"datePublished":"2016-02-25T06:50:02+00:00","dateModified":"2016-02-25T19:09:06+00:00","author":{"@id":"https:\/\/www.visit-ulcinj.com\/blog\/#\/schema\/person\/dcab619c614d3038751c63bc2aadc06d"},"description":"Kryetari i komun\u00ebs s\u00eb Ulqinit Fatmir Gjeka ka th\u00ebn\u00eb se n\u00eb bisedime me subjektet p\u00ebrgjegj\u00ebse politike do t\u00eb k\u00ebrkoj\u00eb daljen nga kjo situat\u00eb n\u00eb t\u00eb cil\u00ebn","breadcrumb":{"@id":"https:\/\/www.visit-ulcinj.com\/blog\/2016\/02\/25\/gjeka-shfrytezohen-maksimalisht-kompetencat-e-mija-ligjore-video\/#breadcrumb"},"inLanguage":"en-US","potentialAction":[{"@type":"ReadAction","target":["https:\/\/www.visit-ulcinj.com\/blog\/2016\/02\/25\/gjeka-shfrytezohen-maksimalisht-kompetencat-e-mija-ligjore-video\/"]}]},{"@type":"BreadcrumbList","@id":"https:\/\/www.visit-ulcinj.com\/blog\/2016\/02\/25\/gjeka-shfrytezohen-maksimalisht-kompetencat-e-mija-ligjore-video\/#breadcrumb","itemListElement":[{"@type":"ListItem","position":1,"name":"Gjeka: Do shfryt\u00ebzohen maksimalisht kompetencat e mija ligjore &#8211; Video"}]},{"@type":"Person","@id":"https:\/\/www.visit-ulcinj.com\/blog\/#\/schema\/person\/dcab619c614d3038751c63bc2aadc06d","name":"ulqini","sameAs":["http:\/\/www.visit-ulcinj.com"],"url":"https:\/\/www.visit-ulcinj.com\/blog\/author\/admin\/"}]}},"jetpack_featured_media_url":"","jetpack_sharing_enabled":true,"jetpack_shortlink":"https:\/\/wp.me\/pe6lTn-oHa","_links":{"self":[{"href":"https:\/\/www.visit-ulcinj.com\/blog\/wp-json\/wp\/v2\/posts\/94932"}],"collection":[{"href":"https:\/\/www.visit-ulcinj.com\/blog\/wp-json\/wp\/v2\/posts"}],"about":[{"href":"https:\/\/www.visit-ulcinj.com\/blog\/wp-json\/wp\/v2\/types\/post"}],"author":[{"embeddable":true,"href":"https:\/\/www.visit-ulcinj.com\/blog\/wp-json\/wp\/v2\/users\/1"}],"replies":[{"embeddable":true,"href":"https:\/\/www.visit-ulcinj.com\/blog\/wp-json\/wp\/v2\/comments?post=94932"}],"version-history":[{"count":2,"href":"https:\/\/www.visit-ulcinj.com\/blog\/wp-json\/wp\/v2\/posts\/94932\/revisions"}],"predecessor-version":[{"id":94935,"href":"https:\/\/www.visit-ulcinj.com\/blog\/wp-json\/wp\/v2\/posts\/94932\/revisions\/94935"}],"wp:attachment":[{"href":"https:\/\/www.visit-ulcinj.com\/blog\/wp-json\/wp\/v2\/media?parent=94932"}],"wp:term":[{"taxonomy":"category","embeddable":true,"href":"https:\/\/www.visit-ulcinj.com\/blog\/wp-json\/wp\/v2\/categories?post=94932"},{"taxonomy":"post_tag","embeddable":true,"href":"https:\/\/www.visit-ulcinj.com\/blog\/wp-json\/wp\/v2\/tags?post=94932"}],"curies":[{"name":"wp","href":"https:\/\/api.w.org\/{rel}","templated":true}]}}