{"id":94952,"date":"2016-02-26T18:31:14","date_gmt":"2016-02-26T17:31:14","guid":{"rendered":"http:\/\/www.visit-ulcinj.com\/blog\/?p=94952"},"modified":"2016-02-26T19:00:12","modified_gmt":"2016-02-26T18:00:12","slug":"populli-i-malit-te-zi-te-ndare-rreth-anetaresimit-ne-nato","status":"publish","type":"post","link":"https:\/\/www.visit-ulcinj.com\/blog\/2016\/02\/26\/populli-i-malit-te-zi-te-ndare-rreth-anetaresimit-ne-nato\/","title":{"rendered":"Populli i Malit t\u00eb Zi i ndar\u00eb rreth an\u00ebtar\u00ebsimit n\u00eb NATO"},"content":{"rendered":"<p><a href=\"http:\/\/www.visit-ulcinj.com\/blog\/wp-content\/uploads\/2015\/12\/Nato-Montenegro.jpg\"><img loading=\"lazy\" class=\"alignleft wp-image-93692\" src=\"http:\/\/www.visit-ulcinj.com\/blog\/wp-content\/uploads\/2015\/12\/Nato-Montenegro.jpg\" alt=\"Nato-Montenegro\" width=\"508\" height=\"188\" \/><\/a>Malazez\u00ebt jan\u00eb t\u00eb ndar\u00eb n\u00eb \u00e7\u00ebshtjen rreth an\u00ebtar\u00ebsimit t\u00eb vendit t\u00eb tyre n\u00eb NATO, tregojn\u00eb rezultatet nga anketa e agjencis\u00eb IPSOS.<\/p>\n<p>Si\u00e7 njoftoi Tanjugu, sipas anket\u00ebs, 48 p\u00ebr qind nga t\u00eb anketuarit kan\u00eb mendim pozitiv p\u00ebr NATO-n, nd\u00ebrsa 47 p\u00ebr qind &#8211; negativ.<\/p>\n<p>N\u00ebse k\u00ebt\u00eb jav\u00eb do t\u00eb mbahej referendum p\u00ebr an\u00ebtar\u00ebsimin e Malit t\u00eb Zi n\u00eb NATO, t\u00eb drejt\u00ebn e tyre t\u00eb vot\u00ebs do ta shfryt\u00ebzonin 76 p\u00ebr qind nga t\u00eb anketuarit, prej t\u00eb cil\u00ebve 42 p\u00ebr qind do t\u00eb votonin &#8220;pro&#8221; an\u00ebtar\u00ebsimit, nd\u00ebrsa 38 p\u00ebr qind &#8220;kund\u00ebr&#8221;.<\/p>\n<p>Pavar\u00ebsisht nga ajo n\u00ebse e mb\u00ebshtesin an\u00ebtar\u00ebsimin n\u00eb NATO apo jo, madje 70 p\u00ebr qind nga t\u00eb anketuarit kan\u00eb vler\u00ebsuar se &#8220;n\u00eb fund&#8221; Mali i Zi do t\u00eb jet\u00eb pjes\u00eb e Aleanc\u00ebs.<\/p>\n<p>Krahasuar me anket\u00ebn paraprake t\u00eb ngjashme t\u00eb IPSOS, t\u00eb zbatuar vitin e kaluar n\u00eb shtator, p\u00ebrqindja e atyre q\u00eb kan\u00eb q\u00ebndrim pozitiv ndaj NATO-s \u00ebsht\u00eb rritur prej 35 p\u00ebr qind n\u00eb 48 p\u00ebr qind.\/MIA\/<\/p>\n","protected":false},"excerpt":{"rendered":"<p>Malazez\u00ebt jan\u00eb t\u00eb ndar\u00eb n\u00eb \u00e7\u00ebshtjen rreth an\u00ebtar\u00ebsimit t\u00eb vendit t\u00eb tyre n\u00eb NATO, tregojn\u00eb rezultatet nga anketa e agjencis\u00eb IPSOS. Si\u00e7 njoftoi Tanjugu, sipas anket\u00ebs, 48 p\u00ebr qind nga t\u00eb anketuarit kan\u00eb mendim pozitiv p\u00ebr NATO-n, nd\u00ebrsa 47 p\u00ebr qind &#8211; negativ. N\u00ebse k\u00ebt\u00eb jav\u00eb do t\u00eb mbahej referendum p\u00ebr an\u00ebtar\u00ebsimin e Malit t\u00eb [&hellip;]<\/p>\n","protected":false},"author":1,"featured_media":0,"comment_status":"closed","ping_status":"closed","sticky":false,"template":"","format":"standard","meta":{"spay_email":"","jetpack_publicize_message":"","jetpack_is_tweetstorm":false,"jetpack_publicize_feature_enabled":true},"categories":[14],"tags":[],"jetpack_publicize_connections":[],"yoast_head":"<!-- This site is optimized with the Yoast SEO plugin v19.1 - https:\/\/yoast.com\/wordpress\/plugins\/seo\/ -->\n<title>Populli i Malit t\u00eb Zi i ndar\u00eb rreth an\u00ebtar\u00ebsimit n\u00eb NATO - Lajme nga Ulqini<\/title>\n<meta name=\"description\" content=\"Malazez\u00ebt jan\u00eb t\u00eb ndar\u00eb n\u00eb \u00e7\u00ebshtjen rreth an\u00ebtar\u00ebsimit t\u00eb vendit t\u00eb tyre n\u00eb NATO, tregojn\u00eb rezultatet nga anketa e agjencis\u00eb IPSOS. Si\u00e7 njoftoi Tanjugu,\" \/>\n<meta name=\"robots\" content=\"index, follow, max-snippet:-1, max-image-preview:large, max-video-preview:-1\" \/>\n<link rel=\"canonical\" href=\"https:\/\/www.visit-ulcinj.com\/blog\/2016\/02\/26\/populli-i-malit-te-zi-te-ndare-rreth-anetaresimit-ne-nato\/\" \/>\n<meta property=\"og:locale\" content=\"en_US\" \/>\n<meta property=\"og:type\" content=\"article\" \/>\n<meta property=\"og:title\" content=\"Populli i Malit t\u00eb Zi i ndar\u00eb rreth an\u00ebtar\u00ebsimit n\u00eb NATO - Lajme nga Ulqini\" \/>\n<meta property=\"og:description\" content=\"Malazez\u00ebt jan\u00eb t\u00eb ndar\u00eb n\u00eb \u00e7\u00ebshtjen rreth an\u00ebtar\u00ebsimit t\u00eb vendit t\u00eb tyre n\u00eb NATO, tregojn\u00eb rezultatet nga anketa e agjencis\u00eb IPSOS. Si\u00e7 njoftoi Tanjugu,\" \/>\n<meta property=\"og:url\" content=\"https:\/\/www.visit-ulcinj.com\/blog\/2016\/02\/26\/populli-i-malit-te-zi-te-ndare-rreth-anetaresimit-ne-nato\/\" \/>\n<meta property=\"og:site_name\" content=\"Lajme nga Ulqini\" \/>\n<meta property=\"article:published_time\" content=\"2016-02-26T17:31:14+00:00\" \/>\n<meta property=\"article:modified_time\" content=\"2016-02-26T18:00:12+00:00\" \/>\n<meta property=\"og:image\" content=\"http:\/\/www.visit-ulcinj.com\/blog\/wp-content\/uploads\/2015\/12\/Nato-Montenegro.jpg\" \/>\n<meta name=\"twitter:label1\" content=\"Written by\" \/>\n\t<meta name=\"twitter:data1\" content=\"ulqini\" \/>\n\t<meta name=\"twitter:label2\" content=\"Est. reading time\" \/>\n\t<meta name=\"twitter:data2\" content=\"1 minute\" \/>\n<script type=\"application\/ld+json\" class=\"yoast-schema-graph\">{\"@context\":\"https:\/\/schema.org\",\"@graph\":[{\"@type\":\"WebSite\",\"@id\":\"https:\/\/www.visit-ulcinj.com\/blog\/#website\",\"url\":\"https:\/\/www.visit-ulcinj.com\/blog\/\",\"name\":\"Lajme nga Ulqini\",\"description\":\"Lajme,Vijesti,Ulqini,Ulqin,Crna Gora,Mali i Zi\",\"potentialAction\":[{\"@type\":\"SearchAction\",\"target\":{\"@type\":\"EntryPoint\",\"urlTemplate\":\"https:\/\/www.visit-ulcinj.com\/blog\/?s={search_term_string}\"},\"query-input\":\"required name=search_term_string\"}],\"inLanguage\":\"en-US\"},{\"@type\":\"ImageObject\",\"inLanguage\":\"en-US\",\"@id\":\"https:\/\/www.visit-ulcinj.com\/blog\/2016\/02\/26\/populli-i-malit-te-zi-te-ndare-rreth-anetaresimit-ne-nato\/#primaryimage\",\"url\":\"http:\/\/www.visit-ulcinj.com\/blog\/wp-content\/uploads\/2015\/12\/Nato-Montenegro.jpg\",\"contentUrl\":\"http:\/\/www.visit-ulcinj.com\/blog\/wp-content\/uploads\/2015\/12\/Nato-Montenegro.jpg\"},{\"@type\":\"WebPage\",\"@id\":\"https:\/\/www.visit-ulcinj.com\/blog\/2016\/02\/26\/populli-i-malit-te-zi-te-ndare-rreth-anetaresimit-ne-nato\/#webpage\",\"url\":\"https:\/\/www.visit-ulcinj.com\/blog\/2016\/02\/26\/populli-i-malit-te-zi-te-ndare-rreth-anetaresimit-ne-nato\/\",\"name\":\"Populli i Malit t\u00eb Zi i ndar\u00eb rreth an\u00ebtar\u00ebsimit n\u00eb NATO - Lajme nga Ulqini\",\"isPartOf\":{\"@id\":\"https:\/\/www.visit-ulcinj.com\/blog\/#website\"},\"primaryImageOfPage\":{\"@id\":\"https:\/\/www.visit-ulcinj.com\/blog\/2016\/02\/26\/populli-i-malit-te-zi-te-ndare-rreth-anetaresimit-ne-nato\/#primaryimage\"},\"datePublished\":\"2016-02-26T17:31:14+00:00\",\"dateModified\":\"2016-02-26T18:00:12+00:00\",\"author\":{\"@id\":\"https:\/\/www.visit-ulcinj.com\/blog\/#\/schema\/person\/dcab619c614d3038751c63bc2aadc06d\"},\"description\":\"Malazez\u00ebt jan\u00eb t\u00eb ndar\u00eb n\u00eb \u00e7\u00ebshtjen rreth an\u00ebtar\u00ebsimit t\u00eb vendit t\u00eb tyre n\u00eb NATO, tregojn\u00eb rezultatet nga anketa e agjencis\u00eb IPSOS. Si\u00e7 njoftoi Tanjugu,\",\"breadcrumb\":{\"@id\":\"https:\/\/www.visit-ulcinj.com\/blog\/2016\/02\/26\/populli-i-malit-te-zi-te-ndare-rreth-anetaresimit-ne-nato\/#breadcrumb\"},\"inLanguage\":\"en-US\",\"potentialAction\":[{\"@type\":\"ReadAction\",\"target\":[\"https:\/\/www.visit-ulcinj.com\/blog\/2016\/02\/26\/populli-i-malit-te-zi-te-ndare-rreth-anetaresimit-ne-nato\/\"]}]},{\"@type\":\"BreadcrumbList\",\"@id\":\"https:\/\/www.visit-ulcinj.com\/blog\/2016\/02\/26\/populli-i-malit-te-zi-te-ndare-rreth-anetaresimit-ne-nato\/#breadcrumb\",\"itemListElement\":[{\"@type\":\"ListItem\",\"position\":1,\"name\":\"Populli i Malit t\u00eb Zi i ndar\u00eb rreth an\u00ebtar\u00ebsimit n\u00eb NATO\"}]},{\"@type\":\"Person\",\"@id\":\"https:\/\/www.visit-ulcinj.com\/blog\/#\/schema\/person\/dcab619c614d3038751c63bc2aadc06d\",\"name\":\"ulqini\",\"sameAs\":[\"http:\/\/www.visit-ulcinj.com\"],\"url\":\"https:\/\/www.visit-ulcinj.com\/blog\/author\/admin\/\"}]}<\/script>\n<!-- \/ Yoast SEO plugin. -->","yoast_head_json":{"title":"Populli i Malit t\u00eb Zi i ndar\u00eb rreth an\u00ebtar\u00ebsimit n\u00eb NATO - Lajme nga Ulqini","description":"Malazez\u00ebt jan\u00eb t\u00eb ndar\u00eb n\u00eb \u00e7\u00ebshtjen rreth an\u00ebtar\u00ebsimit t\u00eb vendit t\u00eb tyre n\u00eb NATO, tregojn\u00eb rezultatet nga anketa e agjencis\u00eb IPSOS. Si\u00e7 njoftoi Tanjugu,","robots":{"index":"index","follow":"follow","max-snippet":"max-snippet:-1","max-image-preview":"max-image-preview:large","max-video-preview":"max-video-preview:-1"},"canonical":"https:\/\/www.visit-ulcinj.com\/blog\/2016\/02\/26\/populli-i-malit-te-zi-te-ndare-rreth-anetaresimit-ne-nato\/","og_locale":"en_US","og_type":"article","og_title":"Populli i Malit t\u00eb Zi i ndar\u00eb rreth an\u00ebtar\u00ebsimit n\u00eb NATO - Lajme nga Ulqini","og_description":"Malazez\u00ebt jan\u00eb t\u00eb ndar\u00eb n\u00eb \u00e7\u00ebshtjen rreth an\u00ebtar\u00ebsimit t\u00eb vendit t\u00eb tyre n\u00eb NATO, tregojn\u00eb rezultatet nga anketa e agjencis\u00eb IPSOS. Si\u00e7 njoftoi Tanjugu,","og_url":"https:\/\/www.visit-ulcinj.com\/blog\/2016\/02\/26\/populli-i-malit-te-zi-te-ndare-rreth-anetaresimit-ne-nato\/","og_site_name":"Lajme nga Ulqini","article_published_time":"2016-02-26T17:31:14+00:00","article_modified_time":"2016-02-26T18:00:12+00:00","og_image":[{"url":"http:\/\/www.visit-ulcinj.com\/blog\/wp-content\/uploads\/2015\/12\/Nato-Montenegro.jpg"}],"twitter_misc":{"Written by":"ulqini","Est. reading time":"1 minute"},"schema":{"@context":"https:\/\/schema.org","@graph":[{"@type":"WebSite","@id":"https:\/\/www.visit-ulcinj.com\/blog\/#website","url":"https:\/\/www.visit-ulcinj.com\/blog\/","name":"Lajme nga Ulqini","description":"Lajme,Vijesti,Ulqini,Ulqin,Crna Gora,Mali i Zi","potentialAction":[{"@type":"SearchAction","target":{"@type":"EntryPoint","urlTemplate":"https:\/\/www.visit-ulcinj.com\/blog\/?s={search_term_string}"},"query-input":"required name=search_term_string"}],"inLanguage":"en-US"},{"@type":"ImageObject","inLanguage":"en-US","@id":"https:\/\/www.visit-ulcinj.com\/blog\/2016\/02\/26\/populli-i-malit-te-zi-te-ndare-rreth-anetaresimit-ne-nato\/#primaryimage","url":"http:\/\/www.visit-ulcinj.com\/blog\/wp-content\/uploads\/2015\/12\/Nato-Montenegro.jpg","contentUrl":"http:\/\/www.visit-ulcinj.com\/blog\/wp-content\/uploads\/2015\/12\/Nato-Montenegro.jpg"},{"@type":"WebPage","@id":"https:\/\/www.visit-ulcinj.com\/blog\/2016\/02\/26\/populli-i-malit-te-zi-te-ndare-rreth-anetaresimit-ne-nato\/#webpage","url":"https:\/\/www.visit-ulcinj.com\/blog\/2016\/02\/26\/populli-i-malit-te-zi-te-ndare-rreth-anetaresimit-ne-nato\/","name":"Populli i Malit t\u00eb Zi i ndar\u00eb rreth an\u00ebtar\u00ebsimit n\u00eb NATO - Lajme nga Ulqini","isPartOf":{"@id":"https:\/\/www.visit-ulcinj.com\/blog\/#website"},"primaryImageOfPage":{"@id":"https:\/\/www.visit-ulcinj.com\/blog\/2016\/02\/26\/populli-i-malit-te-zi-te-ndare-rreth-anetaresimit-ne-nato\/#primaryimage"},"datePublished":"2016-02-26T17:31:14+00:00","dateModified":"2016-02-26T18:00:12+00:00","author":{"@id":"https:\/\/www.visit-ulcinj.com\/blog\/#\/schema\/person\/dcab619c614d3038751c63bc2aadc06d"},"description":"Malazez\u00ebt jan\u00eb t\u00eb ndar\u00eb n\u00eb \u00e7\u00ebshtjen rreth an\u00ebtar\u00ebsimit t\u00eb vendit t\u00eb tyre n\u00eb NATO, tregojn\u00eb rezultatet nga anketa e agjencis\u00eb IPSOS. Si\u00e7 njoftoi Tanjugu,","breadcrumb":{"@id":"https:\/\/www.visit-ulcinj.com\/blog\/2016\/02\/26\/populli-i-malit-te-zi-te-ndare-rreth-anetaresimit-ne-nato\/#breadcrumb"},"inLanguage":"en-US","potentialAction":[{"@type":"ReadAction","target":["https:\/\/www.visit-ulcinj.com\/blog\/2016\/02\/26\/populli-i-malit-te-zi-te-ndare-rreth-anetaresimit-ne-nato\/"]}]},{"@type":"BreadcrumbList","@id":"https:\/\/www.visit-ulcinj.com\/blog\/2016\/02\/26\/populli-i-malit-te-zi-te-ndare-rreth-anetaresimit-ne-nato\/#breadcrumb","itemListElement":[{"@type":"ListItem","position":1,"name":"Populli i Malit t\u00eb Zi i ndar\u00eb rreth an\u00ebtar\u00ebsimit n\u00eb NATO"}]},{"@type":"Person","@id":"https:\/\/www.visit-ulcinj.com\/blog\/#\/schema\/person\/dcab619c614d3038751c63bc2aadc06d","name":"ulqini","sameAs":["http:\/\/www.visit-ulcinj.com"],"url":"https:\/\/www.visit-ulcinj.com\/blog\/author\/admin\/"}]}},"jetpack_featured_media_url":"","jetpack_sharing_enabled":true,"jetpack_shortlink":"https:\/\/wp.me\/pe6lTn-oHu","_links":{"self":[{"href":"https:\/\/www.visit-ulcinj.com\/blog\/wp-json\/wp\/v2\/posts\/94952"}],"collection":[{"href":"https:\/\/www.visit-ulcinj.com\/blog\/wp-json\/wp\/v2\/posts"}],"about":[{"href":"https:\/\/www.visit-ulcinj.com\/blog\/wp-json\/wp\/v2\/types\/post"}],"author":[{"embeddable":true,"href":"https:\/\/www.visit-ulcinj.com\/blog\/wp-json\/wp\/v2\/users\/1"}],"replies":[{"embeddable":true,"href":"https:\/\/www.visit-ulcinj.com\/blog\/wp-json\/wp\/v2\/comments?post=94952"}],"version-history":[{"count":3,"href":"https:\/\/www.visit-ulcinj.com\/blog\/wp-json\/wp\/v2\/posts\/94952\/revisions"}],"predecessor-version":[{"id":94955,"href":"https:\/\/www.visit-ulcinj.com\/blog\/wp-json\/wp\/v2\/posts\/94952\/revisions\/94955"}],"wp:attachment":[{"href":"https:\/\/www.visit-ulcinj.com\/blog\/wp-json\/wp\/v2\/media?parent=94952"}],"wp:term":[{"taxonomy":"category","embeddable":true,"href":"https:\/\/www.visit-ulcinj.com\/blog\/wp-json\/wp\/v2\/categories?post=94952"},{"taxonomy":"post_tag","embeddable":true,"href":"https:\/\/www.visit-ulcinj.com\/blog\/wp-json\/wp\/v2\/tags?post=94952"}],"curies":[{"name":"wp","href":"https:\/\/api.w.org\/{rel}","templated":true}]}}