{"id":95,"date":"2008-01-08T16:29:31","date_gmt":"2008-01-08T21:29:31","guid":{"rendered":"http:\/\/www.visit-ulcinj.com\/blog\/2008\/01\/08\/spanish-firm-to-manage-montenegro-hotel\/"},"modified":"2008-02-12T18:18:39","modified_gmt":"2008-02-12T23:18:39","slug":"spanish-firm-to-manage-montenegro-hotel","status":"publish","type":"post","link":"https:\/\/www.visit-ulcinj.com\/blog\/2008\/01\/08\/spanish-firm-to-manage-montenegro-hotel\/","title":{"rendered":"Spanish Firm to Manage Montenegro Hotel"},"content":{"rendered":"<p><span style=\"font-size: 9pt; color: #333333; line-height: 115%; font-family: 'Arial','sans-serif'\" lang=\"EN\">Ulcinj_ Spanish hotel company Iberostar Hot<\/span><img loading=\"lazy\" src=\"http:\/\/www.visit-ulcinj.com\/blog\/wp-content\/uploads\/2008\/01\/iberostar.gif\" align=\"left\" height=\"133\" hspace=\"1\" vspace=\"1\" width=\"202\" \/><span style=\"font-size: 9pt; color: #333333; line-height: 115%; font-family: 'Arial','sans-serif'\" lang=\"EN\">els will manage the Otrant Hotel in the southern Montenegrin town of Ulcinj from 2009 to 2019, Otrant\u2019s management announced on Friday. <o:p><\/o:p><br \/>\nA contract between Barkli Montenegro, the Russian company which owns the Otrant, and Iberostar was signed on Monday in Palma de Majorca, Spain.<\/span><!--more--><span style=\"font-size: 9pt; color: #333333; line-height: 115%; font-family: 'Arial','sans-serif'\" lang=\"EN\"><br \/>\nIn an interview with the Montenegrin daily Vijesti, Aleksej Novosov, executive director of Barkli Montenegro, said that signing the contract would enable the realization of one of the biggest hotel projects in Montenegro.<br \/>\nHe said the Iberostar Hotel Otrant Beach would have four stars and would boast a spa center, pools, restaurants, bars, cafes, conference facilities, tennis and volleyball courts, and shops, as well two hectares of beachfront.<br \/>\n\u201cThe Spanish management will take over the hotel in the summer of 2009 following renovation worth around 20 million Euros,\u201d Novosov said.<br \/>\nBarkli Montenegro bought Otrant three years ago for 2.5 million Euros. For several years Iberostar has managed the Belvi Hotel in Becici, Montenegro.<\/span><span style=\"font-size: 9pt; color: #333333; line-height: 115%; font-family: 'Arial','sans-serif'\" lang=\"EN\"><\/span><span style=\"font-size: 9pt; color: #333333; line-height: 115%; font-family: 'Arial','sans-serif'\" lang=\"EN\"><\/span><strong>Sumnjiva prodaja hotela Otrant<\/strong><\/p>\n<p><img loading=\"lazy\" src=\"http:\/\/www.visit-ulcinj.com\/blog\/wp-content\/uploads\/2008\/01\/hotel_otrant.thumbnail.jpg\" style=\"width: 158px; height: 137px\" align=\"left\" border=\"0\" height=\"101\" hspace=\"2\" vspace=\"2\" width=\"128\" \/>Suvlasnik i direktor kompnije Montemlin \u017darko Rak?evi? pozvao je crnogorsku Upravu za sprje?avanje pranja novca i dr\u017eavnog tu\u017eioca Vesnu Medenicu da objave izvje\u0161taje o tokovima uplate sumnjivih 2,5 miliona eura za kupovinu ulcinjskog hotela Otrant. Taj hotel je krajem 2004. godine kupila ruska kompanija Barkli SK, dok drugorangirana Rak?evi?eva firma od tada ?eka ocjenu zakonitosti prodaje Otranta, tvrde?i da se radi o &#8220;privatizacionom zlo?inu&#8221;. Uprava i dr\u017eavno tu\u017eila\u0161tvo imaju op\u0161irne i precizne izvje\u0161taje o kanalima uplate novca za ulcinjski hotel, koji je stigao preko poznatih bugarskih firmi&#8221;, rekao je Rak?evi? Vijestima. On je od Uprave zatra\u017eio da objavi nalaze bez tajnovitosti i upozorenja u stilu &#8220;opasno je govoriti o tome&#8221;. Rak?evi?a ?udi kako su predstavnici poznate \u0161panske kompanije Iberostar &#8220;dozvolili sebi&#8221; da potpi\u0161u ugovor o preuzimanju upravljanja ulcinjskim hotelom iako su sudski sporovi u toku. &#8220;Tenderska komisija je finansijsku snagu Barklija, koji je u gubicima, ocijenila maksimalnim brojem bodova. Da nemaju da investiraju i da im to nije bio cilj najbolje pokazuje to \u0161to im treba kapital Iberostara&#8221;, kazao je Rak?evi?. Apelacioni sud je krajem januara pro\u0161le godine ukinuo rje\u0161enje predsjednika podgori?kog Privrednog suda Dragana Rako?evi?a da je Otrant Rusima zakonito prodat i od njega zatra\u017eio da u ponovnom postupku ispita privatizaciju. Rako?evi? ni nakon skoro dvije godine nije donio novo rje\u0161enje. &#8220;Kroz slu?aj Otrant mo\u017ee se vidjeti kako funkcioni\u0161u djelovi crnogorskog dru\u0161tva. Me?unarodne organizacije su zainteresovane za taj slu?aj, kao i eksperti Evropske komisije, a kada stignu njihove dobronamjerne i te\u0161ke ocjene o neefikasnosti i nesamostalnosti sudova, korupciji, pranju novca kroz kupovinu nekretnina, kulturi monopola i paukovoj mre\u017ei organizovanog kriminala, \u017eustro se odbacuju&#8221;, tvrdi Rak?evi?. On je dodao da je Otrant i primjer dobre saradnje ljudi iz razli?itih dr\u017eavnih organa i grana vlasti koje \u017eele da prolongiraju ili zata\u0161kaju slu?aj.<\/p>\n<p><a href=\"http:\/\/www.vijesti.cg.yu\/\">www.vijesti.cg.yu<\/a><\/p>\n<p><span style=\"font-size: 9pt; color: #333333; line-height: 115%; font-family: 'Arial','sans-serif'\" lang=\"EN\"><strong>Ulcinj Video<\/strong><\/span><\/p>\n<p align=\"justify\"><span style=\"font-size: 9pt; color: #333333; line-height: 115%; font-family: 'Arial','sans-serif'\" lang=\"EN\"><!-- vimeo error: not a vimeo video --><\/span><\/p>\n<p align=\"justify\"><span style=\"font-size: 9pt; color: #333333; line-height: 115%; font-family: 'Arial','sans-serif'\" lang=\"EN\"><\/span><span style=\"font-size: 9pt; color: #333333; line-height: 115%; font-family: 'Arial','sans-serif'\" lang=\"EN\">Najju\u017eniji grad na Crnogorskoj obali. Ulcinj je svojim prirodnim potencijalima preodre?en za turizam. Najdu\u017ea pje\u0161?ana pla\u017ea na Jadranskom moru &#8211; Velika pla\u017ea duga 13 km, Ada Bojana &#8211; jedinstveno rije?no ostrvo sa predivnim pje\u0161?anim pla\u017eama, Valdanos &#8211; jedinstvena uvala sa zale?em prepunim starih drve?a masline, obnovljeni stari grad u Ulcinju &#8211; prepun interesantnih restorana, kafi?a, galerija i hotela &#8230; i jo\u0161 mnogo drugih atraktivnih mjesta ?ine Ulcinj jedinstvenim i privla?nim za mnoge turiste. Ulcinj je grad, koji svakako morate upoznati.<\/span><span style=\"font-size: 9pt; color: #333333; line-height: 115%; font-family: 'Arial','sans-serif'\" lang=\"EN\"> <\/span><span style=\"font-size: 9pt; color: #333333; line-height: 115%; font-family: 'Arial','sans-serif'\" lang=\"EN\">Zahvaljujemo se portalu Visit-Ulcinj.com na ustupljenim pravima za objavljivanje video materijala. Posjetite <a href=\"http:\/\/www.visit-ulcinj.com\/\"><strong><font color=\"#006da3\">www.visit-ulcinj.com<\/font><\/strong><\/a>  i na?i ?ete vi\u0161e razloga za posjetu Crnoj Gori.<\/span><\/p>\n<p><span style=\"font-size: 9pt; color: #333333; line-height: 115%; font-family: 'Arial','sans-serif'\" lang=\"EN\"><\/span><span style=\"font-size: 9pt; color: #333333; line-height: 115%; font-family: 'Arial','sans-serif'\" lang=\"EN\"><strong>Thanks to Montenegro Internet Tourist portal Visit Ulcinj.com\/ ( <a href=\"http:\/\/www.visit-ulcinj.com\/\"><strong><font color=\"#006da3\">www.visit-ulcinj.com<\/font><\/strong><\/a><strong> )<\/strong><strong> we have been given rights for broadcasting this video.<\/strong><\/strong><\/span><span style=\"font-size: 9pt; color: #333333; line-height: 115%; font-family: 'Arial','sans-serif'\" lang=\"EN\"> <\/span><span style=\"font-size: 9pt; color: #333333; line-height: 115%; font-family: 'Arial','sans-serif'\" lang=\"EN\"><\/span><span style=\"font-size: 9pt; color: #333333; line-height: 115%; font-family: 'Arial','sans-serif'\" lang=\"EN\"><span style=\"font-size: 9pt; color: #333333; line-height: 115%; font-family: 'Arial','sans-serif'\" lang=\"EN\"><\/span><span lang=\"EN\"><o:p><\/o:p><\/span> <\/span><span style=\"font-size: 9pt; color: #333333; line-height: 115%; font-family: 'Arial','sans-serif'\" lang=\"EN\"><\/span><\/p>\n<h1 style=\"background-image: url('.\/images\/ph00000000000000001.gif')\"><\/h1>\n<table class=\"content\" cellspacing=\"0\" width=\"100%\">\n<tr class=\"header\">\n<td class=\"headercell\" align=\"left\" valign=\"top\"><strong>Mir\u00eb se erdh\u00ebt n\u00eb web faqen e<\/strong> <a href=\"http:\/\/www.visit-ulcinj.com\/\"><font color=\"#006da3\" face=\"Arial\" size=\"2\"><strong>www.visit-ulcinj.com<\/strong><\/font><\/a><\/td>\n<\/tr>\n<\/table>\n<table class=\"content\" cellspacing=\"0\" width=\"100%\">\n<tr class=\"header\">\n<td class=\"headercell\" align=\"left\" valign=\"top\"><strong>Ulqinin nuk mjafton ta shoh\u00ebsh,Ulqinin duhet ta p\u00ebrjetosh\u00eb.<\/strong><\/td>\n<\/tr>\n<\/table>\n<p class=\"sidepicture\"><strong>N\u00ebse d\u00ebshironi t\u00eb kaloni pushimet t\u00eb mrekullueshme at\u00ebher\u00eb vizitoni Ulqinin ,<br \/>\nnj\u00eb nd\u00ebr thesar\u00ebt m\u00eb t\u00eb \u00e7muesh\u00ebm t\u00eb Adriatikut, q\u00eb ju ofron k\u00ebnaq\u00ebsi t\u00eb<br \/>\npafund prej t\u00eb cilit do t\u00eb ktheheni me nj\u00eb bagazh\u00eb kujtimesh t\u00eb paharueshme.<br \/>\nNj\u00eb nd\u00ebr vendet m\u00eb t\u00eb preferuara p\u00ebr t\u00eb kaluar sa m\u00eb bukur pushimet verore n\u00eb Ulqin \u00ebsht\u00eb:<br \/>\nVila Buri &#8211; Long Beach&#8221; (familja Buri)<\/strong><\/p>\n<p class=\"sidepicture\"><a href=\"http:\/\/www.panorama-ulqin.com\/mimetrezervimi\/index.html\"><img loading=\"lazy\" src=\"http:\/\/www.panorama-ulqin.com\/images\/bild036_200.jpg\" border=\"0\" height=\"150\" width=\"200\" \/><\/a><\/p>\n<p class=\"sidepicturetext\">&nbsp;<\/p>\n<p style=\"color: #000080\"><strong>Me nj\u00eb tradit\u00eb 20 vjeqare dhe me nj\u00eb profesionalitet t\u00eb ve\u00e7ant\u00eb n\u00eb pritjen e turist\u00ebve,<br \/>\ndhe gjith\u00ebmon\u00eb n\u00eb hap me koh\u00ebn, ju mir\u00ebpret Vila Buri  me<br \/>\n24 Apartamente moderne, me \u00e7mime shum\u00eb t\u00eb volit\u00ebshme<\/strong> .<\/p>\n","protected":false},"excerpt":{"rendered":"<p><img loading=\"lazy\" src=\"http:\/\/www.visit-ulcinj.com\/blog\/wp-content\/uploads\/2008\/01\/iberostar.gif\" alt=\"Iberostar\" height=\"140\" width=\"140\" \/><\/p>\n","protected":false},"author":1,"featured_media":0,"comment_status":"open","ping_status":"closed","sticky":false,"template":"","format":"standard","meta":{"spay_email":"","jetpack_publicize_message":"","jetpack_is_tweetstorm":false,"jetpack_publicize_feature_enabled":true},"categories":[15],"tags":[1185,362,459,359],"jetpack_publicize_connections":[],"yoast_head":"<!-- This site is optimized with the Yoast SEO plugin v19.1 - https:\/\/yoast.com\/wordpress\/plugins\/seo\/ -->\n<title>Spanish Firm to Manage Montenegro Hotel - Lajme nga Ulqini<\/title>\n<meta name=\"robots\" content=\"index, follow, max-snippet:-1, max-image-preview:large, max-video-preview:-1\" \/>\n<link rel=\"canonical\" href=\"https:\/\/www.visit-ulcinj.com\/blog\/2008\/01\/08\/spanish-firm-to-manage-montenegro-hotel\/\" \/>\n<meta property=\"og:locale\" content=\"en_US\" \/>\n<meta property=\"og:type\" content=\"article\" \/>\n<meta property=\"og:title\" content=\"Spanish Firm to Manage Montenegro Hotel - Lajme nga Ulqini\" \/>\n<meta property=\"og:url\" content=\"https:\/\/www.visit-ulcinj.com\/blog\/2008\/01\/08\/spanish-firm-to-manage-montenegro-hotel\/\" \/>\n<meta property=\"og:site_name\" content=\"Lajme nga Ulqini\" \/>\n<meta property=\"article:published_time\" content=\"2008-01-08T21:29:31+00:00\" \/>\n<meta property=\"article:modified_time\" content=\"2008-02-12T23:18:39+00:00\" \/>\n<meta property=\"og:image\" content=\"http:\/\/www.visit-ulcinj.com\/blog\/wp-content\/uploads\/2008\/01\/iberostar.gif\" \/>\n<meta name=\"twitter:label1\" content=\"Written by\" \/>\n\t<meta name=\"twitter:data1\" content=\"ulqini\" \/>\n\t<meta name=\"twitter:label2\" content=\"Est. reading time\" \/>\n\t<meta name=\"twitter:data2\" content=\"4 minutes\" \/>\n<script type=\"application\/ld+json\" class=\"yoast-schema-graph\">{\"@context\":\"https:\/\/schema.org\",\"@graph\":[{\"@type\":\"WebSite\",\"@id\":\"https:\/\/www.visit-ulcinj.com\/blog\/#website\",\"url\":\"https:\/\/www.visit-ulcinj.com\/blog\/\",\"name\":\"Lajme nga Ulqini\",\"description\":\"Lajme,Vijesti,Ulqini,Ulqin,Crna Gora,Mali i Zi\",\"potentialAction\":[{\"@type\":\"SearchAction\",\"target\":{\"@type\":\"EntryPoint\",\"urlTemplate\":\"https:\/\/www.visit-ulcinj.com\/blog\/?s={search_term_string}\"},\"query-input\":\"required name=search_term_string\"}],\"inLanguage\":\"en-US\"},{\"@type\":\"ImageObject\",\"inLanguage\":\"en-US\",\"@id\":\"https:\/\/www.visit-ulcinj.com\/blog\/2008\/01\/08\/spanish-firm-to-manage-montenegro-hotel\/#primaryimage\",\"url\":\"http:\/\/www.visit-ulcinj.com\/blog\/wp-content\/uploads\/2008\/01\/iberostar.gif\",\"contentUrl\":\"http:\/\/www.visit-ulcinj.com\/blog\/wp-content\/uploads\/2008\/01\/iberostar.gif\"},{\"@type\":\"WebPage\",\"@id\":\"https:\/\/www.visit-ulcinj.com\/blog\/2008\/01\/08\/spanish-firm-to-manage-montenegro-hotel\/#webpage\",\"url\":\"https:\/\/www.visit-ulcinj.com\/blog\/2008\/01\/08\/spanish-firm-to-manage-montenegro-hotel\/\",\"name\":\"Spanish Firm to Manage Montenegro Hotel - Lajme nga Ulqini\",\"isPartOf\":{\"@id\":\"https:\/\/www.visit-ulcinj.com\/blog\/#website\"},\"primaryImageOfPage\":{\"@id\":\"https:\/\/www.visit-ulcinj.com\/blog\/2008\/01\/08\/spanish-firm-to-manage-montenegro-hotel\/#primaryimage\"},\"datePublished\":\"2008-01-08T21:29:31+00:00\",\"dateModified\":\"2008-02-12T23:18:39+00:00\",\"author\":{\"@id\":\"https:\/\/www.visit-ulcinj.com\/blog\/#\/schema\/person\/dcab619c614d3038751c63bc2aadc06d\"},\"breadcrumb\":{\"@id\":\"https:\/\/www.visit-ulcinj.com\/blog\/2008\/01\/08\/spanish-firm-to-manage-montenegro-hotel\/#breadcrumb\"},\"inLanguage\":\"en-US\",\"potentialAction\":[{\"@type\":\"ReadAction\",\"target\":[\"https:\/\/www.visit-ulcinj.com\/blog\/2008\/01\/08\/spanish-firm-to-manage-montenegro-hotel\/\"]}]},{\"@type\":\"BreadcrumbList\",\"@id\":\"https:\/\/www.visit-ulcinj.com\/blog\/2008\/01\/08\/spanish-firm-to-manage-montenegro-hotel\/#breadcrumb\",\"itemListElement\":[{\"@type\":\"ListItem\",\"position\":1,\"name\":\"Spanish Firm to Manage Montenegro Hotel\"}]},{\"@type\":\"Person\",\"@id\":\"https:\/\/www.visit-ulcinj.com\/blog\/#\/schema\/person\/dcab619c614d3038751c63bc2aadc06d\",\"name\":\"ulqini\",\"sameAs\":[\"http:\/\/www.visit-ulcinj.com\"],\"url\":\"https:\/\/www.visit-ulcinj.com\/blog\/author\/admin\/\"}]}<\/script>\n<!-- \/ Yoast SEO plugin. -->","yoast_head_json":{"title":"Spanish Firm to Manage Montenegro Hotel - Lajme nga Ulqini","robots":{"index":"index","follow":"follow","max-snippet":"max-snippet:-1","max-image-preview":"max-image-preview:large","max-video-preview":"max-video-preview:-1"},"canonical":"https:\/\/www.visit-ulcinj.com\/blog\/2008\/01\/08\/spanish-firm-to-manage-montenegro-hotel\/","og_locale":"en_US","og_type":"article","og_title":"Spanish Firm to Manage Montenegro Hotel - Lajme nga Ulqini","og_url":"https:\/\/www.visit-ulcinj.com\/blog\/2008\/01\/08\/spanish-firm-to-manage-montenegro-hotel\/","og_site_name":"Lajme nga Ulqini","article_published_time":"2008-01-08T21:29:31+00:00","article_modified_time":"2008-02-12T23:18:39+00:00","og_image":[{"url":"http:\/\/www.visit-ulcinj.com\/blog\/wp-content\/uploads\/2008\/01\/iberostar.gif"}],"twitter_misc":{"Written by":"ulqini","Est. reading time":"4 minutes"},"schema":{"@context":"https:\/\/schema.org","@graph":[{"@type":"WebSite","@id":"https:\/\/www.visit-ulcinj.com\/blog\/#website","url":"https:\/\/www.visit-ulcinj.com\/blog\/","name":"Lajme nga Ulqini","description":"Lajme,Vijesti,Ulqini,Ulqin,Crna Gora,Mali i Zi","potentialAction":[{"@type":"SearchAction","target":{"@type":"EntryPoint","urlTemplate":"https:\/\/www.visit-ulcinj.com\/blog\/?s={search_term_string}"},"query-input":"required name=search_term_string"}],"inLanguage":"en-US"},{"@type":"ImageObject","inLanguage":"en-US","@id":"https:\/\/www.visit-ulcinj.com\/blog\/2008\/01\/08\/spanish-firm-to-manage-montenegro-hotel\/#primaryimage","url":"http:\/\/www.visit-ulcinj.com\/blog\/wp-content\/uploads\/2008\/01\/iberostar.gif","contentUrl":"http:\/\/www.visit-ulcinj.com\/blog\/wp-content\/uploads\/2008\/01\/iberostar.gif"},{"@type":"WebPage","@id":"https:\/\/www.visit-ulcinj.com\/blog\/2008\/01\/08\/spanish-firm-to-manage-montenegro-hotel\/#webpage","url":"https:\/\/www.visit-ulcinj.com\/blog\/2008\/01\/08\/spanish-firm-to-manage-montenegro-hotel\/","name":"Spanish Firm to Manage Montenegro Hotel - Lajme nga Ulqini","isPartOf":{"@id":"https:\/\/www.visit-ulcinj.com\/blog\/#website"},"primaryImageOfPage":{"@id":"https:\/\/www.visit-ulcinj.com\/blog\/2008\/01\/08\/spanish-firm-to-manage-montenegro-hotel\/#primaryimage"},"datePublished":"2008-01-08T21:29:31+00:00","dateModified":"2008-02-12T23:18:39+00:00","author":{"@id":"https:\/\/www.visit-ulcinj.com\/blog\/#\/schema\/person\/dcab619c614d3038751c63bc2aadc06d"},"breadcrumb":{"@id":"https:\/\/www.visit-ulcinj.com\/blog\/2008\/01\/08\/spanish-firm-to-manage-montenegro-hotel\/#breadcrumb"},"inLanguage":"en-US","potentialAction":[{"@type":"ReadAction","target":["https:\/\/www.visit-ulcinj.com\/blog\/2008\/01\/08\/spanish-firm-to-manage-montenegro-hotel\/"]}]},{"@type":"BreadcrumbList","@id":"https:\/\/www.visit-ulcinj.com\/blog\/2008\/01\/08\/spanish-firm-to-manage-montenegro-hotel\/#breadcrumb","itemListElement":[{"@type":"ListItem","position":1,"name":"Spanish Firm to Manage Montenegro Hotel"}]},{"@type":"Person","@id":"https:\/\/www.visit-ulcinj.com\/blog\/#\/schema\/person\/dcab619c614d3038751c63bc2aadc06d","name":"ulqini","sameAs":["http:\/\/www.visit-ulcinj.com"],"url":"https:\/\/www.visit-ulcinj.com\/blog\/author\/admin\/"}]}},"jetpack_featured_media_url":"","jetpack_sharing_enabled":true,"jetpack_shortlink":"https:\/\/wp.me\/pe6lTn-1x","_links":{"self":[{"href":"https:\/\/www.visit-ulcinj.com\/blog\/wp-json\/wp\/v2\/posts\/95"}],"collection":[{"href":"https:\/\/www.visit-ulcinj.com\/blog\/wp-json\/wp\/v2\/posts"}],"about":[{"href":"https:\/\/www.visit-ulcinj.com\/blog\/wp-json\/wp\/v2\/types\/post"}],"author":[{"embeddable":true,"href":"https:\/\/www.visit-ulcinj.com\/blog\/wp-json\/wp\/v2\/users\/1"}],"replies":[{"embeddable":true,"href":"https:\/\/www.visit-ulcinj.com\/blog\/wp-json\/wp\/v2\/comments?post=95"}],"version-history":[{"count":0,"href":"https:\/\/www.visit-ulcinj.com\/blog\/wp-json\/wp\/v2\/posts\/95\/revisions"}],"wp:attachment":[{"href":"https:\/\/www.visit-ulcinj.com\/blog\/wp-json\/wp\/v2\/media?parent=95"}],"wp:term":[{"taxonomy":"category","embeddable":true,"href":"https:\/\/www.visit-ulcinj.com\/blog\/wp-json\/wp\/v2\/categories?post=95"},{"taxonomy":"post_tag","embeddable":true,"href":"https:\/\/www.visit-ulcinj.com\/blog\/wp-json\/wp\/v2\/tags?post=95"}],"curies":[{"name":"wp","href":"https:\/\/api.w.org\/{rel}","templated":true}]}}