{"id":950,"date":"2008-03-18T13:49:35","date_gmt":"2008-03-18T18:49:35","guid":{"rendered":"http:\/\/www.visit-ulcinj.com\/blog\/2008\/03\/18\/ne-ulqin-u-kremtua-7-marsi-dita-e-mesuesit\/"},"modified":"2008-03-18T13:49:35","modified_gmt":"2008-03-18T18:49:35","slug":"ne-ulqin-u-kremtua-7-marsi-dita-e-mesuesit","status":"publish","type":"post","link":"https:\/\/www.visit-ulcinj.com\/blog\/2008\/03\/18\/ne-ulqin-u-kremtua-7-marsi-dita-e-mesuesit\/","title":{"rendered":"N\u00eb Ulqin u kremtua 7 marsi &#8211; dita e m\u00ebsuesit"},"content":{"rendered":"<p><a href=\"http:\/\/www.visit-ulcinj.com\/blog\/wp-content\/uploads\/2008\/03\/7-marsi-dite-e-mesuesit.jpg\" title=\"7 MARSI  DIT\u00cb E M\u00cbSUESIT\"><img loading=\"lazy\" src=\"http:\/\/www.visit-ulcinj.com\/blog\/wp-content\/uploads\/2008\/03\/7-marsi-dite-e-mesuesit.thumbnail.jpg\" alt=\"7 MARSI  DIT\u00cb E M\u00cbSUESIT\" align=\"left\" height=\"150\" width=\"200\" \/><\/a><strong>Rrug\u00ebtim plot sakrifica<\/strong><br \/>\nN\u00eb em\u00ebr t\u00eb m\u00ebsuesve pensionist\u00eb, pjes\u00ebmarr\u00ebsit i p\u00ebrsh\u00ebndeti Xhemal Milla, i cili tha se arsimimi i popullit \u00ebsht\u00eb si mesha m\u00eb e lart\u00eb e t\u00eb gjitha besimeve dhe e t\u00eb gjith\u00eb popujve n\u00eb bot\u00eb. Ai porositi q\u00eb t\u00eb mos harrohet kontributi i t\u00eb gjith\u00eb pun\u00ebtor\u00ebve t\u00eb arsimit te ne, pa t\u00eb cil\u00ebt, sipas tij, arsimi shqip nuk do t\u00eb ishte k\u00ebtu ku \u00ebsht\u00eb sot.<br \/>\nShkollat e Ulqinit me mb\u00ebshtetjen e Komun\u00ebs s\u00eb Ulqinit kremtuan t\u00eb enjten 7 Marsin &#8211; Dit\u00ebn e M\u00ebsuesit me nj\u00eb manifestim t\u00eb ve\u00e7ant\u00eb t\u00eb mbajtur n\u00eb Qendr\u00ebn e Kultur\u00ebs s\u00eb k\u00ebtij qyteti.<br \/>\nP\u00ebr historikun e shkoll\u00ebs dhe arsimit shqip nd\u00ebr vite foli m\u00ebsimdh\u00ebn\u00ebsja n\u00eb pension, Syme Kokaj.<br \/>\nAjo tha se Dita e M\u00ebsuesit \u00ebsht\u00eb simbolika e p\u00ebrpjekjeve t\u00eb vazhdueshme plot sakrifica p\u00ebr ta pasur at\u00eb q\u00eb na takon dhe p\u00ebr ta ruajtur p\u00ebrjet\u00ebsisht shkoll\u00ebn shqipe, e cila pati nj\u00eb rrug\u00ebtim t\u00eb v\u00ebshtir\u00eb dhe t\u00eb gjat\u00eb.<br \/>\n&#8220;Kjo dat\u00eb sh\u00ebnon nj\u00eb dit\u00eb t\u00eb ve\u00e7ant\u00eb dhe t\u00eb r\u00ebnd\u00ebsishme p\u00ebr popullin ton\u00eb e q\u00eb na b\u00ebn t\u00eb kujtojm\u00eb shum\u00eb viktima dhe t\u00eb na sh\u00ebrbej\u00eb p\u00ebr t\u00eb na nxitur e motivuar p\u00ebr pun\u00eb gjithnj\u00eb m\u00eb t\u00eb mir\u00eb e p\u00ebr p\u00ebrgjegj\u00ebsi m\u00eb t\u00eb m\u00ebdha ndaj atyre me t\u00eb cil\u00ebt punojm\u00eb &#8211; nx\u00ebn\u00ebsve, n\u00eb m\u00ebnyr\u00eb q\u00eb mos t`i m\u00ebsojm\u00eb mbrapsht e t\u00eb vuajn\u00eb nga gabimet tona&#8221;, tha ajo.<br \/>\nDuke folur p\u00ebr arsimin shqip sot, Kokaj tha se mund t\u00eb krenohemi q\u00eb vet\u00ebdija dhe nd\u00ebrgjegja jan\u00eb zgjuar dhe se breza e breza jan\u00eb shkolluar e po shkollohen gjithnj\u00eb.<br \/>\n&#8220;Sigurisht se intelektuali nuk krijohet p\u00ebr nj\u00eb dit\u00eb, as p\u00ebr nj\u00eb vit, por \u00ebsht\u00eb dashur dhe duhet shum\u00eb pun\u00eb q\u00eb n\u00eb kolon\u00ebn e gjat\u00eb t\u00eb kemi intelektual\u00eb t\u00eb profesioneve t\u00eb ndryshme e deri me tituj shkencor\u00eb, q\u00eb jan\u00eb t\u00eb aft\u00eb t\u00eb ecin paralel me ata europian\u00eb&#8221;, theksoi ajo.<br \/>\nN\u00eb em\u00ebr t\u00eb m\u00ebsuesve pensionist\u00eb pjes\u00ebmarr\u00ebsit i p\u00ebrsh\u00ebndeti Xhemal Milla. Ai tha se arsimimi i popullit \u00ebsht\u00eb si mesha m\u00eb e lart\u00eb e t\u00eb gjitha besimeve dhe e t\u00eb gjith\u00eb popujve n\u00eb bot\u00eb. Milla vler\u00ebsoi lart kontributin q\u00eb kan\u00eb dh\u00ebn\u00eb brezat e m\u00ebsuesve nd\u00ebr vite duke porositur q\u00eb ai t\u00eb mos harrohet.<br \/>\n&#8220;Nuk duhet harruar t\u00eb gjith\u00eb pun\u00ebtor\u00ebt e arsimit q\u00eb kan\u00eb dh\u00ebn\u00eb kontributin te ne. Pa ata, arsimi shqip nuk do t\u00eb ishte k\u00ebtu ku \u00ebsht\u00eb sot&#8221;, tha ai.<br \/>\nNd\u00ebrsa kryetari i Komun\u00ebs s\u00eb Ulqinit, G\u00ebzim Hajdinaga, me mb\u00ebshtetjen e t\u00eb cilit u realizua aktiviteti, tha se ka respekt t\u00eb ve\u00e7ant\u00eb p\u00ebr \u00e7do m\u00ebsues.<br \/>\n&#8220;Ju keni qen\u00eb jo thjesht profesionist\u00eb t\u00eb arsimit, por n\u00eb radh\u00eb t\u00eb par\u00eb keni qen\u00eb njer\u00ebz t\u00eb emancipuar, human\u00eb dhe artist\u00eb t\u00eb fushave t\u00eb ndryshme. Jam m\u00eb se i bindur se \u00e7donj\u00ebri prej nesh ka n\u00eb zem\u00ebr protretin e m\u00ebsuesit t\u00eb tij t\u00eb preferuar&#8221;, tha nd\u00ebr t\u00eb tjera ai.<br \/>\nN\u00eb programin e shfaqur me k\u00ebt\u00eb rast mor\u00ebn pjes\u00eb nx\u00ebn\u00ebs t\u00eb shkollave t\u00eb Ulqinit t\u00eb cil\u00ebt u prezantuan para publikut me recitime, pjes\u00eb koreografike, pjes\u00eb humoristike, etj. N\u00eb program mori pjes\u00eb po ashtu edhe sopranoja e re Maida Resulbegu, n\u00ebn p\u00ebrcjelljen e pianistes Merita Subashiq.<br \/>\ni.k.<\/p>\n","protected":false},"excerpt":{"rendered":"<p><img loading=\"lazy\" src=\"http:\/\/www.visit-ulcinj.com\/blog\/wp-content\/uploads\/2008\/03\/7-marsi-dite-e-mesuesit.thumbnail.jpg\" alt=\"7 MARSI  DIT\u00cb E M\u00cbSUESIT\" align=\"left\" height=\"140\" width=\"140\" \/><\/p>\n","protected":false},"author":1,"featured_media":0,"comment_status":"open","ping_status":"closed","sticky":false,"template":"","format":"standard","meta":{"spay_email":"","jetpack_publicize_message":"","jetpack_is_tweetstorm":false,"jetpack_publicize_feature_enabled":true},"categories":[4],"tags":[],"jetpack_publicize_connections":[],"yoast_head":"<!-- This site is optimized with the Yoast SEO plugin v19.1 - https:\/\/yoast.com\/wordpress\/plugins\/seo\/ -->\n<title>N\u00eb Ulqin u kremtua 7 marsi - dita e m\u00ebsuesit - Lajme nga Ulqini<\/title>\n<meta name=\"robots\" content=\"index, follow, max-snippet:-1, max-image-preview:large, max-video-preview:-1\" \/>\n<link rel=\"canonical\" href=\"https:\/\/www.visit-ulcinj.com\/blog\/2008\/03\/18\/ne-ulqin-u-kremtua-7-marsi-dita-e-mesuesit\/\" \/>\n<meta property=\"og:locale\" content=\"en_US\" \/>\n<meta property=\"og:type\" content=\"article\" \/>\n<meta property=\"og:title\" content=\"N\u00eb Ulqin u kremtua 7 marsi - dita e m\u00ebsuesit - Lajme nga Ulqini\" \/>\n<meta property=\"og:url\" content=\"https:\/\/www.visit-ulcinj.com\/blog\/2008\/03\/18\/ne-ulqin-u-kremtua-7-marsi-dita-e-mesuesit\/\" \/>\n<meta property=\"og:site_name\" content=\"Lajme nga Ulqini\" \/>\n<meta property=\"article:published_time\" content=\"2008-03-18T18:49:35+00:00\" \/>\n<meta property=\"og:image\" content=\"http:\/\/www.visit-ulcinj.com\/blog\/wp-content\/uploads\/2008\/03\/7-marsi-dite-e-mesuesit.thumbnail.jpg\" \/>\n<meta name=\"twitter:label1\" content=\"Written by\" \/>\n\t<meta name=\"twitter:data1\" content=\"ulqini\" \/>\n\t<meta name=\"twitter:label2\" content=\"Est. reading time\" \/>\n\t<meta name=\"twitter:data2\" content=\"3 minutes\" \/>\n<script type=\"application\/ld+json\" class=\"yoast-schema-graph\">{\"@context\":\"https:\/\/schema.org\",\"@graph\":[{\"@type\":\"WebSite\",\"@id\":\"https:\/\/www.visit-ulcinj.com\/blog\/#website\",\"url\":\"https:\/\/www.visit-ulcinj.com\/blog\/\",\"name\":\"Lajme nga Ulqini\",\"description\":\"Lajme,Vijesti,Ulqini,Ulqin,Crna Gora,Mali i Zi\",\"potentialAction\":[{\"@type\":\"SearchAction\",\"target\":{\"@type\":\"EntryPoint\",\"urlTemplate\":\"https:\/\/www.visit-ulcinj.com\/blog\/?s={search_term_string}\"},\"query-input\":\"required name=search_term_string\"}],\"inLanguage\":\"en-US\"},{\"@type\":\"ImageObject\",\"inLanguage\":\"en-US\",\"@id\":\"https:\/\/www.visit-ulcinj.com\/blog\/2008\/03\/18\/ne-ulqin-u-kremtua-7-marsi-dita-e-mesuesit\/#primaryimage\",\"url\":\"http:\/\/www.visit-ulcinj.com\/blog\/wp-content\/uploads\/2008\/03\/7-marsi-dite-e-mesuesit.thumbnail.jpg\",\"contentUrl\":\"http:\/\/www.visit-ulcinj.com\/blog\/wp-content\/uploads\/2008\/03\/7-marsi-dite-e-mesuesit.thumbnail.jpg\"},{\"@type\":\"WebPage\",\"@id\":\"https:\/\/www.visit-ulcinj.com\/blog\/2008\/03\/18\/ne-ulqin-u-kremtua-7-marsi-dita-e-mesuesit\/#webpage\",\"url\":\"https:\/\/www.visit-ulcinj.com\/blog\/2008\/03\/18\/ne-ulqin-u-kremtua-7-marsi-dita-e-mesuesit\/\",\"name\":\"N\u00eb Ulqin u kremtua 7 marsi - dita e m\u00ebsuesit - Lajme nga Ulqini\",\"isPartOf\":{\"@id\":\"https:\/\/www.visit-ulcinj.com\/blog\/#website\"},\"primaryImageOfPage\":{\"@id\":\"https:\/\/www.visit-ulcinj.com\/blog\/2008\/03\/18\/ne-ulqin-u-kremtua-7-marsi-dita-e-mesuesit\/#primaryimage\"},\"datePublished\":\"2008-03-18T18:49:35+00:00\",\"dateModified\":\"2008-03-18T18:49:35+00:00\",\"author\":{\"@id\":\"https:\/\/www.visit-ulcinj.com\/blog\/#\/schema\/person\/dcab619c614d3038751c63bc2aadc06d\"},\"breadcrumb\":{\"@id\":\"https:\/\/www.visit-ulcinj.com\/blog\/2008\/03\/18\/ne-ulqin-u-kremtua-7-marsi-dita-e-mesuesit\/#breadcrumb\"},\"inLanguage\":\"en-US\",\"potentialAction\":[{\"@type\":\"ReadAction\",\"target\":[\"https:\/\/www.visit-ulcinj.com\/blog\/2008\/03\/18\/ne-ulqin-u-kremtua-7-marsi-dita-e-mesuesit\/\"]}]},{\"@type\":\"BreadcrumbList\",\"@id\":\"https:\/\/www.visit-ulcinj.com\/blog\/2008\/03\/18\/ne-ulqin-u-kremtua-7-marsi-dita-e-mesuesit\/#breadcrumb\",\"itemListElement\":[{\"@type\":\"ListItem\",\"position\":1,\"name\":\"N\u00eb Ulqin u kremtua 7 marsi &#8211; dita e m\u00ebsuesit\"}]},{\"@type\":\"Person\",\"@id\":\"https:\/\/www.visit-ulcinj.com\/blog\/#\/schema\/person\/dcab619c614d3038751c63bc2aadc06d\",\"name\":\"ulqini\",\"sameAs\":[\"http:\/\/www.visit-ulcinj.com\"],\"url\":\"https:\/\/www.visit-ulcinj.com\/blog\/author\/admin\/\"}]}<\/script>\n<!-- \/ Yoast SEO plugin. -->","yoast_head_json":{"title":"N\u00eb Ulqin u kremtua 7 marsi - dita e m\u00ebsuesit - Lajme nga Ulqini","robots":{"index":"index","follow":"follow","max-snippet":"max-snippet:-1","max-image-preview":"max-image-preview:large","max-video-preview":"max-video-preview:-1"},"canonical":"https:\/\/www.visit-ulcinj.com\/blog\/2008\/03\/18\/ne-ulqin-u-kremtua-7-marsi-dita-e-mesuesit\/","og_locale":"en_US","og_type":"article","og_title":"N\u00eb Ulqin u kremtua 7 marsi - dita e m\u00ebsuesit - Lajme nga Ulqini","og_url":"https:\/\/www.visit-ulcinj.com\/blog\/2008\/03\/18\/ne-ulqin-u-kremtua-7-marsi-dita-e-mesuesit\/","og_site_name":"Lajme nga Ulqini","article_published_time":"2008-03-18T18:49:35+00:00","og_image":[{"url":"http:\/\/www.visit-ulcinj.com\/blog\/wp-content\/uploads\/2008\/03\/7-marsi-dite-e-mesuesit.thumbnail.jpg"}],"twitter_misc":{"Written by":"ulqini","Est. reading time":"3 minutes"},"schema":{"@context":"https:\/\/schema.org","@graph":[{"@type":"WebSite","@id":"https:\/\/www.visit-ulcinj.com\/blog\/#website","url":"https:\/\/www.visit-ulcinj.com\/blog\/","name":"Lajme nga Ulqini","description":"Lajme,Vijesti,Ulqini,Ulqin,Crna Gora,Mali i Zi","potentialAction":[{"@type":"SearchAction","target":{"@type":"EntryPoint","urlTemplate":"https:\/\/www.visit-ulcinj.com\/blog\/?s={search_term_string}"},"query-input":"required name=search_term_string"}],"inLanguage":"en-US"},{"@type":"ImageObject","inLanguage":"en-US","@id":"https:\/\/www.visit-ulcinj.com\/blog\/2008\/03\/18\/ne-ulqin-u-kremtua-7-marsi-dita-e-mesuesit\/#primaryimage","url":"http:\/\/www.visit-ulcinj.com\/blog\/wp-content\/uploads\/2008\/03\/7-marsi-dite-e-mesuesit.thumbnail.jpg","contentUrl":"http:\/\/www.visit-ulcinj.com\/blog\/wp-content\/uploads\/2008\/03\/7-marsi-dite-e-mesuesit.thumbnail.jpg"},{"@type":"WebPage","@id":"https:\/\/www.visit-ulcinj.com\/blog\/2008\/03\/18\/ne-ulqin-u-kremtua-7-marsi-dita-e-mesuesit\/#webpage","url":"https:\/\/www.visit-ulcinj.com\/blog\/2008\/03\/18\/ne-ulqin-u-kremtua-7-marsi-dita-e-mesuesit\/","name":"N\u00eb Ulqin u kremtua 7 marsi - dita e m\u00ebsuesit - Lajme nga Ulqini","isPartOf":{"@id":"https:\/\/www.visit-ulcinj.com\/blog\/#website"},"primaryImageOfPage":{"@id":"https:\/\/www.visit-ulcinj.com\/blog\/2008\/03\/18\/ne-ulqin-u-kremtua-7-marsi-dita-e-mesuesit\/#primaryimage"},"datePublished":"2008-03-18T18:49:35+00:00","dateModified":"2008-03-18T18:49:35+00:00","author":{"@id":"https:\/\/www.visit-ulcinj.com\/blog\/#\/schema\/person\/dcab619c614d3038751c63bc2aadc06d"},"breadcrumb":{"@id":"https:\/\/www.visit-ulcinj.com\/blog\/2008\/03\/18\/ne-ulqin-u-kremtua-7-marsi-dita-e-mesuesit\/#breadcrumb"},"inLanguage":"en-US","potentialAction":[{"@type":"ReadAction","target":["https:\/\/www.visit-ulcinj.com\/blog\/2008\/03\/18\/ne-ulqin-u-kremtua-7-marsi-dita-e-mesuesit\/"]}]},{"@type":"BreadcrumbList","@id":"https:\/\/www.visit-ulcinj.com\/blog\/2008\/03\/18\/ne-ulqin-u-kremtua-7-marsi-dita-e-mesuesit\/#breadcrumb","itemListElement":[{"@type":"ListItem","position":1,"name":"N\u00eb Ulqin u kremtua 7 marsi &#8211; dita e m\u00ebsuesit"}]},{"@type":"Person","@id":"https:\/\/www.visit-ulcinj.com\/blog\/#\/schema\/person\/dcab619c614d3038751c63bc2aadc06d","name":"ulqini","sameAs":["http:\/\/www.visit-ulcinj.com"],"url":"https:\/\/www.visit-ulcinj.com\/blog\/author\/admin\/"}]}},"jetpack_featured_media_url":"","jetpack_sharing_enabled":true,"jetpack_shortlink":"https:\/\/wp.me\/pe6lTn-fk","_links":{"self":[{"href":"https:\/\/www.visit-ulcinj.com\/blog\/wp-json\/wp\/v2\/posts\/950"}],"collection":[{"href":"https:\/\/www.visit-ulcinj.com\/blog\/wp-json\/wp\/v2\/posts"}],"about":[{"href":"https:\/\/www.visit-ulcinj.com\/blog\/wp-json\/wp\/v2\/types\/post"}],"author":[{"embeddable":true,"href":"https:\/\/www.visit-ulcinj.com\/blog\/wp-json\/wp\/v2\/users\/1"}],"replies":[{"embeddable":true,"href":"https:\/\/www.visit-ulcinj.com\/blog\/wp-json\/wp\/v2\/comments?post=950"}],"version-history":[{"count":0,"href":"https:\/\/www.visit-ulcinj.com\/blog\/wp-json\/wp\/v2\/posts\/950\/revisions"}],"wp:attachment":[{"href":"https:\/\/www.visit-ulcinj.com\/blog\/wp-json\/wp\/v2\/media?parent=950"}],"wp:term":[{"taxonomy":"category","embeddable":true,"href":"https:\/\/www.visit-ulcinj.com\/blog\/wp-json\/wp\/v2\/categories?post=950"},{"taxonomy":"post_tag","embeddable":true,"href":"https:\/\/www.visit-ulcinj.com\/blog\/wp-json\/wp\/v2\/tags?post=950"}],"curies":[{"name":"wp","href":"https:\/\/api.w.org\/{rel}","templated":true}]}}