{"id":95021,"date":"2016-02-29T11:59:08","date_gmt":"2016-02-29T10:59:08","guid":{"rendered":"http:\/\/www.visit-ulcinj.com\/blog\/?p=95021"},"modified":"2016-02-29T18:17:59","modified_gmt":"2016-02-29T17:17:59","slug":"fatmir-gjeka-fton-serish-partite-politike-ne-dialog","status":"publish","type":"post","link":"https:\/\/www.visit-ulcinj.com\/blog\/2016\/02\/29\/fatmir-gjeka-fton-serish-partite-politike-ne-dialog\/","title":{"rendered":"Fatmir Gjeka fton s\u00ebrish partit\u00eb politike n\u00eb dialog"},"content":{"rendered":"<p><a href=\"http:\/\/www.visit-ulcinj.com\/blog\/wp-content\/uploads\/2015\/12\/Gjeka-bardhi-cungu-loro-ndrekiq.jpg\"><img loading=\"lazy\" class=\"alignleft wp-image-93721\" src=\"http:\/\/www.visit-ulcinj.com\/blog\/wp-content\/uploads\/2015\/12\/Gjeka-bardhi-cungu-loro-ndrekiq.jpg\" alt=\"Gjeka-bardhi-cungu-loro-ndrekiq\" width=\"508\" height=\"528\" srcset=\"https:\/\/www.visit-ulcinj.com\/blog\/wp-content\/uploads\/2015\/12\/Gjeka-bardhi-cungu-loro-ndrekiq.jpg 552w, https:\/\/www.visit-ulcinj.com\/blog\/wp-content\/uploads\/2015\/12\/Gjeka-bardhi-cungu-loro-ndrekiq-289x300.jpg 289w\" sizes=\"(max-width: 508px) 100vw, 508px\" \/><\/a>Kryetari i Ulqinit Fatmir Gjeka, ka ftuar lider\u00ebt e partive politike n\u00eb Ulqin q\u00eb ta tejkalojn\u00eb kriz\u00ebn politike p\u00ebrmes dialogut.<\/p>\n<p>Shumica e p\u00ebrfaq\u00ebsuesve t\u00eb partive politike t\u00eb cil\u00ebve kryekomunari Fatmir Gjeka iu d\u00ebrgoi iniciativ\u00ebn p\u00ebr arritjen e marr\u00ebveshjes politike p\u00ebr tejkalimin e kriz\u00ebs n\u00eb Ulqin, kan\u00eb p\u00ebrsh\u00ebndetur k\u00ebt\u00eb veprim, raporton portali Ul.info.<\/p>\n<p>\u201cKjo \u00ebsht\u00eb gj\u00eb pozitive, por duhet t\u00eb shohim p\u00ebr \u00e7far\u00eb b\u00ebhet fjal\u00eb. Patjet\u00ebr q\u00eb PDS-ja do t\u00eb shqyrtoj\u00eb propozimin. Problemet duhet t\u00eb zgjidhen. Ulqini \u00ebsht\u00eb i bllokuar t\u00ebr\u00ebsisht, e m\u00eb s\u00eb shumti, pa fajin e tyre, e p\u00ebsojn\u00eb qytetar\u00ebt\u201d, tha p\u00ebr \u201cDan\u201d shefi i PDS-s\u00eb Loro Nrekiq.<\/p>\n<p>Kryetari i UDSH-s\u00eb Mehmed Zenka p\u00ebr k\u00ebt\u00eb gazet\u00eb tha se partia e tij \u00ebsht\u00eb e gatshme t\u00eb marr\u00eb pjes\u00eb n\u00eb bisedime i cili do t\u00eb sillte zgjidhjen e kriz\u00ebs politike duke theksuar se q\u00eb para nj\u00eb viti kan\u00eb propozuar q\u00eb t\u00eb b\u00ebhet marr\u00ebveshja.<\/p>\n<p>Nga Forca \u00ebsht\u00eb deklaruar se nuk e kan\u00eb fituar iniciativ\u00ebn e kryetarit Gjeka. \u201c\u00c7ka do t\u00eb ndodh do t\u00eb shohim kur zyrtarisht ta fitojm\u00eb propozimin\u201d, tha lideri i Forc\u00ebs Nazif Cungu.<\/p>\n<p>Nga URA dhe PSD-ja thon\u00eb se do t\u00eb shkojn\u00eb n\u00eb takimin t\u00eb cilin kryekomunari e ka caktuar p\u00ebr t\u00eb diel\u00ebn, m\u00eb 6 mars. \u201cShpresoj q\u00eb m\u00eb n\u00eb fund do t\u00eb b\u00ebhemi serioz dhe se interesat e qytetar\u00ebve do t\u00eb jen\u00eb mbi interesat e ngushta partiake dhe ato personale\u201d, tha shefi i PSD-s\u00eb n\u00eb Ulqin Skender Elezagiq.<\/p>\n<p><iframe loading=\"lazy\" src=\"\/\/www.dailymotion.com\/embed\/video\/x3uirms?autoPlay=1\" width=\"508\" height=\"315\" frameborder=\"0\" allowfullscreen=\"allowfullscreen\"><\/iframe><\/p>\n","protected":false},"excerpt":{"rendered":"<p>Kryetari i Ulqinit Fatmir Gjeka, ka ftuar lider\u00ebt e partive politike n\u00eb Ulqin q\u00eb ta tejkalojn\u00eb kriz\u00ebn politike p\u00ebrmes dialogut. Shumica e p\u00ebrfaq\u00ebsuesve t\u00eb partive politike t\u00eb cil\u00ebve kryekomunari Fatmir Gjeka iu d\u00ebrgoi iniciativ\u00ebn p\u00ebr arritjen e marr\u00ebveshjes politike p\u00ebr tejkalimin e kriz\u00ebs n\u00eb Ulqin, kan\u00eb p\u00ebrsh\u00ebndetur k\u00ebt\u00eb veprim, raporton portali Ul.info. \u201cKjo \u00ebsht\u00eb gj\u00eb [&hellip;]<\/p>\n","protected":false},"author":1,"featured_media":0,"comment_status":"closed","ping_status":"closed","sticky":false,"template":"","format":"standard","meta":{"spay_email":"","jetpack_publicize_message":"","jetpack_is_tweetstorm":false,"jetpack_publicize_feature_enabled":true},"categories":[1,6],"tags":[],"jetpack_publicize_connections":[],"yoast_head":"<!-- This site is optimized with the Yoast SEO plugin v19.1 - https:\/\/yoast.com\/wordpress\/plugins\/seo\/ -->\n<title>Fatmir Gjeka fton s\u00ebrish partit\u00eb politike n\u00eb dialog - Lajme nga Ulqini<\/title>\n<meta name=\"description\" content=\"Kryetari i Ulqinit Fatmir Gjeka, ka ftuar lider\u00ebt e partive politike n\u00eb Ulqin q\u00eb ta tejkalojn\u00eb kriz\u00ebn politike p\u00ebrmes dialogut. Shumica e p\u00ebrfaq\u00ebsuesve t\u00eb\" \/>\n<meta name=\"robots\" content=\"index, follow, max-snippet:-1, max-image-preview:large, max-video-preview:-1\" \/>\n<link rel=\"canonical\" href=\"https:\/\/www.visit-ulcinj.com\/blog\/2016\/02\/29\/fatmir-gjeka-fton-serish-partite-politike-ne-dialog\/\" \/>\n<meta property=\"og:locale\" content=\"en_US\" \/>\n<meta property=\"og:type\" content=\"article\" \/>\n<meta property=\"og:title\" content=\"Fatmir Gjeka fton s\u00ebrish partit\u00eb politike n\u00eb dialog - Lajme nga Ulqini\" \/>\n<meta property=\"og:description\" content=\"Kryetari i Ulqinit Fatmir Gjeka, ka ftuar lider\u00ebt e partive politike n\u00eb Ulqin q\u00eb ta tejkalojn\u00eb kriz\u00ebn politike p\u00ebrmes dialogut. Shumica e p\u00ebrfaq\u00ebsuesve t\u00eb\" \/>\n<meta property=\"og:url\" content=\"https:\/\/www.visit-ulcinj.com\/blog\/2016\/02\/29\/fatmir-gjeka-fton-serish-partite-politike-ne-dialog\/\" \/>\n<meta property=\"og:site_name\" content=\"Lajme nga Ulqini\" \/>\n<meta property=\"article:published_time\" content=\"2016-02-29T10:59:08+00:00\" \/>\n<meta property=\"article:modified_time\" content=\"2016-02-29T17:17:59+00:00\" \/>\n<meta property=\"og:image\" content=\"http:\/\/www.visit-ulcinj.com\/blog\/wp-content\/uploads\/2015\/12\/Gjeka-bardhi-cungu-loro-ndrekiq.jpg\" \/>\n<meta name=\"twitter:label1\" content=\"Written by\" \/>\n\t<meta name=\"twitter:data1\" content=\"ulqini\" \/>\n\t<meta name=\"twitter:label2\" content=\"Est. reading time\" \/>\n\t<meta name=\"twitter:data2\" content=\"1 minute\" \/>\n<script type=\"application\/ld+json\" class=\"yoast-schema-graph\">{\"@context\":\"https:\/\/schema.org\",\"@graph\":[{\"@type\":\"WebSite\",\"@id\":\"https:\/\/www.visit-ulcinj.com\/blog\/#website\",\"url\":\"https:\/\/www.visit-ulcinj.com\/blog\/\",\"name\":\"Lajme nga Ulqini\",\"description\":\"Lajme,Vijesti,Ulqini,Ulqin,Crna Gora,Mali i Zi\",\"potentialAction\":[{\"@type\":\"SearchAction\",\"target\":{\"@type\":\"EntryPoint\",\"urlTemplate\":\"https:\/\/www.visit-ulcinj.com\/blog\/?s={search_term_string}\"},\"query-input\":\"required name=search_term_string\"}],\"inLanguage\":\"en-US\"},{\"@type\":\"ImageObject\",\"inLanguage\":\"en-US\",\"@id\":\"https:\/\/www.visit-ulcinj.com\/blog\/2016\/02\/29\/fatmir-gjeka-fton-serish-partite-politike-ne-dialog\/#primaryimage\",\"url\":\"https:\/\/www.visit-ulcinj.com\/blog\/wp-content\/uploads\/2015\/12\/Gjeka-bardhi-cungu-loro-ndrekiq.jpg\",\"contentUrl\":\"https:\/\/www.visit-ulcinj.com\/blog\/wp-content\/uploads\/2015\/12\/Gjeka-bardhi-cungu-loro-ndrekiq.jpg\",\"width\":552,\"height\":574},{\"@type\":\"WebPage\",\"@id\":\"https:\/\/www.visit-ulcinj.com\/blog\/2016\/02\/29\/fatmir-gjeka-fton-serish-partite-politike-ne-dialog\/#webpage\",\"url\":\"https:\/\/www.visit-ulcinj.com\/blog\/2016\/02\/29\/fatmir-gjeka-fton-serish-partite-politike-ne-dialog\/\",\"name\":\"Fatmir Gjeka fton s\u00ebrish partit\u00eb politike n\u00eb dialog - Lajme nga Ulqini\",\"isPartOf\":{\"@id\":\"https:\/\/www.visit-ulcinj.com\/blog\/#website\"},\"primaryImageOfPage\":{\"@id\":\"https:\/\/www.visit-ulcinj.com\/blog\/2016\/02\/29\/fatmir-gjeka-fton-serish-partite-politike-ne-dialog\/#primaryimage\"},\"datePublished\":\"2016-02-29T10:59:08+00:00\",\"dateModified\":\"2016-02-29T17:17:59+00:00\",\"author\":{\"@id\":\"https:\/\/www.visit-ulcinj.com\/blog\/#\/schema\/person\/dcab619c614d3038751c63bc2aadc06d\"},\"description\":\"Kryetari i Ulqinit Fatmir Gjeka, ka ftuar lider\u00ebt e partive politike n\u00eb Ulqin q\u00eb ta tejkalojn\u00eb kriz\u00ebn politike p\u00ebrmes dialogut. Shumica e p\u00ebrfaq\u00ebsuesve t\u00eb\",\"breadcrumb\":{\"@id\":\"https:\/\/www.visit-ulcinj.com\/blog\/2016\/02\/29\/fatmir-gjeka-fton-serish-partite-politike-ne-dialog\/#breadcrumb\"},\"inLanguage\":\"en-US\",\"potentialAction\":[{\"@type\":\"ReadAction\",\"target\":[\"https:\/\/www.visit-ulcinj.com\/blog\/2016\/02\/29\/fatmir-gjeka-fton-serish-partite-politike-ne-dialog\/\"]}]},{\"@type\":\"BreadcrumbList\",\"@id\":\"https:\/\/www.visit-ulcinj.com\/blog\/2016\/02\/29\/fatmir-gjeka-fton-serish-partite-politike-ne-dialog\/#breadcrumb\",\"itemListElement\":[{\"@type\":\"ListItem\",\"position\":1,\"name\":\"Fatmir Gjeka fton s\u00ebrish partit\u00eb politike n\u00eb dialog\"}]},{\"@type\":\"Person\",\"@id\":\"https:\/\/www.visit-ulcinj.com\/blog\/#\/schema\/person\/dcab619c614d3038751c63bc2aadc06d\",\"name\":\"ulqini\",\"sameAs\":[\"http:\/\/www.visit-ulcinj.com\"],\"url\":\"https:\/\/www.visit-ulcinj.com\/blog\/author\/admin\/\"}]}<\/script>\n<!-- \/ Yoast SEO plugin. -->","yoast_head_json":{"title":"Fatmir Gjeka fton s\u00ebrish partit\u00eb politike n\u00eb dialog - Lajme nga Ulqini","description":"Kryetari i Ulqinit Fatmir Gjeka, ka ftuar lider\u00ebt e partive politike n\u00eb Ulqin q\u00eb ta tejkalojn\u00eb kriz\u00ebn politike p\u00ebrmes dialogut. Shumica e p\u00ebrfaq\u00ebsuesve t\u00eb","robots":{"index":"index","follow":"follow","max-snippet":"max-snippet:-1","max-image-preview":"max-image-preview:large","max-video-preview":"max-video-preview:-1"},"canonical":"https:\/\/www.visit-ulcinj.com\/blog\/2016\/02\/29\/fatmir-gjeka-fton-serish-partite-politike-ne-dialog\/","og_locale":"en_US","og_type":"article","og_title":"Fatmir Gjeka fton s\u00ebrish partit\u00eb politike n\u00eb dialog - Lajme nga Ulqini","og_description":"Kryetari i Ulqinit Fatmir Gjeka, ka ftuar lider\u00ebt e partive politike n\u00eb Ulqin q\u00eb ta tejkalojn\u00eb kriz\u00ebn politike p\u00ebrmes dialogut. Shumica e p\u00ebrfaq\u00ebsuesve t\u00eb","og_url":"https:\/\/www.visit-ulcinj.com\/blog\/2016\/02\/29\/fatmir-gjeka-fton-serish-partite-politike-ne-dialog\/","og_site_name":"Lajme nga Ulqini","article_published_time":"2016-02-29T10:59:08+00:00","article_modified_time":"2016-02-29T17:17:59+00:00","og_image":[{"url":"http:\/\/www.visit-ulcinj.com\/blog\/wp-content\/uploads\/2015\/12\/Gjeka-bardhi-cungu-loro-ndrekiq.jpg"}],"twitter_misc":{"Written by":"ulqini","Est. reading time":"1 minute"},"schema":{"@context":"https:\/\/schema.org","@graph":[{"@type":"WebSite","@id":"https:\/\/www.visit-ulcinj.com\/blog\/#website","url":"https:\/\/www.visit-ulcinj.com\/blog\/","name":"Lajme nga Ulqini","description":"Lajme,Vijesti,Ulqini,Ulqin,Crna Gora,Mali i Zi","potentialAction":[{"@type":"SearchAction","target":{"@type":"EntryPoint","urlTemplate":"https:\/\/www.visit-ulcinj.com\/blog\/?s={search_term_string}"},"query-input":"required name=search_term_string"}],"inLanguage":"en-US"},{"@type":"ImageObject","inLanguage":"en-US","@id":"https:\/\/www.visit-ulcinj.com\/blog\/2016\/02\/29\/fatmir-gjeka-fton-serish-partite-politike-ne-dialog\/#primaryimage","url":"https:\/\/www.visit-ulcinj.com\/blog\/wp-content\/uploads\/2015\/12\/Gjeka-bardhi-cungu-loro-ndrekiq.jpg","contentUrl":"https:\/\/www.visit-ulcinj.com\/blog\/wp-content\/uploads\/2015\/12\/Gjeka-bardhi-cungu-loro-ndrekiq.jpg","width":552,"height":574},{"@type":"WebPage","@id":"https:\/\/www.visit-ulcinj.com\/blog\/2016\/02\/29\/fatmir-gjeka-fton-serish-partite-politike-ne-dialog\/#webpage","url":"https:\/\/www.visit-ulcinj.com\/blog\/2016\/02\/29\/fatmir-gjeka-fton-serish-partite-politike-ne-dialog\/","name":"Fatmir Gjeka fton s\u00ebrish partit\u00eb politike n\u00eb dialog - Lajme nga Ulqini","isPartOf":{"@id":"https:\/\/www.visit-ulcinj.com\/blog\/#website"},"primaryImageOfPage":{"@id":"https:\/\/www.visit-ulcinj.com\/blog\/2016\/02\/29\/fatmir-gjeka-fton-serish-partite-politike-ne-dialog\/#primaryimage"},"datePublished":"2016-02-29T10:59:08+00:00","dateModified":"2016-02-29T17:17:59+00:00","author":{"@id":"https:\/\/www.visit-ulcinj.com\/blog\/#\/schema\/person\/dcab619c614d3038751c63bc2aadc06d"},"description":"Kryetari i Ulqinit Fatmir Gjeka, ka ftuar lider\u00ebt e partive politike n\u00eb Ulqin q\u00eb ta tejkalojn\u00eb kriz\u00ebn politike p\u00ebrmes dialogut. Shumica e p\u00ebrfaq\u00ebsuesve t\u00eb","breadcrumb":{"@id":"https:\/\/www.visit-ulcinj.com\/blog\/2016\/02\/29\/fatmir-gjeka-fton-serish-partite-politike-ne-dialog\/#breadcrumb"},"inLanguage":"en-US","potentialAction":[{"@type":"ReadAction","target":["https:\/\/www.visit-ulcinj.com\/blog\/2016\/02\/29\/fatmir-gjeka-fton-serish-partite-politike-ne-dialog\/"]}]},{"@type":"BreadcrumbList","@id":"https:\/\/www.visit-ulcinj.com\/blog\/2016\/02\/29\/fatmir-gjeka-fton-serish-partite-politike-ne-dialog\/#breadcrumb","itemListElement":[{"@type":"ListItem","position":1,"name":"Fatmir Gjeka fton s\u00ebrish partit\u00eb politike n\u00eb dialog"}]},{"@type":"Person","@id":"https:\/\/www.visit-ulcinj.com\/blog\/#\/schema\/person\/dcab619c614d3038751c63bc2aadc06d","name":"ulqini","sameAs":["http:\/\/www.visit-ulcinj.com"],"url":"https:\/\/www.visit-ulcinj.com\/blog\/author\/admin\/"}]}},"jetpack_featured_media_url":"","jetpack_sharing_enabled":true,"jetpack_shortlink":"https:\/\/wp.me\/pe6lTn-oIB","_links":{"self":[{"href":"https:\/\/www.visit-ulcinj.com\/blog\/wp-json\/wp\/v2\/posts\/95021"}],"collection":[{"href":"https:\/\/www.visit-ulcinj.com\/blog\/wp-json\/wp\/v2\/posts"}],"about":[{"href":"https:\/\/www.visit-ulcinj.com\/blog\/wp-json\/wp\/v2\/types\/post"}],"author":[{"embeddable":true,"href":"https:\/\/www.visit-ulcinj.com\/blog\/wp-json\/wp\/v2\/users\/1"}],"replies":[{"embeddable":true,"href":"https:\/\/www.visit-ulcinj.com\/blog\/wp-json\/wp\/v2\/comments?post=95021"}],"version-history":[{"count":4,"href":"https:\/\/www.visit-ulcinj.com\/blog\/wp-json\/wp\/v2\/posts\/95021\/revisions"}],"predecessor-version":[{"id":95051,"href":"https:\/\/www.visit-ulcinj.com\/blog\/wp-json\/wp\/v2\/posts\/95021\/revisions\/95051"}],"wp:attachment":[{"href":"https:\/\/www.visit-ulcinj.com\/blog\/wp-json\/wp\/v2\/media?parent=95021"}],"wp:term":[{"taxonomy":"category","embeddable":true,"href":"https:\/\/www.visit-ulcinj.com\/blog\/wp-json\/wp\/v2\/categories?post=95021"},{"taxonomy":"post_tag","embeddable":true,"href":"https:\/\/www.visit-ulcinj.com\/blog\/wp-json\/wp\/v2\/tags?post=95021"}],"curies":[{"name":"wp","href":"https:\/\/api.w.org\/{rel}","templated":true}]}}