{"id":95027,"date":"2016-02-29T15:37:11","date_gmt":"2016-02-29T14:37:11","guid":{"rendered":"http:\/\/www.visit-ulcinj.com\/blog\/?p=95027"},"modified":"2016-02-29T23:36:49","modified_gmt":"2016-02-29T22:36:49","slug":"kksh-rastin-e-festes-se-7-marsit-dites-se-mesuesit","status":"publish","type":"post","link":"https:\/\/www.visit-ulcinj.com\/blog\/2016\/02\/29\/kksh-rastin-e-festes-se-7-marsit-dites-se-mesuesit\/","title":{"rendered":"KKSH: Me rastin e festes s\u00eb 7 Marsit Dit\u00ebs s\u00eb M\u00ebsuesit"},"content":{"rendered":"<p><strong><a href=\"http:\/\/www.visit-ulcinj.com\/blog\/wp-content\/uploads\/2016\/02\/Me-rastin-e-festes-s\u00eb-7-Marsit-Dit\u00ebs-s\u00eb-M\u00ebsuesit-Fisnik-Dobreci-.jpg\"><img loading=\"lazy\" class=\"alignleft wp-image-95028\" src=\"http:\/\/www.visit-ulcinj.com\/blog\/wp-content\/uploads\/2016\/02\/Me-rastin-e-festes-s\u00eb-7-Marsit-Dit\u00ebs-s\u00eb-M\u00ebsuesit-Fisnik-Dobreci-.jpg\" alt=\"Me rastin e festes s\u00eb 7 Marsit Dit\u00ebs s\u00eb M\u00ebsuesit -Fisnik-Dobreci-\" width=\"508\" height=\"293\" srcset=\"https:\/\/www.visit-ulcinj.com\/blog\/wp-content\/uploads\/2016\/02\/Me-rastin-e-festes-s\u00eb-7-Marsit-Dit\u00ebs-s\u00eb-M\u00ebsuesit-Fisnik-Dobreci-.jpg 787w, https:\/\/www.visit-ulcinj.com\/blog\/wp-content\/uploads\/2016\/02\/Me-rastin-e-festes-s\u00eb-7-Marsit-Dit\u00ebs-s\u00eb-M\u00ebsuesit-Fisnik-Dobreci--300x173.jpg 300w\" sizes=\"(max-width: 508px) 100vw, 508px\" \/><\/a>K\u00cbSHILLI KOMB\u00cbTAR I SHQIPTAR\u00cbVE N\u00cb MALIN E ZI<\/strong><\/p>\n<p><strong>NACIONALNI SAVJET ALBANACA U CRNOJ GORI<\/strong><\/p>\n<p><strong>ALBANIAN NATIONAL COUNCIL IN MONTENEGRO<\/strong><\/p>\n<p><strong> Nr.35\/16<\/strong><\/p>\n<p><strong>\u00a0<\/strong><\/p>\n<p><strong>\u00a0<\/strong><\/p>\n<p><strong>\u00a0<\/strong><\/p>\n<p style=\"text-align: center;\"><strong>Njoftim p\u00ebr media<\/strong><\/p>\n<p><strong>\u00a0<\/strong><\/p>\n<p>K\u00ebshilli Komb\u00ebtar i Shqiptar\u00ebve n\u00eb Mal t\u00eb Zi do t\u00eb sh\u00ebnoj\u00eb edhe sivjet 7 Marsin \u2013 Dit\u00ebn e M\u00ebsuesit, k\u00ebt\u00eb dat\u00eb t\u00eb r\u00ebnd\u00ebsishme p\u00ebr arsimin shqip. Duke synuar q\u00eb t\u00eb jemi t\u00eb pranish\u00ebm n\u00eb \u00e7do trev\u00eb ku jetojn\u00eb shqiptar\u00ebt n\u00eb Mal t\u00eb Zi dhe n\u00eb \u00e7do shkoll\u00eb ku m\u00ebsimi zhvillohet n\u00eb gjuh\u00ebn shqipe, Komisioni p\u00ebr Arsim dhe P\u00ebrdorimin Zyrtar t\u00eb Gjuh\u00ebs Shqipe i KKSH-s\u00eb ka vendosur q\u00eb manifestimi i sivjetsh\u00ebm t\u00eb zhvillohet n\u00eb Shkoll\u00ebn fillore n\u00eb Dacaj, t\u00eb vetmin institucion arsimor n\u00eb gjuh\u00ebn shqipe n\u00eb Komun\u00ebn e Rozhaj\u00ebs.<\/p>\n<p>P\u00ebrpos ceremonis\u00eb s\u00eb sh\u00ebnimit t\u00eb Dit\u00ebs s\u00eb M\u00ebsuesit, me k\u00ebt\u00eb rast KKSH do t\u00eb dhuroj\u00eb lektyra shkollore p\u00ebr Bibliotek\u00ebn e Shkoll\u00ebs fillore n\u00eb Dacaj, si dhe Abetaren mbar\u00ebkomb\u00ebtare p\u00ebr nx\u00ebn\u00ebsit e k\u00ebsaj shkolle.<\/p>\n<p>Kremtimi i 7 Marsit &#8211; Dit\u00ebs s\u00eb M\u00ebsuesit b\u00ebhet n\u00eb kuad\u00ebr t\u00eb sh\u00ebnimit t\u00eb datave me r\u00ebnd\u00ebsi t\u00eb historis\u00eb son\u00eb komb\u00ebtare dhe t\u00eb aktiviteteve n\u00eb fush\u00ebn e arsimit, si nj\u00eb prej prioriteteve t\u00eb KKSH-s\u00eb. P\u00ebr shqiptar\u00ebt n\u00eb Mal t\u00eb Zi kjo dat\u00eb \u00ebsht\u00eb edhe m\u00eb e r\u00ebnd\u00ebsishme kur dihet mir\u00eb roli i arsimit shqip n\u00eb ruajtjen e identitetit ton\u00eb komb\u00ebtar.<\/p>\n<p>Manifestimi do t\u00eb mbahet t\u00eb h\u00ebn\u00ebn, m\u00eb 7 mars 2016, n\u00eb or\u00ebn 12.00, n\u00eb Shkoll\u00ebn Fillore \u201cDacaj\u201d &#8211; Dacaj (Rozhaj\u00eb).<\/p>\n<p>Manifestimi organizohet n\u00eb kuad\u00ebr t\u00eb projektit t\u00eb mb\u00ebshtetur nga Fondi p\u00ebr Mbrojtjen dhe Realizimin e t\u00eb Drejtave t\u00eb Pakicave.<\/p>\n<p>&nbsp;<\/p>\n<p>&nbsp;<\/p>\n<p>&nbsp;<\/p>\n<p>Ulqin, m\u00eb 29 shkurt 2016<\/p>\n","protected":false},"excerpt":{"rendered":"<p>K\u00cbSHILLI KOMB\u00cbTAR I SHQIPTAR\u00cbVE N\u00cb MALIN E ZI NACIONALNI SAVJET ALBANACA U CRNOJ GORI ALBANIAN NATIONAL COUNCIL IN MONTENEGRO Nr.35\/16 \u00a0 \u00a0 \u00a0 Njoftim p\u00ebr media \u00a0 K\u00ebshilli Komb\u00ebtar i Shqiptar\u00ebve n\u00eb Mal t\u00eb Zi do t\u00eb sh\u00ebnoj\u00eb edhe sivjet 7 Marsin \u2013 Dit\u00ebn e M\u00ebsuesit, k\u00ebt\u00eb dat\u00eb t\u00eb r\u00ebnd\u00ebsishme p\u00ebr arsimin shqip. Duke synuar [&hellip;]<\/p>\n","protected":false},"author":1,"featured_media":0,"comment_status":"closed","ping_status":"closed","sticky":false,"template":"","format":"standard","meta":{"spay_email":"","jetpack_publicize_message":"","jetpack_is_tweetstorm":false,"jetpack_publicize_feature_enabled":true},"categories":[4,6950],"tags":[],"jetpack_publicize_connections":[],"yoast_head":"<!-- This site is optimized with the Yoast SEO plugin v19.1 - https:\/\/yoast.com\/wordpress\/plugins\/seo\/ -->\n<title>KKSH: Me rastin e festes s\u00eb 7 Marsit Dit\u00ebs s\u00eb M\u00ebsuesit - Lajme nga Ulqini<\/title>\n<meta name=\"description\" content=\"K\u00cbSHILLI KOMB\u00cbTAR I SHQIPTAR\u00cbVE N\u00cb MALIN E ZI NACIONALNI SAVJET ALBANACA U CRNOJ GORI ALBANIAN NATIONAL COUNCIL IN MONTENEGRO Nr.35\/16 \u00a0 \u00a0 \u00a0 Njoftim p\u00ebr\" \/>\n<meta name=\"robots\" content=\"index, follow, max-snippet:-1, max-image-preview:large, max-video-preview:-1\" \/>\n<link rel=\"canonical\" href=\"https:\/\/www.visit-ulcinj.com\/blog\/2016\/02\/29\/kksh-rastin-e-festes-se-7-marsit-dites-se-mesuesit\/\" \/>\n<meta property=\"og:locale\" content=\"en_US\" \/>\n<meta property=\"og:type\" content=\"article\" \/>\n<meta property=\"og:title\" content=\"KKSH: Me rastin e festes s\u00eb 7 Marsit Dit\u00ebs s\u00eb M\u00ebsuesit - Lajme nga Ulqini\" \/>\n<meta property=\"og:description\" content=\"K\u00cbSHILLI KOMB\u00cbTAR I SHQIPTAR\u00cbVE N\u00cb MALIN E ZI NACIONALNI SAVJET ALBANACA U CRNOJ GORI ALBANIAN NATIONAL COUNCIL IN MONTENEGRO Nr.35\/16 \u00a0 \u00a0 \u00a0 Njoftim p\u00ebr\" \/>\n<meta property=\"og:url\" content=\"https:\/\/www.visit-ulcinj.com\/blog\/2016\/02\/29\/kksh-rastin-e-festes-se-7-marsit-dites-se-mesuesit\/\" \/>\n<meta property=\"og:site_name\" content=\"Lajme nga Ulqini\" \/>\n<meta property=\"article:published_time\" content=\"2016-02-29T14:37:11+00:00\" \/>\n<meta property=\"article:modified_time\" content=\"2016-02-29T22:36:49+00:00\" \/>\n<meta name=\"twitter:label1\" content=\"Written by\" \/>\n\t<meta name=\"twitter:data1\" content=\"ulqini\" \/>\n\t<meta name=\"twitter:label2\" content=\"Est. reading time\" \/>\n\t<meta name=\"twitter:data2\" content=\"2 minutes\" \/>\n<script type=\"application\/ld+json\" class=\"yoast-schema-graph\">{\"@context\":\"https:\/\/schema.org\",\"@graph\":[{\"@type\":\"WebSite\",\"@id\":\"https:\/\/www.visit-ulcinj.com\/blog\/#website\",\"url\":\"https:\/\/www.visit-ulcinj.com\/blog\/\",\"name\":\"Lajme nga Ulqini\",\"description\":\"Lajme,Vijesti,Ulqini,Ulqin,Crna Gora,Mali i Zi\",\"potentialAction\":[{\"@type\":\"SearchAction\",\"target\":{\"@type\":\"EntryPoint\",\"urlTemplate\":\"https:\/\/www.visit-ulcinj.com\/blog\/?s={search_term_string}\"},\"query-input\":\"required name=search_term_string\"}],\"inLanguage\":\"en-US\"},{\"@type\":\"WebPage\",\"@id\":\"https:\/\/www.visit-ulcinj.com\/blog\/2016\/02\/29\/kksh-rastin-e-festes-se-7-marsit-dites-se-mesuesit\/#webpage\",\"url\":\"https:\/\/www.visit-ulcinj.com\/blog\/2016\/02\/29\/kksh-rastin-e-festes-se-7-marsit-dites-se-mesuesit\/\",\"name\":\"KKSH: Me rastin e festes s\u00eb 7 Marsit Dit\u00ebs s\u00eb M\u00ebsuesit - Lajme nga Ulqini\",\"isPartOf\":{\"@id\":\"https:\/\/www.visit-ulcinj.com\/blog\/#website\"},\"datePublished\":\"2016-02-29T14:37:11+00:00\",\"dateModified\":\"2016-02-29T22:36:49+00:00\",\"author\":{\"@id\":\"https:\/\/www.visit-ulcinj.com\/blog\/#\/schema\/person\/dcab619c614d3038751c63bc2aadc06d\"},\"description\":\"K\u00cbSHILLI KOMB\u00cbTAR I SHQIPTAR\u00cbVE N\u00cb MALIN E ZI NACIONALNI SAVJET ALBANACA U CRNOJ GORI ALBANIAN NATIONAL COUNCIL IN MONTENEGRO Nr.35\/16 \u00a0 \u00a0 \u00a0 Njoftim p\u00ebr\",\"breadcrumb\":{\"@id\":\"https:\/\/www.visit-ulcinj.com\/blog\/2016\/02\/29\/kksh-rastin-e-festes-se-7-marsit-dites-se-mesuesit\/#breadcrumb\"},\"inLanguage\":\"en-US\",\"potentialAction\":[{\"@type\":\"ReadAction\",\"target\":[\"https:\/\/www.visit-ulcinj.com\/blog\/2016\/02\/29\/kksh-rastin-e-festes-se-7-marsit-dites-se-mesuesit\/\"]}]},{\"@type\":\"BreadcrumbList\",\"@id\":\"https:\/\/www.visit-ulcinj.com\/blog\/2016\/02\/29\/kksh-rastin-e-festes-se-7-marsit-dites-se-mesuesit\/#breadcrumb\",\"itemListElement\":[{\"@type\":\"ListItem\",\"position\":1,\"name\":\"KKSH: Me rastin e festes s\u00eb 7 Marsit Dit\u00ebs s\u00eb M\u00ebsuesit\"}]},{\"@type\":\"Person\",\"@id\":\"https:\/\/www.visit-ulcinj.com\/blog\/#\/schema\/person\/dcab619c614d3038751c63bc2aadc06d\",\"name\":\"ulqini\",\"sameAs\":[\"http:\/\/www.visit-ulcinj.com\"],\"url\":\"https:\/\/www.visit-ulcinj.com\/blog\/author\/admin\/\"}]}<\/script>\n<!-- \/ Yoast SEO plugin. -->","yoast_head_json":{"title":"KKSH: Me rastin e festes s\u00eb 7 Marsit Dit\u00ebs s\u00eb M\u00ebsuesit - Lajme nga Ulqini","description":"K\u00cbSHILLI KOMB\u00cbTAR I SHQIPTAR\u00cbVE N\u00cb MALIN E ZI NACIONALNI SAVJET ALBANACA U CRNOJ GORI ALBANIAN NATIONAL COUNCIL IN MONTENEGRO Nr.35\/16 \u00a0 \u00a0 \u00a0 Njoftim p\u00ebr","robots":{"index":"index","follow":"follow","max-snippet":"max-snippet:-1","max-image-preview":"max-image-preview:large","max-video-preview":"max-video-preview:-1"},"canonical":"https:\/\/www.visit-ulcinj.com\/blog\/2016\/02\/29\/kksh-rastin-e-festes-se-7-marsit-dites-se-mesuesit\/","og_locale":"en_US","og_type":"article","og_title":"KKSH: Me rastin e festes s\u00eb 7 Marsit Dit\u00ebs s\u00eb M\u00ebsuesit - Lajme nga Ulqini","og_description":"K\u00cbSHILLI KOMB\u00cbTAR I SHQIPTAR\u00cbVE N\u00cb MALIN E ZI NACIONALNI SAVJET ALBANACA U CRNOJ GORI ALBANIAN NATIONAL COUNCIL IN MONTENEGRO Nr.35\/16 \u00a0 \u00a0 \u00a0 Njoftim p\u00ebr","og_url":"https:\/\/www.visit-ulcinj.com\/blog\/2016\/02\/29\/kksh-rastin-e-festes-se-7-marsit-dites-se-mesuesit\/","og_site_name":"Lajme nga Ulqini","article_published_time":"2016-02-29T14:37:11+00:00","article_modified_time":"2016-02-29T22:36:49+00:00","twitter_misc":{"Written by":"ulqini","Est. reading time":"2 minutes"},"schema":{"@context":"https:\/\/schema.org","@graph":[{"@type":"WebSite","@id":"https:\/\/www.visit-ulcinj.com\/blog\/#website","url":"https:\/\/www.visit-ulcinj.com\/blog\/","name":"Lajme nga Ulqini","description":"Lajme,Vijesti,Ulqini,Ulqin,Crna Gora,Mali i Zi","potentialAction":[{"@type":"SearchAction","target":{"@type":"EntryPoint","urlTemplate":"https:\/\/www.visit-ulcinj.com\/blog\/?s={search_term_string}"},"query-input":"required name=search_term_string"}],"inLanguage":"en-US"},{"@type":"WebPage","@id":"https:\/\/www.visit-ulcinj.com\/blog\/2016\/02\/29\/kksh-rastin-e-festes-se-7-marsit-dites-se-mesuesit\/#webpage","url":"https:\/\/www.visit-ulcinj.com\/blog\/2016\/02\/29\/kksh-rastin-e-festes-se-7-marsit-dites-se-mesuesit\/","name":"KKSH: Me rastin e festes s\u00eb 7 Marsit Dit\u00ebs s\u00eb M\u00ebsuesit - Lajme nga Ulqini","isPartOf":{"@id":"https:\/\/www.visit-ulcinj.com\/blog\/#website"},"datePublished":"2016-02-29T14:37:11+00:00","dateModified":"2016-02-29T22:36:49+00:00","author":{"@id":"https:\/\/www.visit-ulcinj.com\/blog\/#\/schema\/person\/dcab619c614d3038751c63bc2aadc06d"},"description":"K\u00cbSHILLI KOMB\u00cbTAR I SHQIPTAR\u00cbVE N\u00cb MALIN E ZI NACIONALNI SAVJET ALBANACA U CRNOJ GORI ALBANIAN NATIONAL COUNCIL IN MONTENEGRO Nr.35\/16 \u00a0 \u00a0 \u00a0 Njoftim p\u00ebr","breadcrumb":{"@id":"https:\/\/www.visit-ulcinj.com\/blog\/2016\/02\/29\/kksh-rastin-e-festes-se-7-marsit-dites-se-mesuesit\/#breadcrumb"},"inLanguage":"en-US","potentialAction":[{"@type":"ReadAction","target":["https:\/\/www.visit-ulcinj.com\/blog\/2016\/02\/29\/kksh-rastin-e-festes-se-7-marsit-dites-se-mesuesit\/"]}]},{"@type":"BreadcrumbList","@id":"https:\/\/www.visit-ulcinj.com\/blog\/2016\/02\/29\/kksh-rastin-e-festes-se-7-marsit-dites-se-mesuesit\/#breadcrumb","itemListElement":[{"@type":"ListItem","position":1,"name":"KKSH: Me rastin e festes s\u00eb 7 Marsit Dit\u00ebs s\u00eb M\u00ebsuesit"}]},{"@type":"Person","@id":"https:\/\/www.visit-ulcinj.com\/blog\/#\/schema\/person\/dcab619c614d3038751c63bc2aadc06d","name":"ulqini","sameAs":["http:\/\/www.visit-ulcinj.com"],"url":"https:\/\/www.visit-ulcinj.com\/blog\/author\/admin\/"}]}},"jetpack_featured_media_url":"","jetpack_sharing_enabled":true,"jetpack_shortlink":"https:\/\/wp.me\/pe6lTn-oIH","_links":{"self":[{"href":"https:\/\/www.visit-ulcinj.com\/blog\/wp-json\/wp\/v2\/posts\/95027"}],"collection":[{"href":"https:\/\/www.visit-ulcinj.com\/blog\/wp-json\/wp\/v2\/posts"}],"about":[{"href":"https:\/\/www.visit-ulcinj.com\/blog\/wp-json\/wp\/v2\/types\/post"}],"author":[{"embeddable":true,"href":"https:\/\/www.visit-ulcinj.com\/blog\/wp-json\/wp\/v2\/users\/1"}],"replies":[{"embeddable":true,"href":"https:\/\/www.visit-ulcinj.com\/blog\/wp-json\/wp\/v2\/comments?post=95027"}],"version-history":[{"count":1,"href":"https:\/\/www.visit-ulcinj.com\/blog\/wp-json\/wp\/v2\/posts\/95027\/revisions"}],"predecessor-version":[{"id":95030,"href":"https:\/\/www.visit-ulcinj.com\/blog\/wp-json\/wp\/v2\/posts\/95027\/revisions\/95030"}],"wp:attachment":[{"href":"https:\/\/www.visit-ulcinj.com\/blog\/wp-json\/wp\/v2\/media?parent=95027"}],"wp:term":[{"taxonomy":"category","embeddable":true,"href":"https:\/\/www.visit-ulcinj.com\/blog\/wp-json\/wp\/v2\/categories?post=95027"},{"taxonomy":"post_tag","embeddable":true,"href":"https:\/\/www.visit-ulcinj.com\/blog\/wp-json\/wp\/v2\/tags?post=95027"}],"curies":[{"name":"wp","href":"https:\/\/api.w.org\/{rel}","templated":true}]}}