{"id":95031,"date":"2016-02-29T15:46:55","date_gmt":"2016-02-29T14:46:55","guid":{"rendered":"http:\/\/www.visit-ulcinj.com\/blog\/?p=95031"},"modified":"2016-02-29T15:52:15","modified_gmt":"2016-02-29T14:52:15","slug":"ojq-horizonti-ri-njohurite-e-adoleshenteve-per-problemin-e-narkomanise-ne-ulqin","status":"publish","type":"post","link":"https:\/\/www.visit-ulcinj.com\/blog\/2016\/02\/29\/ojq-horizonti-ri-njohurite-e-adoleshenteve-per-problemin-e-narkomanise-ne-ulqin\/","title":{"rendered":"OJQ Horizonti ri: Njohurite e adoleshenteve per problemin e narkomanise ne Ulqin"},"content":{"rendered":"<p><a href=\"http:\/\/www.visit-ulcinj.com\/blog\/wp-content\/uploads\/2016\/02\/press-conference-droga-NGO-NEW-HORIZONT-ULCINJ-ULQIN.jpg\"><img loading=\"lazy\" class=\"alignleft wp-image-95035\" src=\"http:\/\/www.visit-ulcinj.com\/blog\/wp-content\/uploads\/2016\/02\/press-conference-droga-NGO-NEW-HORIZONT-ULCINJ-ULQIN.jpg\" alt=\"press-conference-droga-NGO-NEW-HORIZONT-ULCINJ-ULQIN\" width=\"508\" height=\"249\" srcset=\"https:\/\/www.visit-ulcinj.com\/blog\/wp-content\/uploads\/2016\/02\/press-conference-droga-NGO-NEW-HORIZONT-ULCINJ-ULQIN.jpg 999w, https:\/\/www.visit-ulcinj.com\/blog\/wp-content\/uploads\/2016\/02\/press-conference-droga-NGO-NEW-HORIZONT-ULCINJ-ULQIN-300x147.jpg 300w\" sizes=\"(max-width: 508px) 100vw, 508px\" \/><\/a>Prezantimi i rezultateve te hulumtimit &#8220;Njohurite dhe qendrimet e adoleshenteve per problemin e narkomanise ne Ulqin&#8221;, te realizuar gjate periudhes tetor &#8211; dhjetor 2015.<\/p>\n<p><iframe loading=\"lazy\" src=\"\/\/www.dailymotion.com\/embed\/video\/x3tw1n4?autoPlay=1\" width=\"508\" height=\"315\" frameborder=\"0\" allowfullscreen=\"allowfullscreen\"><\/iframe><\/p>\n<p>Organizata e Shoq\u00ebris\u00eb Civilie Horizonti i Ri mbajti konferenc\u00eb p\u00ebr media, n\u00eb t\u00eb cil\u00ebn shpalosi rrezultatet e anketimit t\u00eb t\u00eb rinj\u00ebve shkollor\u00eb p\u00ebr problemin e narkomanis\u00eb n\u00eb nivel lokal. Ky anketim u realizua n\u00eb kuad\u00ebr t\u00eb projektit t\u00eb gj\u00ebr\u00eb \u201cPartnertiteti lokal kund\u00ebr abuzimit t\u00eb drogave dhe delikuenc\u00ebs s\u00eb t\u00eb miturve\u201d. K\u00ebt\u00eb Projekt Horizonti I Ri e realizon me mb\u00ebshtetjen e Ambasad\u00ebs s\u00eb SHBA n\u00eb Podgoric\u00eb, p\u00ebrmes Byros\u00eb p\u00ebr \u00c7\u00ebshtje Nd\u00ebrkomb\u00ebtare t\u00eb Narkotik\u00ebve dhe Zbatimit te Ligjit, raporton portali TV Teuta.<\/p>\n<p>Anketimi \u00ebsht\u00eb realiyuar me rreth 300 te rinj\u00eb nga mosha 14 deri ne 18 vje\u00e7 ku rezultuan se \u00a08 % prej tyre kan\u00eb pasur kontakt me drog\u00ebn.\u00a0 Kjo \u00ebsht\u00eb hera e tret\u00eb q\u00eb b\u00ebhet nj\u00eb anketim i till\u00eb pasi jan\u00eb b\u00ebr\u00eb edhe n\u00eb vitin 2004 dhe 2009.<\/p>\n<p>Ilirjana Boci psikologe dhe asistente n\u00eb projekt tha se qellimi i p\u00ebrgjithsh\u00ebm i k\u00ebtij projekti \u00ebsht\u00eb ngritja e vet\u00ebdijes s\u00eb t\u00eb rinj\u00ebve n\u00eb lidhje me efektet e d\u00ebmshme t\u00eb abuzimit me droga si dhe ulja e shkall\u00ebs s\u00eb sjelljeve antisociale dhe delikuente n\u00eb mesin e t\u00eb rinj\u00ebve n\u00eb komunitetin lokal.<\/p>\n<p>Psikologia Ardita Kova\u00e7i e cila n\u00eb k\u00ebt\u00eb projekt \u00ebsht\u00eb antare e ekipit t\u00eb ekspert\u00ebve tha se ka 4 faktor\u00eb t\u00eb cil\u00ebt ndikojn\u00eb tek t\u00eb rinjt\u00eb p\u00ebr ti vetdij\u00ebsuar apo e kund\u00ebrta p\u00ebr ti shtyr\u00eb ato drejt k\u00ebsaj rruge, si\u00e7 jan\u00eb familja, shkolla, komuniteti dhe shoq\u00ebria.<\/p>\n<p>Psikologia Ardita Kova\u00e7i theksoj edhe statistikat me alarmante nga rezultati I k\u00ebtij anketimi<\/p>\n<p>Ajo \u00e7ka \u00ebsht\u00eb shqet\u00ebsuese \u00ebsht\u00eb fakti se 12 % e t\u00eb rinj\u00ebve nuk e konsiderojn\u00eb marihuanen si drog\u00eb , apo si rrezik p\u00ebr ta.<\/p>\n<p>Rajka Prodanoziq perfaqesuese e zyres per parandalimin e narkomanise prane Komunes se Ulqinit poashtu tha se qellimi i\u00a0ketij projekti eshte ndergjegjesimi I te rinjeve, si dhe se komuna e Ulqinit do te vazhdoje te jete perkhase ne inicativa te tilla<\/p>\n<p>T\u00eb p\u00ebrfshir\u00eb n\u00eb projekte vullnetarisht jan\u00eb edhe vet\u00eb t\u00eb rinjt\u00eb, ata t\u00eb cil\u00ebt m\u00eb s\u00eb miri mund t\u00eb flasin dhe t\u00eb ballafaqohen m\u00eb af\u00ebr me problemet e bashk\u00ebmoshatar\u00ebve.<\/p>\n<p>Kryetari i Organziat\u00ebs s\u00eb Shoq\u00ebris\u00eb civile Nazif Veliqi tha se n\u00eb vitin e par\u00eb kur \u00ebsht\u00eb filluar me projektin ka q\u00ebn\u00eb m\u00eb e v\u00ebshtir\u00eb t\u00eb dep\u00ebrtohet n\u00eb shkolla dhe t\u00eb sensibilizohen t\u00eb rinjt\u00eb, mir\u00ebpo me an\u00eb t\u00eb bashk\u00ebpunimit\u00a0 me institucionet lokale , me Policin\u00eb e qytetit,\u00a0 me Qendr\u00ebn p\u00ebr Pun\u00eb Sociale, Sht\u00ebpin\u00eb \u00a0e sh\u00ebndetit kan\u00eb arritur q\u00eb t\u00eb d\u00ebshmojn\u00eb seriozitetin e k\u00ebsaj pune<\/p>\n<p>\u00c7\u00ebshta e narkomanis\u00eb n\u00eb komun\u00ebn e Ulqinit do t\u00eb vazhdoj\u00eb t\u00eb vihet n\u00eb pah q\u00eb t\u00eb arrihet tek nd\u00ebrgjegj\u00ebsimi m\u00eb i lart\u00eb tek t\u00eb rinjt\u00eb.<\/p>\n<!--YouTube Error: bad URL entered-->\n","protected":false},"excerpt":{"rendered":"<p>Prezantimi i rezultateve te hulumtimit &#8220;Njohurite dhe qendrimet e adoleshenteve per problemin e narkomanise ne Ulqin&#8221;, te realizuar gjate periudhes tetor &#8211; dhjetor 2015. Organizata e Shoq\u00ebris\u00eb Civilie Horizonti i Ri mbajti konferenc\u00eb p\u00ebr media, n\u00eb t\u00eb cil\u00ebn shpalosi rrezultatet e anketimit t\u00eb t\u00eb rinj\u00ebve shkollor\u00eb p\u00ebr problemin e narkomanis\u00eb n\u00eb nivel lokal. Ky anketim [&hellip;]<\/p>\n","protected":false},"author":1,"featured_media":0,"comment_status":"closed","ping_status":"closed","sticky":false,"template":"","format":"standard","meta":{"spay_email":"","jetpack_publicize_message":"","jetpack_is_tweetstorm":false,"jetpack_publicize_feature_enabled":true},"categories":[8],"tags":[],"jetpack_publicize_connections":[],"yoast_head":"<!-- This site is optimized with the Yoast SEO plugin v19.1 - https:\/\/yoast.com\/wordpress\/plugins\/seo\/ -->\n<title>OJQ Horizonti ri: Njohurite e adoleshenteve per problemin e narkomanise ne Ulqin - Lajme nga Ulqini<\/title>\n<meta name=\"description\" content=\"Prezantimi i rezultateve te hulumtimit &quot;Njohurite dhe qendrimet e adoleshenteve per problemin e narkomanise ne Ulqin&quot;, te realizuar gjate periudhes tetor\" \/>\n<meta name=\"robots\" content=\"index, follow, max-snippet:-1, max-image-preview:large, max-video-preview:-1\" \/>\n<link rel=\"canonical\" href=\"https:\/\/www.visit-ulcinj.com\/blog\/2016\/02\/29\/ojq-horizonti-ri-njohurite-e-adoleshenteve-per-problemin-e-narkomanise-ne-ulqin\/\" \/>\n<meta property=\"og:locale\" content=\"en_US\" \/>\n<meta property=\"og:type\" content=\"article\" \/>\n<meta property=\"og:title\" content=\"OJQ Horizonti ri: Njohurite e adoleshenteve per problemin e narkomanise ne Ulqin - Lajme nga Ulqini\" \/>\n<meta property=\"og:description\" content=\"Prezantimi i rezultateve te hulumtimit &quot;Njohurite dhe qendrimet e adoleshenteve per problemin e narkomanise ne Ulqin&quot;, te realizuar gjate periudhes tetor\" \/>\n<meta property=\"og:url\" content=\"https:\/\/www.visit-ulcinj.com\/blog\/2016\/02\/29\/ojq-horizonti-ri-njohurite-e-adoleshenteve-per-problemin-e-narkomanise-ne-ulqin\/\" \/>\n<meta property=\"og:site_name\" content=\"Lajme nga Ulqini\" \/>\n<meta property=\"article:published_time\" content=\"2016-02-29T14:46:55+00:00\" \/>\n<meta property=\"article:modified_time\" content=\"2016-02-29T14:52:15+00:00\" \/>\n<meta property=\"og:image\" content=\"http:\/\/www.visit-ulcinj.com\/blog\/wp-content\/uploads\/2016\/02\/press-conference-droga-NGO-NEW-HORIZONT-ULCINJ-ULQIN.jpg\" \/>\n<meta name=\"twitter:label1\" content=\"Written by\" \/>\n\t<meta name=\"twitter:data1\" content=\"ulqini\" \/>\n\t<meta name=\"twitter:label2\" content=\"Est. reading time\" \/>\n\t<meta name=\"twitter:data2\" content=\"3 minutes\" \/>\n<script type=\"application\/ld+json\" class=\"yoast-schema-graph\">{\"@context\":\"https:\/\/schema.org\",\"@graph\":[{\"@type\":\"WebSite\",\"@id\":\"https:\/\/www.visit-ulcinj.com\/blog\/#website\",\"url\":\"https:\/\/www.visit-ulcinj.com\/blog\/\",\"name\":\"Lajme nga Ulqini\",\"description\":\"Lajme,Vijesti,Ulqini,Ulqin,Crna Gora,Mali i Zi\",\"potentialAction\":[{\"@type\":\"SearchAction\",\"target\":{\"@type\":\"EntryPoint\",\"urlTemplate\":\"https:\/\/www.visit-ulcinj.com\/blog\/?s={search_term_string}\"},\"query-input\":\"required name=search_term_string\"}],\"inLanguage\":\"en-US\"},{\"@type\":\"ImageObject\",\"inLanguage\":\"en-US\",\"@id\":\"https:\/\/www.visit-ulcinj.com\/blog\/2016\/02\/29\/ojq-horizonti-ri-njohurite-e-adoleshenteve-per-problemin-e-narkomanise-ne-ulqin\/#primaryimage\",\"url\":\"https:\/\/www.visit-ulcinj.com\/blog\/wp-content\/uploads\/2016\/02\/press-conference-droga-NGO-NEW-HORIZONT-ULCINJ-ULQIN.jpg\",\"contentUrl\":\"https:\/\/www.visit-ulcinj.com\/blog\/wp-content\/uploads\/2016\/02\/press-conference-droga-NGO-NEW-HORIZONT-ULCINJ-ULQIN.jpg\",\"width\":999,\"height\":490},{\"@type\":\"WebPage\",\"@id\":\"https:\/\/www.visit-ulcinj.com\/blog\/2016\/02\/29\/ojq-horizonti-ri-njohurite-e-adoleshenteve-per-problemin-e-narkomanise-ne-ulqin\/#webpage\",\"url\":\"https:\/\/www.visit-ulcinj.com\/blog\/2016\/02\/29\/ojq-horizonti-ri-njohurite-e-adoleshenteve-per-problemin-e-narkomanise-ne-ulqin\/\",\"name\":\"OJQ Horizonti ri: Njohurite e adoleshenteve per problemin e narkomanise ne Ulqin - Lajme nga Ulqini\",\"isPartOf\":{\"@id\":\"https:\/\/www.visit-ulcinj.com\/blog\/#website\"},\"primaryImageOfPage\":{\"@id\":\"https:\/\/www.visit-ulcinj.com\/blog\/2016\/02\/29\/ojq-horizonti-ri-njohurite-e-adoleshenteve-per-problemin-e-narkomanise-ne-ulqin\/#primaryimage\"},\"datePublished\":\"2016-02-29T14:46:55+00:00\",\"dateModified\":\"2016-02-29T14:52:15+00:00\",\"author\":{\"@id\":\"https:\/\/www.visit-ulcinj.com\/blog\/#\/schema\/person\/dcab619c614d3038751c63bc2aadc06d\"},\"description\":\"Prezantimi i rezultateve te hulumtimit \\\"Njohurite dhe qendrimet e adoleshenteve per problemin e narkomanise ne Ulqin\\\", te realizuar gjate periudhes tetor\",\"breadcrumb\":{\"@id\":\"https:\/\/www.visit-ulcinj.com\/blog\/2016\/02\/29\/ojq-horizonti-ri-njohurite-e-adoleshenteve-per-problemin-e-narkomanise-ne-ulqin\/#breadcrumb\"},\"inLanguage\":\"en-US\",\"potentialAction\":[{\"@type\":\"ReadAction\",\"target\":[\"https:\/\/www.visit-ulcinj.com\/blog\/2016\/02\/29\/ojq-horizonti-ri-njohurite-e-adoleshenteve-per-problemin-e-narkomanise-ne-ulqin\/\"]}]},{\"@type\":\"BreadcrumbList\",\"@id\":\"https:\/\/www.visit-ulcinj.com\/blog\/2016\/02\/29\/ojq-horizonti-ri-njohurite-e-adoleshenteve-per-problemin-e-narkomanise-ne-ulqin\/#breadcrumb\",\"itemListElement\":[{\"@type\":\"ListItem\",\"position\":1,\"name\":\"OJQ Horizonti ri: Njohurite e adoleshenteve per problemin e narkomanise ne Ulqin\"}]},{\"@type\":\"Person\",\"@id\":\"https:\/\/www.visit-ulcinj.com\/blog\/#\/schema\/person\/dcab619c614d3038751c63bc2aadc06d\",\"name\":\"ulqini\",\"sameAs\":[\"http:\/\/www.visit-ulcinj.com\"],\"url\":\"https:\/\/www.visit-ulcinj.com\/blog\/author\/admin\/\"}]}<\/script>\n<!-- \/ Yoast SEO plugin. -->","yoast_head_json":{"title":"OJQ Horizonti ri: Njohurite e adoleshenteve per problemin e narkomanise ne Ulqin - Lajme nga Ulqini","description":"Prezantimi i rezultateve te hulumtimit \"Njohurite dhe qendrimet e adoleshenteve per problemin e narkomanise ne Ulqin\", te realizuar gjate periudhes tetor","robots":{"index":"index","follow":"follow","max-snippet":"max-snippet:-1","max-image-preview":"max-image-preview:large","max-video-preview":"max-video-preview:-1"},"canonical":"https:\/\/www.visit-ulcinj.com\/blog\/2016\/02\/29\/ojq-horizonti-ri-njohurite-e-adoleshenteve-per-problemin-e-narkomanise-ne-ulqin\/","og_locale":"en_US","og_type":"article","og_title":"OJQ Horizonti ri: Njohurite e adoleshenteve per problemin e narkomanise ne Ulqin - Lajme nga Ulqini","og_description":"Prezantimi i rezultateve te hulumtimit \"Njohurite dhe qendrimet e adoleshenteve per problemin e narkomanise ne Ulqin\", te realizuar gjate periudhes tetor","og_url":"https:\/\/www.visit-ulcinj.com\/blog\/2016\/02\/29\/ojq-horizonti-ri-njohurite-e-adoleshenteve-per-problemin-e-narkomanise-ne-ulqin\/","og_site_name":"Lajme nga Ulqini","article_published_time":"2016-02-29T14:46:55+00:00","article_modified_time":"2016-02-29T14:52:15+00:00","og_image":[{"url":"http:\/\/www.visit-ulcinj.com\/blog\/wp-content\/uploads\/2016\/02\/press-conference-droga-NGO-NEW-HORIZONT-ULCINJ-ULQIN.jpg"}],"twitter_misc":{"Written by":"ulqini","Est. reading time":"3 minutes"},"schema":{"@context":"https:\/\/schema.org","@graph":[{"@type":"WebSite","@id":"https:\/\/www.visit-ulcinj.com\/blog\/#website","url":"https:\/\/www.visit-ulcinj.com\/blog\/","name":"Lajme nga Ulqini","description":"Lajme,Vijesti,Ulqini,Ulqin,Crna Gora,Mali i Zi","potentialAction":[{"@type":"SearchAction","target":{"@type":"EntryPoint","urlTemplate":"https:\/\/www.visit-ulcinj.com\/blog\/?s={search_term_string}"},"query-input":"required name=search_term_string"}],"inLanguage":"en-US"},{"@type":"ImageObject","inLanguage":"en-US","@id":"https:\/\/www.visit-ulcinj.com\/blog\/2016\/02\/29\/ojq-horizonti-ri-njohurite-e-adoleshenteve-per-problemin-e-narkomanise-ne-ulqin\/#primaryimage","url":"https:\/\/www.visit-ulcinj.com\/blog\/wp-content\/uploads\/2016\/02\/press-conference-droga-NGO-NEW-HORIZONT-ULCINJ-ULQIN.jpg","contentUrl":"https:\/\/www.visit-ulcinj.com\/blog\/wp-content\/uploads\/2016\/02\/press-conference-droga-NGO-NEW-HORIZONT-ULCINJ-ULQIN.jpg","width":999,"height":490},{"@type":"WebPage","@id":"https:\/\/www.visit-ulcinj.com\/blog\/2016\/02\/29\/ojq-horizonti-ri-njohurite-e-adoleshenteve-per-problemin-e-narkomanise-ne-ulqin\/#webpage","url":"https:\/\/www.visit-ulcinj.com\/blog\/2016\/02\/29\/ojq-horizonti-ri-njohurite-e-adoleshenteve-per-problemin-e-narkomanise-ne-ulqin\/","name":"OJQ Horizonti ri: Njohurite e adoleshenteve per problemin e narkomanise ne Ulqin - Lajme nga Ulqini","isPartOf":{"@id":"https:\/\/www.visit-ulcinj.com\/blog\/#website"},"primaryImageOfPage":{"@id":"https:\/\/www.visit-ulcinj.com\/blog\/2016\/02\/29\/ojq-horizonti-ri-njohurite-e-adoleshenteve-per-problemin-e-narkomanise-ne-ulqin\/#primaryimage"},"datePublished":"2016-02-29T14:46:55+00:00","dateModified":"2016-02-29T14:52:15+00:00","author":{"@id":"https:\/\/www.visit-ulcinj.com\/blog\/#\/schema\/person\/dcab619c614d3038751c63bc2aadc06d"},"description":"Prezantimi i rezultateve te hulumtimit \"Njohurite dhe qendrimet e adoleshenteve per problemin e narkomanise ne Ulqin\", te realizuar gjate periudhes tetor","breadcrumb":{"@id":"https:\/\/www.visit-ulcinj.com\/blog\/2016\/02\/29\/ojq-horizonti-ri-njohurite-e-adoleshenteve-per-problemin-e-narkomanise-ne-ulqin\/#breadcrumb"},"inLanguage":"en-US","potentialAction":[{"@type":"ReadAction","target":["https:\/\/www.visit-ulcinj.com\/blog\/2016\/02\/29\/ojq-horizonti-ri-njohurite-e-adoleshenteve-per-problemin-e-narkomanise-ne-ulqin\/"]}]},{"@type":"BreadcrumbList","@id":"https:\/\/www.visit-ulcinj.com\/blog\/2016\/02\/29\/ojq-horizonti-ri-njohurite-e-adoleshenteve-per-problemin-e-narkomanise-ne-ulqin\/#breadcrumb","itemListElement":[{"@type":"ListItem","position":1,"name":"OJQ Horizonti ri: Njohurite e adoleshenteve per problemin e narkomanise ne Ulqin"}]},{"@type":"Person","@id":"https:\/\/www.visit-ulcinj.com\/blog\/#\/schema\/person\/dcab619c614d3038751c63bc2aadc06d","name":"ulqini","sameAs":["http:\/\/www.visit-ulcinj.com"],"url":"https:\/\/www.visit-ulcinj.com\/blog\/author\/admin\/"}]}},"jetpack_featured_media_url":"","jetpack_sharing_enabled":true,"jetpack_shortlink":"https:\/\/wp.me\/pe6lTn-oIL","_links":{"self":[{"href":"https:\/\/www.visit-ulcinj.com\/blog\/wp-json\/wp\/v2\/posts\/95031"}],"collection":[{"href":"https:\/\/www.visit-ulcinj.com\/blog\/wp-json\/wp\/v2\/posts"}],"about":[{"href":"https:\/\/www.visit-ulcinj.com\/blog\/wp-json\/wp\/v2\/types\/post"}],"author":[{"embeddable":true,"href":"https:\/\/www.visit-ulcinj.com\/blog\/wp-json\/wp\/v2\/users\/1"}],"replies":[{"embeddable":true,"href":"https:\/\/www.visit-ulcinj.com\/blog\/wp-json\/wp\/v2\/comments?post=95031"}],"version-history":[{"count":3,"href":"https:\/\/www.visit-ulcinj.com\/blog\/wp-json\/wp\/v2\/posts\/95031\/revisions"}],"predecessor-version":[{"id":95036,"href":"https:\/\/www.visit-ulcinj.com\/blog\/wp-json\/wp\/v2\/posts\/95031\/revisions\/95036"}],"wp:attachment":[{"href":"https:\/\/www.visit-ulcinj.com\/blog\/wp-json\/wp\/v2\/media?parent=95031"}],"wp:term":[{"taxonomy":"category","embeddable":true,"href":"https:\/\/www.visit-ulcinj.com\/blog\/wp-json\/wp\/v2\/categories?post=95031"},{"taxonomy":"post_tag","embeddable":true,"href":"https:\/\/www.visit-ulcinj.com\/blog\/wp-json\/wp\/v2\/tags?post=95031"}],"curies":[{"name":"wp","href":"https:\/\/api.w.org\/{rel}","templated":true}]}}