{"id":95037,"date":"2016-02-29T16:29:20","date_gmt":"2016-02-29T15:29:20","guid":{"rendered":"http:\/\/www.visit-ulcinj.com\/blog\/?p=95037"},"modified":"2016-02-29T16:35:29","modified_gmt":"2016-02-29T15:35:29","slug":"ne-emisionin-osmanaga-show-ullishtari-ruzhdi-kollari","status":"publish","type":"post","link":"https:\/\/www.visit-ulcinj.com\/blog\/2016\/02\/29\/ne-emisionin-osmanaga-show-ullishtari-ruzhdi-kollari\/","title":{"rendered":"Ne emisionin Osmanaga Show ullishtari Ruzhdi Kollari"},"content":{"rendered":"<p><a href=\"http:\/\/www.visit-ulcinj.com\/blog\/wp-content\/uploads\/2016\/02\/Emisionin-Osmanaga-Show-ullishtari-Ruzhdi-Kollari-Ulqin.jpg\"><img loading=\"lazy\" class=\"alignleft wp-image-95038\" src=\"http:\/\/www.visit-ulcinj.com\/blog\/wp-content\/uploads\/2016\/02\/Emisionin-Osmanaga-Show-ullishtari-Ruzhdi-Kollari-Ulqin.jpg\" alt=\"Emisionin Osmanaga Show ullishtari Ruzhdi Kollari-Ulqin\" width=\"508\" height=\"303\" srcset=\"https:\/\/www.visit-ulcinj.com\/blog\/wp-content\/uploads\/2016\/02\/Emisionin-Osmanaga-Show-ullishtari-Ruzhdi-Kollari-Ulqin.jpg 804w, https:\/\/www.visit-ulcinj.com\/blog\/wp-content\/uploads\/2016\/02\/Emisionin-Osmanaga-Show-ullishtari-Ruzhdi-Kollari-Ulqin-300x179.jpg 300w\" sizes=\"(max-width: 508px) 100vw, 508px\" \/><\/a>N\u2019Osmanaga Show, emision i drejtuar nga Suad Mehmeti, k\u00ebt\u00eb jav\u00eb n\u00eb Tv Teuta Showi i Osmanit fillon duke filluar emisionin e vet\u00eb n\u00eb maje t\u00eb pazarit.<\/p>\n<p>Duke u nis\u00eb m\u00ebhalles s\u00eb re p\u00ebr rrug\u00eb Osmani u ndalua tek ullishtari i njohur ulqinak Ruzhdi Kollari.<\/p>\n<p>Osmanaga Show tash m\u00eb u ba format informativ i cili sjelle \u00e7do dit\u00eb informacione te bollshme dhe utilitare per te nisur nje dite sa me mbare. Moderuar nga Suad Mehmeti emisioni me tema soft e jo vetem, duke orientuar vemendjen e audiences e duke synuar te nxis\u00eb reagimet lidhur me ngjarje apo dukuri pjese e jetes sone te perditshme n\u00eb komun\u00ebn e Ulqinit.<\/p>\n<p><iframe loading=\"lazy\" src=\"\/\/www.dailymotion.com\/embed\/video\/x3uirmu?autoPlay=1\" width=\"508\" height=\"315\" frameborder=\"0\" allowfullscreen=\"allowfullscreen\"><\/iframe><\/p>\n<p><strong>Di\u00e7ka p\u00ebr ullishtarin e Ulqinit<\/strong><\/p>\n<p>Nj\u00eb nga th\u00ebniet e vjetra thot\u00eb se ulliri \u00ebsht\u00eb si n\u00ebna: t\u00eb jep pa rezerv\u00eb madje edhe at\u00ebher\u00eb kur vite me radh\u00eb \u00ebsht\u00eb e l\u00ebn\u00eb pas dore. Ndryshe nga hardhia, e cila krahasohet me femr\u00ebn: nd\u00ebshkon menj\u00ebher\u00eb \u00e7do munges\u00eb v\u00ebmendjeje.<br \/>\nUllishtat e Ulqinit jan\u00eb l\u00ebn\u00eb pas dore n\u00eb vitet e shtat\u00ebdhjeta dhe tet\u00ebdhjeta t\u00eb fundshekullit t\u00eb kaluar. Asohere ulqinak\u00ebt m\u00eb me \u00ebndje merreshin me turiz\u00ebm me nj\u00eb biznes gjoja m\u00eb t\u00eb lev\u00ebrdish\u00ebm gj\u00eb q\u00eb u tregua e suksesshme p\u00ebr ullishtarin\u00eb. Kjo sepse gjat\u00eb k\u00ebsaj periudhe n\u00eb Europ\u00eb jan\u00eb shfryt\u00ebzuar mjaft pesticidet dhe pleh\u00ebrat artificiale, si rezultat i t\u00eb cilave jan\u00eb ndotur sip\u00ebrfaqe t\u00eb m\u00ebdha bujq\u00ebsore. Tani ky \u00ebsht\u00eb parakusht i domosdosh\u00ebm q\u00eb ulliri t\u00eb kultivohet n\u00eb m\u00ebnyr\u00eb ekologjike.<br \/>\nMir\u00ebpo, n\u00eb ullishtarin\u00eb e Ulqinit v\u00ebrtet\u00eb ka probleme t\u00eb m\u00ebdha. Kjo sepse vjelen vet\u00ebm 70% e ullinjve, sepse nuk jan\u00eb mbrojtur varietetet autoktone, nuk \u00ebsht\u00eb b\u00ebr\u00eb kadastri i ullishtave, ndihma e shtetit \u00ebsht\u00eb simbolike, importohet vaji i ullirit kryesisht me cil\u00ebsi t\u00eb dyshimt\u00eb, k\u00ebshtu q\u00eb \u00e7mimi i tij n\u00eb supermarkete \u00ebsht\u00eb rreth pes\u00eb euro. Nj\u00eb lit\u00ebr i vajit t\u00eb prodhimit t\u00eb vendit shitet me \u00e7mim prej gjasht\u00eb deri tet\u00eb euro, dhe pik\u00ebrisht vet\u00ebm \u201cn\u00eb t\u00eb zez\u00eb\u201d. Shumica e ullishtar\u00ebve e merr vajin e vet pas p\u00ebrpunimit e pastaj e magazinon n\u00eb kushte t\u00eb dob\u00ebta, ashtu q\u00eb ai humbet cil\u00ebsin\u00eb e vet.<\/p>\n<p><strong>Rikthimi tek ulliri<\/strong><\/p>\n<p>Gjat\u00eb disa viteve t\u00eb fundit n\u00eb Ulqin \u00ebsht\u00eb evidente tendenca e kthimit tek ulliri dhe ullishtaria, por kjo \u00ebsht\u00eb ende larg nga mund\u00ebsit\u00eb dhe nevojat.<br \/>\nK\u00ebshtu, bie fjala, n\u00eb k\u00ebt\u00eb komun\u00eb sot kemi rreth 86 mij\u00eb trungje ullinjsh. Po t\u00eb merret parasysh fakti se nj\u00eb e pesta e ullinjve ndodhet n\u00eb gjirin e Valdanosit (dhe ku ullishtat tashm\u00eb 31 vite me radh\u00eb po shkat\u00ebrrohen, kurse d\u00ebmi vler\u00ebsohet n\u00eb shum\u00ebn mbi 100 milion\u00eb euro!, dhe se nj\u00eb e treta e ullinjve nuk vilen (!?), se ullishta \u00ebsht\u00eb b\u00ebr\u00eb tok\u00eb nd\u00ebrtimore, pema e shenjt\u00eb pritet dhe digjet q\u00ebllimisht, s\u00eb k\u00ebndejmi mund t\u00eb vihet n\u00eb p\u00ebrfundim se gjendja e ullishtaris\u00eb n\u00eb Ulqin sot \u00ebsht\u00eb n\u00eb pozit\u00eb tejet t\u00eb palakmueshme.<br \/>\nK\u00ebt\u00eb e d\u00ebshmon fakti se n\u00eb k\u00ebt\u00eb vit kan\u00eb qen\u00eb hapur shtat\u00eb mullinj\u00eb, p\u00ebrkat\u00ebsisht tre m\u00eb pak sesa vitin e kaluar. N\u00eb fillim t\u00eb shekullit t\u00eb kaluar vet\u00ebm n\u00eb Mahall\u00ebn e Re kishte 15 mullinj\u00eb! \u00cbsht\u00eb e v\u00ebrtet\u00eb se mullinjt\u00eb e ullirit tani jan\u00eb m\u00eb cil\u00ebsor\u00eb dhe se mund t\u00eb p\u00ebrpunojn\u00eb m\u00eb shum\u00eb ullinj\u00eb, gj\u00eb q\u00eb shkurton koh\u00ebn e p\u00ebrpunimit t\u00eb frytit t\u00eb ullirit dhe ndikon pozitivisht n\u00eb dinamik\u00ebn e ngritjes s\u00eb ullishtave t\u00eb reja dhe n\u00eb cil\u00ebsin\u00eb e vajit t\u00eb vendit.<br \/>\nNga Qeveria Malazeze vite me radh\u00eb porosisin q\u00eb \u201cullishtaria meriton nj\u00eb kujdes akoma m\u00eb t\u00eb madh\u201d dhe paralajm\u00ebrohet q\u00eb \u201cn\u00eb t\u00eb ardhmen do t\u00eb insistohet n\u00eb revitalizimin e ullishtave ekzistuese dhe n\u00eb ngritjen e nj\u00eb numri akoma m\u00eb t\u00eb madh t\u00eb ullishtave\u201d.<br \/>\nUllishtar\u00ebt dhe pronar\u00ebt e mullinj\u00ebve t\u00eb ullirit gjithashtu k\u00ebrkojn\u00eb realizimin m\u00eb t\u00eb shpejt\u00eb t\u00eb programit operativ t\u00eb mbjelljes s\u00eb ullishtave, k\u00ebrkojn\u00eb stimulim p\u00ebr revitalizimin e ullishtave t\u00eb vjetra dhe t\u00eb l\u00ebna pas dore, linja kreditore me norma interesi prej kat\u00ebr deri pes\u00eb p\u00ebrqind n\u00eb shkall\u00eb vjetore.<br \/>\nP\u00ebr bujqit, periudha kreditore n\u00ebn 12 vite konsiderohet afatshkurt\u00ebr. Kjo sidomos n\u00eb ullishtari, e cila n\u00eb pes\u00eb vitet e fundit ka ciklin vijues. Nj\u00eb vjelje \u00ebsht\u00eb jasht\u00ebzakonisht e mir\u00eb, dy t\u00eb mira, kurse dy vjelje t\u00eb tjera jan\u00eb tejet t\u00eb dob\u00ebta.<br \/>\n\u201cDetyr\u00eb jon\u00eb themelore duhet t\u00eb jet\u00eb ngritja e nivelit t\u00eb dijes s\u00eb prodhuesve mbi nevoj\u00ebn e aplikimit t\u00eb teknologjive t\u00eb reja, mbi p\u00ebrkujdesjen e ullishtave dhe mbi vjeljen dhe p\u00ebrpunimin bashk\u00ebkohor\u00eb si dhe mbi trajnimin e ekspert\u00ebve t\u00eb cil\u00ebt do t\u00eb l\u00ebshonin certifikata mbi vajin e ullirit. E gjith\u00eb kjo \u00ebsht\u00eb e nevojshme n\u00eb m\u00ebnyr\u00eb q\u00eb t\u00eb krijohet brendi i vajit t\u00eb ullirit\u201d, thot\u00eb pronari i mullirit t\u00eb shquar t\u00eb ullirit \u201cV\u00ebllez\u00ebrit Kollari\u201d Ruzhdi Kollari.<\/p>\n<p><strong>Shembulli i Kroacis\u00eb<\/strong><\/p>\n<p>Se si funksionon kjo n\u00eb praktik\u00eb, tregon shembulli i Kroacis\u00eb, n\u00eb t\u00eb cil\u00ebn \u00e7do vit mbillen rreth 250 mij\u00eb fidane t\u00eb reja t\u00eb ullinj\u00ebve! K\u00ebshtu, p\u00ebr shembull \u00e7mimi i nj\u00eb hektari ullishte t\u00eb re \u00ebsht\u00eb rreth 13 mij\u00eb euro, p\u00ebr \u00e7ka nga shteti merren rreth kat\u00ebr mij\u00eb euro, Zhupania dhe komuna financojn\u00eb blerjen e fidaneve, kurse prodhuesit e vajit ekstra virgj\u00ebror marrin subvencione t\u00eb shtetit p\u00ebr \u00e7do lit\u00ebr t\u00eb vajit t\u00eb shitur legalisht.<br \/>\nPra, n\u00eb Kroaci e kan\u00eb kuptuar q\u00eb nga ullishtaria sot mund t\u00eb jetohet bukur dhe mir\u00eb. T\u00eb gjith\u00eb ata q\u00eb kan\u00eb 150 trungje ulliri, fitojn\u00eb rreth 10 mij\u00eb euro n\u00eb vit. Sikur anologjia t\u00eb zbatohej ndaj Ulqinit kjo do t\u00eb thoshte se nga ky biznes do t\u00eb mund t\u00eb jetonin (apo t\u00eb kishin t\u00eb ardhura t\u00eb m\u00ebdha shtes\u00eb) rreth 600 familje, respektivisht mbi 2000 njer\u00ebz! Historia \u00ebsht\u00eb d\u00ebshmitare se k\u00ebtu me qindra vite jetohej n\u00eb k\u00ebt\u00eb m\u00ebnyr\u00eb. Ka qen\u00eb e zhvilluar detaria, tregtia, zejtaria, bujq\u00ebsia dhe ullishtaria. N\u00eb konceptin e zhvillimit t\u00eb qendruesh\u00ebm drejt t\u00eb cilit gjoja synojm\u00eb, k\u00ebt\u00eb p\u00ebrs\u00ebri duhet potencuar. Sot, mbase m\u00eb tep\u00ebr sesa kurdoher\u00eb m\u00eb par\u00eb.<br \/>\nNoja, ulliri dhe bekimi<\/p>\n<p>Profeti i Zotit Noja (Nuh a.s.) u vendos pran\u00eb bjeshk\u00ebs Ararat (Xhudij) dhe l\u00ebshoi p\u00ebllumbesh\u00ebn e cila u kthye para muzgut duke mbajtur n\u00eb sqep deg\u00ebn e ullirit, shenj\u00eb q\u00eb uji \u00ebsht\u00eb t\u00ebrhequr, se mllefi i Zotit \u00ebsht\u00eb qet\u00ebsuar dhe si prov\u00eb t\u00eb sigurt\u00eb se n\u00eb k\u00ebt\u00eb vend t\u00eb bekuar \u00ebsht\u00eb rritur ulliri. Pas k\u00ebsaj bota ka filluar t\u00eb jetoj\u00eb n\u00eb epok\u00ebn e paq\u00ebs. Besoj se me rikthimin drejt ullirit edhe Ulqini dhe banor\u00ebt e tij aktual i kthehen vetvetes, paqes, men\u00e7uris\u00eb, plleshm\u00ebris\u00eb, p\u00ebrparimit.<br \/>\nNuk \u00ebsht\u00eb e rast\u00ebsishme q\u00eb n\u00eb k\u00ebt\u00eb vend t\u00eb mrekulluesh\u00ebm qindra vite me radh\u00eb rritet dhe kultivohet ulliri. E kjo \u00ebsht\u00eb nj\u00eb bim\u00eb e bekurar, m\u00eb sakt\u00ebsisht, secila deg\u00eb e tij \u00ebsht\u00eb e bekuar. P\u00ebr k\u00ebt\u00eb arsye, kushdo q\u00eb fut n\u00eb vetvete l\u00ebngun, vajin q\u00eb fitohet nga fryti i trungut t\u00eb ullirit, merr bereqetin dhe bekimin e tij, qoft\u00eb edhe sikur t\u00eb mos e ket\u00eb merituar. Thjesht, gjalles\u00eb mbi t\u00eb cil\u00ebn Krijuesi hedh bekimin e vet, ky bekim do t\u00eb p\u00ebrhapet mbi gjith\u00e7ka q\u00eb bie n\u00eb kontakt. Pra, gjat\u00eb t\u00ebr\u00eb historis\u00eb, ulliri ka qen\u00eb simbol i jet\u00ebs, i paqes dhe shpres\u00ebs. Mir\u00ebsit\u00eb e k\u00ebsaj peme t\u00eb shenjt\u00eb vinin duke u shtuar n\u00ebse mundi dhe dashuria e njer\u00ebzve rriteshin. S\u00eb k\u00ebndejmi ullishtar\u00ebt gjith\u00ebher\u00eb kan\u00eb pasur shpresa dhe pritje t\u00eb m\u00ebdha, por nj\u00eb paqe t\u00eb brendshme magjeps\u00ebse.<br \/>\n\u201cMendoj se pothuajse plot\u00ebsisht kemi hyr\u00eb n\u00eb kurth se mund t\u00eb jetohet pa punuar. N\u00ebse d\u00ebshirojm\u00eb q\u00eb k\u00ebt\u00eb periudh\u00eb t\u00eb kriz\u00ebs ta p\u00ebrballojm\u00eb m\u00eb leht\u00eb do t\u00eb na nevojitet shum\u00eb pun\u00eb, shum\u00eb angazhim dhe sakrific\u00eb. Por, p\u00ebr ullirin s\u2019ka kriz\u00eb!\u201d shton Kollari.<br \/>\nZoti e krijoi ullirin dhe ua dhuroi njer\u00ebzve pik\u00ebrisht p\u00ebr shkak q\u00eb vaji i tij t\u2019u ndihmoj\u00eb n\u00eb pun\u00ebt dhe nd\u00ebrmarrjet e v\u00ebshtira. Mjek\u00ebsia konfirmon fjal\u00ebt e profetit se ulliri dhe vaji i ullirit forcojn\u00eb fuqin\u00eb e njeriut, zhdukin apatin\u00eb, forcojn\u00eb nervat, parandalojn\u00eb alivanosjen, zbukurojn\u00eb pamjen fizike t\u00eb njeriut, fisnik\u00ebrojn\u00eb shpirtin e njeriut dhe zhdukin shqet\u00ebsimin.<br \/>\nT\u00eb gjitha k\u00ebto na jan\u00eb m\u00eb se t\u00eb nevojshme, sidomos pas nj\u00eb stine turistike kaq t\u00eb dob\u00ebt.\/Mustafa Canka\/<\/p>\n<p>&nbsp;<\/p>\n","protected":false},"excerpt":{"rendered":"<p>N\u2019Osmanaga Show, emision i drejtuar nga Suad Mehmeti, k\u00ebt\u00eb jav\u00eb n\u00eb Tv Teuta Showi i Osmanit fillon duke filluar emisionin e vet\u00eb n\u00eb maje t\u00eb pazarit. Duke u nis\u00eb m\u00ebhalles s\u00eb re p\u00ebr rrug\u00eb Osmani u ndalua tek ullishtari i njohur ulqinak Ruzhdi Kollari. Osmanaga Show tash m\u00eb u ba format informativ i cili sjelle [&hellip;]<\/p>\n","protected":false},"author":1,"featured_media":0,"comment_status":"closed","ping_status":"closed","sticky":false,"template":"","format":"standard","meta":{"spay_email":"","jetpack_publicize_message":"","jetpack_is_tweetstorm":false,"jetpack_publicize_feature_enabled":true},"categories":[1],"tags":[],"jetpack_publicize_connections":[],"yoast_head":"<!-- This site is optimized with the Yoast SEO plugin v19.1 - https:\/\/yoast.com\/wordpress\/plugins\/seo\/ -->\n<title>Ne emisionin Osmanaga Show ullishtari Ruzhdi Kollari - Lajme nga Ulqini<\/title>\n<meta name=\"description\" content=\"N\u2019Osmanaga Show, emision i drejtuar nga Suad Mehmeti, k\u00ebt\u00eb jav\u00eb n\u00eb Tv Teuta Showi i Osmanit fillon duke filluar emisionin e vet\u00eb n\u00eb maje t\u00eb pazarit. Duke\" \/>\n<meta name=\"robots\" content=\"index, follow, max-snippet:-1, max-image-preview:large, max-video-preview:-1\" \/>\n<link rel=\"canonical\" href=\"https:\/\/www.visit-ulcinj.com\/blog\/2016\/02\/29\/ne-emisionin-osmanaga-show-ullishtari-ruzhdi-kollari\/\" \/>\n<meta property=\"og:locale\" content=\"en_US\" \/>\n<meta property=\"og:type\" content=\"article\" \/>\n<meta property=\"og:title\" content=\"Ne emisionin Osmanaga Show ullishtari Ruzhdi Kollari - Lajme nga Ulqini\" \/>\n<meta property=\"og:description\" content=\"N\u2019Osmanaga Show, emision i drejtuar nga Suad Mehmeti, k\u00ebt\u00eb jav\u00eb n\u00eb Tv Teuta Showi i Osmanit fillon duke filluar emisionin e vet\u00eb n\u00eb maje t\u00eb pazarit. Duke\" \/>\n<meta property=\"og:url\" content=\"https:\/\/www.visit-ulcinj.com\/blog\/2016\/02\/29\/ne-emisionin-osmanaga-show-ullishtari-ruzhdi-kollari\/\" \/>\n<meta property=\"og:site_name\" content=\"Lajme nga Ulqini\" \/>\n<meta property=\"article:published_time\" content=\"2016-02-29T15:29:20+00:00\" \/>\n<meta property=\"article:modified_time\" content=\"2016-02-29T15:35:29+00:00\" \/>\n<meta property=\"og:image\" content=\"http:\/\/www.visit-ulcinj.com\/blog\/wp-content\/uploads\/2016\/02\/Emisionin-Osmanaga-Show-ullishtari-Ruzhdi-Kollari-Ulqin.jpg\" \/>\n<meta name=\"twitter:label1\" content=\"Written by\" \/>\n\t<meta name=\"twitter:data1\" content=\"ulqini\" \/>\n\t<meta name=\"twitter:label2\" content=\"Est. reading time\" \/>\n\t<meta name=\"twitter:data2\" content=\"7 minutes\" \/>\n<script type=\"application\/ld+json\" class=\"yoast-schema-graph\">{\"@context\":\"https:\/\/schema.org\",\"@graph\":[{\"@type\":\"WebSite\",\"@id\":\"https:\/\/www.visit-ulcinj.com\/blog\/#website\",\"url\":\"https:\/\/www.visit-ulcinj.com\/blog\/\",\"name\":\"Lajme nga Ulqini\",\"description\":\"Lajme,Vijesti,Ulqini,Ulqin,Crna Gora,Mali i Zi\",\"potentialAction\":[{\"@type\":\"SearchAction\",\"target\":{\"@type\":\"EntryPoint\",\"urlTemplate\":\"https:\/\/www.visit-ulcinj.com\/blog\/?s={search_term_string}\"},\"query-input\":\"required name=search_term_string\"}],\"inLanguage\":\"en-US\"},{\"@type\":\"ImageObject\",\"inLanguage\":\"en-US\",\"@id\":\"https:\/\/www.visit-ulcinj.com\/blog\/2016\/02\/29\/ne-emisionin-osmanaga-show-ullishtari-ruzhdi-kollari\/#primaryimage\",\"url\":\"https:\/\/www.visit-ulcinj.com\/blog\/wp-content\/uploads\/2016\/02\/Emisionin-Osmanaga-Show-ullishtari-Ruzhdi-Kollari-Ulqin.jpg\",\"contentUrl\":\"https:\/\/www.visit-ulcinj.com\/blog\/wp-content\/uploads\/2016\/02\/Emisionin-Osmanaga-Show-ullishtari-Ruzhdi-Kollari-Ulqin.jpg\",\"width\":804,\"height\":480},{\"@type\":\"WebPage\",\"@id\":\"https:\/\/www.visit-ulcinj.com\/blog\/2016\/02\/29\/ne-emisionin-osmanaga-show-ullishtari-ruzhdi-kollari\/#webpage\",\"url\":\"https:\/\/www.visit-ulcinj.com\/blog\/2016\/02\/29\/ne-emisionin-osmanaga-show-ullishtari-ruzhdi-kollari\/\",\"name\":\"Ne emisionin Osmanaga Show ullishtari Ruzhdi Kollari - Lajme nga Ulqini\",\"isPartOf\":{\"@id\":\"https:\/\/www.visit-ulcinj.com\/blog\/#website\"},\"primaryImageOfPage\":{\"@id\":\"https:\/\/www.visit-ulcinj.com\/blog\/2016\/02\/29\/ne-emisionin-osmanaga-show-ullishtari-ruzhdi-kollari\/#primaryimage\"},\"datePublished\":\"2016-02-29T15:29:20+00:00\",\"dateModified\":\"2016-02-29T15:35:29+00:00\",\"author\":{\"@id\":\"https:\/\/www.visit-ulcinj.com\/blog\/#\/schema\/person\/dcab619c614d3038751c63bc2aadc06d\"},\"description\":\"N\u2019Osmanaga Show, emision i drejtuar nga Suad Mehmeti, k\u00ebt\u00eb jav\u00eb n\u00eb Tv Teuta Showi i Osmanit fillon duke filluar emisionin e vet\u00eb n\u00eb maje t\u00eb pazarit. Duke\",\"breadcrumb\":{\"@id\":\"https:\/\/www.visit-ulcinj.com\/blog\/2016\/02\/29\/ne-emisionin-osmanaga-show-ullishtari-ruzhdi-kollari\/#breadcrumb\"},\"inLanguage\":\"en-US\",\"potentialAction\":[{\"@type\":\"ReadAction\",\"target\":[\"https:\/\/www.visit-ulcinj.com\/blog\/2016\/02\/29\/ne-emisionin-osmanaga-show-ullishtari-ruzhdi-kollari\/\"]}]},{\"@type\":\"BreadcrumbList\",\"@id\":\"https:\/\/www.visit-ulcinj.com\/blog\/2016\/02\/29\/ne-emisionin-osmanaga-show-ullishtari-ruzhdi-kollari\/#breadcrumb\",\"itemListElement\":[{\"@type\":\"ListItem\",\"position\":1,\"name\":\"Ne emisionin Osmanaga Show ullishtari Ruzhdi Kollari\"}]},{\"@type\":\"Person\",\"@id\":\"https:\/\/www.visit-ulcinj.com\/blog\/#\/schema\/person\/dcab619c614d3038751c63bc2aadc06d\",\"name\":\"ulqini\",\"sameAs\":[\"http:\/\/www.visit-ulcinj.com\"],\"url\":\"https:\/\/www.visit-ulcinj.com\/blog\/author\/admin\/\"}]}<\/script>\n<!-- \/ Yoast SEO plugin. -->","yoast_head_json":{"title":"Ne emisionin Osmanaga Show ullishtari Ruzhdi Kollari - Lajme nga Ulqini","description":"N\u2019Osmanaga Show, emision i drejtuar nga Suad Mehmeti, k\u00ebt\u00eb jav\u00eb n\u00eb Tv Teuta Showi i Osmanit fillon duke filluar emisionin e vet\u00eb n\u00eb maje t\u00eb pazarit. Duke","robots":{"index":"index","follow":"follow","max-snippet":"max-snippet:-1","max-image-preview":"max-image-preview:large","max-video-preview":"max-video-preview:-1"},"canonical":"https:\/\/www.visit-ulcinj.com\/blog\/2016\/02\/29\/ne-emisionin-osmanaga-show-ullishtari-ruzhdi-kollari\/","og_locale":"en_US","og_type":"article","og_title":"Ne emisionin Osmanaga Show ullishtari Ruzhdi Kollari - Lajme nga Ulqini","og_description":"N\u2019Osmanaga Show, emision i drejtuar nga Suad Mehmeti, k\u00ebt\u00eb jav\u00eb n\u00eb Tv Teuta Showi i Osmanit fillon duke filluar emisionin e vet\u00eb n\u00eb maje t\u00eb pazarit. Duke","og_url":"https:\/\/www.visit-ulcinj.com\/blog\/2016\/02\/29\/ne-emisionin-osmanaga-show-ullishtari-ruzhdi-kollari\/","og_site_name":"Lajme nga Ulqini","article_published_time":"2016-02-29T15:29:20+00:00","article_modified_time":"2016-02-29T15:35:29+00:00","og_image":[{"url":"http:\/\/www.visit-ulcinj.com\/blog\/wp-content\/uploads\/2016\/02\/Emisionin-Osmanaga-Show-ullishtari-Ruzhdi-Kollari-Ulqin.jpg"}],"twitter_misc":{"Written by":"ulqini","Est. reading time":"7 minutes"},"schema":{"@context":"https:\/\/schema.org","@graph":[{"@type":"WebSite","@id":"https:\/\/www.visit-ulcinj.com\/blog\/#website","url":"https:\/\/www.visit-ulcinj.com\/blog\/","name":"Lajme nga Ulqini","description":"Lajme,Vijesti,Ulqini,Ulqin,Crna Gora,Mali i Zi","potentialAction":[{"@type":"SearchAction","target":{"@type":"EntryPoint","urlTemplate":"https:\/\/www.visit-ulcinj.com\/blog\/?s={search_term_string}"},"query-input":"required name=search_term_string"}],"inLanguage":"en-US"},{"@type":"ImageObject","inLanguage":"en-US","@id":"https:\/\/www.visit-ulcinj.com\/blog\/2016\/02\/29\/ne-emisionin-osmanaga-show-ullishtari-ruzhdi-kollari\/#primaryimage","url":"https:\/\/www.visit-ulcinj.com\/blog\/wp-content\/uploads\/2016\/02\/Emisionin-Osmanaga-Show-ullishtari-Ruzhdi-Kollari-Ulqin.jpg","contentUrl":"https:\/\/www.visit-ulcinj.com\/blog\/wp-content\/uploads\/2016\/02\/Emisionin-Osmanaga-Show-ullishtari-Ruzhdi-Kollari-Ulqin.jpg","width":804,"height":480},{"@type":"WebPage","@id":"https:\/\/www.visit-ulcinj.com\/blog\/2016\/02\/29\/ne-emisionin-osmanaga-show-ullishtari-ruzhdi-kollari\/#webpage","url":"https:\/\/www.visit-ulcinj.com\/blog\/2016\/02\/29\/ne-emisionin-osmanaga-show-ullishtari-ruzhdi-kollari\/","name":"Ne emisionin Osmanaga Show ullishtari Ruzhdi Kollari - Lajme nga Ulqini","isPartOf":{"@id":"https:\/\/www.visit-ulcinj.com\/blog\/#website"},"primaryImageOfPage":{"@id":"https:\/\/www.visit-ulcinj.com\/blog\/2016\/02\/29\/ne-emisionin-osmanaga-show-ullishtari-ruzhdi-kollari\/#primaryimage"},"datePublished":"2016-02-29T15:29:20+00:00","dateModified":"2016-02-29T15:35:29+00:00","author":{"@id":"https:\/\/www.visit-ulcinj.com\/blog\/#\/schema\/person\/dcab619c614d3038751c63bc2aadc06d"},"description":"N\u2019Osmanaga Show, emision i drejtuar nga Suad Mehmeti, k\u00ebt\u00eb jav\u00eb n\u00eb Tv Teuta Showi i Osmanit fillon duke filluar emisionin e vet\u00eb n\u00eb maje t\u00eb pazarit. Duke","breadcrumb":{"@id":"https:\/\/www.visit-ulcinj.com\/blog\/2016\/02\/29\/ne-emisionin-osmanaga-show-ullishtari-ruzhdi-kollari\/#breadcrumb"},"inLanguage":"en-US","potentialAction":[{"@type":"ReadAction","target":["https:\/\/www.visit-ulcinj.com\/blog\/2016\/02\/29\/ne-emisionin-osmanaga-show-ullishtari-ruzhdi-kollari\/"]}]},{"@type":"BreadcrumbList","@id":"https:\/\/www.visit-ulcinj.com\/blog\/2016\/02\/29\/ne-emisionin-osmanaga-show-ullishtari-ruzhdi-kollari\/#breadcrumb","itemListElement":[{"@type":"ListItem","position":1,"name":"Ne emisionin Osmanaga Show ullishtari Ruzhdi Kollari"}]},{"@type":"Person","@id":"https:\/\/www.visit-ulcinj.com\/blog\/#\/schema\/person\/dcab619c614d3038751c63bc2aadc06d","name":"ulqini","sameAs":["http:\/\/www.visit-ulcinj.com"],"url":"https:\/\/www.visit-ulcinj.com\/blog\/author\/admin\/"}]}},"jetpack_featured_media_url":"","jetpack_sharing_enabled":true,"jetpack_shortlink":"https:\/\/wp.me\/pe6lTn-oIR","_links":{"self":[{"href":"https:\/\/www.visit-ulcinj.com\/blog\/wp-json\/wp\/v2\/posts\/95037"}],"collection":[{"href":"https:\/\/www.visit-ulcinj.com\/blog\/wp-json\/wp\/v2\/posts"}],"about":[{"href":"https:\/\/www.visit-ulcinj.com\/blog\/wp-json\/wp\/v2\/types\/post"}],"author":[{"embeddable":true,"href":"https:\/\/www.visit-ulcinj.com\/blog\/wp-json\/wp\/v2\/users\/1"}],"replies":[{"embeddable":true,"href":"https:\/\/www.visit-ulcinj.com\/blog\/wp-json\/wp\/v2\/comments?post=95037"}],"version-history":[{"count":4,"href":"https:\/\/www.visit-ulcinj.com\/blog\/wp-json\/wp\/v2\/posts\/95037\/revisions"}],"predecessor-version":[{"id":95042,"href":"https:\/\/www.visit-ulcinj.com\/blog\/wp-json\/wp\/v2\/posts\/95037\/revisions\/95042"}],"wp:attachment":[{"href":"https:\/\/www.visit-ulcinj.com\/blog\/wp-json\/wp\/v2\/media?parent=95037"}],"wp:term":[{"taxonomy":"category","embeddable":true,"href":"https:\/\/www.visit-ulcinj.com\/blog\/wp-json\/wp\/v2\/categories?post=95037"},{"taxonomy":"post_tag","embeddable":true,"href":"https:\/\/www.visit-ulcinj.com\/blog\/wp-json\/wp\/v2\/tags?post=95037"}],"curies":[{"name":"wp","href":"https:\/\/api.w.org\/{rel}","templated":true}]}}