{"id":95048,"date":"2016-02-29T18:16:17","date_gmt":"2016-02-29T17:16:17","guid":{"rendered":"http:\/\/www.visit-ulcinj.com\/blog\/?p=95048"},"modified":"2016-02-29T19:29:54","modified_gmt":"2016-02-29T18:29:54","slug":"ognjen-jovoviq-nuk-e-di-kush-eshte-pronari-kripores-video","status":"publish","type":"post","link":"https:\/\/www.visit-ulcinj.com\/blog\/2016\/02\/29\/ognjen-jovoviq-nuk-e-di-kush-eshte-pronari-kripores-video\/","title":{"rendered":"Ognjen Jovoviq: Nuk e di kush \u00ebsht\u00eb pronari Kripores &#8211; Video"},"content":{"rendered":"<p><a href=\"http:\/\/www.visit-ulcinj.com\/blog\/wp-content\/uploads\/2016\/02\/Ognjen-Jovoviq-Ulqin.jpg\"><img loading=\"lazy\" class=\"alignleft wp-image-95049\" src=\"http:\/\/www.visit-ulcinj.com\/blog\/wp-content\/uploads\/2016\/02\/Ognjen-Jovoviq-Ulqin.jpg\" alt=\"Ognjen -Jovoviq-Ulqin\" width=\"508\" height=\"286\" srcset=\"https:\/\/www.visit-ulcinj.com\/blog\/wp-content\/uploads\/2016\/02\/Ognjen-Jovoviq-Ulqin.jpg 637w, https:\/\/www.visit-ulcinj.com\/blog\/wp-content\/uploads\/2016\/02\/Ognjen-Jovoviq-Ulqin-300x169.jpg 300w\" sizes=\"(max-width: 508px) 100vw, 508px\" \/><\/a>Administratori i falimentit n\u00eb Kripore Ognjen Jovoviq ka th\u00ebn\u00eb se nuk \u00ebsht\u00eb i njohur pronari i nd\u00ebrmarrjes m\u00eb t\u00eb vjet\u00ebr n\u00eb Ulqin, raporton portali Ul.info.<\/p>\n<p>\u201cNuk dihet kush \u00ebsht\u00eb pronar i Kripores, \u00ebsht\u00eb shum\u00eb e diskutueshme kush e shfryt\u00ebzon, kush \u00ebsht\u00eb pronar, cilat jan\u00eb t\u00eb drejtat e \u00e7dokujt n\u00eb k\u00ebt\u00eb proces, p\u00ebr \u00e7far\u00eb mund t\u00eb p\u00ebrdoret Kriporja, a \u00ebsht\u00eb vet\u00ebm park i natyr\u00ebs, prodhim i krip\u00ebs, apo ka edhe veprimtari tjera komplementare, pra q\u00eb mund t\u00eb zhvillohen n\u00eb k\u00ebt\u00eb hap\u00ebsir\u00eb. Kemi t\u00eb b\u00ebjm\u00eb me hap\u00ebsir\u00eb t\u00eb madhe prej 14 milion e gjysm\u00eb met\u00ebr katror\u201d, tha ai n\u00eb deklarat\u00eb p\u00ebr Al Jazeera Balkan.<\/p>\n<p>Si\u00e7 kujton ky medium, Kriporja me vite nuk punon. Kompania investuese Eurofond e ka privatizuar n\u00eb vitin 2003, duke bler\u00eb paket\u00ebn kontrolluese t\u00eb aksioneve p\u00ebr 800 mij\u00eb euro.<\/p>\n<p>Falimenti u vendos n\u00eb vitin 2005 nd\u00ebrsa n\u00eb vitin 2011 u shpall falimentimi p\u00ebr shkak t\u00eb borxheve q\u00eb tashm\u00eb kan\u00eb arritur shum\u00ebn prej tet\u00eb milion euro.<\/p>\n<!--YouTube Error: bad URL entered-->\n<p><strong>Abazoviq: Dihet kush planifikon nd\u00ebrtimin<\/strong><\/p>\n<p>Edhe pse zyrtarisht thuhet se nuk dihet pronari i Kripores, dihet kush planifikon nd\u00ebrtimin n\u00eb k\u00ebt\u00eb hap\u00ebsir\u00eb prej 15 milion met\u00ebr katror n\u00eb pjes\u00ebn e pasme t\u00eb Plazhit t\u00eb madh.<\/p>\n<p>N\u00eb faqen Eurofond.me, mund t\u00eb shihet \u201cdedikimi preliminar i sip\u00ebrfaqeve\u201d n\u00eb Kripore.<\/p>\n<p>Deputeti i pavarur Dritan Abazoviq ka th\u00ebn\u00eb se Qeveria e Malit t\u00eb Zi me dokumentet e veta po ashtu planifikon n\u00eb Kripore nd\u00ebrtimin e objekteve turistike me kapacitete banuese prej 900 deri n\u00eb 1500 krevate, gj\u00eb q\u00eb, si\u00e7 shton, do t\u00eb kishte pasoja katastrofave p\u00ebr biodiversitetin n\u00eb Kripore dhe p\u00ebr shpend. \u201cP\u00ebr k\u00ebt\u00eb arsye qasje e till\u00eb \u00ebsht\u00eb n\u00eb kund\u00ebrshtim t\u00eb thell\u00eb me interesat e qytetar\u00ebve t\u00eb Ulqinit\u201d, theksoi ai.<\/p>\n","protected":false},"excerpt":{"rendered":"<p>Administratori i falimentit n\u00eb Kripore Ognjen Jovoviq ka th\u00ebn\u00eb se nuk \u00ebsht\u00eb i njohur pronari i nd\u00ebrmarrjes m\u00eb t\u00eb vjet\u00ebr n\u00eb Ulqin, raporton portali Ul.info. \u201cNuk dihet kush \u00ebsht\u00eb pronar i Kripores, \u00ebsht\u00eb shum\u00eb e diskutueshme kush e shfryt\u00ebzon, kush \u00ebsht\u00eb pronar, cilat jan\u00eb t\u00eb drejtat e \u00e7dokujt n\u00eb k\u00ebt\u00eb proces, p\u00ebr \u00e7far\u00eb mund t\u00eb [&hellip;]<\/p>\n","protected":false},"author":1,"featured_media":0,"comment_status":"closed","ping_status":"closed","sticky":false,"template":"","format":"standard","meta":{"spay_email":"","jetpack_publicize_message":"","jetpack_is_tweetstorm":false,"jetpack_publicize_feature_enabled":true},"categories":[1,2451],"tags":[],"jetpack_publicize_connections":[],"yoast_head":"<!-- This site is optimized with the Yoast SEO plugin v19.1 - https:\/\/yoast.com\/wordpress\/plugins\/seo\/ -->\n<title>Ognjen Jovoviq: Nuk e di kush \u00ebsht\u00eb pronari Kripores - Video - Lajme nga Ulqini<\/title>\n<meta name=\"description\" content=\"Administratori i falimentit n\u00eb Kripore Ognjen Jovoviq ka th\u00ebn\u00eb se nuk \u00ebsht\u00eb i njohur pronari i nd\u00ebrmarrjes m\u00eb t\u00eb vjet\u00ebr n\u00eb Ulqin, raporton portali\" \/>\n<meta name=\"robots\" content=\"index, follow, max-snippet:-1, max-image-preview:large, max-video-preview:-1\" \/>\n<link rel=\"canonical\" href=\"https:\/\/www.visit-ulcinj.com\/blog\/2016\/02\/29\/ognjen-jovoviq-nuk-e-di-kush-eshte-pronari-kripores-video\/\" \/>\n<meta property=\"og:locale\" content=\"en_US\" \/>\n<meta property=\"og:type\" content=\"article\" \/>\n<meta property=\"og:title\" content=\"Ognjen Jovoviq: Nuk e di kush \u00ebsht\u00eb pronari Kripores - Video - Lajme nga Ulqini\" \/>\n<meta property=\"og:description\" content=\"Administratori i falimentit n\u00eb Kripore Ognjen Jovoviq ka th\u00ebn\u00eb se nuk \u00ebsht\u00eb i njohur pronari i nd\u00ebrmarrjes m\u00eb t\u00eb vjet\u00ebr n\u00eb Ulqin, raporton portali\" \/>\n<meta property=\"og:url\" content=\"https:\/\/www.visit-ulcinj.com\/blog\/2016\/02\/29\/ognjen-jovoviq-nuk-e-di-kush-eshte-pronari-kripores-video\/\" \/>\n<meta property=\"og:site_name\" content=\"Lajme nga Ulqini\" \/>\n<meta property=\"article:published_time\" content=\"2016-02-29T17:16:17+00:00\" \/>\n<meta property=\"article:modified_time\" content=\"2016-02-29T18:29:54+00:00\" \/>\n<meta property=\"og:image\" content=\"http:\/\/www.visit-ulcinj.com\/blog\/wp-content\/uploads\/2016\/02\/Ognjen-Jovoviq-Ulqin.jpg\" \/>\n<meta name=\"twitter:label1\" content=\"Written by\" \/>\n\t<meta name=\"twitter:data1\" content=\"ulqini\" \/>\n\t<meta name=\"twitter:label2\" content=\"Est. reading time\" \/>\n\t<meta name=\"twitter:data2\" content=\"2 minutes\" \/>\n<script type=\"application\/ld+json\" class=\"yoast-schema-graph\">{\"@context\":\"https:\/\/schema.org\",\"@graph\":[{\"@type\":\"WebSite\",\"@id\":\"https:\/\/www.visit-ulcinj.com\/blog\/#website\",\"url\":\"https:\/\/www.visit-ulcinj.com\/blog\/\",\"name\":\"Lajme nga Ulqini\",\"description\":\"Lajme,Vijesti,Ulqini,Ulqin,Crna Gora,Mali i Zi\",\"potentialAction\":[{\"@type\":\"SearchAction\",\"target\":{\"@type\":\"EntryPoint\",\"urlTemplate\":\"https:\/\/www.visit-ulcinj.com\/blog\/?s={search_term_string}\"},\"query-input\":\"required name=search_term_string\"}],\"inLanguage\":\"en-US\"},{\"@type\":\"ImageObject\",\"inLanguage\":\"en-US\",\"@id\":\"https:\/\/www.visit-ulcinj.com\/blog\/2016\/02\/29\/ognjen-jovoviq-nuk-e-di-kush-eshte-pronari-kripores-video\/#primaryimage\",\"url\":\"https:\/\/www.visit-ulcinj.com\/blog\/wp-content\/uploads\/2016\/02\/Ognjen-Jovoviq-Ulqin.jpg\",\"contentUrl\":\"https:\/\/www.visit-ulcinj.com\/blog\/wp-content\/uploads\/2016\/02\/Ognjen-Jovoviq-Ulqin.jpg\",\"width\":637,\"height\":358},{\"@type\":\"WebPage\",\"@id\":\"https:\/\/www.visit-ulcinj.com\/blog\/2016\/02\/29\/ognjen-jovoviq-nuk-e-di-kush-eshte-pronari-kripores-video\/#webpage\",\"url\":\"https:\/\/www.visit-ulcinj.com\/blog\/2016\/02\/29\/ognjen-jovoviq-nuk-e-di-kush-eshte-pronari-kripores-video\/\",\"name\":\"Ognjen Jovoviq: Nuk e di kush \u00ebsht\u00eb pronari Kripores - Video - Lajme nga Ulqini\",\"isPartOf\":{\"@id\":\"https:\/\/www.visit-ulcinj.com\/blog\/#website\"},\"primaryImageOfPage\":{\"@id\":\"https:\/\/www.visit-ulcinj.com\/blog\/2016\/02\/29\/ognjen-jovoviq-nuk-e-di-kush-eshte-pronari-kripores-video\/#primaryimage\"},\"datePublished\":\"2016-02-29T17:16:17+00:00\",\"dateModified\":\"2016-02-29T18:29:54+00:00\",\"author\":{\"@id\":\"https:\/\/www.visit-ulcinj.com\/blog\/#\/schema\/person\/dcab619c614d3038751c63bc2aadc06d\"},\"description\":\"Administratori i falimentit n\u00eb Kripore Ognjen Jovoviq ka th\u00ebn\u00eb se nuk \u00ebsht\u00eb i njohur pronari i nd\u00ebrmarrjes m\u00eb t\u00eb vjet\u00ebr n\u00eb Ulqin, raporton portali\",\"breadcrumb\":{\"@id\":\"https:\/\/www.visit-ulcinj.com\/blog\/2016\/02\/29\/ognjen-jovoviq-nuk-e-di-kush-eshte-pronari-kripores-video\/#breadcrumb\"},\"inLanguage\":\"en-US\",\"potentialAction\":[{\"@type\":\"ReadAction\",\"target\":[\"https:\/\/www.visit-ulcinj.com\/blog\/2016\/02\/29\/ognjen-jovoviq-nuk-e-di-kush-eshte-pronari-kripores-video\/\"]}]},{\"@type\":\"BreadcrumbList\",\"@id\":\"https:\/\/www.visit-ulcinj.com\/blog\/2016\/02\/29\/ognjen-jovoviq-nuk-e-di-kush-eshte-pronari-kripores-video\/#breadcrumb\",\"itemListElement\":[{\"@type\":\"ListItem\",\"position\":1,\"name\":\"Ognjen Jovoviq: Nuk e di kush \u00ebsht\u00eb pronari Kripores &#8211; Video\"}]},{\"@type\":\"Person\",\"@id\":\"https:\/\/www.visit-ulcinj.com\/blog\/#\/schema\/person\/dcab619c614d3038751c63bc2aadc06d\",\"name\":\"ulqini\",\"sameAs\":[\"http:\/\/www.visit-ulcinj.com\"],\"url\":\"https:\/\/www.visit-ulcinj.com\/blog\/author\/admin\/\"}]}<\/script>\n<!-- \/ Yoast SEO plugin. -->","yoast_head_json":{"title":"Ognjen Jovoviq: Nuk e di kush \u00ebsht\u00eb pronari Kripores - Video - Lajme nga Ulqini","description":"Administratori i falimentit n\u00eb Kripore Ognjen Jovoviq ka th\u00ebn\u00eb se nuk \u00ebsht\u00eb i njohur pronari i nd\u00ebrmarrjes m\u00eb t\u00eb vjet\u00ebr n\u00eb Ulqin, raporton portali","robots":{"index":"index","follow":"follow","max-snippet":"max-snippet:-1","max-image-preview":"max-image-preview:large","max-video-preview":"max-video-preview:-1"},"canonical":"https:\/\/www.visit-ulcinj.com\/blog\/2016\/02\/29\/ognjen-jovoviq-nuk-e-di-kush-eshte-pronari-kripores-video\/","og_locale":"en_US","og_type":"article","og_title":"Ognjen Jovoviq: Nuk e di kush \u00ebsht\u00eb pronari Kripores - Video - Lajme nga Ulqini","og_description":"Administratori i falimentit n\u00eb Kripore Ognjen Jovoviq ka th\u00ebn\u00eb se nuk \u00ebsht\u00eb i njohur pronari i nd\u00ebrmarrjes m\u00eb t\u00eb vjet\u00ebr n\u00eb Ulqin, raporton portali","og_url":"https:\/\/www.visit-ulcinj.com\/blog\/2016\/02\/29\/ognjen-jovoviq-nuk-e-di-kush-eshte-pronari-kripores-video\/","og_site_name":"Lajme nga Ulqini","article_published_time":"2016-02-29T17:16:17+00:00","article_modified_time":"2016-02-29T18:29:54+00:00","og_image":[{"url":"http:\/\/www.visit-ulcinj.com\/blog\/wp-content\/uploads\/2016\/02\/Ognjen-Jovoviq-Ulqin.jpg"}],"twitter_misc":{"Written by":"ulqini","Est. reading time":"2 minutes"},"schema":{"@context":"https:\/\/schema.org","@graph":[{"@type":"WebSite","@id":"https:\/\/www.visit-ulcinj.com\/blog\/#website","url":"https:\/\/www.visit-ulcinj.com\/blog\/","name":"Lajme nga Ulqini","description":"Lajme,Vijesti,Ulqini,Ulqin,Crna Gora,Mali i Zi","potentialAction":[{"@type":"SearchAction","target":{"@type":"EntryPoint","urlTemplate":"https:\/\/www.visit-ulcinj.com\/blog\/?s={search_term_string}"},"query-input":"required name=search_term_string"}],"inLanguage":"en-US"},{"@type":"ImageObject","inLanguage":"en-US","@id":"https:\/\/www.visit-ulcinj.com\/blog\/2016\/02\/29\/ognjen-jovoviq-nuk-e-di-kush-eshte-pronari-kripores-video\/#primaryimage","url":"https:\/\/www.visit-ulcinj.com\/blog\/wp-content\/uploads\/2016\/02\/Ognjen-Jovoviq-Ulqin.jpg","contentUrl":"https:\/\/www.visit-ulcinj.com\/blog\/wp-content\/uploads\/2016\/02\/Ognjen-Jovoviq-Ulqin.jpg","width":637,"height":358},{"@type":"WebPage","@id":"https:\/\/www.visit-ulcinj.com\/blog\/2016\/02\/29\/ognjen-jovoviq-nuk-e-di-kush-eshte-pronari-kripores-video\/#webpage","url":"https:\/\/www.visit-ulcinj.com\/blog\/2016\/02\/29\/ognjen-jovoviq-nuk-e-di-kush-eshte-pronari-kripores-video\/","name":"Ognjen Jovoviq: Nuk e di kush \u00ebsht\u00eb pronari Kripores - Video - Lajme nga Ulqini","isPartOf":{"@id":"https:\/\/www.visit-ulcinj.com\/blog\/#website"},"primaryImageOfPage":{"@id":"https:\/\/www.visit-ulcinj.com\/blog\/2016\/02\/29\/ognjen-jovoviq-nuk-e-di-kush-eshte-pronari-kripores-video\/#primaryimage"},"datePublished":"2016-02-29T17:16:17+00:00","dateModified":"2016-02-29T18:29:54+00:00","author":{"@id":"https:\/\/www.visit-ulcinj.com\/blog\/#\/schema\/person\/dcab619c614d3038751c63bc2aadc06d"},"description":"Administratori i falimentit n\u00eb Kripore Ognjen Jovoviq ka th\u00ebn\u00eb se nuk \u00ebsht\u00eb i njohur pronari i nd\u00ebrmarrjes m\u00eb t\u00eb vjet\u00ebr n\u00eb Ulqin, raporton portali","breadcrumb":{"@id":"https:\/\/www.visit-ulcinj.com\/blog\/2016\/02\/29\/ognjen-jovoviq-nuk-e-di-kush-eshte-pronari-kripores-video\/#breadcrumb"},"inLanguage":"en-US","potentialAction":[{"@type":"ReadAction","target":["https:\/\/www.visit-ulcinj.com\/blog\/2016\/02\/29\/ognjen-jovoviq-nuk-e-di-kush-eshte-pronari-kripores-video\/"]}]},{"@type":"BreadcrumbList","@id":"https:\/\/www.visit-ulcinj.com\/blog\/2016\/02\/29\/ognjen-jovoviq-nuk-e-di-kush-eshte-pronari-kripores-video\/#breadcrumb","itemListElement":[{"@type":"ListItem","position":1,"name":"Ognjen Jovoviq: Nuk e di kush \u00ebsht\u00eb pronari Kripores &#8211; Video"}]},{"@type":"Person","@id":"https:\/\/www.visit-ulcinj.com\/blog\/#\/schema\/person\/dcab619c614d3038751c63bc2aadc06d","name":"ulqini","sameAs":["http:\/\/www.visit-ulcinj.com"],"url":"https:\/\/www.visit-ulcinj.com\/blog\/author\/admin\/"}]}},"jetpack_featured_media_url":"","jetpack_sharing_enabled":true,"jetpack_shortlink":"https:\/\/wp.me\/pe6lTn-oJ2","_links":{"self":[{"href":"https:\/\/www.visit-ulcinj.com\/blog\/wp-json\/wp\/v2\/posts\/95048"}],"collection":[{"href":"https:\/\/www.visit-ulcinj.com\/blog\/wp-json\/wp\/v2\/posts"}],"about":[{"href":"https:\/\/www.visit-ulcinj.com\/blog\/wp-json\/wp\/v2\/types\/post"}],"author":[{"embeddable":true,"href":"https:\/\/www.visit-ulcinj.com\/blog\/wp-json\/wp\/v2\/users\/1"}],"replies":[{"embeddable":true,"href":"https:\/\/www.visit-ulcinj.com\/blog\/wp-json\/wp\/v2\/comments?post=95048"}],"version-history":[{"count":3,"href":"https:\/\/www.visit-ulcinj.com\/blog\/wp-json\/wp\/v2\/posts\/95048\/revisions"}],"predecessor-version":[{"id":95053,"href":"https:\/\/www.visit-ulcinj.com\/blog\/wp-json\/wp\/v2\/posts\/95048\/revisions\/95053"}],"wp:attachment":[{"href":"https:\/\/www.visit-ulcinj.com\/blog\/wp-json\/wp\/v2\/media?parent=95048"}],"wp:term":[{"taxonomy":"category","embeddable":true,"href":"https:\/\/www.visit-ulcinj.com\/blog\/wp-json\/wp\/v2\/categories?post=95048"},{"taxonomy":"post_tag","embeddable":true,"href":"https:\/\/www.visit-ulcinj.com\/blog\/wp-json\/wp\/v2\/tags?post=95048"}],"curies":[{"name":"wp","href":"https:\/\/api.w.org\/{rel}","templated":true}]}}