{"id":95054,"date":"2016-02-29T18:32:33","date_gmt":"2016-02-29T17:32:33","guid":{"rendered":"http:\/\/www.visit-ulcinj.com\/blog\/?p=95054"},"modified":"2016-02-29T18:32:33","modified_gmt":"2016-02-29T17:32:33","slug":"nedostatak-hotela-neregistrovani-smjestajni-kapaciteti-je-problem-ulcinjskog-turizma-video","status":"publish","type":"post","link":"https:\/\/www.visit-ulcinj.com\/blog\/2016\/02\/29\/nedostatak-hotela-neregistrovani-smjestajni-kapaciteti-je-problem-ulcinjskog-turizma-video\/","title":{"rendered":"Nedostatak hotela, neregistrovani smje\u0161tajni kapaciteti to je problem ulcinjskog turizma &#8211; Video"},"content":{"rendered":"<p><strong><a href=\"http:\/\/www.visit-ulcinj.com\/blog\/wp-content\/uploads\/2016\/01\/Ulqini-Foto.jpg\"><img loading=\"lazy\" class=\"alignleft wp-image-94254\" src=\"http:\/\/www.visit-ulcinj.com\/blog\/wp-content\/uploads\/2016\/01\/Ulqini-Foto.jpg\" alt=\"Ulqini-Foto\" width=\"508\" height=\"280\" srcset=\"https:\/\/www.visit-ulcinj.com\/blog\/wp-content\/uploads\/2016\/01\/Ulqini-Foto.jpg 960w, https:\/\/www.visit-ulcinj.com\/blog\/wp-content\/uploads\/2016\/01\/Ulqini-Foto-300x166.jpg 300w\" sizes=\"(max-width: 508px) 100vw, 508px\" \/><\/a>Svjesni smo da smo izgubili hotelske kapacitete, ali smo isto tako svjesni da su se privatni smje\u0161tajni kapaciteti od 1987. do danas pove\u0107ali 5-6 puta&#8221;, kazala je Zana Sarvan, operatorka u TO Ulcinj<\/strong><\/p>\n<p><strong><span class=\"credits__author\"> Autori: TV Vijesti , Suzana Gani\u0107 <\/span><\/strong><\/p>\n<p>U Turisti\u010dkoj organizaciji Ulcinj tvrde da njihova baza podataka pokazuje da u Ulcinju postoji oko 6.000 ku\u0107a koje se ljeti koriste za izdavanje smje\u0161taja turistima dok\u00a0je Sekretarijat za finansije i ekonomiju izdao samo 1.000\u00a0dozvola za obavljanje te djelatnosti.<\/p>\n<p>&#8220;Veoma mali broj smje\u0161tajnih kapaciteta je registrovan. \u017dalosno je ako se vratimo 30 godina unazad, da ka\u017eemo da smo 1987. godine imali 35.000 registrovanih smje\u0161tajnih kapaciteta, a svi znamo koliki je grad Ulcinj bio 1987. Pro\u0161le godine smo imali oko 19.000 registrovanih smje\u0161tajnih kapaciteta. Svjesni smo da smo izgubili hotelske kapacitete, ali smo isto tako svjesni da su se\u00a0privatni smje\u0161tajni kapaciteti od 1987. do danas pove\u0107ali 5-6 puta&#8221;, kazala je Zana Sarvan, operatorka u TO Ulcinj.<\/p>\n<p>Nedostatak hotelske ponude osjetan je na svim sajmovima na kojima TO prezentuje ponudu Ulcinja, te zato naglasak stavljaju na razvoj porodi\u010dnog turizma.<\/p>\n<p><strong>Izvor: Vijesti Online<\/strong><\/p>\n<!--YouTube Error: bad URL entered-->\n","protected":false},"excerpt":{"rendered":"<p>Svjesni smo da smo izgubili hotelske kapacitete, ali smo isto tako svjesni da su se privatni smje\u0161tajni kapaciteti od 1987. do danas pove\u0107ali 5-6 puta&#8221;, kazala je Zana Sarvan, operatorka u TO Ulcinj Autori: TV Vijesti , Suzana Gani\u0107 U Turisti\u010dkoj organizaciji Ulcinj tvrde da njihova baza podataka pokazuje da u Ulcinju postoji oko 6.000 [&hellip;]<\/p>\n","protected":false},"author":1,"featured_media":0,"comment_status":"closed","ping_status":"closed","sticky":false,"template":"","format":"standard","meta":{"spay_email":"","jetpack_publicize_message":"","jetpack_is_tweetstorm":false,"jetpack_publicize_feature_enabled":true},"categories":[8337],"tags":[],"jetpack_publicize_connections":[],"yoast_head":"<!-- This site is optimized with the Yoast SEO plugin v19.1 - https:\/\/yoast.com\/wordpress\/plugins\/seo\/ -->\n<title>Nedostatak hotela, neregistrovani smje\u0161tajni kapaciteti to je problem ulcinjskog turizma - Video - Lajme nga Ulqini<\/title>\n<meta name=\"description\" content=\"Svjesni smo da smo izgubili hotelske kapacitete, ali smo isto tako svjesni da su se privatni smje\u0161tajni kapaciteti od 1987. do danas pove\u0107ali 5-6 puta&quot;,\" \/>\n<meta name=\"robots\" content=\"index, follow, max-snippet:-1, max-image-preview:large, max-video-preview:-1\" \/>\n<link rel=\"canonical\" href=\"https:\/\/www.visit-ulcinj.com\/blog\/2016\/02\/29\/nedostatak-hotela-neregistrovani-smjestajni-kapaciteti-je-problem-ulcinjskog-turizma-video\/\" \/>\n<meta property=\"og:locale\" content=\"en_US\" \/>\n<meta property=\"og:type\" content=\"article\" \/>\n<meta property=\"og:title\" content=\"Nedostatak hotela, neregistrovani smje\u0161tajni kapaciteti to je problem ulcinjskog turizma - Video - Lajme nga Ulqini\" \/>\n<meta property=\"og:description\" content=\"Svjesni smo da smo izgubili hotelske kapacitete, ali smo isto tako svjesni da su se privatni smje\u0161tajni kapaciteti od 1987. do danas pove\u0107ali 5-6 puta&quot;,\" \/>\n<meta property=\"og:url\" content=\"https:\/\/www.visit-ulcinj.com\/blog\/2016\/02\/29\/nedostatak-hotela-neregistrovani-smjestajni-kapaciteti-je-problem-ulcinjskog-turizma-video\/\" \/>\n<meta property=\"og:site_name\" content=\"Lajme nga Ulqini\" \/>\n<meta property=\"article:published_time\" content=\"2016-02-29T17:32:33+00:00\" \/>\n<meta property=\"og:image\" content=\"http:\/\/www.visit-ulcinj.com\/blog\/wp-content\/uploads\/2016\/01\/Ulqini-Foto.jpg\" \/>\n<meta name=\"twitter:label1\" content=\"Written by\" \/>\n\t<meta name=\"twitter:data1\" content=\"ulqini\" \/>\n\t<meta name=\"twitter:label2\" content=\"Est. reading time\" \/>\n\t<meta name=\"twitter:data2\" content=\"1 minute\" \/>\n<script type=\"application\/ld+json\" class=\"yoast-schema-graph\">{\"@context\":\"https:\/\/schema.org\",\"@graph\":[{\"@type\":\"WebSite\",\"@id\":\"https:\/\/www.visit-ulcinj.com\/blog\/#website\",\"url\":\"https:\/\/www.visit-ulcinj.com\/blog\/\",\"name\":\"Lajme nga Ulqini\",\"description\":\"Lajme,Vijesti,Ulqini,Ulqin,Crna Gora,Mali i Zi\",\"potentialAction\":[{\"@type\":\"SearchAction\",\"target\":{\"@type\":\"EntryPoint\",\"urlTemplate\":\"https:\/\/www.visit-ulcinj.com\/blog\/?s={search_term_string}\"},\"query-input\":\"required name=search_term_string\"}],\"inLanguage\":\"en-US\"},{\"@type\":\"ImageObject\",\"inLanguage\":\"en-US\",\"@id\":\"https:\/\/www.visit-ulcinj.com\/blog\/2016\/02\/29\/nedostatak-hotela-neregistrovani-smjestajni-kapaciteti-je-problem-ulcinjskog-turizma-video\/#primaryimage\",\"url\":\"https:\/\/www.visit-ulcinj.com\/blog\/wp-content\/uploads\/2016\/01\/Ulqini-Foto.jpg\",\"contentUrl\":\"https:\/\/www.visit-ulcinj.com\/blog\/wp-content\/uploads\/2016\/01\/Ulqini-Foto.jpg\",\"width\":960,\"height\":530},{\"@type\":\"WebPage\",\"@id\":\"https:\/\/www.visit-ulcinj.com\/blog\/2016\/02\/29\/nedostatak-hotela-neregistrovani-smjestajni-kapaciteti-je-problem-ulcinjskog-turizma-video\/#webpage\",\"url\":\"https:\/\/www.visit-ulcinj.com\/blog\/2016\/02\/29\/nedostatak-hotela-neregistrovani-smjestajni-kapaciteti-je-problem-ulcinjskog-turizma-video\/\",\"name\":\"Nedostatak hotela, neregistrovani smje\u0161tajni kapaciteti to je problem ulcinjskog turizma - Video - Lajme nga Ulqini\",\"isPartOf\":{\"@id\":\"https:\/\/www.visit-ulcinj.com\/blog\/#website\"},\"primaryImageOfPage\":{\"@id\":\"https:\/\/www.visit-ulcinj.com\/blog\/2016\/02\/29\/nedostatak-hotela-neregistrovani-smjestajni-kapaciteti-je-problem-ulcinjskog-turizma-video\/#primaryimage\"},\"datePublished\":\"2016-02-29T17:32:33+00:00\",\"dateModified\":\"2016-02-29T17:32:33+00:00\",\"author\":{\"@id\":\"https:\/\/www.visit-ulcinj.com\/blog\/#\/schema\/person\/dcab619c614d3038751c63bc2aadc06d\"},\"description\":\"Svjesni smo da smo izgubili hotelske kapacitete, ali smo isto tako svjesni da su se privatni smje\u0161tajni kapaciteti od 1987. do danas pove\u0107ali 5-6 puta\\\",\",\"breadcrumb\":{\"@id\":\"https:\/\/www.visit-ulcinj.com\/blog\/2016\/02\/29\/nedostatak-hotela-neregistrovani-smjestajni-kapaciteti-je-problem-ulcinjskog-turizma-video\/#breadcrumb\"},\"inLanguage\":\"en-US\",\"potentialAction\":[{\"@type\":\"ReadAction\",\"target\":[\"https:\/\/www.visit-ulcinj.com\/blog\/2016\/02\/29\/nedostatak-hotela-neregistrovani-smjestajni-kapaciteti-je-problem-ulcinjskog-turizma-video\/\"]}]},{\"@type\":\"BreadcrumbList\",\"@id\":\"https:\/\/www.visit-ulcinj.com\/blog\/2016\/02\/29\/nedostatak-hotela-neregistrovani-smjestajni-kapaciteti-je-problem-ulcinjskog-turizma-video\/#breadcrumb\",\"itemListElement\":[{\"@type\":\"ListItem\",\"position\":1,\"name\":\"Nedostatak hotela, neregistrovani smje\u0161tajni kapaciteti to je problem ulcinjskog turizma &#8211; Video\"}]},{\"@type\":\"Person\",\"@id\":\"https:\/\/www.visit-ulcinj.com\/blog\/#\/schema\/person\/dcab619c614d3038751c63bc2aadc06d\",\"name\":\"ulqini\",\"sameAs\":[\"http:\/\/www.visit-ulcinj.com\"],\"url\":\"https:\/\/www.visit-ulcinj.com\/blog\/author\/admin\/\"}]}<\/script>\n<!-- \/ Yoast SEO plugin. -->","yoast_head_json":{"title":"Nedostatak hotela, neregistrovani smje\u0161tajni kapaciteti to je problem ulcinjskog turizma - Video - Lajme nga Ulqini","description":"Svjesni smo da smo izgubili hotelske kapacitete, ali smo isto tako svjesni da su se privatni smje\u0161tajni kapaciteti od 1987. do danas pove\u0107ali 5-6 puta\",","robots":{"index":"index","follow":"follow","max-snippet":"max-snippet:-1","max-image-preview":"max-image-preview:large","max-video-preview":"max-video-preview:-1"},"canonical":"https:\/\/www.visit-ulcinj.com\/blog\/2016\/02\/29\/nedostatak-hotela-neregistrovani-smjestajni-kapaciteti-je-problem-ulcinjskog-turizma-video\/","og_locale":"en_US","og_type":"article","og_title":"Nedostatak hotela, neregistrovani smje\u0161tajni kapaciteti to je problem ulcinjskog turizma - Video - Lajme nga Ulqini","og_description":"Svjesni smo da smo izgubili hotelske kapacitete, ali smo isto tako svjesni da su se privatni smje\u0161tajni kapaciteti od 1987. do danas pove\u0107ali 5-6 puta\",","og_url":"https:\/\/www.visit-ulcinj.com\/blog\/2016\/02\/29\/nedostatak-hotela-neregistrovani-smjestajni-kapaciteti-je-problem-ulcinjskog-turizma-video\/","og_site_name":"Lajme nga Ulqini","article_published_time":"2016-02-29T17:32:33+00:00","og_image":[{"url":"http:\/\/www.visit-ulcinj.com\/blog\/wp-content\/uploads\/2016\/01\/Ulqini-Foto.jpg"}],"twitter_misc":{"Written by":"ulqini","Est. reading time":"1 minute"},"schema":{"@context":"https:\/\/schema.org","@graph":[{"@type":"WebSite","@id":"https:\/\/www.visit-ulcinj.com\/blog\/#website","url":"https:\/\/www.visit-ulcinj.com\/blog\/","name":"Lajme nga Ulqini","description":"Lajme,Vijesti,Ulqini,Ulqin,Crna Gora,Mali i Zi","potentialAction":[{"@type":"SearchAction","target":{"@type":"EntryPoint","urlTemplate":"https:\/\/www.visit-ulcinj.com\/blog\/?s={search_term_string}"},"query-input":"required name=search_term_string"}],"inLanguage":"en-US"},{"@type":"ImageObject","inLanguage":"en-US","@id":"https:\/\/www.visit-ulcinj.com\/blog\/2016\/02\/29\/nedostatak-hotela-neregistrovani-smjestajni-kapaciteti-je-problem-ulcinjskog-turizma-video\/#primaryimage","url":"https:\/\/www.visit-ulcinj.com\/blog\/wp-content\/uploads\/2016\/01\/Ulqini-Foto.jpg","contentUrl":"https:\/\/www.visit-ulcinj.com\/blog\/wp-content\/uploads\/2016\/01\/Ulqini-Foto.jpg","width":960,"height":530},{"@type":"WebPage","@id":"https:\/\/www.visit-ulcinj.com\/blog\/2016\/02\/29\/nedostatak-hotela-neregistrovani-smjestajni-kapaciteti-je-problem-ulcinjskog-turizma-video\/#webpage","url":"https:\/\/www.visit-ulcinj.com\/blog\/2016\/02\/29\/nedostatak-hotela-neregistrovani-smjestajni-kapaciteti-je-problem-ulcinjskog-turizma-video\/","name":"Nedostatak hotela, neregistrovani smje\u0161tajni kapaciteti to je problem ulcinjskog turizma - Video - Lajme nga Ulqini","isPartOf":{"@id":"https:\/\/www.visit-ulcinj.com\/blog\/#website"},"primaryImageOfPage":{"@id":"https:\/\/www.visit-ulcinj.com\/blog\/2016\/02\/29\/nedostatak-hotela-neregistrovani-smjestajni-kapaciteti-je-problem-ulcinjskog-turizma-video\/#primaryimage"},"datePublished":"2016-02-29T17:32:33+00:00","dateModified":"2016-02-29T17:32:33+00:00","author":{"@id":"https:\/\/www.visit-ulcinj.com\/blog\/#\/schema\/person\/dcab619c614d3038751c63bc2aadc06d"},"description":"Svjesni smo da smo izgubili hotelske kapacitete, ali smo isto tako svjesni da su se privatni smje\u0161tajni kapaciteti od 1987. do danas pove\u0107ali 5-6 puta\",","breadcrumb":{"@id":"https:\/\/www.visit-ulcinj.com\/blog\/2016\/02\/29\/nedostatak-hotela-neregistrovani-smjestajni-kapaciteti-je-problem-ulcinjskog-turizma-video\/#breadcrumb"},"inLanguage":"en-US","potentialAction":[{"@type":"ReadAction","target":["https:\/\/www.visit-ulcinj.com\/blog\/2016\/02\/29\/nedostatak-hotela-neregistrovani-smjestajni-kapaciteti-je-problem-ulcinjskog-turizma-video\/"]}]},{"@type":"BreadcrumbList","@id":"https:\/\/www.visit-ulcinj.com\/blog\/2016\/02\/29\/nedostatak-hotela-neregistrovani-smjestajni-kapaciteti-je-problem-ulcinjskog-turizma-video\/#breadcrumb","itemListElement":[{"@type":"ListItem","position":1,"name":"Nedostatak hotela, neregistrovani smje\u0161tajni kapaciteti to je problem ulcinjskog turizma &#8211; Video"}]},{"@type":"Person","@id":"https:\/\/www.visit-ulcinj.com\/blog\/#\/schema\/person\/dcab619c614d3038751c63bc2aadc06d","name":"ulqini","sameAs":["http:\/\/www.visit-ulcinj.com"],"url":"https:\/\/www.visit-ulcinj.com\/blog\/author\/admin\/"}]}},"jetpack_featured_media_url":"","jetpack_sharing_enabled":true,"jetpack_shortlink":"https:\/\/wp.me\/pe6lTn-oJ8","_links":{"self":[{"href":"https:\/\/www.visit-ulcinj.com\/blog\/wp-json\/wp\/v2\/posts\/95054"}],"collection":[{"href":"https:\/\/www.visit-ulcinj.com\/blog\/wp-json\/wp\/v2\/posts"}],"about":[{"href":"https:\/\/www.visit-ulcinj.com\/blog\/wp-json\/wp\/v2\/types\/post"}],"author":[{"embeddable":true,"href":"https:\/\/www.visit-ulcinj.com\/blog\/wp-json\/wp\/v2\/users\/1"}],"replies":[{"embeddable":true,"href":"https:\/\/www.visit-ulcinj.com\/blog\/wp-json\/wp\/v2\/comments?post=95054"}],"version-history":[{"count":1,"href":"https:\/\/www.visit-ulcinj.com\/blog\/wp-json\/wp\/v2\/posts\/95054\/revisions"}],"predecessor-version":[{"id":95055,"href":"https:\/\/www.visit-ulcinj.com\/blog\/wp-json\/wp\/v2\/posts\/95054\/revisions\/95055"}],"wp:attachment":[{"href":"https:\/\/www.visit-ulcinj.com\/blog\/wp-json\/wp\/v2\/media?parent=95054"}],"wp:term":[{"taxonomy":"category","embeddable":true,"href":"https:\/\/www.visit-ulcinj.com\/blog\/wp-json\/wp\/v2\/categories?post=95054"},{"taxonomy":"post_tag","embeddable":true,"href":"https:\/\/www.visit-ulcinj.com\/blog\/wp-json\/wp\/v2\/tags?post=95054"}],"curies":[{"name":"wp","href":"https:\/\/api.w.org\/{rel}","templated":true}]}}