{"id":95056,"date":"2016-02-29T19:27:33","date_gmt":"2016-02-29T18:27:33","guid":{"rendered":"http:\/\/www.visit-ulcinj.com\/blog\/?p=95056"},"modified":"2016-03-02T16:48:15","modified_gmt":"2016-03-02T15:48:15","slug":"zvicer-suksesi-vellezerve-steve-dhe-nile-nilaj-nga-ulqini","status":"publish","type":"post","link":"https:\/\/www.visit-ulcinj.com\/blog\/2016\/02\/29\/zvicer-suksesi-vellezerve-steve-dhe-nile-nilaj-nga-ulqini\/","title":{"rendered":"Zvicer: Suksesi i v\u00ebllez\u00ebrve Stev\u00eb dhe Nil\u00eb Nilaj nga Ulqini"},"content":{"rendered":"<p><strong><a href=\"http:\/\/www.visit-ulcinj.com\/blog\/wp-content\/uploads\/2016\/02\/Stevo-Niloviq-Nil-Nilovic-Il-Grissino-Bern.jpg\"><img loading=\"lazy\" class=\"alignleft wp-image-95057\" src=\"http:\/\/www.visit-ulcinj.com\/blog\/wp-content\/uploads\/2016\/02\/Stevo-Niloviq-Nil-Nilovic-Il-Grissino-Bern.jpg\" alt=\"Stevo -Niloviq-Nil-Nilovic-Il Grissino-Bern\" width=\"508\" height=\"398\" srcset=\"https:\/\/www.visit-ulcinj.com\/blog\/wp-content\/uploads\/2016\/02\/Stevo-Niloviq-Nil-Nilovic-Il-Grissino-Bern.jpg 1015w, https:\/\/www.visit-ulcinj.com\/blog\/wp-content\/uploads\/2016\/02\/Stevo-Niloviq-Nil-Nilovic-Il-Grissino-Bern-300x235.jpg 300w\" sizes=\"(max-width: 508px) 100vw, 508px\" \/><\/a>Tash e 20 vite, me lokalet e tyre v\u00ebllez\u00ebrit Nilaj jan\u00eb duke udh\u00ebhequr me sukses gastronomin\u00eb e kryeqytetit helvet, Bern\u00ebs. Nj\u00eb vizit\u00eb e gazetar\u00ebve t\u00eb \u201eBerner B\u00e4r\u201c n\u00eb \u201eZeughausgasse\u201c d\u00ebshmon p\u00ebrse.<\/strong><\/p>\n<p>Historia e familjes shqiptare Nilaj nga Mali Zi, pothuajse \u00ebsht\u00eb sikurse nga filmat. Rreth viteve `70 t\u00eb shekullit t\u00eb kaluar, Stev\u00eb dhe Nil\u00eb Nilaj, n\u00eb at\u00eb koh\u00eb shtat\u00eb,- dhe kat\u00ebrvje\u00e7ar, me prind\u00ebrit e tyre kishin ardhur nga Mali Zi n\u00eb Zvic\u00ebr, me hiq m\u00eb tep\u00ebr se dy valixhe. Q\u00eb t\u00eb dy prind\u00ebrit kishin punuar n\u00eb gastronomi, q\u00eb Stevon e kishte nxitur t\u00eb p\u00ebrfundoj\u00eb shkollimin e lart\u00eb hotelierik n\u00eb Lozan\u00eb. V\u00ebllai i tij, Nila kishte marr\u00eb nj\u00eb drejtim krejt\u00ebsisht tjet\u00ebr: \u201ePunoja n\u00eb fush\u00ebn e udh\u00ebtimeve, si instruktor i fitnesit, sigurimth dhe vozit\u00ebs taksish, duke m`u krijuar mund\u00ebsia q\u00eb t\u00eb njoftoj jasht\u00ebzakonisht tep\u00ebr njer\u00ebz. Kjo gj\u00eb m\u00eb von\u00eb na ndihmoi pa mas\u00eb n\u00eb bizneset tona\u201c. Para 20 vitesh, Steva n\u00eb at\u00eb koh\u00eb i kishte mbushur pes\u00eb vite si udh\u00ebheq\u00ebs i restorantit t\u00eb renomuar \u201eMolino\u201c n\u00eb Waisenhausplatz 28, i cili m\u00eb pas u lirua dhe ai vendosi t`i rrezikoj\u00eb t\u00eb gjitha. \u201eE mora guximin dhe rrezikova \u00e7do gj\u00eb. Por, p\u00ebrbrenda meje ishte shkaktuar nj\u00eb frik\u00eb e madhe sa q\u00eb mendoja se do t\u00eb vdes, kisha nj\u00eb makth t\u00eb pap\u00ebrshkruar nj\u00eb nat\u00eb para se t\u00eb hapej lokali. Duke iu fal\u00ebnderuar parave t\u00eb kursyera dhe nj\u00eb kredie ta madhe nga nj\u00eb dor\u00eb private, arrita t\u00eb startoj si i pavarur n\u00eb restorantin piceri `Il Grissino`, nd\u00ebrsa n\u00eb t\u00eb nj\u00ebjt\u00ebn koh\u00eb, m`u bashkua edhe v\u00ebllai Nilo n\u00eb gastronomi. Fillimi ishte sa i suksessh\u00ebm, po aq edhe i r\u00ebnd\u00eb, nd\u00ebrsa pes\u00eb vitet e para nuk kemi qen\u00eb asnj\u00eb dit\u00eb n\u00eb pushim\u201c, pohon Steva p\u00ebr \u201eBerner B\u00e4r\u201c, njofton \u201eShtegu.com\u201c.<\/p>\n<p><a href=\"http:\/\/www.visit-ulcinj.com\/blog\/wp-content\/uploads\/2016\/02\/Familja-Nilovic-Bern.jpg\"><img loading=\"lazy\" class=\"alignleft wp-image-95058\" src=\"http:\/\/www.visit-ulcinj.com\/blog\/wp-content\/uploads\/2016\/02\/Familja-Nilovic-Bern.jpg\" alt=\"Familja-Nilovic-Bern\" width=\"508\" height=\"508\" srcset=\"https:\/\/www.visit-ulcinj.com\/blog\/wp-content\/uploads\/2016\/02\/Familja-Nilovic-Bern.jpg 640w, https:\/\/www.visit-ulcinj.com\/blog\/wp-content\/uploads\/2016\/02\/Familja-Nilovic-Bern-150x150.jpg 150w, https:\/\/www.visit-ulcinj.com\/blog\/wp-content\/uploads\/2016\/02\/Familja-Nilovic-Bern-300x300.jpg 300w\" sizes=\"(max-width: 508px) 100vw, 508px\" \/><\/a><\/p>\n<p>Tre vite m\u00eb von\u00eb, u lirua edhe restoranti ball\u00ebp\u00ebrball\u00eb, duke na u dh\u00ebn\u00eb mund\u00ebsia p\u00ebr nj\u00eb ekspansion dhe hapje t\u00eb \u201eRistorante Luce\u201c, i cili \u00ebsht\u00eb i specializuar p\u00ebr kuzhin\u00ebn italiane \u201eEmilia Romagna\u201c. N\u00eb nd\u00ebrkoh\u00eb, v\u00ebllez\u00ebrit Nilaj me sukses t\u00eb madh jan\u00eb duke i udh\u00ebhequr edhe \u201eRoadhouse\u201c, restorantin \u201eAzzurro\u201c tek spitali Insel dhe lokalin \u201eCaf\u00e9 im Medienhaus\u201c n\u00eb Zeughausgasse. Dy v\u00ebllez\u00ebrit e palodhur, nuk do t\u00eb rrin\u00eb t\u00eb qet\u00eb edhe gjat\u00eb Kampionatit Europian n\u00eb futboll q\u00eb do t\u00eb mbahet n\u00eb Franc\u00eb (10. 6. deri 10. 7.), duke u p\u00ebrkujdesur q\u00eb t\u00eb organizojn\u00eb nj\u00eb p\u00ebrcjellje publike (Public Viewing) t\u00eb t\u00eb gjitha ndeshjeve futbollistike, mu n\u00eb zem\u00ebr t\u00eb Bern\u00ebs, dy-treqind metra larg Konfederat\u00ebs zvicerane. \u201ePas gjith\u00eb k\u00ebtyre viteve, p\u00ebr ne \u00ebsht\u00eb me r\u00ebnd\u00ebsi q\u00eb t\u00eb jemi mikprit\u00ebs t\u00eb mir\u00eb dhe kjo do t\u00eb vlej\u00eb edhe n\u00eb t\u00eb ardhmen.<\/p>\n<p>Restorant piceria \u201eIl Grissino\u201c n\u00eb Waisenhausplatz 28 p\u00ebrb\u00ebhet nga nj\u00eb piceri elegante n\u00eb katin p\u00ebrdhes dhe nj\u00eb salle t\u00eb mir\u00ebmbajtur n\u00eb bodrum, p\u00ebr raste speciale dhe mysafir\u00eb special\u00eb. N\u00eb restorantin ball\u00ebp\u00ebrball\u00eb \u201eLuce\u201c gjenden specialitete italiane nga zona e Italis\u00eb Veriore Emilia Romagna. Q\u00eb t\u00eb dy lokalet jan\u00eb 365 dit\u00eb gjat\u00eb vitit t\u00eb hapur (n\u00eb \u201eLuce\u201c me ushqim t\u00eb nxeht\u00eb), nd\u00ebrsa v\u00ebllez\u00ebrit Stev\u00eb dhe Nil\u00eb Nilaj kan\u00eb pun\u00ebsuar gjithsej 75 t\u00eb pun\u00ebsuar, t\u00eb cil\u00ebt vijn\u00eb nga 14 nacionalitete t\u00eb ndryshme.<\/p>\n<p><a href=\"http:\/\/www.visit-ulcinj.com\/blog\/wp-content\/uploads\/2016\/02\/Boxeri-Nilaj-Bern.jpg\"><img loading=\"lazy\" class=\"alignleft wp-image-95059\" src=\"http:\/\/www.visit-ulcinj.com\/blog\/wp-content\/uploads\/2016\/02\/Boxeri-Nilaj-Bern.jpg\" alt=\"Boxeri-Nilaj-Bern\" width=\"508\" height=\"494\" srcset=\"https:\/\/www.visit-ulcinj.com\/blog\/wp-content\/uploads\/2016\/02\/Boxeri-Nilaj-Bern.jpg 960w, https:\/\/www.visit-ulcinj.com\/blog\/wp-content\/uploads\/2016\/02\/Boxeri-Nilaj-Bern-300x292.jpg 300w\" sizes=\"(max-width: 508px) 100vw, 508px\" \/><\/a><\/p>\n<p>Lidhur me familjen Nilaj, wshtw prononcuar edhe boksieri i famshwm shqiptar, kampioni Nuri Seferi i cili enkas pwr \u201eShtegu.com\u201c ka deklaruar: \u201ePo, me v\u00ebllez\u00ebrit Nilaj njihem nga viti 1995, nd\u00ebrsa me Nilon na ka lidhur sporti edhe me shum\u00eb, dhe jemi shum miq t\u00eb af\u00ebrt. P\u00ebr familjen Nilaj mund t\u00eb them vet\u00ebm fjal\u00eb t\u00eb mira sepse jan\u00eb familje shum\u00eb e respektuar n\u00eb Zvic\u00ebr dhe jan\u00eb nj\u00eb kart\u00ebvizit\u00eb e mir\u00eb p\u00ebr kombin ton\u00eb n\u00eb diaspor\u00eb\u201c.<\/p>\n<p><strong>Shtegu.com<\/strong><\/p>\n","protected":false},"excerpt":{"rendered":"<p>Tash e 20 vite, me lokalet e tyre v\u00ebllez\u00ebrit Nilaj jan\u00eb duke udh\u00ebhequr me sukses gastronomin\u00eb e kryeqytetit helvet, Bern\u00ebs. Nj\u00eb vizit\u00eb e gazetar\u00ebve t\u00eb \u201eBerner B\u00e4r\u201c n\u00eb \u201eZeughausgasse\u201c d\u00ebshmon p\u00ebrse. Historia e familjes shqiptare Nilaj nga Mali Zi, pothuajse \u00ebsht\u00eb sikurse nga filmat. Rreth viteve `70 t\u00eb shekullit t\u00eb kaluar, Stev\u00eb dhe Nil\u00eb Nilaj, [&hellip;]<\/p>\n","protected":false},"author":1,"featured_media":0,"comment_status":"closed","ping_status":"closed","sticky":false,"template":"","format":"standard","meta":{"spay_email":"","jetpack_publicize_message":"","jetpack_is_tweetstorm":false,"jetpack_publicize_feature_enabled":true},"categories":[1],"tags":[],"jetpack_publicize_connections":[],"yoast_head":"<!-- This site is optimized with the Yoast SEO plugin v19.1 - https:\/\/yoast.com\/wordpress\/plugins\/seo\/ -->\n<title>Zvicer: Suksesi i v\u00ebllez\u00ebrve Stev\u00eb dhe Nil\u00eb Nilaj nga Ulqini - Lajme nga Ulqini<\/title>\n<meta name=\"description\" content=\"Tash e 20 vite, me lokalet e tyre v\u00ebllez\u00ebrit Nilaj jan\u00eb duke udh\u00ebhequr me sukses gastronomin\u00eb e kryeqytetit helvet, Bern\u00ebs. Nj\u00eb vizit\u00eb e gazetar\u00ebve t\u00eb\" \/>\n<meta name=\"robots\" content=\"index, follow, max-snippet:-1, max-image-preview:large, max-video-preview:-1\" \/>\n<link rel=\"canonical\" href=\"https:\/\/www.visit-ulcinj.com\/blog\/2016\/02\/29\/zvicer-suksesi-vellezerve-steve-dhe-nile-nilaj-nga-ulqini\/\" \/>\n<meta property=\"og:locale\" content=\"en_US\" \/>\n<meta property=\"og:type\" content=\"article\" \/>\n<meta property=\"og:title\" content=\"Zvicer: Suksesi i v\u00ebllez\u00ebrve Stev\u00eb dhe Nil\u00eb Nilaj nga Ulqini - Lajme nga Ulqini\" \/>\n<meta property=\"og:description\" content=\"Tash e 20 vite, me lokalet e tyre v\u00ebllez\u00ebrit Nilaj jan\u00eb duke udh\u00ebhequr me sukses gastronomin\u00eb e kryeqytetit helvet, Bern\u00ebs. Nj\u00eb vizit\u00eb e gazetar\u00ebve t\u00eb\" \/>\n<meta property=\"og:url\" content=\"https:\/\/www.visit-ulcinj.com\/blog\/2016\/02\/29\/zvicer-suksesi-vellezerve-steve-dhe-nile-nilaj-nga-ulqini\/\" \/>\n<meta property=\"og:site_name\" content=\"Lajme nga Ulqini\" \/>\n<meta property=\"article:published_time\" content=\"2016-02-29T18:27:33+00:00\" \/>\n<meta property=\"article:modified_time\" content=\"2016-03-02T15:48:15+00:00\" \/>\n<meta property=\"og:image\" content=\"http:\/\/www.visit-ulcinj.com\/blog\/wp-content\/uploads\/2016\/02\/Stevo-Niloviq-Nil-Nilovic-Il-Grissino-Bern.jpg\" \/>\n<meta name=\"twitter:label1\" content=\"Written by\" \/>\n\t<meta name=\"twitter:data1\" content=\"ulqini\" \/>\n\t<meta name=\"twitter:label2\" content=\"Est. reading time\" \/>\n\t<meta name=\"twitter:data2\" content=\"3 minutes\" \/>\n<script type=\"application\/ld+json\" class=\"yoast-schema-graph\">{\"@context\":\"https:\/\/schema.org\",\"@graph\":[{\"@type\":\"WebSite\",\"@id\":\"https:\/\/www.visit-ulcinj.com\/blog\/#website\",\"url\":\"https:\/\/www.visit-ulcinj.com\/blog\/\",\"name\":\"Lajme nga Ulqini\",\"description\":\"Lajme,Vijesti,Ulqini,Ulqin,Crna Gora,Mali i Zi\",\"potentialAction\":[{\"@type\":\"SearchAction\",\"target\":{\"@type\":\"EntryPoint\",\"urlTemplate\":\"https:\/\/www.visit-ulcinj.com\/blog\/?s={search_term_string}\"},\"query-input\":\"required name=search_term_string\"}],\"inLanguage\":\"en-US\"},{\"@type\":\"ImageObject\",\"inLanguage\":\"en-US\",\"@id\":\"https:\/\/www.visit-ulcinj.com\/blog\/2016\/02\/29\/zvicer-suksesi-vellezerve-steve-dhe-nile-nilaj-nga-ulqini\/#primaryimage\",\"url\":\"https:\/\/www.visit-ulcinj.com\/blog\/wp-content\/uploads\/2016\/02\/Stevo-Niloviq-Nil-Nilovic-Il-Grissino-Bern.jpg\",\"contentUrl\":\"https:\/\/www.visit-ulcinj.com\/blog\/wp-content\/uploads\/2016\/02\/Stevo-Niloviq-Nil-Nilovic-Il-Grissino-Bern.jpg\",\"width\":1015,\"height\":795},{\"@type\":\"WebPage\",\"@id\":\"https:\/\/www.visit-ulcinj.com\/blog\/2016\/02\/29\/zvicer-suksesi-vellezerve-steve-dhe-nile-nilaj-nga-ulqini\/#webpage\",\"url\":\"https:\/\/www.visit-ulcinj.com\/blog\/2016\/02\/29\/zvicer-suksesi-vellezerve-steve-dhe-nile-nilaj-nga-ulqini\/\",\"name\":\"Zvicer: Suksesi i v\u00ebllez\u00ebrve Stev\u00eb dhe Nil\u00eb Nilaj nga Ulqini - Lajme nga Ulqini\",\"isPartOf\":{\"@id\":\"https:\/\/www.visit-ulcinj.com\/blog\/#website\"},\"primaryImageOfPage\":{\"@id\":\"https:\/\/www.visit-ulcinj.com\/blog\/2016\/02\/29\/zvicer-suksesi-vellezerve-steve-dhe-nile-nilaj-nga-ulqini\/#primaryimage\"},\"datePublished\":\"2016-02-29T18:27:33+00:00\",\"dateModified\":\"2016-03-02T15:48:15+00:00\",\"author\":{\"@id\":\"https:\/\/www.visit-ulcinj.com\/blog\/#\/schema\/person\/dcab619c614d3038751c63bc2aadc06d\"},\"description\":\"Tash e 20 vite, me lokalet e tyre v\u00ebllez\u00ebrit Nilaj jan\u00eb duke udh\u00ebhequr me sukses gastronomin\u00eb e kryeqytetit helvet, Bern\u00ebs. Nj\u00eb vizit\u00eb e gazetar\u00ebve t\u00eb\",\"breadcrumb\":{\"@id\":\"https:\/\/www.visit-ulcinj.com\/blog\/2016\/02\/29\/zvicer-suksesi-vellezerve-steve-dhe-nile-nilaj-nga-ulqini\/#breadcrumb\"},\"inLanguage\":\"en-US\",\"potentialAction\":[{\"@type\":\"ReadAction\",\"target\":[\"https:\/\/www.visit-ulcinj.com\/blog\/2016\/02\/29\/zvicer-suksesi-vellezerve-steve-dhe-nile-nilaj-nga-ulqini\/\"]}]},{\"@type\":\"BreadcrumbList\",\"@id\":\"https:\/\/www.visit-ulcinj.com\/blog\/2016\/02\/29\/zvicer-suksesi-vellezerve-steve-dhe-nile-nilaj-nga-ulqini\/#breadcrumb\",\"itemListElement\":[{\"@type\":\"ListItem\",\"position\":1,\"name\":\"Zvicer: Suksesi i v\u00ebllez\u00ebrve Stev\u00eb dhe Nil\u00eb Nilaj nga Ulqini\"}]},{\"@type\":\"Person\",\"@id\":\"https:\/\/www.visit-ulcinj.com\/blog\/#\/schema\/person\/dcab619c614d3038751c63bc2aadc06d\",\"name\":\"ulqini\",\"sameAs\":[\"http:\/\/www.visit-ulcinj.com\"],\"url\":\"https:\/\/www.visit-ulcinj.com\/blog\/author\/admin\/\"}]}<\/script>\n<!-- \/ Yoast SEO plugin. -->","yoast_head_json":{"title":"Zvicer: Suksesi i v\u00ebllez\u00ebrve Stev\u00eb dhe Nil\u00eb Nilaj nga Ulqini - Lajme nga Ulqini","description":"Tash e 20 vite, me lokalet e tyre v\u00ebllez\u00ebrit Nilaj jan\u00eb duke udh\u00ebhequr me sukses gastronomin\u00eb e kryeqytetit helvet, Bern\u00ebs. Nj\u00eb vizit\u00eb e gazetar\u00ebve t\u00eb","robots":{"index":"index","follow":"follow","max-snippet":"max-snippet:-1","max-image-preview":"max-image-preview:large","max-video-preview":"max-video-preview:-1"},"canonical":"https:\/\/www.visit-ulcinj.com\/blog\/2016\/02\/29\/zvicer-suksesi-vellezerve-steve-dhe-nile-nilaj-nga-ulqini\/","og_locale":"en_US","og_type":"article","og_title":"Zvicer: Suksesi i v\u00ebllez\u00ebrve Stev\u00eb dhe Nil\u00eb Nilaj nga Ulqini - Lajme nga Ulqini","og_description":"Tash e 20 vite, me lokalet e tyre v\u00ebllez\u00ebrit Nilaj jan\u00eb duke udh\u00ebhequr me sukses gastronomin\u00eb e kryeqytetit helvet, Bern\u00ebs. Nj\u00eb vizit\u00eb e gazetar\u00ebve t\u00eb","og_url":"https:\/\/www.visit-ulcinj.com\/blog\/2016\/02\/29\/zvicer-suksesi-vellezerve-steve-dhe-nile-nilaj-nga-ulqini\/","og_site_name":"Lajme nga Ulqini","article_published_time":"2016-02-29T18:27:33+00:00","article_modified_time":"2016-03-02T15:48:15+00:00","og_image":[{"url":"http:\/\/www.visit-ulcinj.com\/blog\/wp-content\/uploads\/2016\/02\/Stevo-Niloviq-Nil-Nilovic-Il-Grissino-Bern.jpg"}],"twitter_misc":{"Written by":"ulqini","Est. reading time":"3 minutes"},"schema":{"@context":"https:\/\/schema.org","@graph":[{"@type":"WebSite","@id":"https:\/\/www.visit-ulcinj.com\/blog\/#website","url":"https:\/\/www.visit-ulcinj.com\/blog\/","name":"Lajme nga Ulqini","description":"Lajme,Vijesti,Ulqini,Ulqin,Crna Gora,Mali i Zi","potentialAction":[{"@type":"SearchAction","target":{"@type":"EntryPoint","urlTemplate":"https:\/\/www.visit-ulcinj.com\/blog\/?s={search_term_string}"},"query-input":"required name=search_term_string"}],"inLanguage":"en-US"},{"@type":"ImageObject","inLanguage":"en-US","@id":"https:\/\/www.visit-ulcinj.com\/blog\/2016\/02\/29\/zvicer-suksesi-vellezerve-steve-dhe-nile-nilaj-nga-ulqini\/#primaryimage","url":"https:\/\/www.visit-ulcinj.com\/blog\/wp-content\/uploads\/2016\/02\/Stevo-Niloviq-Nil-Nilovic-Il-Grissino-Bern.jpg","contentUrl":"https:\/\/www.visit-ulcinj.com\/blog\/wp-content\/uploads\/2016\/02\/Stevo-Niloviq-Nil-Nilovic-Il-Grissino-Bern.jpg","width":1015,"height":795},{"@type":"WebPage","@id":"https:\/\/www.visit-ulcinj.com\/blog\/2016\/02\/29\/zvicer-suksesi-vellezerve-steve-dhe-nile-nilaj-nga-ulqini\/#webpage","url":"https:\/\/www.visit-ulcinj.com\/blog\/2016\/02\/29\/zvicer-suksesi-vellezerve-steve-dhe-nile-nilaj-nga-ulqini\/","name":"Zvicer: Suksesi i v\u00ebllez\u00ebrve Stev\u00eb dhe Nil\u00eb Nilaj nga Ulqini - Lajme nga Ulqini","isPartOf":{"@id":"https:\/\/www.visit-ulcinj.com\/blog\/#website"},"primaryImageOfPage":{"@id":"https:\/\/www.visit-ulcinj.com\/blog\/2016\/02\/29\/zvicer-suksesi-vellezerve-steve-dhe-nile-nilaj-nga-ulqini\/#primaryimage"},"datePublished":"2016-02-29T18:27:33+00:00","dateModified":"2016-03-02T15:48:15+00:00","author":{"@id":"https:\/\/www.visit-ulcinj.com\/blog\/#\/schema\/person\/dcab619c614d3038751c63bc2aadc06d"},"description":"Tash e 20 vite, me lokalet e tyre v\u00ebllez\u00ebrit Nilaj jan\u00eb duke udh\u00ebhequr me sukses gastronomin\u00eb e kryeqytetit helvet, Bern\u00ebs. Nj\u00eb vizit\u00eb e gazetar\u00ebve t\u00eb","breadcrumb":{"@id":"https:\/\/www.visit-ulcinj.com\/blog\/2016\/02\/29\/zvicer-suksesi-vellezerve-steve-dhe-nile-nilaj-nga-ulqini\/#breadcrumb"},"inLanguage":"en-US","potentialAction":[{"@type":"ReadAction","target":["https:\/\/www.visit-ulcinj.com\/blog\/2016\/02\/29\/zvicer-suksesi-vellezerve-steve-dhe-nile-nilaj-nga-ulqini\/"]}]},{"@type":"BreadcrumbList","@id":"https:\/\/www.visit-ulcinj.com\/blog\/2016\/02\/29\/zvicer-suksesi-vellezerve-steve-dhe-nile-nilaj-nga-ulqini\/#breadcrumb","itemListElement":[{"@type":"ListItem","position":1,"name":"Zvicer: Suksesi i v\u00ebllez\u00ebrve Stev\u00eb dhe Nil\u00eb Nilaj nga Ulqini"}]},{"@type":"Person","@id":"https:\/\/www.visit-ulcinj.com\/blog\/#\/schema\/person\/dcab619c614d3038751c63bc2aadc06d","name":"ulqini","sameAs":["http:\/\/www.visit-ulcinj.com"],"url":"https:\/\/www.visit-ulcinj.com\/blog\/author\/admin\/"}]}},"jetpack_featured_media_url":"","jetpack_sharing_enabled":true,"jetpack_shortlink":"https:\/\/wp.me\/pe6lTn-oJa","_links":{"self":[{"href":"https:\/\/www.visit-ulcinj.com\/blog\/wp-json\/wp\/v2\/posts\/95056"}],"collection":[{"href":"https:\/\/www.visit-ulcinj.com\/blog\/wp-json\/wp\/v2\/posts"}],"about":[{"href":"https:\/\/www.visit-ulcinj.com\/blog\/wp-json\/wp\/v2\/types\/post"}],"author":[{"embeddable":true,"href":"https:\/\/www.visit-ulcinj.com\/blog\/wp-json\/wp\/v2\/users\/1"}],"replies":[{"embeddable":true,"href":"https:\/\/www.visit-ulcinj.com\/blog\/wp-json\/wp\/v2\/comments?post=95056"}],"version-history":[{"count":1,"href":"https:\/\/www.visit-ulcinj.com\/blog\/wp-json\/wp\/v2\/posts\/95056\/revisions"}],"predecessor-version":[{"id":95060,"href":"https:\/\/www.visit-ulcinj.com\/blog\/wp-json\/wp\/v2\/posts\/95056\/revisions\/95060"}],"wp:attachment":[{"href":"https:\/\/www.visit-ulcinj.com\/blog\/wp-json\/wp\/v2\/media?parent=95056"}],"wp:term":[{"taxonomy":"category","embeddable":true,"href":"https:\/\/www.visit-ulcinj.com\/blog\/wp-json\/wp\/v2\/categories?post=95056"},{"taxonomy":"post_tag","embeddable":true,"href":"https:\/\/www.visit-ulcinj.com\/blog\/wp-json\/wp\/v2\/tags?post=95056"}],"curies":[{"name":"wp","href":"https:\/\/api.w.org\/{rel}","templated":true}]}}