{"id":95065,"date":"2016-03-01T17:22:00","date_gmt":"2016-03-01T16:22:00","guid":{"rendered":"http:\/\/www.visit-ulcinj.com\/blog\/?p=95065"},"modified":"2016-03-01T18:31:08","modified_gmt":"2016-03-01T17:31:08","slug":"banoret-e-pistulles-dergojne-peticion-kryetarit-gjeka","status":"publish","type":"post","link":"https:\/\/www.visit-ulcinj.com\/blog\/2016\/03\/01\/banoret-e-pistulles-dergojne-peticion-kryetarit-gjeka\/","title":{"rendered":"Banor\u00ebt e Pistull\u00ebs i d\u00ebrgojn\u00eb peticion kryetarit Gjeka"},"content":{"rendered":"<p><a href=\"http:\/\/www.visit-ulcinj.com\/blog\/wp-content\/uploads\/2013\/12\/opstina-ulcinj.jpg\"><img loading=\"lazy\" class=\"alignleft wp-image-77143\" src=\"http:\/\/www.visit-ulcinj.com\/blog\/wp-content\/uploads\/2013\/12\/opstina-ulcinj.jpg\" alt=\"opstina-ulcinj\" width=\"508\" height=\"381\" srcset=\"https:\/\/www.visit-ulcinj.com\/blog\/wp-content\/uploads\/2013\/12\/opstina-ulcinj.jpg 1000w, https:\/\/www.visit-ulcinj.com\/blog\/wp-content\/uploads\/2013\/12\/opstina-ulcinj-300x225.jpg 300w\" sizes=\"(max-width: 508px) 100vw, 508px\" \/><\/a>Banor\u00ebt e zon\u00ebs s\u00eb Pistull\u00ebs af\u00ebr Ulqinit, i kan\u00eb d\u00ebrguar peticion me 100 n\u00ebnshkrime kryetarit t\u00eb Komun\u00ebs Fatmir Gjeka, me t\u00eb cilin i k\u00ebrkojn\u00eb ndalimin e industralizimit t\u00eb k\u00ebsaj zone, raporton portali Lajm.me.<\/p>\n<p>Ato ankohen se po vazhdon nd\u00ebrtimi i objekteve afariste, \u00e7ka k\u00ebt\u00eb zon\u00eb bujq\u00ebsore po e sh\u00ebnd\u00ebrron n\u00eb industriale, fakt me t\u00eb cilin ato nuk jan\u00eb t\u00eb k\u00ebnaqur. Banor\u00ebt k\u00ebrkojn\u00eb q\u00eb t\u00eb mos jepen leje nd\u00ebrtimi p\u00ebr objekte t\u00eb tilla, pasi ato d\u00ebshirojn\u00eb q\u00eb Pistulla t\u00eb mbetet zon\u00eb bujq\u00ebsore.<\/p>\n<p>Ato shpresojn\u00eb q\u00eb iniciativa e tyre t\u00eb merret parasysh nga pushteti lokal.<\/p>\n<p>&nbsp;<\/p>\n","protected":false},"excerpt":{"rendered":"<p>Banor\u00ebt e zon\u00ebs s\u00eb Pistull\u00ebs af\u00ebr Ulqinit, i kan\u00eb d\u00ebrguar peticion me 100 n\u00ebnshkrime kryetarit t\u00eb Komun\u00ebs Fatmir Gjeka, me t\u00eb cilin i k\u00ebrkojn\u00eb ndalimin e industralizimit t\u00eb k\u00ebsaj zone, raporton portali Lajm.me. Ato ankohen se po vazhdon nd\u00ebrtimi i objekteve afariste, \u00e7ka k\u00ebt\u00eb zon\u00eb bujq\u00ebsore po e sh\u00ebnd\u00ebrron n\u00eb industriale, fakt me t\u00eb cilin [&hellip;]<\/p>\n","protected":false},"author":1,"featured_media":0,"comment_status":"closed","ping_status":"closed","sticky":false,"template":"","format":"standard","meta":{"spay_email":"","jetpack_publicize_message":"","jetpack_is_tweetstorm":false,"jetpack_publicize_feature_enabled":true},"categories":[2451],"tags":[],"jetpack_publicize_connections":[],"yoast_head":"<!-- This site is optimized with the Yoast SEO plugin v19.1 - https:\/\/yoast.com\/wordpress\/plugins\/seo\/ -->\n<title>Banor\u00ebt e Pistull\u00ebs i d\u00ebrgojn\u00eb peticion kryetarit Gjeka - Lajme nga Ulqini<\/title>\n<meta name=\"description\" content=\"Banor\u00ebt e zon\u00ebs s\u00eb Pistull\u00ebs af\u00ebr Ulqinit, i kan\u00eb d\u00ebrguar peticion me 100 n\u00ebnshkrime kryetarit t\u00eb Komun\u00ebs Fatmir Gjeka, me t\u00eb cilin i k\u00ebrkojn\u00eb ndalimin e\" \/>\n<meta name=\"robots\" content=\"index, follow, max-snippet:-1, max-image-preview:large, max-video-preview:-1\" \/>\n<link rel=\"canonical\" href=\"https:\/\/www.visit-ulcinj.com\/blog\/2016\/03\/01\/banoret-e-pistulles-dergojne-peticion-kryetarit-gjeka\/\" \/>\n<meta property=\"og:locale\" content=\"en_US\" \/>\n<meta property=\"og:type\" content=\"article\" \/>\n<meta property=\"og:title\" content=\"Banor\u00ebt e Pistull\u00ebs i d\u00ebrgojn\u00eb peticion kryetarit Gjeka - Lajme nga Ulqini\" \/>\n<meta property=\"og:description\" content=\"Banor\u00ebt e zon\u00ebs s\u00eb Pistull\u00ebs af\u00ebr Ulqinit, i kan\u00eb d\u00ebrguar peticion me 100 n\u00ebnshkrime kryetarit t\u00eb Komun\u00ebs Fatmir Gjeka, me t\u00eb cilin i k\u00ebrkojn\u00eb ndalimin e\" \/>\n<meta property=\"og:url\" content=\"https:\/\/www.visit-ulcinj.com\/blog\/2016\/03\/01\/banoret-e-pistulles-dergojne-peticion-kryetarit-gjeka\/\" \/>\n<meta property=\"og:site_name\" content=\"Lajme nga Ulqini\" \/>\n<meta property=\"article:published_time\" content=\"2016-03-01T16:22:00+00:00\" \/>\n<meta property=\"article:modified_time\" content=\"2016-03-01T17:31:08+00:00\" \/>\n<meta property=\"og:image\" content=\"http:\/\/www.visit-ulcinj.com\/blog\/wp-content\/uploads\/2013\/12\/opstina-ulcinj.jpg\" \/>\n<meta name=\"twitter:label1\" content=\"Written by\" \/>\n\t<meta name=\"twitter:data1\" content=\"ulqini\" \/>\n\t<meta name=\"twitter:label2\" content=\"Est. reading time\" \/>\n\t<meta name=\"twitter:data2\" content=\"1 minute\" \/>\n<script type=\"application\/ld+json\" class=\"yoast-schema-graph\">{\"@context\":\"https:\/\/schema.org\",\"@graph\":[{\"@type\":\"WebSite\",\"@id\":\"https:\/\/www.visit-ulcinj.com\/blog\/#website\",\"url\":\"https:\/\/www.visit-ulcinj.com\/blog\/\",\"name\":\"Lajme nga Ulqini\",\"description\":\"Lajme,Vijesti,Ulqini,Ulqin,Crna Gora,Mali i Zi\",\"potentialAction\":[{\"@type\":\"SearchAction\",\"target\":{\"@type\":\"EntryPoint\",\"urlTemplate\":\"https:\/\/www.visit-ulcinj.com\/blog\/?s={search_term_string}\"},\"query-input\":\"required name=search_term_string\"}],\"inLanguage\":\"en-US\"},{\"@type\":\"ImageObject\",\"inLanguage\":\"en-US\",\"@id\":\"https:\/\/www.visit-ulcinj.com\/blog\/2016\/03\/01\/banoret-e-pistulles-dergojne-peticion-kryetarit-gjeka\/#primaryimage\",\"url\":\"https:\/\/www.visit-ulcinj.com\/blog\/wp-content\/uploads\/2013\/12\/opstina-ulcinj.jpg\",\"contentUrl\":\"https:\/\/www.visit-ulcinj.com\/blog\/wp-content\/uploads\/2013\/12\/opstina-ulcinj.jpg\",\"width\":1000,\"height\":750},{\"@type\":\"WebPage\",\"@id\":\"https:\/\/www.visit-ulcinj.com\/blog\/2016\/03\/01\/banoret-e-pistulles-dergojne-peticion-kryetarit-gjeka\/#webpage\",\"url\":\"https:\/\/www.visit-ulcinj.com\/blog\/2016\/03\/01\/banoret-e-pistulles-dergojne-peticion-kryetarit-gjeka\/\",\"name\":\"Banor\u00ebt e Pistull\u00ebs i d\u00ebrgojn\u00eb peticion kryetarit Gjeka - Lajme nga Ulqini\",\"isPartOf\":{\"@id\":\"https:\/\/www.visit-ulcinj.com\/blog\/#website\"},\"primaryImageOfPage\":{\"@id\":\"https:\/\/www.visit-ulcinj.com\/blog\/2016\/03\/01\/banoret-e-pistulles-dergojne-peticion-kryetarit-gjeka\/#primaryimage\"},\"datePublished\":\"2016-03-01T16:22:00+00:00\",\"dateModified\":\"2016-03-01T17:31:08+00:00\",\"author\":{\"@id\":\"https:\/\/www.visit-ulcinj.com\/blog\/#\/schema\/person\/dcab619c614d3038751c63bc2aadc06d\"},\"description\":\"Banor\u00ebt e zon\u00ebs s\u00eb Pistull\u00ebs af\u00ebr Ulqinit, i kan\u00eb d\u00ebrguar peticion me 100 n\u00ebnshkrime kryetarit t\u00eb Komun\u00ebs Fatmir Gjeka, me t\u00eb cilin i k\u00ebrkojn\u00eb ndalimin e\",\"breadcrumb\":{\"@id\":\"https:\/\/www.visit-ulcinj.com\/blog\/2016\/03\/01\/banoret-e-pistulles-dergojne-peticion-kryetarit-gjeka\/#breadcrumb\"},\"inLanguage\":\"en-US\",\"potentialAction\":[{\"@type\":\"ReadAction\",\"target\":[\"https:\/\/www.visit-ulcinj.com\/blog\/2016\/03\/01\/banoret-e-pistulles-dergojne-peticion-kryetarit-gjeka\/\"]}]},{\"@type\":\"BreadcrumbList\",\"@id\":\"https:\/\/www.visit-ulcinj.com\/blog\/2016\/03\/01\/banoret-e-pistulles-dergojne-peticion-kryetarit-gjeka\/#breadcrumb\",\"itemListElement\":[{\"@type\":\"ListItem\",\"position\":1,\"name\":\"Banor\u00ebt e Pistull\u00ebs i d\u00ebrgojn\u00eb peticion kryetarit Gjeka\"}]},{\"@type\":\"Person\",\"@id\":\"https:\/\/www.visit-ulcinj.com\/blog\/#\/schema\/person\/dcab619c614d3038751c63bc2aadc06d\",\"name\":\"ulqini\",\"sameAs\":[\"http:\/\/www.visit-ulcinj.com\"],\"url\":\"https:\/\/www.visit-ulcinj.com\/blog\/author\/admin\/\"}]}<\/script>\n<!-- \/ Yoast SEO plugin. -->","yoast_head_json":{"title":"Banor\u00ebt e Pistull\u00ebs i d\u00ebrgojn\u00eb peticion kryetarit Gjeka - Lajme nga Ulqini","description":"Banor\u00ebt e zon\u00ebs s\u00eb Pistull\u00ebs af\u00ebr Ulqinit, i kan\u00eb d\u00ebrguar peticion me 100 n\u00ebnshkrime kryetarit t\u00eb Komun\u00ebs Fatmir Gjeka, me t\u00eb cilin i k\u00ebrkojn\u00eb ndalimin e","robots":{"index":"index","follow":"follow","max-snippet":"max-snippet:-1","max-image-preview":"max-image-preview:large","max-video-preview":"max-video-preview:-1"},"canonical":"https:\/\/www.visit-ulcinj.com\/blog\/2016\/03\/01\/banoret-e-pistulles-dergojne-peticion-kryetarit-gjeka\/","og_locale":"en_US","og_type":"article","og_title":"Banor\u00ebt e Pistull\u00ebs i d\u00ebrgojn\u00eb peticion kryetarit Gjeka - Lajme nga Ulqini","og_description":"Banor\u00ebt e zon\u00ebs s\u00eb Pistull\u00ebs af\u00ebr Ulqinit, i kan\u00eb d\u00ebrguar peticion me 100 n\u00ebnshkrime kryetarit t\u00eb Komun\u00ebs Fatmir Gjeka, me t\u00eb cilin i k\u00ebrkojn\u00eb ndalimin e","og_url":"https:\/\/www.visit-ulcinj.com\/blog\/2016\/03\/01\/banoret-e-pistulles-dergojne-peticion-kryetarit-gjeka\/","og_site_name":"Lajme nga Ulqini","article_published_time":"2016-03-01T16:22:00+00:00","article_modified_time":"2016-03-01T17:31:08+00:00","og_image":[{"url":"http:\/\/www.visit-ulcinj.com\/blog\/wp-content\/uploads\/2013\/12\/opstina-ulcinj.jpg"}],"twitter_misc":{"Written by":"ulqini","Est. reading time":"1 minute"},"schema":{"@context":"https:\/\/schema.org","@graph":[{"@type":"WebSite","@id":"https:\/\/www.visit-ulcinj.com\/blog\/#website","url":"https:\/\/www.visit-ulcinj.com\/blog\/","name":"Lajme nga Ulqini","description":"Lajme,Vijesti,Ulqini,Ulqin,Crna Gora,Mali i Zi","potentialAction":[{"@type":"SearchAction","target":{"@type":"EntryPoint","urlTemplate":"https:\/\/www.visit-ulcinj.com\/blog\/?s={search_term_string}"},"query-input":"required name=search_term_string"}],"inLanguage":"en-US"},{"@type":"ImageObject","inLanguage":"en-US","@id":"https:\/\/www.visit-ulcinj.com\/blog\/2016\/03\/01\/banoret-e-pistulles-dergojne-peticion-kryetarit-gjeka\/#primaryimage","url":"https:\/\/www.visit-ulcinj.com\/blog\/wp-content\/uploads\/2013\/12\/opstina-ulcinj.jpg","contentUrl":"https:\/\/www.visit-ulcinj.com\/blog\/wp-content\/uploads\/2013\/12\/opstina-ulcinj.jpg","width":1000,"height":750},{"@type":"WebPage","@id":"https:\/\/www.visit-ulcinj.com\/blog\/2016\/03\/01\/banoret-e-pistulles-dergojne-peticion-kryetarit-gjeka\/#webpage","url":"https:\/\/www.visit-ulcinj.com\/blog\/2016\/03\/01\/banoret-e-pistulles-dergojne-peticion-kryetarit-gjeka\/","name":"Banor\u00ebt e Pistull\u00ebs i d\u00ebrgojn\u00eb peticion kryetarit Gjeka - Lajme nga Ulqini","isPartOf":{"@id":"https:\/\/www.visit-ulcinj.com\/blog\/#website"},"primaryImageOfPage":{"@id":"https:\/\/www.visit-ulcinj.com\/blog\/2016\/03\/01\/banoret-e-pistulles-dergojne-peticion-kryetarit-gjeka\/#primaryimage"},"datePublished":"2016-03-01T16:22:00+00:00","dateModified":"2016-03-01T17:31:08+00:00","author":{"@id":"https:\/\/www.visit-ulcinj.com\/blog\/#\/schema\/person\/dcab619c614d3038751c63bc2aadc06d"},"description":"Banor\u00ebt e zon\u00ebs s\u00eb Pistull\u00ebs af\u00ebr Ulqinit, i kan\u00eb d\u00ebrguar peticion me 100 n\u00ebnshkrime kryetarit t\u00eb Komun\u00ebs Fatmir Gjeka, me t\u00eb cilin i k\u00ebrkojn\u00eb ndalimin e","breadcrumb":{"@id":"https:\/\/www.visit-ulcinj.com\/blog\/2016\/03\/01\/banoret-e-pistulles-dergojne-peticion-kryetarit-gjeka\/#breadcrumb"},"inLanguage":"en-US","potentialAction":[{"@type":"ReadAction","target":["https:\/\/www.visit-ulcinj.com\/blog\/2016\/03\/01\/banoret-e-pistulles-dergojne-peticion-kryetarit-gjeka\/"]}]},{"@type":"BreadcrumbList","@id":"https:\/\/www.visit-ulcinj.com\/blog\/2016\/03\/01\/banoret-e-pistulles-dergojne-peticion-kryetarit-gjeka\/#breadcrumb","itemListElement":[{"@type":"ListItem","position":1,"name":"Banor\u00ebt e Pistull\u00ebs i d\u00ebrgojn\u00eb peticion kryetarit Gjeka"}]},{"@type":"Person","@id":"https:\/\/www.visit-ulcinj.com\/blog\/#\/schema\/person\/dcab619c614d3038751c63bc2aadc06d","name":"ulqini","sameAs":["http:\/\/www.visit-ulcinj.com"],"url":"https:\/\/www.visit-ulcinj.com\/blog\/author\/admin\/"}]}},"jetpack_featured_media_url":"","jetpack_sharing_enabled":true,"jetpack_shortlink":"https:\/\/wp.me\/pe6lTn-oJj","_links":{"self":[{"href":"https:\/\/www.visit-ulcinj.com\/blog\/wp-json\/wp\/v2\/posts\/95065"}],"collection":[{"href":"https:\/\/www.visit-ulcinj.com\/blog\/wp-json\/wp\/v2\/posts"}],"about":[{"href":"https:\/\/www.visit-ulcinj.com\/blog\/wp-json\/wp\/v2\/types\/post"}],"author":[{"embeddable":true,"href":"https:\/\/www.visit-ulcinj.com\/blog\/wp-json\/wp\/v2\/users\/1"}],"replies":[{"embeddable":true,"href":"https:\/\/www.visit-ulcinj.com\/blog\/wp-json\/wp\/v2\/comments?post=95065"}],"version-history":[{"count":3,"href":"https:\/\/www.visit-ulcinj.com\/blog\/wp-json\/wp\/v2\/posts\/95065\/revisions"}],"predecessor-version":[{"id":95079,"href":"https:\/\/www.visit-ulcinj.com\/blog\/wp-json\/wp\/v2\/posts\/95065\/revisions\/95079"}],"wp:attachment":[{"href":"https:\/\/www.visit-ulcinj.com\/blog\/wp-json\/wp\/v2\/media?parent=95065"}],"wp:term":[{"taxonomy":"category","embeddable":true,"href":"https:\/\/www.visit-ulcinj.com\/blog\/wp-json\/wp\/v2\/categories?post=95065"},{"taxonomy":"post_tag","embeddable":true,"href":"https:\/\/www.visit-ulcinj.com\/blog\/wp-json\/wp\/v2\/tags?post=95065"}],"curies":[{"name":"wp","href":"https:\/\/api.w.org\/{rel}","templated":true}]}}