{"id":95071,"date":"2016-03-01T18:00:10","date_gmt":"2016-03-01T17:00:10","guid":{"rendered":"http:\/\/www.visit-ulcinj.com\/blog\/?p=95071"},"modified":"2016-03-01T18:01:03","modified_gmt":"2016-03-01T17:01:03","slug":"interviste-me-arsimtarin-hilmi-cungu-ne-emisionin-portreti","status":"publish","type":"post","link":"https:\/\/www.visit-ulcinj.com\/blog\/2016\/03\/01\/interviste-me-arsimtarin-hilmi-cungu-ne-emisionin-portreti\/","title":{"rendered":"Intervist\u00eb me Arsimtarin Hilmi Cungu n\u00eb emisionin \u201cPortreti\u201d"},"content":{"rendered":"<p><a href=\"http:\/\/www.visit-ulcinj.com\/blog\/wp-content\/uploads\/2016\/03\/Arsimtar-i-Historis\u00eb-Hilmi-Cungu-Ulqin.jpg\"><img loading=\"lazy\" class=\"alignleft wp-image-95072\" src=\"http:\/\/www.visit-ulcinj.com\/blog\/wp-content\/uploads\/2016\/03\/Arsimtar-i-Historis\u00eb-Hilmi-Cungu-Ulqin.jpg\" alt=\"Arsimtar i Historis\u00eb Hilmi Cungu-Ulqin\" width=\"508\" height=\"243\" srcset=\"https:\/\/www.visit-ulcinj.com\/blog\/wp-content\/uploads\/2016\/03\/Arsimtar-i-Historis\u00eb-Hilmi-Cungu-Ulqin.jpg 702w, https:\/\/www.visit-ulcinj.com\/blog\/wp-content\/uploads\/2016\/03\/Arsimtar-i-Historis\u00eb-Hilmi-Cungu-Ulqin-300x144.jpg 300w\" sizes=\"(max-width: 508px) 100vw, 508px\" \/><\/a>Mund t\u00eb ndiqni emisionin\u201cPortreti\u201d i\u00a0 cili emitohet <strong>\u00e7<\/strong>do te hene ne oren 21.00 n\u00eb Televizionin Teuta.<\/p>\n<p>Moderatorja e emisonit Hatixhe Nelaj na mundson t\u00eb ndjekim emisionin \u201cPortreti\u201d\u00a0 q\u00eb\u00a0 transmetohet n\u00eb TV Teuta.<\/p>\n<p>K\u00ebsaj rradhe protagonist do t\u00eb jet\u00eb Arsimtar i Historis\u00eb Hilmi Cungu nga Ulqini.<\/p>\n<p><iframe loading=\"lazy\" frameborder=\"0\" width=\"508\" height=\"315\" src=\"\/\/www.dailymotion.com\/embed\/video\/x3utaeq?autoPlay=1\" allowfullscreen><\/iframe><\/p>\n","protected":false},"excerpt":{"rendered":"<p>Mund t\u00eb ndiqni emisionin\u201cPortreti\u201d i\u00a0 cili emitohet \u00e7do te hene ne oren 21.00 n\u00eb Televizionin Teuta. Moderatorja e emisonit Hatixhe Nelaj na mundson t\u00eb ndjekim emisionin \u201cPortreti\u201d\u00a0 q\u00eb\u00a0 transmetohet n\u00eb TV Teuta. K\u00ebsaj rradhe protagonist do t\u00eb jet\u00eb Arsimtar i Historis\u00eb Hilmi Cungu nga Ulqini.<\/p>\n","protected":false},"author":1,"featured_media":0,"comment_status":"closed","ping_status":"closed","sticky":false,"template":"","format":"standard","meta":{"spay_email":"","jetpack_publicize_message":"","jetpack_is_tweetstorm":false,"jetpack_publicize_feature_enabled":true},"categories":[5],"tags":[],"jetpack_publicize_connections":[],"yoast_head":"<!-- This site is optimized with the Yoast SEO plugin v19.1 - https:\/\/yoast.com\/wordpress\/plugins\/seo\/ -->\n<title>Intervist\u00eb me Arsimtarin Hilmi Cungu n\u00eb emisionin \u201cPortreti\u201d - Lajme nga Ulqini<\/title>\n<meta name=\"description\" content=\"Mund t\u00eb ndiqni emisionin\u201cPortreti\u201d i\u00a0 cili emitohet \u00e7do te hene ne oren 21.00 n\u00eb Televizionin Teuta. Moderatorja e emisonit Hatixhe Nelaj na mundson t\u00eb\" \/>\n<meta name=\"robots\" content=\"index, follow, max-snippet:-1, max-image-preview:large, max-video-preview:-1\" \/>\n<link rel=\"canonical\" href=\"https:\/\/www.visit-ulcinj.com\/blog\/2016\/03\/01\/interviste-me-arsimtarin-hilmi-cungu-ne-emisionin-portreti\/\" \/>\n<meta property=\"og:locale\" content=\"en_US\" \/>\n<meta property=\"og:type\" content=\"article\" \/>\n<meta property=\"og:title\" content=\"Intervist\u00eb me Arsimtarin Hilmi Cungu n\u00eb emisionin \u201cPortreti\u201d - Lajme nga Ulqini\" \/>\n<meta property=\"og:description\" content=\"Mund t\u00eb ndiqni emisionin\u201cPortreti\u201d i\u00a0 cili emitohet \u00e7do te hene ne oren 21.00 n\u00eb Televizionin Teuta. Moderatorja e emisonit Hatixhe Nelaj na mundson t\u00eb\" \/>\n<meta property=\"og:url\" content=\"https:\/\/www.visit-ulcinj.com\/blog\/2016\/03\/01\/interviste-me-arsimtarin-hilmi-cungu-ne-emisionin-portreti\/\" \/>\n<meta property=\"og:site_name\" content=\"Lajme nga Ulqini\" \/>\n<meta property=\"article:published_time\" content=\"2016-03-01T17:00:10+00:00\" \/>\n<meta property=\"article:modified_time\" content=\"2016-03-01T17:01:03+00:00\" \/>\n<meta name=\"twitter:label1\" content=\"Written by\" \/>\n\t<meta name=\"twitter:data1\" content=\"ulqini\" \/>\n<script type=\"application\/ld+json\" class=\"yoast-schema-graph\">{\"@context\":\"https:\/\/schema.org\",\"@graph\":[{\"@type\":\"WebSite\",\"@id\":\"https:\/\/www.visit-ulcinj.com\/blog\/#website\",\"url\":\"https:\/\/www.visit-ulcinj.com\/blog\/\",\"name\":\"Lajme nga Ulqini\",\"description\":\"Lajme,Vijesti,Ulqini,Ulqin,Crna Gora,Mali i Zi\",\"potentialAction\":[{\"@type\":\"SearchAction\",\"target\":{\"@type\":\"EntryPoint\",\"urlTemplate\":\"https:\/\/www.visit-ulcinj.com\/blog\/?s={search_term_string}\"},\"query-input\":\"required name=search_term_string\"}],\"inLanguage\":\"en-US\"},{\"@type\":\"WebPage\",\"@id\":\"https:\/\/www.visit-ulcinj.com\/blog\/2016\/03\/01\/interviste-me-arsimtarin-hilmi-cungu-ne-emisionin-portreti\/#webpage\",\"url\":\"https:\/\/www.visit-ulcinj.com\/blog\/2016\/03\/01\/interviste-me-arsimtarin-hilmi-cungu-ne-emisionin-portreti\/\",\"name\":\"Intervist\u00eb me Arsimtarin Hilmi Cungu n\u00eb emisionin \u201cPortreti\u201d - Lajme nga Ulqini\",\"isPartOf\":{\"@id\":\"https:\/\/www.visit-ulcinj.com\/blog\/#website\"},\"datePublished\":\"2016-03-01T17:00:10+00:00\",\"dateModified\":\"2016-03-01T17:01:03+00:00\",\"author\":{\"@id\":\"https:\/\/www.visit-ulcinj.com\/blog\/#\/schema\/person\/dcab619c614d3038751c63bc2aadc06d\"},\"description\":\"Mund t\u00eb ndiqni emisionin\u201cPortreti\u201d i\u00a0 cili emitohet \u00e7do te hene ne oren 21.00 n\u00eb Televizionin Teuta. Moderatorja e emisonit Hatixhe Nelaj na mundson t\u00eb\",\"breadcrumb\":{\"@id\":\"https:\/\/www.visit-ulcinj.com\/blog\/2016\/03\/01\/interviste-me-arsimtarin-hilmi-cungu-ne-emisionin-portreti\/#breadcrumb\"},\"inLanguage\":\"en-US\",\"potentialAction\":[{\"@type\":\"ReadAction\",\"target\":[\"https:\/\/www.visit-ulcinj.com\/blog\/2016\/03\/01\/interviste-me-arsimtarin-hilmi-cungu-ne-emisionin-portreti\/\"]}]},{\"@type\":\"BreadcrumbList\",\"@id\":\"https:\/\/www.visit-ulcinj.com\/blog\/2016\/03\/01\/interviste-me-arsimtarin-hilmi-cungu-ne-emisionin-portreti\/#breadcrumb\",\"itemListElement\":[{\"@type\":\"ListItem\",\"position\":1,\"name\":\"Intervist\u00eb me Arsimtarin Hilmi Cungu n\u00eb emisionin \u201cPortreti\u201d\"}]},{\"@type\":\"Person\",\"@id\":\"https:\/\/www.visit-ulcinj.com\/blog\/#\/schema\/person\/dcab619c614d3038751c63bc2aadc06d\",\"name\":\"ulqini\",\"sameAs\":[\"http:\/\/www.visit-ulcinj.com\"],\"url\":\"https:\/\/www.visit-ulcinj.com\/blog\/author\/admin\/\"}]}<\/script>\n<!-- \/ Yoast SEO plugin. -->","yoast_head_json":{"title":"Intervist\u00eb me Arsimtarin Hilmi Cungu n\u00eb emisionin \u201cPortreti\u201d - Lajme nga Ulqini","description":"Mund t\u00eb ndiqni emisionin\u201cPortreti\u201d i\u00a0 cili emitohet \u00e7do te hene ne oren 21.00 n\u00eb Televizionin Teuta. Moderatorja e emisonit Hatixhe Nelaj na mundson t\u00eb","robots":{"index":"index","follow":"follow","max-snippet":"max-snippet:-1","max-image-preview":"max-image-preview:large","max-video-preview":"max-video-preview:-1"},"canonical":"https:\/\/www.visit-ulcinj.com\/blog\/2016\/03\/01\/interviste-me-arsimtarin-hilmi-cungu-ne-emisionin-portreti\/","og_locale":"en_US","og_type":"article","og_title":"Intervist\u00eb me Arsimtarin Hilmi Cungu n\u00eb emisionin \u201cPortreti\u201d - Lajme nga Ulqini","og_description":"Mund t\u00eb ndiqni emisionin\u201cPortreti\u201d i\u00a0 cili emitohet \u00e7do te hene ne oren 21.00 n\u00eb Televizionin Teuta. Moderatorja e emisonit Hatixhe Nelaj na mundson t\u00eb","og_url":"https:\/\/www.visit-ulcinj.com\/blog\/2016\/03\/01\/interviste-me-arsimtarin-hilmi-cungu-ne-emisionin-portreti\/","og_site_name":"Lajme nga Ulqini","article_published_time":"2016-03-01T17:00:10+00:00","article_modified_time":"2016-03-01T17:01:03+00:00","twitter_misc":{"Written by":"ulqini"},"schema":{"@context":"https:\/\/schema.org","@graph":[{"@type":"WebSite","@id":"https:\/\/www.visit-ulcinj.com\/blog\/#website","url":"https:\/\/www.visit-ulcinj.com\/blog\/","name":"Lajme nga Ulqini","description":"Lajme,Vijesti,Ulqini,Ulqin,Crna Gora,Mali i Zi","potentialAction":[{"@type":"SearchAction","target":{"@type":"EntryPoint","urlTemplate":"https:\/\/www.visit-ulcinj.com\/blog\/?s={search_term_string}"},"query-input":"required name=search_term_string"}],"inLanguage":"en-US"},{"@type":"WebPage","@id":"https:\/\/www.visit-ulcinj.com\/blog\/2016\/03\/01\/interviste-me-arsimtarin-hilmi-cungu-ne-emisionin-portreti\/#webpage","url":"https:\/\/www.visit-ulcinj.com\/blog\/2016\/03\/01\/interviste-me-arsimtarin-hilmi-cungu-ne-emisionin-portreti\/","name":"Intervist\u00eb me Arsimtarin Hilmi Cungu n\u00eb emisionin \u201cPortreti\u201d - Lajme nga Ulqini","isPartOf":{"@id":"https:\/\/www.visit-ulcinj.com\/blog\/#website"},"datePublished":"2016-03-01T17:00:10+00:00","dateModified":"2016-03-01T17:01:03+00:00","author":{"@id":"https:\/\/www.visit-ulcinj.com\/blog\/#\/schema\/person\/dcab619c614d3038751c63bc2aadc06d"},"description":"Mund t\u00eb ndiqni emisionin\u201cPortreti\u201d i\u00a0 cili emitohet \u00e7do te hene ne oren 21.00 n\u00eb Televizionin Teuta. Moderatorja e emisonit Hatixhe Nelaj na mundson t\u00eb","breadcrumb":{"@id":"https:\/\/www.visit-ulcinj.com\/blog\/2016\/03\/01\/interviste-me-arsimtarin-hilmi-cungu-ne-emisionin-portreti\/#breadcrumb"},"inLanguage":"en-US","potentialAction":[{"@type":"ReadAction","target":["https:\/\/www.visit-ulcinj.com\/blog\/2016\/03\/01\/interviste-me-arsimtarin-hilmi-cungu-ne-emisionin-portreti\/"]}]},{"@type":"BreadcrumbList","@id":"https:\/\/www.visit-ulcinj.com\/blog\/2016\/03\/01\/interviste-me-arsimtarin-hilmi-cungu-ne-emisionin-portreti\/#breadcrumb","itemListElement":[{"@type":"ListItem","position":1,"name":"Intervist\u00eb me Arsimtarin Hilmi Cungu n\u00eb emisionin \u201cPortreti\u201d"}]},{"@type":"Person","@id":"https:\/\/www.visit-ulcinj.com\/blog\/#\/schema\/person\/dcab619c614d3038751c63bc2aadc06d","name":"ulqini","sameAs":["http:\/\/www.visit-ulcinj.com"],"url":"https:\/\/www.visit-ulcinj.com\/blog\/author\/admin\/"}]}},"jetpack_featured_media_url":"","jetpack_sharing_enabled":true,"jetpack_shortlink":"https:\/\/wp.me\/pe6lTn-oJp","_links":{"self":[{"href":"https:\/\/www.visit-ulcinj.com\/blog\/wp-json\/wp\/v2\/posts\/95071"}],"collection":[{"href":"https:\/\/www.visit-ulcinj.com\/blog\/wp-json\/wp\/v2\/posts"}],"about":[{"href":"https:\/\/www.visit-ulcinj.com\/blog\/wp-json\/wp\/v2\/types\/post"}],"author":[{"embeddable":true,"href":"https:\/\/www.visit-ulcinj.com\/blog\/wp-json\/wp\/v2\/users\/1"}],"replies":[{"embeddable":true,"href":"https:\/\/www.visit-ulcinj.com\/blog\/wp-json\/wp\/v2\/comments?post=95071"}],"version-history":[{"count":2,"href":"https:\/\/www.visit-ulcinj.com\/blog\/wp-json\/wp\/v2\/posts\/95071\/revisions"}],"predecessor-version":[{"id":95074,"href":"https:\/\/www.visit-ulcinj.com\/blog\/wp-json\/wp\/v2\/posts\/95071\/revisions\/95074"}],"wp:attachment":[{"href":"https:\/\/www.visit-ulcinj.com\/blog\/wp-json\/wp\/v2\/media?parent=95071"}],"wp:term":[{"taxonomy":"category","embeddable":true,"href":"https:\/\/www.visit-ulcinj.com\/blog\/wp-json\/wp\/v2\/categories?post=95071"},{"taxonomy":"post_tag","embeddable":true,"href":"https:\/\/www.visit-ulcinj.com\/blog\/wp-json\/wp\/v2\/tags?post=95071"}],"curies":[{"name":"wp","href":"https:\/\/api.w.org\/{rel}","templated":true}]}}