{"id":95083,"date":"2016-03-01T19:33:10","date_gmt":"2016-03-01T18:33:10","guid":{"rendered":"http:\/\/www.visit-ulcinj.com\/blog\/?p=95083"},"modified":"2016-03-01T19:33:40","modified_gmt":"2016-03-01T18:33:40","slug":"ja-si-tregtohej-peshku-ne-ulqin-ne-vitin-1959","status":"publish","type":"post","link":"https:\/\/www.visit-ulcinj.com\/blog\/2016\/03\/01\/ja-si-tregtohej-peshku-ne-ulqin-ne-vitin-1959\/","title":{"rendered":"Ja si tregtohej peshku n\u00eb Ulqin n\u00eb vitin 1959"},"content":{"rendered":"<p><a href=\"http:\/\/www.visit-ulcinj.com\/blog\/wp-content\/uploads\/2016\/03\/peshku-n\u00eb-Ulqin-n\u00eb-vitin-1959.jpg\"><img loading=\"lazy\" class=\"alignleft wp-image-95084\" src=\"http:\/\/www.visit-ulcinj.com\/blog\/wp-content\/uploads\/2016\/03\/peshku-n\u00eb-Ulqin-n\u00eb-vitin-1959.jpg\" alt=\"peshku n\u00eb Ulqin n\u00eb vitin 1959\" width=\"508\" height=\"819\" srcset=\"https:\/\/www.visit-ulcinj.com\/blog\/wp-content\/uploads\/2016\/03\/peshku-n\u00eb-Ulqin-n\u00eb-vitin-1959.jpg 400w, https:\/\/www.visit-ulcinj.com\/blog\/wp-content\/uploads\/2016\/03\/peshku-n\u00eb-Ulqin-n\u00eb-vitin-1959-186x300.jpg 186w\" sizes=\"(max-width: 508px) 100vw, 508px\" \/><\/a>Na ishte nj\u00ebher\u00eb n\u00eb Ulqin.<\/p>\n<p>Viti 1959.<\/p>\n<p>N\u00eb nj\u00eb fotografi interesante q\u00eb daton nga viti i m\u00ebsip\u00ebrm shihet nj\u00ebra nd\u00ebr m\u00ebnyrat se si tregtohej peshku n\u00eb qytetin ton\u00eb.<\/p>\n<p>P\u00ebr m\u00eb shum\u00eb informacion rreth k\u00ebsaj fotografie si vendi, njer\u00ebzit apo edhe ndonje gj\u00eb m\u00eb shum\u00eb na shkruani me mesazh ose koment.<\/p>\n<p>Shijoni fotografin\u00eb.<\/p>\n<p><strong>IlyriaNews<\/strong><\/p>\n","protected":false},"excerpt":{"rendered":"<p>Na ishte nj\u00ebher\u00eb n\u00eb Ulqin. Viti 1959. N\u00eb nj\u00eb fotografi interesante q\u00eb daton nga viti i m\u00ebsip\u00ebrm shihet nj\u00ebra nd\u00ebr m\u00ebnyrat se si tregtohej peshku n\u00eb qytetin ton\u00eb. P\u00ebr m\u00eb shum\u00eb informacion rreth k\u00ebsaj fotografie si vendi, njer\u00ebzit apo edhe ndonje gj\u00eb m\u00eb shum\u00eb na shkruani me mesazh ose koment. Shijoni fotografin\u00eb. IlyriaNews<\/p>\n","protected":false},"author":1,"featured_media":0,"comment_status":"closed","ping_status":"closed","sticky":false,"template":"","format":"standard","meta":{"spay_email":"","jetpack_publicize_message":"","jetpack_is_tweetstorm":false,"jetpack_publicize_feature_enabled":true},"categories":[6950],"tags":[],"jetpack_publicize_connections":[],"yoast_head":"<!-- This site is optimized with the Yoast SEO plugin v19.1 - https:\/\/yoast.com\/wordpress\/plugins\/seo\/ -->\n<title>Ja si tregtohej peshku n\u00eb Ulqin n\u00eb vitin 1959 - Lajme nga Ulqini<\/title>\n<meta name=\"description\" content=\"Na ishte nj\u00ebher\u00eb n\u00eb Ulqin. Viti 1959. N\u00eb nj\u00eb fotografi interesante q\u00eb daton nga viti i m\u00ebsip\u00ebrm shihet nj\u00ebra nd\u00ebr m\u00ebnyrat se si tregtohej peshku n\u00eb\" \/>\n<meta name=\"robots\" content=\"index, follow, max-snippet:-1, max-image-preview:large, max-video-preview:-1\" \/>\n<link rel=\"canonical\" href=\"https:\/\/www.visit-ulcinj.com\/blog\/2016\/03\/01\/ja-si-tregtohej-peshku-ne-ulqin-ne-vitin-1959\/\" \/>\n<meta property=\"og:locale\" content=\"en_US\" \/>\n<meta property=\"og:type\" content=\"article\" \/>\n<meta property=\"og:title\" content=\"Ja si tregtohej peshku n\u00eb Ulqin n\u00eb vitin 1959 - Lajme nga Ulqini\" \/>\n<meta property=\"og:description\" content=\"Na ishte nj\u00ebher\u00eb n\u00eb Ulqin. Viti 1959. N\u00eb nj\u00eb fotografi interesante q\u00eb daton nga viti i m\u00ebsip\u00ebrm shihet nj\u00ebra nd\u00ebr m\u00ebnyrat se si tregtohej peshku n\u00eb\" \/>\n<meta property=\"og:url\" content=\"https:\/\/www.visit-ulcinj.com\/blog\/2016\/03\/01\/ja-si-tregtohej-peshku-ne-ulqin-ne-vitin-1959\/\" \/>\n<meta property=\"og:site_name\" content=\"Lajme nga Ulqini\" \/>\n<meta property=\"article:published_time\" content=\"2016-03-01T18:33:10+00:00\" \/>\n<meta property=\"article:modified_time\" content=\"2016-03-01T18:33:40+00:00\" \/>\n<meta name=\"twitter:label1\" content=\"Written by\" \/>\n\t<meta name=\"twitter:data1\" content=\"ulqini\" \/>\n<script type=\"application\/ld+json\" class=\"yoast-schema-graph\">{\"@context\":\"https:\/\/schema.org\",\"@graph\":[{\"@type\":\"WebSite\",\"@id\":\"https:\/\/www.visit-ulcinj.com\/blog\/#website\",\"url\":\"https:\/\/www.visit-ulcinj.com\/blog\/\",\"name\":\"Lajme nga Ulqini\",\"description\":\"Lajme,Vijesti,Ulqini,Ulqin,Crna Gora,Mali i Zi\",\"potentialAction\":[{\"@type\":\"SearchAction\",\"target\":{\"@type\":\"EntryPoint\",\"urlTemplate\":\"https:\/\/www.visit-ulcinj.com\/blog\/?s={search_term_string}\"},\"query-input\":\"required name=search_term_string\"}],\"inLanguage\":\"en-US\"},{\"@type\":\"WebPage\",\"@id\":\"https:\/\/www.visit-ulcinj.com\/blog\/2016\/03\/01\/ja-si-tregtohej-peshku-ne-ulqin-ne-vitin-1959\/#webpage\",\"url\":\"https:\/\/www.visit-ulcinj.com\/blog\/2016\/03\/01\/ja-si-tregtohej-peshku-ne-ulqin-ne-vitin-1959\/\",\"name\":\"Ja si tregtohej peshku n\u00eb Ulqin n\u00eb vitin 1959 - Lajme nga Ulqini\",\"isPartOf\":{\"@id\":\"https:\/\/www.visit-ulcinj.com\/blog\/#website\"},\"datePublished\":\"2016-03-01T18:33:10+00:00\",\"dateModified\":\"2016-03-01T18:33:40+00:00\",\"author\":{\"@id\":\"https:\/\/www.visit-ulcinj.com\/blog\/#\/schema\/person\/dcab619c614d3038751c63bc2aadc06d\"},\"description\":\"Na ishte nj\u00ebher\u00eb n\u00eb Ulqin. Viti 1959. N\u00eb nj\u00eb fotografi interesante q\u00eb daton nga viti i m\u00ebsip\u00ebrm shihet nj\u00ebra nd\u00ebr m\u00ebnyrat se si tregtohej peshku n\u00eb\",\"breadcrumb\":{\"@id\":\"https:\/\/www.visit-ulcinj.com\/blog\/2016\/03\/01\/ja-si-tregtohej-peshku-ne-ulqin-ne-vitin-1959\/#breadcrumb\"},\"inLanguage\":\"en-US\",\"potentialAction\":[{\"@type\":\"ReadAction\",\"target\":[\"https:\/\/www.visit-ulcinj.com\/blog\/2016\/03\/01\/ja-si-tregtohej-peshku-ne-ulqin-ne-vitin-1959\/\"]}]},{\"@type\":\"BreadcrumbList\",\"@id\":\"https:\/\/www.visit-ulcinj.com\/blog\/2016\/03\/01\/ja-si-tregtohej-peshku-ne-ulqin-ne-vitin-1959\/#breadcrumb\",\"itemListElement\":[{\"@type\":\"ListItem\",\"position\":1,\"name\":\"Ja si tregtohej peshku n\u00eb Ulqin n\u00eb vitin 1959\"}]},{\"@type\":\"Person\",\"@id\":\"https:\/\/www.visit-ulcinj.com\/blog\/#\/schema\/person\/dcab619c614d3038751c63bc2aadc06d\",\"name\":\"ulqini\",\"sameAs\":[\"http:\/\/www.visit-ulcinj.com\"],\"url\":\"https:\/\/www.visit-ulcinj.com\/blog\/author\/admin\/\"}]}<\/script>\n<!-- \/ Yoast SEO plugin. -->","yoast_head_json":{"title":"Ja si tregtohej peshku n\u00eb Ulqin n\u00eb vitin 1959 - Lajme nga Ulqini","description":"Na ishte nj\u00ebher\u00eb n\u00eb Ulqin. Viti 1959. N\u00eb nj\u00eb fotografi interesante q\u00eb daton nga viti i m\u00ebsip\u00ebrm shihet nj\u00ebra nd\u00ebr m\u00ebnyrat se si tregtohej peshku n\u00eb","robots":{"index":"index","follow":"follow","max-snippet":"max-snippet:-1","max-image-preview":"max-image-preview:large","max-video-preview":"max-video-preview:-1"},"canonical":"https:\/\/www.visit-ulcinj.com\/blog\/2016\/03\/01\/ja-si-tregtohej-peshku-ne-ulqin-ne-vitin-1959\/","og_locale":"en_US","og_type":"article","og_title":"Ja si tregtohej peshku n\u00eb Ulqin n\u00eb vitin 1959 - Lajme nga Ulqini","og_description":"Na ishte nj\u00ebher\u00eb n\u00eb Ulqin. Viti 1959. N\u00eb nj\u00eb fotografi interesante q\u00eb daton nga viti i m\u00ebsip\u00ebrm shihet nj\u00ebra nd\u00ebr m\u00ebnyrat se si tregtohej peshku n\u00eb","og_url":"https:\/\/www.visit-ulcinj.com\/blog\/2016\/03\/01\/ja-si-tregtohej-peshku-ne-ulqin-ne-vitin-1959\/","og_site_name":"Lajme nga Ulqini","article_published_time":"2016-03-01T18:33:10+00:00","article_modified_time":"2016-03-01T18:33:40+00:00","twitter_misc":{"Written by":"ulqini"},"schema":{"@context":"https:\/\/schema.org","@graph":[{"@type":"WebSite","@id":"https:\/\/www.visit-ulcinj.com\/blog\/#website","url":"https:\/\/www.visit-ulcinj.com\/blog\/","name":"Lajme nga Ulqini","description":"Lajme,Vijesti,Ulqini,Ulqin,Crna Gora,Mali i Zi","potentialAction":[{"@type":"SearchAction","target":{"@type":"EntryPoint","urlTemplate":"https:\/\/www.visit-ulcinj.com\/blog\/?s={search_term_string}"},"query-input":"required name=search_term_string"}],"inLanguage":"en-US"},{"@type":"WebPage","@id":"https:\/\/www.visit-ulcinj.com\/blog\/2016\/03\/01\/ja-si-tregtohej-peshku-ne-ulqin-ne-vitin-1959\/#webpage","url":"https:\/\/www.visit-ulcinj.com\/blog\/2016\/03\/01\/ja-si-tregtohej-peshku-ne-ulqin-ne-vitin-1959\/","name":"Ja si tregtohej peshku n\u00eb Ulqin n\u00eb vitin 1959 - Lajme nga Ulqini","isPartOf":{"@id":"https:\/\/www.visit-ulcinj.com\/blog\/#website"},"datePublished":"2016-03-01T18:33:10+00:00","dateModified":"2016-03-01T18:33:40+00:00","author":{"@id":"https:\/\/www.visit-ulcinj.com\/blog\/#\/schema\/person\/dcab619c614d3038751c63bc2aadc06d"},"description":"Na ishte nj\u00ebher\u00eb n\u00eb Ulqin. Viti 1959. N\u00eb nj\u00eb fotografi interesante q\u00eb daton nga viti i m\u00ebsip\u00ebrm shihet nj\u00ebra nd\u00ebr m\u00ebnyrat se si tregtohej peshku n\u00eb","breadcrumb":{"@id":"https:\/\/www.visit-ulcinj.com\/blog\/2016\/03\/01\/ja-si-tregtohej-peshku-ne-ulqin-ne-vitin-1959\/#breadcrumb"},"inLanguage":"en-US","potentialAction":[{"@type":"ReadAction","target":["https:\/\/www.visit-ulcinj.com\/blog\/2016\/03\/01\/ja-si-tregtohej-peshku-ne-ulqin-ne-vitin-1959\/"]}]},{"@type":"BreadcrumbList","@id":"https:\/\/www.visit-ulcinj.com\/blog\/2016\/03\/01\/ja-si-tregtohej-peshku-ne-ulqin-ne-vitin-1959\/#breadcrumb","itemListElement":[{"@type":"ListItem","position":1,"name":"Ja si tregtohej peshku n\u00eb Ulqin n\u00eb vitin 1959"}]},{"@type":"Person","@id":"https:\/\/www.visit-ulcinj.com\/blog\/#\/schema\/person\/dcab619c614d3038751c63bc2aadc06d","name":"ulqini","sameAs":["http:\/\/www.visit-ulcinj.com"],"url":"https:\/\/www.visit-ulcinj.com\/blog\/author\/admin\/"}]}},"jetpack_featured_media_url":"","jetpack_sharing_enabled":true,"jetpack_shortlink":"https:\/\/wp.me\/pe6lTn-oJB","_links":{"self":[{"href":"https:\/\/www.visit-ulcinj.com\/blog\/wp-json\/wp\/v2\/posts\/95083"}],"collection":[{"href":"https:\/\/www.visit-ulcinj.com\/blog\/wp-json\/wp\/v2\/posts"}],"about":[{"href":"https:\/\/www.visit-ulcinj.com\/blog\/wp-json\/wp\/v2\/types\/post"}],"author":[{"embeddable":true,"href":"https:\/\/www.visit-ulcinj.com\/blog\/wp-json\/wp\/v2\/users\/1"}],"replies":[{"embeddable":true,"href":"https:\/\/www.visit-ulcinj.com\/blog\/wp-json\/wp\/v2\/comments?post=95083"}],"version-history":[{"count":2,"href":"https:\/\/www.visit-ulcinj.com\/blog\/wp-json\/wp\/v2\/posts\/95083\/revisions"}],"predecessor-version":[{"id":95086,"href":"https:\/\/www.visit-ulcinj.com\/blog\/wp-json\/wp\/v2\/posts\/95083\/revisions\/95086"}],"wp:attachment":[{"href":"https:\/\/www.visit-ulcinj.com\/blog\/wp-json\/wp\/v2\/media?parent=95083"}],"wp:term":[{"taxonomy":"category","embeddable":true,"href":"https:\/\/www.visit-ulcinj.com\/blog\/wp-json\/wp\/v2\/categories?post=95083"},{"taxonomy":"post_tag","embeddable":true,"href":"https:\/\/www.visit-ulcinj.com\/blog\/wp-json\/wp\/v2\/tags?post=95083"}],"curies":[{"name":"wp","href":"https:\/\/api.w.org\/{rel}","templated":true}]}}