{"id":95091,"date":"2016-03-01T19:44:53","date_gmt":"2016-03-01T18:44:53","guid":{"rendered":"http:\/\/www.visit-ulcinj.com\/blog\/?p=95091"},"modified":"2016-03-01T19:49:31","modified_gmt":"2016-03-01T18:49:31","slug":"shkreli-shqiptaret-dhe-holivud","status":"publish","type":"post","link":"https:\/\/www.visit-ulcinj.com\/blog\/2016\/03\/01\/shkreli-shqiptaret-dhe-holivud\/","title":{"rendered":"Shkreli: Shqiptar\u00ebt dhe Holivud-i"},"content":{"rendered":"<p><strong><a href=\"http:\/\/www.visit-ulcinj.com\/blog\/wp-content\/uploads\/2016\/03\/SHOK-nominimi-per-Oskar.jpg\"><img loading=\"lazy\" class=\"alignleft wp-image-95092\" src=\"http:\/\/www.visit-ulcinj.com\/blog\/wp-content\/uploads\/2016\/03\/SHOK-nominimi-per-Oskar.jpg\" alt=\"SHOK-nominimi per Oskar\" width=\"508\" height=\"288\" \/><\/a>Nga Frank Shkreli<\/strong><\/p>\n<p>T\u00eb djel\u00ebn q\u00eb kaloi n\u00eb Holivud t\u00eb Los Angjelesit n\u00eb Kaliforni u shp\u00ebrndan\u00eb \u00e7mimet Oscar p\u00ebr t\u00eb 88-in vit me radh\u00eb. Para se t\u00eb shp\u00ebrndaheshin \u00e7mimet, u p\u00ebrfol se komuniteti afrikano-amerikan do bojktonte ceremonin\u00eb e organizuar nga Akademia e \u00e7mimeve Oscars \u2013 megjith\u00ebse nuk u raportua ndonj\u00eb bojkot masiv \u2013 si p\u00ebrfundim se disa kritik\u00eb pretendonin se t\u00eb nominuarit nga Akademia p\u00ebr \u00e7mimet Oscar, k\u00ebt\u00eb vit, ishin t\u00eb gjith\u00eb aktore dhe aktor\u00eb t\u00eb bardh\u00eb, nd\u00ebrkoh\u00eb q\u00eb n\u00eb list\u00ebn e t\u00eb nominuarve mungonin aktor\u00ebt afrikano-amerikan\u00eb. Si p\u00ebrfundim i k\u00ebtyre ankesave, Akademia premtoi se do t\u00eb nd\u00ebrmarr\u00eb nj\u00eb seri masash, si\u00e7 i quajti ajo, \u201chistorike\u201d, n\u00eb p\u00ebrpjekje p\u00ebr t\u00eb m\u00ebnjanuar akuza t\u00eb tilla n\u00eb t\u00eb ardhmen.<\/p>\n<p>&nbsp;<\/p>\n<p>Historike n\u00eb ceremonin\u00eb e \u00e7mimeve Oscar t\u00eb k\u00ebtij viti ishte edhe pjes\u00ebmarrja e filmit Shok nga Kosova, film i cili ishte nominuar nga Akademia p\u00ebr \u00c7mimin Oscar n\u00eb kategorin\u00eb e filmave me metrazh t\u00eb shkurt\u00ebr. \u00cbsht\u00eb ky nj\u00eb film q\u00eb pasqyron dram\u00ebn njer\u00ebzore, pik\u00ebrisht portretizon nj\u00eb pjes\u00eb t\u00eb dram\u00ebs shqiptare gjat\u00eb luft\u00ebs n\u00eb Kosov\u00eb, por q\u00eb sipas regjisorit Jaime Donoghue t\u00eb filmit Shok, i r\u00ebnd\u00ebsish\u00ebm \u00ebsht\u00eb edhe mesazhi q\u00eb p\u00ebrcjell\u00eb filmi, q\u00eb sipas tij, \u201chedh\u00eb drit\u00eb edhe mbi ato q\u00eb po ndodhin sot n\u00eb bot\u00eb\u201d. Filmi zhvillohet bazuar n\u00eb miq\u00ebsin\u00eb e dy djem\u00ebve shqiptar\u00eb nga Kosova gjat\u00eb nj\u00eb periudhe t\u00eb v\u00ebshtir\u00eb t\u00eb luft\u00ebs n\u00eb fund t\u00eb 1990-ave n\u00eb at\u00eb vend, duke n\u00ebnvijuar problemet dhe dhun\u00ebn e forcave ushtarake dhe policore t\u00eb regjimit serb me t\u00eb cil\u00ebn p\u00ebrballeshin dhe shqiptar\u00ebt n\u00eb p\u00ebrgjith\u00ebsi, gjat\u00eb asaj kohe n\u00eb Kosov\u00eb.<\/p>\n<p>&nbsp;<\/p>\n<p>Nuk ka asnj\u00eb dyshim se vet nominimi i k\u00ebtij filmi p\u00ebr \u00e7mimin Oscar \u00ebsht\u00eb nj\u00eb sukses i madh p\u00ebr kinematografin\u00eb &#8212; pothuaj jo ekzistuese &#8212; t\u00eb Kosov\u00ebs dhe t\u00eb Shqip\u00ebris\u00eb. \u00cbsht\u00eb ky nj\u00eb vler\u00ebsim prestigjioz nd\u00ebrkomb\u00ebtar, p\u00ebr t\u00eb cilin t\u00eb gjith\u00eb shpresojm\u00eb t\u00eb jet\u00eb hapi i par\u00eb drejt\u00eb nj\u00eb zhvillimi dhe p\u00ebrparimi m\u00eb t\u00eb madh t\u00eb kinematografis\u00eb shqiptare n\u00eb p\u00ebrgjith\u00ebsi, ashtuq\u00eb q\u00eb ky vler\u00ebsim i Akademis\u00eb s\u00eb \u00e7mimeve Oscar i filmit Shok &#8212; i realizuar nga ky grup i vog\u00ebl protagonist\u00ebsh shqiptar\u00eb &#8212; t\u00eb sh\u00ebrbej\u00eb si nj\u00eb frym\u00ebzim p\u00ebr brezat e ardh\u00ebsh\u00ebm t\u00eb aktor\u00ebve shqiptar\u00eb si dhe p\u00ebr industrin\u00eb shqiptare t\u00eb kinematografis\u00eb, n\u00eb p\u00ebrgjith\u00ebsi. P\u00ebr k\u00ebt\u00eb arritje ata meritojn\u00eb lavd\u00ebrime dhe vler\u00ebsime nga t\u00eb gjith\u00eb, ashtu si\u00e7 edhe ndodhi. Ata duhet t\u00eb konsiderohen si t\u00eb par\u00ebt n\u00eb k\u00ebt\u00eb fush\u00eb, t\u00eb cil\u00ebt hap\u00ebn rrug\u00ebn e aktor\u00ebve dhe aktoreve t\u00eb ardh\u00ebsh\u00ebm shqiptar\u00eb p\u00ebr t\u00eb konkuruar n\u00eb nivelet m\u00eb t\u00eb larta t\u00eb krijimtaris\u00eb n\u00eb fush\u00ebn e kinematografis\u00eb bot\u00ebrore, e pse jo edhe n\u00eb Holivud.<\/p>\n<p>&nbsp;<\/p>\n<p>E them k\u00ebt\u00eb edhe me nj\u00eb shpres\u00eb tjet\u00ebr, se pjes\u00ebmarrja e shqiptar\u00ebve n\u00eb konkurime dhe vler\u00ebsime t\u00eb tilla t\u00eb kinematografis\u00eb nd\u00ebrkomb\u00ebtare e posa\u00e7\u00ebrisht n\u00eb Holivud, \u00ebsht\u00eb e r\u00ebnd\u00ebsishme edhe p\u00ebr nj\u00eb arsye tjet\u00ebr \u2013 p\u00ebr p\u00ebrmir\u00ebsimin e imazhit t\u00eb shqiptar\u00ebve n\u00eb fush\u00ebn e filmave po se po, por edhe t\u00eb imazhit komb\u00ebtar n\u00eb p\u00ebrgjith\u00ebsi. \u00cbsht\u00eb v\u00ebshtir\u00eb t\u00eb gj\u00ebndet ndonj\u00eb film me subjekt shqiptar ose ndonj\u00eb film ku portretizohen shqiptar\u00ebt nga Holivudi, q\u00eb t\u00eb mos i paraqes\u00eb ata n\u00eb drit\u00ebn m\u00eb t\u00eb keqe q\u00eb \u00ebsht\u00eb e mundur &#8212; si \u201c\u00e7oban\u00eb dhish\u00eb\u201d e deri tek filmi i koh\u00ebve t\u00eb fundit Taken, n\u00eb t\u00eb cilin shqiptar\u00ebt karakterizohen si \u201crr\u00ebmbyes\u00eb, p\u00ebrdhunues, trafikant\u00eb drogash dhe qenjesh njer\u00ebzore\u201d. Nuk mund t\u00eb thuhet se n\u00eb k\u00ebt\u00eb pik\u00eb Holivudi ka b\u00ebr\u00eb ose b\u00ebn diskriminim vet\u00ebm ndaj shqiptar\u00ebve, pasi historikisht pothuaj t\u00eb gjitha grupet etnike jan\u00eb portretizuar n\u00eb filmat e Holivudit n\u00eb drit\u00ebn m\u00eb t\u00eb keqe q\u00eb \u00ebsht\u00eb e mundur. Madje, n\u00eb filmat e Holivudit, fatkeq\u00ebsisht edhe vet Amerika shpesh pasqyrohet n\u00eb m\u00ebnyr\u00ebn m\u00eb negative q\u00eb \u00ebsht\u00eb e mundur, gj\u00eb q\u00eb bind\u00eb shikuesit e k\u00ebtyre filmave an\u00eb e mban\u00eb bot\u00ebs, se Amerika me t\u00eb v\u00ebrtet\u00eb \u00ebsht\u00eb ashtu si\u00e7 e portretizon Holivudi, gj\u00eb q\u00eb nuk \u00ebsht\u00eb e v\u00ebrtet\u00eb. Fatbardh\u00ebsisht, as t\u00ebr\u00ebsia e tipareve t\u00eb shumic\u00ebs s\u00eb shqiptar\u00ebve nuk jan\u00eb ashtu si\u00e7 karakterizohen nganj\u00ebher\u00eb n\u00eb disa filma t\u00eb Holivudit.<\/p>\n<p>&nbsp;<\/p>\n<p>Portretizimi i Amerik\u00ebs, i shqiptar\u00ebve ose i ndonj\u00eb kombi tjet\u00ebr n\u00eb filmat e Holivudit, me siguri q\u00eb shpesh\u00ebher\u00eb nuk jan\u00eb n\u00eb t\u00ebr\u00ebsi nj\u00eb pasqyrim i vlerave njer\u00ebzore dhe t\u00eb karakteristikave t\u00eb k\u00ebtyre kombeve, cilat do qofshin ato. Kritik\u00ebt e kan\u00eb akuzuar Holivudin se n\u00ebp\u00ebrmjet industris\u00eb s\u00eb filmave ka promovuar vlera t\u00eb cilat kryesisht nuk p\u00ebrputhen me vlerat amerikane dhe se cil\u00ebsia e filmave q\u00eb prodhohen sot ka r\u00ebn\u00eb shum\u00eb. Nd\u00ebrkoh\u00eb q\u00eb sipas tyre, mungesa e moralit n\u00eb filma dhe e ashtuquajtura kultur\u00eb e Holivudit q\u00eb shfaqet n\u00eb ata filma po shkat\u00ebrrojn\u00eb familjen, rrjetin e kultur\u00ebs dhe t\u00eb identitetin amerikan.<\/p>\n<p><a href=\"http:\/\/www.visit-ulcinj.com\/blog\/wp-content\/uploads\/2016\/03\/SHOK-nominimi-per-Oskar-1.jpg\"><img loading=\"lazy\" class=\"alignleft wp-image-95094\" src=\"http:\/\/www.visit-ulcinj.com\/blog\/wp-content\/uploads\/2016\/03\/SHOK-nominimi-per-Oskar-1.jpg\" alt=\"SHOK-nominimi per Oskar-1\" width=\"508\" height=\"286\" \/><\/a><\/p>\n<p>Prandaj, n\u00eb k\u00ebt\u00eb eufori q\u00eb me t\u00eb drejt\u00eb u shpreh nga t\u00eb gjith\u00eb shqiptar\u00ebt kudo ndaj vler\u00ebsimit q\u00eb iu b\u00eb filmit shqiptar Shok nga Akademia Oscar, duhet t\u00eb reflektojm\u00eb mbi t\u00eb mirat dhe t\u00eb k\u00ebqiat q\u00eb mund t\u00eb vin\u00eb nga asocimi me Holivudin. T\u00eb marrim t\u00eb mirat, e t\u00eb l\u00ebm\u00eb t\u00eb k\u00ebqiat. Megjith\u00ebse filmi shqiptar Shok nuk mori \u00e7mimin kryesor n\u00eb kategorin\u00eb e tij, mund t\u00eb thuhet se ishte nj\u00eb nat\u00eb historike plot pritje dhe entuziaz\u00ebm n\u00eb radh\u00ebt e shqiptar\u00ebve kudo p\u00ebr radhitjen e filmit t\u00eb par\u00eb nga Kosova, n\u00eb nj\u00eb nivel aq t\u00eb lart\u00eb t\u00eb industris\u00eb bot\u00ebrore t\u00eb filmave. Por m\u00eb habiti fakti kur pash\u00eb n\u00eb tapetin e kuq dy aktor\u00ebt e rinj\u00eb nga Kosova me nj\u00eb pamje q\u00eb dukej ndryshe nga ato t\u00eb m\u00ebparshmet: kishin ndrequr flok\u00ebt, si\u00e7 mund t\u00eb shikoni n\u00eb fotografin\u00eb m\u00eb posht\u00eb, n\u00eb nj\u00eb stil afrikan, ose afrikano-amerikan: nj\u00ebri e ka\u00e7urrela e tjetri me flok\u00eb t\u00eb lidhur bishtalec\u00eb, alla afrikan\u00e7e. Nuk e di se pse mund ta ken\u00eb b\u00ebr\u00eb k\u00ebt\u00eb ndryshim identiteti dhe kush mund t\u2019i ket\u00eb shtyr\u00eb ata t\u00eb b\u00ebjn\u00eb nj\u00eb gj\u00eb t\u00eb till\u00eb. N\u00ebqoftse me stilin e flok\u00ebve \u201cafro\u201d, d\u00ebshironin t\u00eb d\u00ebrgonin ndonj\u00eb mesazh para bot\u00ebs, at\u00ebher\u00eb besoj se si p\u00ebr her\u00eb t\u00eb par\u00eb q\u00eb paraqitej Kosova ose shqiptar\u00ebt n\u00eb nj\u00eb ceremoni t\u00eb till\u00eb, duhej q\u00eb t\u00eb promovonin kultur\u00ebn ose ndonj\u00eb karakteristik\u00eb shqiptare.<\/p>\n<p>&nbsp;<\/p>\n<p>Nuk mund t\u2019ia shpjegoj vetes se pse e kishin b\u00ebr\u00eb nj\u00eb gj\u00eb t\u00eb till\u00eb, ve\u00e7se ndoshta kishin nd\u00ebrmend t\u00eb protestonin munges\u00ebn e afrikano-amerikan\u00ebve n\u00eb at\u00eb ceremoni. Por, n\u00ebqoftse kjo ishte arsyeja, kishte kush i mbron afro-amerikan\u00ebt nga kjo \u201cpa drejt\u00ebsi\u201d. N\u00eb t\u00eb v\u00ebrtet\u00eb, komediani afro-amerikan dhe drejtuesi i ceremonis\u00eb, Chris Rock dhe t\u00eb tjer\u00eb pjes\u00ebmarr\u00ebs nga podiumi kritikuan gjith\u00eb nat\u00ebn Akademin\u00eb, p\u00ebr munges\u00ebn e afrikano-amerikan\u00ebve n\u00eb list\u00ebn e t\u00eb nominuarve.\u00a0\u00a0 Besoj se Akademia e \u00e7mimeve Oscar nuk kishte nevoj\u00eb q\u00eb t\u00eb merrte ndonj\u00eb mesazh n\u00eb lidhje me k\u00ebt\u00eb nga dy aktor\u00eb t\u00eb rinj\u00eb shqiptar\u00eb q\u00eb ndodheshin aty p\u00ebr her\u00eb t\u00eb par\u00eb nga Kosova, t\u00eb cil\u00ebt duke ndryshuar identitetin e tyre ndoshta u p\u00ebrpoq\u00ebn t\u00eb protestojn\u00eb munges\u00ebn e afrikano-amerikan\u00ebve n\u00eb at\u00eb ceremoni. Besoj se ka kush i mbron afrikano-amerikan\u00ebt.<\/p>\n<p>&nbsp;<\/p>\n<p>Jo se duhej t\u00eb dalloheshin n\u00eb ndonj\u00eb m\u00ebnyr\u00eb t\u00eb ve\u00e7ant\u00eb nga pjes\u00ebmarr\u00ebsit e tjer\u00eb n\u00eb at\u00eb ceremoni, qoft\u00eb me veshje qoft\u00eb me stilin e flok\u00ebve, por n\u00ebse aktor\u00ebt e rinj\u00eb nga Kosova kishin vendosur t\u00eb b\u00ebnin nj\u00eb gj\u00eb t\u00eb till\u00eb, at\u00ebher\u00eb m\u00eb mir\u00eb t\u00eb kishin promovuar di\u00e7ka shqiptare, q\u00eb t\u2019i tregonin bot\u00ebs se ishin shqiptar\u00eb dhe p\u00ebrfaqsues t\u00eb nj\u00eb kombi i cili gjithashtu ka vuajtur shum\u00eb gjat\u00eb historis\u00eb se tij, ashtu si\u00e7 b\u00ebn\u00eb me filmin e tyre. Por duket se ishin tep\u00ebr t\u00eb entuziazmuar dhe u ngut\u00ebn, gj\u00eb q\u00eb kuptohet. Protagonist\u00ebt e filmit, n\u00eb nj\u00eb mesazh-video kan\u00eb fal\u00ebnderuar mb\u00ebshtetsit e tyre duke th\u00ebn\u00eb se me k\u00ebt\u00eb rast, \u201cIshte me r\u00ebnd\u00ebsi q\u00eb mbar\u00eb bota foli p\u00ebr Kosov\u00ebn\u201d dhe shprehen se, \u201cDo kishim dashur t\u00eb sillnim trofen\u00eb por shpresojm\u00eb q\u00eb her\u00ebn tjet\u00ebr, ne t\u00eb tre do e sjellim Oskarin n\u00eb Kosov\u00eb\u201d. Ashtu qoft\u00eb!<\/p>\n<p>&nbsp;<\/p>\n<p>T\u00eb gjith\u00eb shqiptar\u00ebt kudo ndjehemi krenar\u00eb p\u00ebr arritjet dhe p\u00ebr vler\u00ebsimin e filmit t\u00eb k\u00ebtyre aktor\u00ebve dhe nj\u00ebkoh\u00ebsisht d\u00ebshirojm\u00eb q\u00eb k\u00ebta protagonist\u00eb shqiptar\u00eb t\u00eb filmit Shok dhe t\u00eb tjer\u00eb n\u00eb t\u00eb ardhmen t\u00eb vazhdojn\u00eb t\u00eb ekspozojn\u00eb para bot\u00ebs aft\u00ebsit\u00eb krijuese t\u00eb tyre n\u00eb Holivud dhe gjetk\u00eb. D\u00ebshirojm\u00eb gjithashtu q\u00eb s\u00eb shpjeti t\u00eb shkoni p\u00ebrs\u00ebri n\u00eb Holivud duke sh\u00ebnuar suksese t\u00eb m\u00ebtejshme n\u00eb fush\u00ebn e kinematografis\u00eb shqiptare por si p\u00ebrfaqsues t\u00eb kombit shqiptar edhe p\u00ebr t\u00eb promovuar vlerat e mira t\u00eb kombit si dhe identititetin shqiptar, para nj\u00eb bote q\u00eb ende nuk e njeh ashtu si duhet.<\/p>\n<p>&nbsp;<\/p>\n<p>Frank Shkreli<\/p>\n<!--YouTube Error: bad URL entered-->\n","protected":false},"excerpt":{"rendered":"<p>Nga Frank Shkreli T\u00eb djel\u00ebn q\u00eb kaloi n\u00eb Holivud t\u00eb Los Angjelesit n\u00eb Kaliforni u shp\u00ebrndan\u00eb \u00e7mimet Oscar p\u00ebr t\u00eb 88-in vit me radh\u00eb. Para se t\u00eb shp\u00ebrndaheshin \u00e7mimet, u p\u00ebrfol se komuniteti afrikano-amerikan do bojktonte ceremonin\u00eb e organizuar nga Akademia e \u00e7mimeve Oscars \u2013 megjith\u00ebse nuk u raportua ndonj\u00eb bojkot masiv \u2013 si p\u00ebrfundim [&hellip;]<\/p>\n","protected":false},"author":1,"featured_media":0,"comment_status":"closed","ping_status":"closed","sticky":false,"template":"","format":"standard","meta":{"spay_email":"","jetpack_publicize_message":"","jetpack_is_tweetstorm":false,"jetpack_publicize_feature_enabled":true},"categories":[6950],"tags":[],"jetpack_publicize_connections":[],"yoast_head":"<!-- This site is optimized with the Yoast SEO plugin v19.1 - https:\/\/yoast.com\/wordpress\/plugins\/seo\/ -->\n<title>Shkreli: Shqiptar\u00ebt dhe Holivud-i - Lajme nga Ulqini<\/title>\n<meta name=\"description\" content=\"Nga Frank Shkreli T\u00eb djel\u00ebn q\u00eb kaloi n\u00eb Holivud t\u00eb Los Angjelesit n\u00eb Kaliforni u shp\u00ebrndan\u00eb \u00e7mimet Oscar p\u00ebr t\u00eb 88-in vit me radh\u00eb. Para se t\u00eb\" \/>\n<meta name=\"robots\" content=\"index, follow, max-snippet:-1, max-image-preview:large, max-video-preview:-1\" \/>\n<link rel=\"canonical\" href=\"https:\/\/www.visit-ulcinj.com\/blog\/2016\/03\/01\/shkreli-shqiptaret-dhe-holivud\/\" \/>\n<meta property=\"og:locale\" content=\"en_US\" \/>\n<meta property=\"og:type\" content=\"article\" \/>\n<meta property=\"og:title\" content=\"Shkreli: Shqiptar\u00ebt dhe Holivud-i - Lajme nga Ulqini\" \/>\n<meta property=\"og:description\" content=\"Nga Frank Shkreli T\u00eb djel\u00ebn q\u00eb kaloi n\u00eb Holivud t\u00eb Los Angjelesit n\u00eb Kaliforni u shp\u00ebrndan\u00eb \u00e7mimet Oscar p\u00ebr t\u00eb 88-in vit me radh\u00eb. Para se t\u00eb\" \/>\n<meta property=\"og:url\" content=\"https:\/\/www.visit-ulcinj.com\/blog\/2016\/03\/01\/shkreli-shqiptaret-dhe-holivud\/\" \/>\n<meta property=\"og:site_name\" content=\"Lajme nga Ulqini\" \/>\n<meta property=\"article:published_time\" content=\"2016-03-01T18:44:53+00:00\" \/>\n<meta property=\"article:modified_time\" content=\"2016-03-01T18:49:31+00:00\" \/>\n<meta property=\"og:image\" content=\"http:\/\/www.visit-ulcinj.com\/blog\/wp-content\/uploads\/2016\/03\/SHOK-nominimi-per-Oskar.jpg\" \/>\n<meta name=\"twitter:label1\" content=\"Written by\" \/>\n\t<meta name=\"twitter:data1\" content=\"ulqini\" \/>\n\t<meta name=\"twitter:label2\" content=\"Est. reading time\" \/>\n\t<meta name=\"twitter:data2\" content=\"8 minutes\" \/>\n<script type=\"application\/ld+json\" class=\"yoast-schema-graph\">{\"@context\":\"https:\/\/schema.org\",\"@graph\":[{\"@type\":\"WebSite\",\"@id\":\"https:\/\/www.visit-ulcinj.com\/blog\/#website\",\"url\":\"https:\/\/www.visit-ulcinj.com\/blog\/\",\"name\":\"Lajme nga Ulqini\",\"description\":\"Lajme,Vijesti,Ulqini,Ulqin,Crna Gora,Mali i Zi\",\"potentialAction\":[{\"@type\":\"SearchAction\",\"target\":{\"@type\":\"EntryPoint\",\"urlTemplate\":\"https:\/\/www.visit-ulcinj.com\/blog\/?s={search_term_string}\"},\"query-input\":\"required name=search_term_string\"}],\"inLanguage\":\"en-US\"},{\"@type\":\"ImageObject\",\"inLanguage\":\"en-US\",\"@id\":\"https:\/\/www.visit-ulcinj.com\/blog\/2016\/03\/01\/shkreli-shqiptaret-dhe-holivud\/#primaryimage\",\"url\":\"http:\/\/www.visit-ulcinj.com\/blog\/wp-content\/uploads\/2016\/03\/SHOK-nominimi-per-Oskar.jpg\",\"contentUrl\":\"http:\/\/www.visit-ulcinj.com\/blog\/wp-content\/uploads\/2016\/03\/SHOK-nominimi-per-Oskar.jpg\"},{\"@type\":\"WebPage\",\"@id\":\"https:\/\/www.visit-ulcinj.com\/blog\/2016\/03\/01\/shkreli-shqiptaret-dhe-holivud\/#webpage\",\"url\":\"https:\/\/www.visit-ulcinj.com\/blog\/2016\/03\/01\/shkreli-shqiptaret-dhe-holivud\/\",\"name\":\"Shkreli: Shqiptar\u00ebt dhe Holivud-i - Lajme nga Ulqini\",\"isPartOf\":{\"@id\":\"https:\/\/www.visit-ulcinj.com\/blog\/#website\"},\"primaryImageOfPage\":{\"@id\":\"https:\/\/www.visit-ulcinj.com\/blog\/2016\/03\/01\/shkreli-shqiptaret-dhe-holivud\/#primaryimage\"},\"datePublished\":\"2016-03-01T18:44:53+00:00\",\"dateModified\":\"2016-03-01T18:49:31+00:00\",\"author\":{\"@id\":\"https:\/\/www.visit-ulcinj.com\/blog\/#\/schema\/person\/dcab619c614d3038751c63bc2aadc06d\"},\"description\":\"Nga Frank Shkreli T\u00eb djel\u00ebn q\u00eb kaloi n\u00eb Holivud t\u00eb Los Angjelesit n\u00eb Kaliforni u shp\u00ebrndan\u00eb \u00e7mimet Oscar p\u00ebr t\u00eb 88-in vit me radh\u00eb. Para se t\u00eb\",\"breadcrumb\":{\"@id\":\"https:\/\/www.visit-ulcinj.com\/blog\/2016\/03\/01\/shkreli-shqiptaret-dhe-holivud\/#breadcrumb\"},\"inLanguage\":\"en-US\",\"potentialAction\":[{\"@type\":\"ReadAction\",\"target\":[\"https:\/\/www.visit-ulcinj.com\/blog\/2016\/03\/01\/shkreli-shqiptaret-dhe-holivud\/\"]}]},{\"@type\":\"BreadcrumbList\",\"@id\":\"https:\/\/www.visit-ulcinj.com\/blog\/2016\/03\/01\/shkreli-shqiptaret-dhe-holivud\/#breadcrumb\",\"itemListElement\":[{\"@type\":\"ListItem\",\"position\":1,\"name\":\"Shkreli: Shqiptar\u00ebt dhe Holivud-i\"}]},{\"@type\":\"Person\",\"@id\":\"https:\/\/www.visit-ulcinj.com\/blog\/#\/schema\/person\/dcab619c614d3038751c63bc2aadc06d\",\"name\":\"ulqini\",\"sameAs\":[\"http:\/\/www.visit-ulcinj.com\"],\"url\":\"https:\/\/www.visit-ulcinj.com\/blog\/author\/admin\/\"}]}<\/script>\n<!-- \/ Yoast SEO plugin. -->","yoast_head_json":{"title":"Shkreli: Shqiptar\u00ebt dhe Holivud-i - Lajme nga Ulqini","description":"Nga Frank Shkreli T\u00eb djel\u00ebn q\u00eb kaloi n\u00eb Holivud t\u00eb Los Angjelesit n\u00eb Kaliforni u shp\u00ebrndan\u00eb \u00e7mimet Oscar p\u00ebr t\u00eb 88-in vit me radh\u00eb. Para se t\u00eb","robots":{"index":"index","follow":"follow","max-snippet":"max-snippet:-1","max-image-preview":"max-image-preview:large","max-video-preview":"max-video-preview:-1"},"canonical":"https:\/\/www.visit-ulcinj.com\/blog\/2016\/03\/01\/shkreli-shqiptaret-dhe-holivud\/","og_locale":"en_US","og_type":"article","og_title":"Shkreli: Shqiptar\u00ebt dhe Holivud-i - Lajme nga Ulqini","og_description":"Nga Frank Shkreli T\u00eb djel\u00ebn q\u00eb kaloi n\u00eb Holivud t\u00eb Los Angjelesit n\u00eb Kaliforni u shp\u00ebrndan\u00eb \u00e7mimet Oscar p\u00ebr t\u00eb 88-in vit me radh\u00eb. Para se t\u00eb","og_url":"https:\/\/www.visit-ulcinj.com\/blog\/2016\/03\/01\/shkreli-shqiptaret-dhe-holivud\/","og_site_name":"Lajme nga Ulqini","article_published_time":"2016-03-01T18:44:53+00:00","article_modified_time":"2016-03-01T18:49:31+00:00","og_image":[{"url":"http:\/\/www.visit-ulcinj.com\/blog\/wp-content\/uploads\/2016\/03\/SHOK-nominimi-per-Oskar.jpg"}],"twitter_misc":{"Written by":"ulqini","Est. reading time":"8 minutes"},"schema":{"@context":"https:\/\/schema.org","@graph":[{"@type":"WebSite","@id":"https:\/\/www.visit-ulcinj.com\/blog\/#website","url":"https:\/\/www.visit-ulcinj.com\/blog\/","name":"Lajme nga Ulqini","description":"Lajme,Vijesti,Ulqini,Ulqin,Crna Gora,Mali i Zi","potentialAction":[{"@type":"SearchAction","target":{"@type":"EntryPoint","urlTemplate":"https:\/\/www.visit-ulcinj.com\/blog\/?s={search_term_string}"},"query-input":"required name=search_term_string"}],"inLanguage":"en-US"},{"@type":"ImageObject","inLanguage":"en-US","@id":"https:\/\/www.visit-ulcinj.com\/blog\/2016\/03\/01\/shkreli-shqiptaret-dhe-holivud\/#primaryimage","url":"http:\/\/www.visit-ulcinj.com\/blog\/wp-content\/uploads\/2016\/03\/SHOK-nominimi-per-Oskar.jpg","contentUrl":"http:\/\/www.visit-ulcinj.com\/blog\/wp-content\/uploads\/2016\/03\/SHOK-nominimi-per-Oskar.jpg"},{"@type":"WebPage","@id":"https:\/\/www.visit-ulcinj.com\/blog\/2016\/03\/01\/shkreli-shqiptaret-dhe-holivud\/#webpage","url":"https:\/\/www.visit-ulcinj.com\/blog\/2016\/03\/01\/shkreli-shqiptaret-dhe-holivud\/","name":"Shkreli: Shqiptar\u00ebt dhe Holivud-i - Lajme nga Ulqini","isPartOf":{"@id":"https:\/\/www.visit-ulcinj.com\/blog\/#website"},"primaryImageOfPage":{"@id":"https:\/\/www.visit-ulcinj.com\/blog\/2016\/03\/01\/shkreli-shqiptaret-dhe-holivud\/#primaryimage"},"datePublished":"2016-03-01T18:44:53+00:00","dateModified":"2016-03-01T18:49:31+00:00","author":{"@id":"https:\/\/www.visit-ulcinj.com\/blog\/#\/schema\/person\/dcab619c614d3038751c63bc2aadc06d"},"description":"Nga Frank Shkreli T\u00eb djel\u00ebn q\u00eb kaloi n\u00eb Holivud t\u00eb Los Angjelesit n\u00eb Kaliforni u shp\u00ebrndan\u00eb \u00e7mimet Oscar p\u00ebr t\u00eb 88-in vit me radh\u00eb. Para se t\u00eb","breadcrumb":{"@id":"https:\/\/www.visit-ulcinj.com\/blog\/2016\/03\/01\/shkreli-shqiptaret-dhe-holivud\/#breadcrumb"},"inLanguage":"en-US","potentialAction":[{"@type":"ReadAction","target":["https:\/\/www.visit-ulcinj.com\/blog\/2016\/03\/01\/shkreli-shqiptaret-dhe-holivud\/"]}]},{"@type":"BreadcrumbList","@id":"https:\/\/www.visit-ulcinj.com\/blog\/2016\/03\/01\/shkreli-shqiptaret-dhe-holivud\/#breadcrumb","itemListElement":[{"@type":"ListItem","position":1,"name":"Shkreli: Shqiptar\u00ebt dhe Holivud-i"}]},{"@type":"Person","@id":"https:\/\/www.visit-ulcinj.com\/blog\/#\/schema\/person\/dcab619c614d3038751c63bc2aadc06d","name":"ulqini","sameAs":["http:\/\/www.visit-ulcinj.com"],"url":"https:\/\/www.visit-ulcinj.com\/blog\/author\/admin\/"}]}},"jetpack_featured_media_url":"","jetpack_sharing_enabled":true,"jetpack_shortlink":"https:\/\/wp.me\/pe6lTn-oJJ","_links":{"self":[{"href":"https:\/\/www.visit-ulcinj.com\/blog\/wp-json\/wp\/v2\/posts\/95091"}],"collection":[{"href":"https:\/\/www.visit-ulcinj.com\/blog\/wp-json\/wp\/v2\/posts"}],"about":[{"href":"https:\/\/www.visit-ulcinj.com\/blog\/wp-json\/wp\/v2\/types\/post"}],"author":[{"embeddable":true,"href":"https:\/\/www.visit-ulcinj.com\/blog\/wp-json\/wp\/v2\/users\/1"}],"replies":[{"embeddable":true,"href":"https:\/\/www.visit-ulcinj.com\/blog\/wp-json\/wp\/v2\/comments?post=95091"}],"version-history":[{"count":3,"href":"https:\/\/www.visit-ulcinj.com\/blog\/wp-json\/wp\/v2\/posts\/95091\/revisions"}],"predecessor-version":[{"id":95096,"href":"https:\/\/www.visit-ulcinj.com\/blog\/wp-json\/wp\/v2\/posts\/95091\/revisions\/95096"}],"wp:attachment":[{"href":"https:\/\/www.visit-ulcinj.com\/blog\/wp-json\/wp\/v2\/media?parent=95091"}],"wp:term":[{"taxonomy":"category","embeddable":true,"href":"https:\/\/www.visit-ulcinj.com\/blog\/wp-json\/wp\/v2\/categories?post=95091"},{"taxonomy":"post_tag","embeddable":true,"href":"https:\/\/www.visit-ulcinj.com\/blog\/wp-json\/wp\/v2\/tags?post=95091"}],"curies":[{"name":"wp","href":"https:\/\/api.w.org\/{rel}","templated":true}]}}