{"id":95102,"date":"2016-03-02T18:26:01","date_gmt":"2016-03-02T17:26:01","guid":{"rendered":"http:\/\/www.visit-ulcinj.com\/blog\/?p=95102"},"modified":"2016-03-02T19:07:07","modified_gmt":"2016-03-02T18:07:07","slug":"ne-emisionin-osmanaga-show-fejzoja-bilali-dhe-basroja-ne-valdanos","status":"publish","type":"post","link":"https:\/\/www.visit-ulcinj.com\/blog\/2016\/03\/02\/ne-emisionin-osmanaga-show-fejzoja-bilali-dhe-basroja-ne-valdanos\/","title":{"rendered":"Ne emisionin \u201cOsmanaga show\u201d Fejzoja, Bilali dhe Basroja n\u00eb Valdanos"},"content":{"rendered":"<p><a href=\"http:\/\/www.visit-ulcinj.com\/blog\/wp-content\/uploads\/2016\/03\/Osman-Aga-Reality-Show-Ulqin.jpg\"><img loading=\"lazy\" class=\"alignleft wp-image-95103\" src=\"http:\/\/www.visit-ulcinj.com\/blog\/wp-content\/uploads\/2016\/03\/Osman-Aga-Reality-Show-Ulqin.jpg\" alt=\"Osman-Aga-Reality-Show-Ulqin\" width=\"508\" height=\"273\" srcset=\"https:\/\/www.visit-ulcinj.com\/blog\/wp-content\/uploads\/2016\/03\/Osman-Aga-Reality-Show-Ulqin.jpg 801w, https:\/\/www.visit-ulcinj.com\/blog\/wp-content\/uploads\/2016\/03\/Osman-Aga-Reality-Show-Ulqin-300x161.jpg 300w\" sizes=\"(max-width: 508px) 100vw, 508px\" \/><\/a>Osman Leskovci n\u00eb angazhimet e tija televizive duket se nuk i pengon\u00eb q\u00eb t\u00eb gjej\u00eb koh\u00ebn dhe t\u00eb shijoj\u00eb pun\u00ebn e prezentuesit n\u00eb Osmanaga Top Reality Show.<\/p>\n<p>Koh\u00ebve t\u00eb fundit Osmani asht\u00eb shum i angazhuar\u00a0 n\u00eb emisionin \u201cOsmanaga Show \u201d ku p\u00ebr \u00e7do dit\u00eb asht i ndjekur nga publiku ulqinak, por tashm\u00eb ai duket se \u00ebsht\u00eb m\u00eb i leht\u00ebsuar p\u00ebr ta kryer aktivitetin e prezentuesit.<\/p>\n<p>Sot n\u00eb emisionin \u201cOsmanaga Show \u201d b\u00ebhet fjal n\u00eb vazhdim\u00ebsi p\u00ebr Ulisht\u00ebn e Ulqinit, si dhe vizita e Osmanit n\u00eb gjirin e Valdanosit.<\/p>\n<p>Osmanaga Show i moderuar nga Suad Mehmeti, emison ky q\u00eb asht\u00eb duke synuar te nxis\u00eb reagimet lidhur me ngjarje apo dukuri pjese e jetes sone te perditshme n\u00eb komun\u00ebn e Ulqinit. Sipas Suadit i t\u00ebr\u00eb emisioni bazohet n\u00eb jet\u00ebn reale. Por, kjo duket se e ka frym\u00ebzuar pak autorin edhe moderatorin e emisionit.<\/p>\n<p>N\u00eb sezonin e par\u00eb i emisionit \u201c Osmanga Show \u201d, besoj\u00eb q\u00eb do t\u00eb k\u00ebt\u00eb personalite t\u00eb ndryshme t\u00eb showbizzit nga Ulqini, gjthashtu edhe nga jeta politike e ulqinak\u00ebve si dhe veprimet e qytetar\u00ebve- ku besoj p\u00ebr t\u00eb gjith\u00eb ata do t\u00eb jet\u00eb nj\u00eb sprov\u00eb m\u00eb ndryshe sepse zakonisht tek ky emision ka m\u00eb shum\u00eb biseda t\u00eb natyrshme sesa skenar t\u00eb gatsh\u00ebm, e ajo besoj se i p\u00eblqen publikut t\u00eb gjer\u00eb ulqinak.<\/p>\n<p><iframe loading=\"lazy\" src=\"\/\/www.dailymotion.com\/embed\/video\/x3v8591?autoPlay=1\" width=\"508\" height=\"315\" frameborder=\"0\" allowfullscreen=\"allowfullscreen\"><\/iframe><\/p>\n<p style=\"text-align: center;\"><strong><a href=\"http:\/\/www.visit-ulcinj.com\/ulcinj-travel-guide\/pushime-ne-plazhin-e-valdanosit-ulqin\/\" target=\"_blank\">Di\u00e7ka p\u00ebr gjirin e Valdanosit <\/a><\/strong><\/p>\n<p><a href=\"http:\/\/www.visit-ulcinj.com\/ulcinj-travel-guide\/pushime-ne-plazhin-e-valdanosit-ulqin\/\" target=\"_blank\"><strong>Valdanosi me ullisht\u0117n dymij\u00ebvje\u00e7are \u2013 gjiri m\u0117 i bukur i Detit Adriatik<\/strong><\/a><\/p>\n<p>N\u0117 larg\u0117si prej kat\u0117r kilometrash n\u0117 veriper\u0117ndim t\u0117 Ulqinit, midis Mavrianit dhe Mendr\u00ebs, n\u0117 form\u0117 patkoi t\u0117 ngusht\u0117 shtrihet gjiri dhe lugina e Valdanosit. Kepat e tij q\u0117 e mbrojn\u0117 l\u0117shohen pingul dhe fundosen thell\u0117 n\u0117 det, kurse plazhi \u0117sht\u0117 zallisht\u0117, e p\u0117rb\u0117r\u0117 nga gur\u0117t n\u0117 diamet\u0117r 1-20 cm. \u0116sht\u0117 i gjat\u0117 700 m, kurse i gj\u0117r\u0117 mestarisht 20 m. P\u0117r ndryshim nga gjiret e tjer\u0117 ky \u0117sht\u0117 i mbrojtur nga er\u0117rat e jugut e t\u0117 veriut dhe shpeshher\u0117, n\u0117 koh\u0117 shtr\u0117ngate, ka sh\u0117rbyer p\u0117r strehimin e anijeve. N\u0117 fund t\u0117 gjirit, n\u0117 mes t\u0117 bregut, gjendej karantina . P\u0117r shkak t\u0117 s\u0117mundjeve nga t\u0117 cilat mund t\u0117 infektoheshin ekuipazhet e anijeve gjat\u0117 lundrimit, e q\u0117 t\u0117 mbrohej popullsia e qytetit, kur vinin anijet, m\u0117 par\u0117 duhej t\u0117 ndaleshin nj\u0117 koh\u0117 t\u0117 caktuar n\u0117 karantin\u0117. N\u0117 vitin 1833 \u0117sht\u0117 sh\u0117nuar se nj\u0117 anije e Ulqinit e tipit brigantin paska ardhur e e infektuar nga Aleksandria n\u0117 Valdanos dhe, me urdh\u0117rin e kapetanis\u0117 s\u0117 limanit t\u0117 Ulqinit paska ndenjur 40 dit\u0117 n\u0117 karantin\u0117.<\/p>\n<p>Lugina e Valdanosit \u0117sht\u0117 e mbuluar me drur\u0117 m\u0117 t\u0117 vjet\u0117r t\u0117 mb\u0117ltuar me trupa ulliri. Ullishta e Ulqinit me 90.000 trupa \u0117sht\u0117 unike, sepse pjesa m\u0117 e madhe e saj, rreth 75% gjendet n\u0117 kompleksin e lugin\u0117s s\u0117 Valdanosit. Vjet\u0117rsia mesatare e ullinjve \u0117sht\u0117 m\u0117 se 500 vjet, por disa trupa jan\u0117 q\u0117 nga koha e Greqis\u0117 antike (shekulli V pra er\u0117s s\u0117 re ). Ullishta e vjet\u0117r p\u0117rb\u0117het nga ullinjt\u0117 e vajit. Vaji i njohur i Ulqinit, n\u0117 amfora e qypa t\u0117 dheut, ishte mall tregtar barazi me arin dhe arrinte deri n\u0117 Trieste, n\u0117 Venedik, n\u0117 Rom\u0117 e n\u0117 Kairo, si dhe n\u0117 brendin\u0117 e vendit ( n\u0117 Shkod\u0117r, Shkup, Diokle, Ras, Prizren etj.). N\u0117 koh\u0117n kur b\u0117hej vjelja-mbledhja e ullinjve, nga ullishta jehonte k\u0117nga e mbledh\u0117sve. Sipas legjend\u0117s djaloshi nuk mund t\u0117 martohej para se ta mb\u0117ltonte s\u0117 paku nj\u0117 ulli.<\/p>\n","protected":false},"excerpt":{"rendered":"<p>Osman Leskovci n\u00eb angazhimet e tija televizive duket se nuk i pengon\u00eb q\u00eb t\u00eb gjej\u00eb koh\u00ebn dhe t\u00eb shijoj\u00eb pun\u00ebn e prezentuesit n\u00eb Osmanaga Top Reality Show. Koh\u00ebve t\u00eb fundit Osmani asht\u00eb shum i angazhuar\u00a0 n\u00eb emisionin \u201cOsmanaga Show \u201d ku p\u00ebr \u00e7do dit\u00eb asht i ndjekur nga publiku ulqinak, por tashm\u00eb ai duket se [&hellip;]<\/p>\n","protected":false},"author":1,"featured_media":0,"comment_status":"closed","ping_status":"closed","sticky":false,"template":"","format":"standard","meta":{"spay_email":"","jetpack_publicize_message":"","jetpack_is_tweetstorm":false,"jetpack_publicize_feature_enabled":true},"categories":[1],"tags":[],"jetpack_publicize_connections":[],"yoast_head":"<!-- This site is optimized with the Yoast SEO plugin v19.1 - https:\/\/yoast.com\/wordpress\/plugins\/seo\/ -->\n<title>Ne emisionin \u201cOsmanaga show\u201d Fejzoja, Bilali dhe Basroja n\u00eb Valdanos - Lajme nga Ulqini<\/title>\n<meta name=\"description\" content=\"Osman Leskovci n\u00eb angazhimet e tija televizive duket se nuk i pengon\u00eb q\u00eb t\u00eb gjej\u00eb koh\u00ebn dhe t\u00eb shijoj\u00eb pun\u00ebn e prezentuesit n\u00eb Osmanaga Top Reality Show.\" \/>\n<meta name=\"robots\" content=\"index, follow, max-snippet:-1, max-image-preview:large, max-video-preview:-1\" \/>\n<link rel=\"canonical\" href=\"https:\/\/www.visit-ulcinj.com\/blog\/2016\/03\/02\/ne-emisionin-osmanaga-show-fejzoja-bilali-dhe-basroja-ne-valdanos\/\" \/>\n<meta property=\"og:locale\" content=\"en_US\" \/>\n<meta property=\"og:type\" content=\"article\" \/>\n<meta property=\"og:title\" content=\"Ne emisionin \u201cOsmanaga show\u201d Fejzoja, Bilali dhe Basroja n\u00eb Valdanos - Lajme nga Ulqini\" \/>\n<meta property=\"og:description\" content=\"Osman Leskovci n\u00eb angazhimet e tija televizive duket se nuk i pengon\u00eb q\u00eb t\u00eb gjej\u00eb koh\u00ebn dhe t\u00eb shijoj\u00eb pun\u00ebn e prezentuesit n\u00eb Osmanaga Top Reality Show.\" \/>\n<meta property=\"og:url\" content=\"https:\/\/www.visit-ulcinj.com\/blog\/2016\/03\/02\/ne-emisionin-osmanaga-show-fejzoja-bilali-dhe-basroja-ne-valdanos\/\" \/>\n<meta property=\"og:site_name\" content=\"Lajme nga Ulqini\" \/>\n<meta property=\"article:published_time\" content=\"2016-03-02T17:26:01+00:00\" \/>\n<meta property=\"article:modified_time\" content=\"2016-03-02T18:07:07+00:00\" \/>\n<meta property=\"og:image\" content=\"http:\/\/www.visit-ulcinj.com\/blog\/wp-content\/uploads\/2016\/03\/Osman-Aga-Reality-Show-Ulqin.jpg\" \/>\n<meta name=\"twitter:label1\" content=\"Written by\" \/>\n\t<meta name=\"twitter:data1\" content=\"ulqini\" \/>\n\t<meta name=\"twitter:label2\" content=\"Est. reading time\" \/>\n\t<meta name=\"twitter:data2\" content=\"3 minutes\" \/>\n<script type=\"application\/ld+json\" class=\"yoast-schema-graph\">{\"@context\":\"https:\/\/schema.org\",\"@graph\":[{\"@type\":\"WebSite\",\"@id\":\"https:\/\/www.visit-ulcinj.com\/blog\/#website\",\"url\":\"https:\/\/www.visit-ulcinj.com\/blog\/\",\"name\":\"Lajme nga Ulqini\",\"description\":\"Lajme,Vijesti,Ulqini,Ulqin,Crna Gora,Mali i Zi\",\"potentialAction\":[{\"@type\":\"SearchAction\",\"target\":{\"@type\":\"EntryPoint\",\"urlTemplate\":\"https:\/\/www.visit-ulcinj.com\/blog\/?s={search_term_string}\"},\"query-input\":\"required name=search_term_string\"}],\"inLanguage\":\"en-US\"},{\"@type\":\"ImageObject\",\"inLanguage\":\"en-US\",\"@id\":\"https:\/\/www.visit-ulcinj.com\/blog\/2016\/03\/02\/ne-emisionin-osmanaga-show-fejzoja-bilali-dhe-basroja-ne-valdanos\/#primaryimage\",\"url\":\"https:\/\/www.visit-ulcinj.com\/blog\/wp-content\/uploads\/2016\/03\/Osman-Aga-Reality-Show-Ulqin.jpg\",\"contentUrl\":\"https:\/\/www.visit-ulcinj.com\/blog\/wp-content\/uploads\/2016\/03\/Osman-Aga-Reality-Show-Ulqin.jpg\",\"width\":801,\"height\":430},{\"@type\":\"WebPage\",\"@id\":\"https:\/\/www.visit-ulcinj.com\/blog\/2016\/03\/02\/ne-emisionin-osmanaga-show-fejzoja-bilali-dhe-basroja-ne-valdanos\/#webpage\",\"url\":\"https:\/\/www.visit-ulcinj.com\/blog\/2016\/03\/02\/ne-emisionin-osmanaga-show-fejzoja-bilali-dhe-basroja-ne-valdanos\/\",\"name\":\"Ne emisionin \u201cOsmanaga show\u201d Fejzoja, Bilali dhe Basroja n\u00eb Valdanos - Lajme nga Ulqini\",\"isPartOf\":{\"@id\":\"https:\/\/www.visit-ulcinj.com\/blog\/#website\"},\"primaryImageOfPage\":{\"@id\":\"https:\/\/www.visit-ulcinj.com\/blog\/2016\/03\/02\/ne-emisionin-osmanaga-show-fejzoja-bilali-dhe-basroja-ne-valdanos\/#primaryimage\"},\"datePublished\":\"2016-03-02T17:26:01+00:00\",\"dateModified\":\"2016-03-02T18:07:07+00:00\",\"author\":{\"@id\":\"https:\/\/www.visit-ulcinj.com\/blog\/#\/schema\/person\/dcab619c614d3038751c63bc2aadc06d\"},\"description\":\"Osman Leskovci n\u00eb angazhimet e tija televizive duket se nuk i pengon\u00eb q\u00eb t\u00eb gjej\u00eb koh\u00ebn dhe t\u00eb shijoj\u00eb pun\u00ebn e prezentuesit n\u00eb Osmanaga Top Reality Show.\",\"breadcrumb\":{\"@id\":\"https:\/\/www.visit-ulcinj.com\/blog\/2016\/03\/02\/ne-emisionin-osmanaga-show-fejzoja-bilali-dhe-basroja-ne-valdanos\/#breadcrumb\"},\"inLanguage\":\"en-US\",\"potentialAction\":[{\"@type\":\"ReadAction\",\"target\":[\"https:\/\/www.visit-ulcinj.com\/blog\/2016\/03\/02\/ne-emisionin-osmanaga-show-fejzoja-bilali-dhe-basroja-ne-valdanos\/\"]}]},{\"@type\":\"BreadcrumbList\",\"@id\":\"https:\/\/www.visit-ulcinj.com\/blog\/2016\/03\/02\/ne-emisionin-osmanaga-show-fejzoja-bilali-dhe-basroja-ne-valdanos\/#breadcrumb\",\"itemListElement\":[{\"@type\":\"ListItem\",\"position\":1,\"name\":\"Ne emisionin \u201cOsmanaga show\u201d Fejzoja, Bilali dhe Basroja n\u00eb Valdanos\"}]},{\"@type\":\"Person\",\"@id\":\"https:\/\/www.visit-ulcinj.com\/blog\/#\/schema\/person\/dcab619c614d3038751c63bc2aadc06d\",\"name\":\"ulqini\",\"sameAs\":[\"http:\/\/www.visit-ulcinj.com\"],\"url\":\"https:\/\/www.visit-ulcinj.com\/blog\/author\/admin\/\"}]}<\/script>\n<!-- \/ Yoast SEO plugin. -->","yoast_head_json":{"title":"Ne emisionin \u201cOsmanaga show\u201d Fejzoja, Bilali dhe Basroja n\u00eb Valdanos - Lajme nga Ulqini","description":"Osman Leskovci n\u00eb angazhimet e tija televizive duket se nuk i pengon\u00eb q\u00eb t\u00eb gjej\u00eb koh\u00ebn dhe t\u00eb shijoj\u00eb pun\u00ebn e prezentuesit n\u00eb Osmanaga Top Reality Show.","robots":{"index":"index","follow":"follow","max-snippet":"max-snippet:-1","max-image-preview":"max-image-preview:large","max-video-preview":"max-video-preview:-1"},"canonical":"https:\/\/www.visit-ulcinj.com\/blog\/2016\/03\/02\/ne-emisionin-osmanaga-show-fejzoja-bilali-dhe-basroja-ne-valdanos\/","og_locale":"en_US","og_type":"article","og_title":"Ne emisionin \u201cOsmanaga show\u201d Fejzoja, Bilali dhe Basroja n\u00eb Valdanos - Lajme nga Ulqini","og_description":"Osman Leskovci n\u00eb angazhimet e tija televizive duket se nuk i pengon\u00eb q\u00eb t\u00eb gjej\u00eb koh\u00ebn dhe t\u00eb shijoj\u00eb pun\u00ebn e prezentuesit n\u00eb Osmanaga Top Reality Show.","og_url":"https:\/\/www.visit-ulcinj.com\/blog\/2016\/03\/02\/ne-emisionin-osmanaga-show-fejzoja-bilali-dhe-basroja-ne-valdanos\/","og_site_name":"Lajme nga Ulqini","article_published_time":"2016-03-02T17:26:01+00:00","article_modified_time":"2016-03-02T18:07:07+00:00","og_image":[{"url":"http:\/\/www.visit-ulcinj.com\/blog\/wp-content\/uploads\/2016\/03\/Osman-Aga-Reality-Show-Ulqin.jpg"}],"twitter_misc":{"Written by":"ulqini","Est. reading time":"3 minutes"},"schema":{"@context":"https:\/\/schema.org","@graph":[{"@type":"WebSite","@id":"https:\/\/www.visit-ulcinj.com\/blog\/#website","url":"https:\/\/www.visit-ulcinj.com\/blog\/","name":"Lajme nga Ulqini","description":"Lajme,Vijesti,Ulqini,Ulqin,Crna Gora,Mali i Zi","potentialAction":[{"@type":"SearchAction","target":{"@type":"EntryPoint","urlTemplate":"https:\/\/www.visit-ulcinj.com\/blog\/?s={search_term_string}"},"query-input":"required name=search_term_string"}],"inLanguage":"en-US"},{"@type":"ImageObject","inLanguage":"en-US","@id":"https:\/\/www.visit-ulcinj.com\/blog\/2016\/03\/02\/ne-emisionin-osmanaga-show-fejzoja-bilali-dhe-basroja-ne-valdanos\/#primaryimage","url":"https:\/\/www.visit-ulcinj.com\/blog\/wp-content\/uploads\/2016\/03\/Osman-Aga-Reality-Show-Ulqin.jpg","contentUrl":"https:\/\/www.visit-ulcinj.com\/blog\/wp-content\/uploads\/2016\/03\/Osman-Aga-Reality-Show-Ulqin.jpg","width":801,"height":430},{"@type":"WebPage","@id":"https:\/\/www.visit-ulcinj.com\/blog\/2016\/03\/02\/ne-emisionin-osmanaga-show-fejzoja-bilali-dhe-basroja-ne-valdanos\/#webpage","url":"https:\/\/www.visit-ulcinj.com\/blog\/2016\/03\/02\/ne-emisionin-osmanaga-show-fejzoja-bilali-dhe-basroja-ne-valdanos\/","name":"Ne emisionin \u201cOsmanaga show\u201d Fejzoja, Bilali dhe Basroja n\u00eb Valdanos - Lajme nga Ulqini","isPartOf":{"@id":"https:\/\/www.visit-ulcinj.com\/blog\/#website"},"primaryImageOfPage":{"@id":"https:\/\/www.visit-ulcinj.com\/blog\/2016\/03\/02\/ne-emisionin-osmanaga-show-fejzoja-bilali-dhe-basroja-ne-valdanos\/#primaryimage"},"datePublished":"2016-03-02T17:26:01+00:00","dateModified":"2016-03-02T18:07:07+00:00","author":{"@id":"https:\/\/www.visit-ulcinj.com\/blog\/#\/schema\/person\/dcab619c614d3038751c63bc2aadc06d"},"description":"Osman Leskovci n\u00eb angazhimet e tija televizive duket se nuk i pengon\u00eb q\u00eb t\u00eb gjej\u00eb koh\u00ebn dhe t\u00eb shijoj\u00eb pun\u00ebn e prezentuesit n\u00eb Osmanaga Top Reality Show.","breadcrumb":{"@id":"https:\/\/www.visit-ulcinj.com\/blog\/2016\/03\/02\/ne-emisionin-osmanaga-show-fejzoja-bilali-dhe-basroja-ne-valdanos\/#breadcrumb"},"inLanguage":"en-US","potentialAction":[{"@type":"ReadAction","target":["https:\/\/www.visit-ulcinj.com\/blog\/2016\/03\/02\/ne-emisionin-osmanaga-show-fejzoja-bilali-dhe-basroja-ne-valdanos\/"]}]},{"@type":"BreadcrumbList","@id":"https:\/\/www.visit-ulcinj.com\/blog\/2016\/03\/02\/ne-emisionin-osmanaga-show-fejzoja-bilali-dhe-basroja-ne-valdanos\/#breadcrumb","itemListElement":[{"@type":"ListItem","position":1,"name":"Ne emisionin \u201cOsmanaga show\u201d Fejzoja, Bilali dhe Basroja n\u00eb Valdanos"}]},{"@type":"Person","@id":"https:\/\/www.visit-ulcinj.com\/blog\/#\/schema\/person\/dcab619c614d3038751c63bc2aadc06d","name":"ulqini","sameAs":["http:\/\/www.visit-ulcinj.com"],"url":"https:\/\/www.visit-ulcinj.com\/blog\/author\/admin\/"}]}},"jetpack_featured_media_url":"","jetpack_sharing_enabled":true,"jetpack_shortlink":"https:\/\/wp.me\/pe6lTn-oJU","_links":{"self":[{"href":"https:\/\/www.visit-ulcinj.com\/blog\/wp-json\/wp\/v2\/posts\/95102"}],"collection":[{"href":"https:\/\/www.visit-ulcinj.com\/blog\/wp-json\/wp\/v2\/posts"}],"about":[{"href":"https:\/\/www.visit-ulcinj.com\/blog\/wp-json\/wp\/v2\/types\/post"}],"author":[{"embeddable":true,"href":"https:\/\/www.visit-ulcinj.com\/blog\/wp-json\/wp\/v2\/users\/1"}],"replies":[{"embeddable":true,"href":"https:\/\/www.visit-ulcinj.com\/blog\/wp-json\/wp\/v2\/comments?post=95102"}],"version-history":[{"count":4,"href":"https:\/\/www.visit-ulcinj.com\/blog\/wp-json\/wp\/v2\/posts\/95102\/revisions"}],"predecessor-version":[{"id":95108,"href":"https:\/\/www.visit-ulcinj.com\/blog\/wp-json\/wp\/v2\/posts\/95102\/revisions\/95108"}],"wp:attachment":[{"href":"https:\/\/www.visit-ulcinj.com\/blog\/wp-json\/wp\/v2\/media?parent=95102"}],"wp:term":[{"taxonomy":"category","embeddable":true,"href":"https:\/\/www.visit-ulcinj.com\/blog\/wp-json\/wp\/v2\/categories?post=95102"},{"taxonomy":"post_tag","embeddable":true,"href":"https:\/\/www.visit-ulcinj.com\/blog\/wp-json\/wp\/v2\/tags?post=95102"}],"curies":[{"name":"wp","href":"https:\/\/api.w.org\/{rel}","templated":true}]}}