{"id":95112,"date":"2016-03-03T09:25:31","date_gmt":"2016-03-03T08:25:31","guid":{"rendered":"http:\/\/www.visit-ulcinj.com\/blog\/?p=95112"},"modified":"2016-03-04T22:42:50","modified_gmt":"2016-03-04T21:42:50","slug":"kriza-politike-ne-ulqin-cdo-dite-e-thelle","status":"publish","type":"post","link":"https:\/\/www.visit-ulcinj.com\/blog\/2016\/03\/03\/kriza-politike-ne-ulqin-cdo-dite-e-thelle\/","title":{"rendered":"Kriza politike n\u00eb Ulqin \u00e7do dit\u00eb m\u00eb e thell\u00eb"},"content":{"rendered":"<p style=\"text-align: center;\"><strong><a href=\"http:\/\/www.visit-ulcinj.com\/blog\/wp-content\/uploads\/2013\/04\/Skupstina-opstina-Ulcinj.jpg\"><img loading=\"lazy\" class=\"alignleft wp-image-70562\" src=\"http:\/\/www.visit-ulcinj.com\/blog\/wp-content\/uploads\/2013\/04\/Skupstina-opstina-Ulcinj.jpg\" alt=\"Skupstina-opstina-Ulcinj\" width=\"508\" height=\"339\" srcset=\"https:\/\/www.visit-ulcinj.com\/blog\/wp-content\/uploads\/2013\/04\/Skupstina-opstina-Ulcinj.jpg 720w, https:\/\/www.visit-ulcinj.com\/blog\/wp-content\/uploads\/2013\/04\/Skupstina-opstina-Ulcinj-300x200.jpg 300w\" sizes=\"(max-width: 508px) 100vw, 508px\" \/><\/a>Ulqini n\u00eb kr<\/strong><strong>iz\u00eb t\u00eb thell\u00eb politike<\/strong><\/p>\n<p>&nbsp;<\/p>\n<p><strong>Gjek\u00eb Gjonaj<\/strong><\/p>\n<p>&nbsp;<\/p>\n<p>Zhvillimet n\u00eb sken\u00ebn politike t\u00eb Ulqinit gjithnj\u00eb\u00a0\u00a0 po p\u00ebrkeq\u00ebsohen dhe po ashp\u00ebrsohen p\u00ebrtej mase. Ato kulmuan me shkarkimet e paradokohsme \u00a0t\u00eb tre sekretar\u00ebve t\u00eb sekretariateve kryesore t\u00eb komun\u00ebs nga ana e kryetarit dhe shkarkimi i kryetarit t\u00eb Bashk\u00ebsis\u00eb lokale \u201c Kat\u00ebrkoll\u00eb\u201d. K\u00ebto dhe mosmbajtja e dy seancave t\u00eb fundit t\u00eb Kuvendit t\u00eb Komun\u00ebs s\u00eb Ulqinit, t\u00eb k\u00ebrkuara nga kryetari i komun\u00ebs,\u00a0\u00a0 d\u00ebshmojn\u00eb se Ulqini v\u00ebrtet \u00ebsht\u00eb n\u00eb kriz\u00eb t\u00eb thell\u00eb\u00a0\u00a0 politike, e cila praktikisht ka filluar\u00a0\u00a0 nga mesi i n\u00ebntorit t\u00eb vitit t\u00eb kaluar, kur k\u00ebshilltar\u00ebt e Forc\u00ebs s\u00eb Re Demokratike &#8211; Forca\u00a0\u00a0 filuan nism\u00ebn p\u00ebr vot\u00ebbesimin p\u00ebr kreun e komun\u00ebs n\u00eb parlamentin vendor. Prej at\u00ebher\u00eb ushtrimi normal i pushtetit n\u00eb mes t\u00eb Koalicionit \u201c S\u00eb bashku p\u00ebr t\u00eb ardhmen e Ulqinit\u201d ( PP, LD n\u00eb MZ e Perspektiva) dhe Forc\u00ebs s\u00eb Re Demokratike &#8211; Forca\u00a0\u00a0 \u00ebsht\u00eb l\u00ebkundur seriozisht, saq\u00eb \u00ebsht\u00eb v\u00ebn\u00eb n\u00eb pik\u00ebpyetje. Kjo betej\u00eb politke n\u00eb mes t\u00eb k\u00ebtij koalicioni tashm\u00eb t\u00eb shp\u00ebrb\u00ebr\u00eb e jofunksional kishte p\u00ebr synim shkarkimin e kryetarit aktual t\u00eb komun\u00ebs, duke u b\u00ebr\u00eb k\u00ebshtu posti i tij \u201cmoll\u00eb\u201d sherri n\u00eb mes t\u00eb dy krah\u00ebve t\u00eb p\u00ebrmendur politik.<\/p>\n<p>K\u00ebsaj betej\u00eb politike n\u00eb mes Forc\u00ebs dhe Partis\u00eb Demokratike\u00a0\u00a0 i \u00ebsht\u00eb dh\u00ebn\u00eb mjaft jehon\u00eb n\u00eb mediat vendore e\u00a0\u00a0 shtet\u00ebrore n\u00eb gjuh\u00ebn shqipe e malazeze, sikurse edhe\u00a0\u00a0 n\u00eb portale t\u00eb ndryshme brenda dhe jasht\u00eb shtetit. T\u00eb gjitha k\u00ebto media raportojn\u00eb se n\u00eb Ulqin po thellohet kriza politike, e cila ka nxjerr\u00eb n\u00eb pah shum\u00eb dob\u00ebsi t\u00eb faktorit politik shqiptar n\u00eb k\u00ebt\u00eb qytet. E gjith\u00eb kjo me t\u00eb drejt\u00eb l\u00eb nj\u00eb p\u00ebrshtypje se Ulqini ndodhet n\u00eb nj\u00eb faz\u00eb t\u00eb v\u00ebshtir\u00eb t\u00eb fush\u00ebveprimit politik. Prandaj shtrohet pyetja : Pse lidership\u00ebt shqiptar n\u00eb pushtet nuk mund t\u00eb gjejn\u00eb gjuh\u00eb t\u00eb p\u00ebrbashk\u00ebt p\u00ebr zgjidhjen e k\u00ebsaj krize t\u00eb cil\u00ebn e shkaktuan vet ata ?<\/p>\n<p>Fush\u00ebveprimi i deritash\u00ebm i subjekteve nacionale shqiptare flet\u00eb p\u00ebr mosmarr\u00ebveshje, p\u00ebr p\u00ebr\u00e7arje e ndarje t\u00eb thella, p\u00ebr\u00a0\u00a0 vet\u00ebshkat\u00ebrrim, p\u00ebr mosbesim, p\u00ebr mosbashk\u00ebpunim t\u00eb siqert\u00eb, p\u00ebr kok\u00ebfort\u00ebsi dhe paaft\u00ebsi p\u00ebr t\u00eb komunikuar e debatuar sh\u00ebndosh, p\u00ebr mospasje t\u00eb nj\u00eb strategjie t\u00eb p\u00ebrbashk\u00ebt zhvillimore, p\u00ebr amozitet, p\u00ebr\u00a0\u00a0 kund\u00ebrshti,\u00a0\u00a0 p\u00ebr pap\u00ebrgjegj\u00ebsi e t\u00eb tjera veti t\u00eb p\u00ebrbashk\u00ebta q\u00eb\u00a0\u00a0 p\u00ebr fat t\u00eb keq i ndajn\u00eb shqitar\u00ebt.<\/p>\n<p>Realiteti i ri politik n\u00eb Ulqin, i shkatuar nga p\u00ebr\u00e7arja e shqiptar\u00ebve brenda koalicionit udh\u00ebheq\u00ebs, k\u00ebrkon domosdoshm\u00ebrisht rikompozim t\u00eb ri t\u00eb pushtetit ose zgjedhje t\u00eb jasht\u00ebzakonshme vendore. Ndryshimi i pushtetit, n\u00eb secilin variant, e \u00e7on Ulqinin n\u00eb duart e Partis\u00eb Demokratike t\u00eb Socialist\u00ebve, parti e cila mori m\u00eb s\u00eb shumti vota n\u00eb zgjedhjet e fundit t\u00eb jasht\u00ebzakonshme lokale n\u00eb k\u00ebt\u00eb komun\u00eb.<\/p>\n<p>Nga PDS-ja \u00ebsht\u00eb pritur t\u2019i jap\u00eb fund k\u00ebsaj agonie politike. Mir\u00ebpo ajo, as pas tre muajsh ofertash nga Forca dhe Partia Demokratike, nuk ka shprehur p\u00ebrfundimisht vullnetin dhe gatishm\u00ebrin\u00eb p\u00ebr marrjen e pushtetit n\u00eb Ulqin. P\u00ebrfaq\u00ebsuesit lokal t\u00eb k\u00ebsaj parti\u00a0\u00a0 presin p\u00ebrgjigje nga qendra, por nuk dihet se kur do t\u00eb vij\u00eb dhe \u00e7far\u00eb do t\u00eb jet\u00eb ajo. Dihet pothuaj me siguri se n\u00eb rrethanat aktuale dy lider\u00ebt e tashm\u00eb ish-partner\u00ebve t\u00eb koalcionit qeveris\u00ebs Forc\u00ebs dhe\u00a0\u00a0 Partis\u00eb Demokratike\u00a0\u00a0 nuk pranojn\u00eb t\u00eb jen\u00eb s\u00eb bashku pjes\u00eb e pushtetit. Partia e vetme opozitare shqiptare Unioni Demokratik i Shqiptar\u00ebve \u00ebsht\u00eb deklaruar e gatshme t\u00eb rikthehet n\u00eb pushtet, nd\u00ebrkoh\u00eb q\u00eb partit\u00eb e tjera politike n\u00eb Ulqin jan\u00eb t\u00eb mendimit se m\u00ebnyra m\u00eb e mir\u00eb p\u00ebr daljen nga ky qorrsokak politik do t\u00eb ishin zgjedhjet e jasht\u00ebzakonshme vendore.<\/p>\n<p>Nga ana tjet\u00ebr qytetar\u00ebt presin me padurim q\u00eb t\u00eb gjith\u00eb\u00a0\u00a0 akter\u00ebt politik\u00eb t\u00eb ulen s\u00eb bashku n\u00eb tryez\u00ebn e bisedimeve dhe p\u00ebrmes nj\u00eb dialogu konstruktiv \u00a0t\u00eb ofrojn\u00eb\u00a0\u00a0 nj\u00eb zgjidhje e cila do t\u00eb zhbllokoj\u00eb pun\u00ebn e organeve dhe institucioneve vendore. N\u00eb t\u00eb kund\u00ebrt\u00ebn klasa politike do t\u00eb tregoj\u00eb munges\u00eb respekti kundrejt votuesve t\u00eb vet.<\/p>\n","protected":false},"excerpt":{"rendered":"<p>Ulqini n\u00eb kriz\u00eb t\u00eb thell\u00eb politike &nbsp; Gjek\u00eb Gjonaj &nbsp; Zhvillimet n\u00eb sken\u00ebn politike t\u00eb Ulqinit gjithnj\u00eb\u00a0\u00a0 po p\u00ebrkeq\u00ebsohen dhe po ashp\u00ebrsohen p\u00ebrtej mase. Ato kulmuan me shkarkimet e paradokohsme \u00a0t\u00eb tre sekretar\u00ebve t\u00eb sekretariateve kryesore t\u00eb komun\u00ebs nga ana e kryetarit dhe shkarkimi i kryetarit t\u00eb Bashk\u00ebsis\u00eb lokale \u201c Kat\u00ebrkoll\u00eb\u201d. K\u00ebto dhe mosmbajtja e [&hellip;]<\/p>\n","protected":false},"author":1,"featured_media":0,"comment_status":"closed","ping_status":"closed","sticky":false,"template":"","format":"standard","meta":{"spay_email":"","jetpack_publicize_message":"","jetpack_is_tweetstorm":false,"jetpack_publicize_feature_enabled":true},"categories":[1,2451],"tags":[],"jetpack_publicize_connections":[],"yoast_head":"<!-- This site is optimized with the Yoast SEO plugin v19.1 - https:\/\/yoast.com\/wordpress\/plugins\/seo\/ -->\n<title>Kriza politike n\u00eb Ulqin \u00e7do dit\u00eb m\u00eb e thell\u00eb - Lajme nga Ulqini<\/title>\n<meta name=\"description\" content=\"Ulqini n\u00eb kriz\u00eb t\u00eb thell\u00eb politike &nbsp; Gjek\u00eb Gjonaj &nbsp; Zhvillimet n\u00eb sken\u00ebn politike t\u00eb Ulqinit gjithnj\u00eb\u00a0\u00a0 po p\u00ebrkeq\u00ebsohen dhe po ashp\u00ebrsohen\" \/>\n<meta name=\"robots\" content=\"index, follow, max-snippet:-1, max-image-preview:large, max-video-preview:-1\" \/>\n<link rel=\"canonical\" href=\"https:\/\/www.visit-ulcinj.com\/blog\/2016\/03\/03\/kriza-politike-ne-ulqin-cdo-dite-e-thelle\/\" \/>\n<meta property=\"og:locale\" content=\"en_US\" \/>\n<meta property=\"og:type\" content=\"article\" \/>\n<meta property=\"og:title\" content=\"Kriza politike n\u00eb Ulqin \u00e7do dit\u00eb m\u00eb e thell\u00eb - Lajme nga Ulqini\" \/>\n<meta property=\"og:description\" content=\"Ulqini n\u00eb kriz\u00eb t\u00eb thell\u00eb politike &nbsp; Gjek\u00eb Gjonaj &nbsp; Zhvillimet n\u00eb sken\u00ebn politike t\u00eb Ulqinit gjithnj\u00eb\u00a0\u00a0 po p\u00ebrkeq\u00ebsohen dhe po ashp\u00ebrsohen\" \/>\n<meta property=\"og:url\" content=\"https:\/\/www.visit-ulcinj.com\/blog\/2016\/03\/03\/kriza-politike-ne-ulqin-cdo-dite-e-thelle\/\" \/>\n<meta property=\"og:site_name\" content=\"Lajme nga Ulqini\" \/>\n<meta property=\"article:published_time\" content=\"2016-03-03T08:25:31+00:00\" \/>\n<meta property=\"article:modified_time\" content=\"2016-03-04T21:42:50+00:00\" \/>\n<meta property=\"og:image\" content=\"http:\/\/www.visit-ulcinj.com\/blog\/wp-content\/uploads\/2013\/04\/Skupstina-opstina-Ulcinj.jpg\" \/>\n<meta name=\"twitter:label1\" content=\"Written by\" \/>\n\t<meta name=\"twitter:data1\" content=\"ulqini\" \/>\n\t<meta name=\"twitter:label2\" content=\"Est. reading time\" \/>\n\t<meta name=\"twitter:data2\" content=\"4 minutes\" \/>\n<script type=\"application\/ld+json\" class=\"yoast-schema-graph\">{\"@context\":\"https:\/\/schema.org\",\"@graph\":[{\"@type\":\"WebSite\",\"@id\":\"https:\/\/www.visit-ulcinj.com\/blog\/#website\",\"url\":\"https:\/\/www.visit-ulcinj.com\/blog\/\",\"name\":\"Lajme nga Ulqini\",\"description\":\"Lajme,Vijesti,Ulqini,Ulqin,Crna Gora,Mali i Zi\",\"potentialAction\":[{\"@type\":\"SearchAction\",\"target\":{\"@type\":\"EntryPoint\",\"urlTemplate\":\"https:\/\/www.visit-ulcinj.com\/blog\/?s={search_term_string}\"},\"query-input\":\"required name=search_term_string\"}],\"inLanguage\":\"en-US\"},{\"@type\":\"ImageObject\",\"inLanguage\":\"en-US\",\"@id\":\"https:\/\/www.visit-ulcinj.com\/blog\/2016\/03\/03\/kriza-politike-ne-ulqin-cdo-dite-e-thelle\/#primaryimage\",\"url\":\"https:\/\/www.visit-ulcinj.com\/blog\/wp-content\/uploads\/2013\/04\/Skupstina-opstina-Ulcinj.jpg\",\"contentUrl\":\"https:\/\/www.visit-ulcinj.com\/blog\/wp-content\/uploads\/2013\/04\/Skupstina-opstina-Ulcinj.jpg\",\"width\":720,\"height\":480},{\"@type\":\"WebPage\",\"@id\":\"https:\/\/www.visit-ulcinj.com\/blog\/2016\/03\/03\/kriza-politike-ne-ulqin-cdo-dite-e-thelle\/#webpage\",\"url\":\"https:\/\/www.visit-ulcinj.com\/blog\/2016\/03\/03\/kriza-politike-ne-ulqin-cdo-dite-e-thelle\/\",\"name\":\"Kriza politike n\u00eb Ulqin \u00e7do dit\u00eb m\u00eb e thell\u00eb - Lajme nga Ulqini\",\"isPartOf\":{\"@id\":\"https:\/\/www.visit-ulcinj.com\/blog\/#website\"},\"primaryImageOfPage\":{\"@id\":\"https:\/\/www.visit-ulcinj.com\/blog\/2016\/03\/03\/kriza-politike-ne-ulqin-cdo-dite-e-thelle\/#primaryimage\"},\"datePublished\":\"2016-03-03T08:25:31+00:00\",\"dateModified\":\"2016-03-04T21:42:50+00:00\",\"author\":{\"@id\":\"https:\/\/www.visit-ulcinj.com\/blog\/#\/schema\/person\/dcab619c614d3038751c63bc2aadc06d\"},\"description\":\"Ulqini n\u00eb kriz\u00eb t\u00eb thell\u00eb politike &nbsp; Gjek\u00eb Gjonaj &nbsp; Zhvillimet n\u00eb sken\u00ebn politike t\u00eb Ulqinit gjithnj\u00eb\u00a0\u00a0 po p\u00ebrkeq\u00ebsohen dhe po ashp\u00ebrsohen\",\"breadcrumb\":{\"@id\":\"https:\/\/www.visit-ulcinj.com\/blog\/2016\/03\/03\/kriza-politike-ne-ulqin-cdo-dite-e-thelle\/#breadcrumb\"},\"inLanguage\":\"en-US\",\"potentialAction\":[{\"@type\":\"ReadAction\",\"target\":[\"https:\/\/www.visit-ulcinj.com\/blog\/2016\/03\/03\/kriza-politike-ne-ulqin-cdo-dite-e-thelle\/\"]}]},{\"@type\":\"BreadcrumbList\",\"@id\":\"https:\/\/www.visit-ulcinj.com\/blog\/2016\/03\/03\/kriza-politike-ne-ulqin-cdo-dite-e-thelle\/#breadcrumb\",\"itemListElement\":[{\"@type\":\"ListItem\",\"position\":1,\"name\":\"Kriza politike n\u00eb Ulqin \u00e7do dit\u00eb m\u00eb e thell\u00eb\"}]},{\"@type\":\"Person\",\"@id\":\"https:\/\/www.visit-ulcinj.com\/blog\/#\/schema\/person\/dcab619c614d3038751c63bc2aadc06d\",\"name\":\"ulqini\",\"sameAs\":[\"http:\/\/www.visit-ulcinj.com\"],\"url\":\"https:\/\/www.visit-ulcinj.com\/blog\/author\/admin\/\"}]}<\/script>\n<!-- \/ Yoast SEO plugin. -->","yoast_head_json":{"title":"Kriza politike n\u00eb Ulqin \u00e7do dit\u00eb m\u00eb e thell\u00eb - Lajme nga Ulqini","description":"Ulqini n\u00eb kriz\u00eb t\u00eb thell\u00eb politike &nbsp; Gjek\u00eb Gjonaj &nbsp; Zhvillimet n\u00eb sken\u00ebn politike t\u00eb Ulqinit gjithnj\u00eb\u00a0\u00a0 po p\u00ebrkeq\u00ebsohen dhe po ashp\u00ebrsohen","robots":{"index":"index","follow":"follow","max-snippet":"max-snippet:-1","max-image-preview":"max-image-preview:large","max-video-preview":"max-video-preview:-1"},"canonical":"https:\/\/www.visit-ulcinj.com\/blog\/2016\/03\/03\/kriza-politike-ne-ulqin-cdo-dite-e-thelle\/","og_locale":"en_US","og_type":"article","og_title":"Kriza politike n\u00eb Ulqin \u00e7do dit\u00eb m\u00eb e thell\u00eb - Lajme nga Ulqini","og_description":"Ulqini n\u00eb kriz\u00eb t\u00eb thell\u00eb politike &nbsp; Gjek\u00eb Gjonaj &nbsp; Zhvillimet n\u00eb sken\u00ebn politike t\u00eb Ulqinit gjithnj\u00eb\u00a0\u00a0 po p\u00ebrkeq\u00ebsohen dhe po ashp\u00ebrsohen","og_url":"https:\/\/www.visit-ulcinj.com\/blog\/2016\/03\/03\/kriza-politike-ne-ulqin-cdo-dite-e-thelle\/","og_site_name":"Lajme nga Ulqini","article_published_time":"2016-03-03T08:25:31+00:00","article_modified_time":"2016-03-04T21:42:50+00:00","og_image":[{"url":"http:\/\/www.visit-ulcinj.com\/blog\/wp-content\/uploads\/2013\/04\/Skupstina-opstina-Ulcinj.jpg"}],"twitter_misc":{"Written by":"ulqini","Est. reading time":"4 minutes"},"schema":{"@context":"https:\/\/schema.org","@graph":[{"@type":"WebSite","@id":"https:\/\/www.visit-ulcinj.com\/blog\/#website","url":"https:\/\/www.visit-ulcinj.com\/blog\/","name":"Lajme nga Ulqini","description":"Lajme,Vijesti,Ulqini,Ulqin,Crna Gora,Mali i Zi","potentialAction":[{"@type":"SearchAction","target":{"@type":"EntryPoint","urlTemplate":"https:\/\/www.visit-ulcinj.com\/blog\/?s={search_term_string}"},"query-input":"required name=search_term_string"}],"inLanguage":"en-US"},{"@type":"ImageObject","inLanguage":"en-US","@id":"https:\/\/www.visit-ulcinj.com\/blog\/2016\/03\/03\/kriza-politike-ne-ulqin-cdo-dite-e-thelle\/#primaryimage","url":"https:\/\/www.visit-ulcinj.com\/blog\/wp-content\/uploads\/2013\/04\/Skupstina-opstina-Ulcinj.jpg","contentUrl":"https:\/\/www.visit-ulcinj.com\/blog\/wp-content\/uploads\/2013\/04\/Skupstina-opstina-Ulcinj.jpg","width":720,"height":480},{"@type":"WebPage","@id":"https:\/\/www.visit-ulcinj.com\/blog\/2016\/03\/03\/kriza-politike-ne-ulqin-cdo-dite-e-thelle\/#webpage","url":"https:\/\/www.visit-ulcinj.com\/blog\/2016\/03\/03\/kriza-politike-ne-ulqin-cdo-dite-e-thelle\/","name":"Kriza politike n\u00eb Ulqin \u00e7do dit\u00eb m\u00eb e thell\u00eb - Lajme nga Ulqini","isPartOf":{"@id":"https:\/\/www.visit-ulcinj.com\/blog\/#website"},"primaryImageOfPage":{"@id":"https:\/\/www.visit-ulcinj.com\/blog\/2016\/03\/03\/kriza-politike-ne-ulqin-cdo-dite-e-thelle\/#primaryimage"},"datePublished":"2016-03-03T08:25:31+00:00","dateModified":"2016-03-04T21:42:50+00:00","author":{"@id":"https:\/\/www.visit-ulcinj.com\/blog\/#\/schema\/person\/dcab619c614d3038751c63bc2aadc06d"},"description":"Ulqini n\u00eb kriz\u00eb t\u00eb thell\u00eb politike &nbsp; Gjek\u00eb Gjonaj &nbsp; Zhvillimet n\u00eb sken\u00ebn politike t\u00eb Ulqinit gjithnj\u00eb\u00a0\u00a0 po p\u00ebrkeq\u00ebsohen dhe po ashp\u00ebrsohen","breadcrumb":{"@id":"https:\/\/www.visit-ulcinj.com\/blog\/2016\/03\/03\/kriza-politike-ne-ulqin-cdo-dite-e-thelle\/#breadcrumb"},"inLanguage":"en-US","potentialAction":[{"@type":"ReadAction","target":["https:\/\/www.visit-ulcinj.com\/blog\/2016\/03\/03\/kriza-politike-ne-ulqin-cdo-dite-e-thelle\/"]}]},{"@type":"BreadcrumbList","@id":"https:\/\/www.visit-ulcinj.com\/blog\/2016\/03\/03\/kriza-politike-ne-ulqin-cdo-dite-e-thelle\/#breadcrumb","itemListElement":[{"@type":"ListItem","position":1,"name":"Kriza politike n\u00eb Ulqin \u00e7do dit\u00eb m\u00eb e thell\u00eb"}]},{"@type":"Person","@id":"https:\/\/www.visit-ulcinj.com\/blog\/#\/schema\/person\/dcab619c614d3038751c63bc2aadc06d","name":"ulqini","sameAs":["http:\/\/www.visit-ulcinj.com"],"url":"https:\/\/www.visit-ulcinj.com\/blog\/author\/admin\/"}]}},"jetpack_featured_media_url":"","jetpack_sharing_enabled":true,"jetpack_shortlink":"https:\/\/wp.me\/pe6lTn-oK4","_links":{"self":[{"href":"https:\/\/www.visit-ulcinj.com\/blog\/wp-json\/wp\/v2\/posts\/95112"}],"collection":[{"href":"https:\/\/www.visit-ulcinj.com\/blog\/wp-json\/wp\/v2\/posts"}],"about":[{"href":"https:\/\/www.visit-ulcinj.com\/blog\/wp-json\/wp\/v2\/types\/post"}],"author":[{"embeddable":true,"href":"https:\/\/www.visit-ulcinj.com\/blog\/wp-json\/wp\/v2\/users\/1"}],"replies":[{"embeddable":true,"href":"https:\/\/www.visit-ulcinj.com\/blog\/wp-json\/wp\/v2\/comments?post=95112"}],"version-history":[{"count":1,"href":"https:\/\/www.visit-ulcinj.com\/blog\/wp-json\/wp\/v2\/posts\/95112\/revisions"}],"predecessor-version":[{"id":95113,"href":"https:\/\/www.visit-ulcinj.com\/blog\/wp-json\/wp\/v2\/posts\/95112\/revisions\/95113"}],"wp:attachment":[{"href":"https:\/\/www.visit-ulcinj.com\/blog\/wp-json\/wp\/v2\/media?parent=95112"}],"wp:term":[{"taxonomy":"category","embeddable":true,"href":"https:\/\/www.visit-ulcinj.com\/blog\/wp-json\/wp\/v2\/categories?post=95112"},{"taxonomy":"post_tag","embeddable":true,"href":"https:\/\/www.visit-ulcinj.com\/blog\/wp-json\/wp\/v2\/tags?post=95112"}],"curies":[{"name":"wp","href":"https:\/\/api.w.org\/{rel}","templated":true}]}}