{"id":95114,"date":"2016-03-03T16:52:10","date_gmt":"2016-03-03T15:52:10","guid":{"rendered":"http:\/\/www.visit-ulcinj.com\/blog\/?p=95114"},"modified":"2016-03-03T16:52:42","modified_gmt":"2016-03-03T15:52:42","slug":"ligjerate-per-semundjen-e-shputes-diabetike-ne-shkollen-e-muzikes","status":"publish","type":"post","link":"https:\/\/www.visit-ulcinj.com\/blog\/2016\/03\/03\/ligjerate-per-semundjen-e-shputes-diabetike-ne-shkollen-e-muzikes\/","title":{"rendered":"Ligj\u00ebrat\u00eb p\u00ebr s\u00ebmundjen e shput\u00ebs diabetike, n\u00eb Shkoll\u00ebn e Muzik\u00ebs"},"content":{"rendered":"<p><a href=\"http:\/\/www.visit-ulcinj.com\/blog\/wp-content\/uploads\/2016\/03\/Diabeti-.jpg\"><img loading=\"lazy\" class=\"alignleft wp-image-95115 size-full\" src=\"http:\/\/www.visit-ulcinj.com\/blog\/wp-content\/uploads\/2016\/03\/Diabeti-.jpg\" alt=\"Diabeti-\" width=\"304\" height=\"269\" \/><\/a>N\u00eb kuad\u00ebr t\u00eb aktiviteteve sensibilizuese p\u00ebr s\u00ebmundjen e sheqerit Shoqata e diabetik\u00ebve \u201c Rrethi i kalt\u00ebr\u201d n\u00eb Ulqin do t\u00eb organizoj\u00eb dit\u00ebn e diel, m\u00eb 6 mars, n\u00eb ora 11:00, n\u00eb Shkoll\u00ebn e Muzik\u00ebs nj\u00eb konsulenc\u00eb p\u00ebr diabetik\u00ebt. Mjekja n\u00eb pavionin e endokrinologjis\u00eb n\u00eb Spitalin e Tivarit Valentina Kaliniq do t\u00eb jap\u00eb informacione dhe k\u00ebshilla t\u00eb dobishme p\u00ebr s\u00ebmundjen e shput\u00ebs diabetike , q\u00eb paraqet problem me r\u00ebnd\u00ebsi shum\u00eb t\u00eb madhe jet\u00ebsore p\u00ebr diabetik\u00ebt.<\/p>\n<p>Kryetarja e Shoqt\u00ebs\u201dRrethi i kalt\u00ebr\u201d Veneranda Gjonaj thot\u00eb se me k\u00ebt\u00eb rast diabetik\u00ebve do t\u2019u ndahen falas disa aparate p\u00ebr matjen e sheqerit n\u00eb gjak, donacion i Farmacis\u00eb private \u201c Panaceja\u201d dhe do t\u00eb b\u00ebhet an\u00ebtar\u00ebsimi i an\u00ebtar\u00ebve t\u00eb ri t\u00eb shoqat\u00ebs. Gjonaj b\u00ebn thirrje q\u00eb t\u00eb marrin pjes\u00eb sa m\u00eb shum\u00eb diabetik\u00eb, sepse ata do t\u00eb k\u00ebshillohen dhe do t\u00eb njoftohen me simptomet, komplikacionet, prevenc\u00ebn dhe sh\u00ebrimin e shput\u00ebs diabetike.<\/p>\n<p><strong>Gjek\u00eb Gjonaj<\/strong><\/p>\n<p><a href=\"http:\/\/www.visit-ulcinj.com\/blog\/wp-content\/uploads\/2016\/03\/Diabeti-1.jpg\"><img loading=\"lazy\" class=\"alignleft wp-image-95116\" src=\"http:\/\/www.visit-ulcinj.com\/blog\/wp-content\/uploads\/2016\/03\/Diabeti-1.jpg\" alt=\"Diabeti-1\" width=\"508\" height=\"340\" \/><\/a><\/p>\n","protected":false},"excerpt":{"rendered":"<p>N\u00eb kuad\u00ebr t\u00eb aktiviteteve sensibilizuese p\u00ebr s\u00ebmundjen e sheqerit Shoqata e diabetik\u00ebve \u201c Rrethi i kalt\u00ebr\u201d n\u00eb Ulqin do t\u00eb organizoj\u00eb dit\u00ebn e diel, m\u00eb 6 mars, n\u00eb ora 11:00, n\u00eb Shkoll\u00ebn e Muzik\u00ebs nj\u00eb konsulenc\u00eb p\u00ebr diabetik\u00ebt. Mjekja n\u00eb pavionin e endokrinologjis\u00eb n\u00eb Spitalin e Tivarit Valentina Kaliniq do t\u00eb jap\u00eb informacione dhe k\u00ebshilla [&hellip;]<\/p>\n","protected":false},"author":1,"featured_media":0,"comment_status":"closed","ping_status":"closed","sticky":false,"template":"","format":"standard","meta":{"spay_email":"","jetpack_publicize_message":"","jetpack_is_tweetstorm":false,"jetpack_publicize_feature_enabled":true},"categories":[6950],"tags":[],"jetpack_publicize_connections":[],"yoast_head":"<!-- This site is optimized with the Yoast SEO plugin v19.1 - https:\/\/yoast.com\/wordpress\/plugins\/seo\/ -->\n<title>Ligj\u00ebrat\u00eb p\u00ebr s\u00ebmundjen e shput\u00ebs diabetike, n\u00eb Shkoll\u00ebn e Muzik\u00ebs - Lajme nga Ulqini<\/title>\n<meta name=\"description\" content=\"N\u00eb kuad\u00ebr t\u00eb aktiviteteve sensibilizuese p\u00ebr s\u00ebmundjen e sheqerit Shoqata e diabetik\u00ebve \u201c Rrethi i kalt\u00ebr\u201d n\u00eb Ulqin do t\u00eb organizoj\u00eb dit\u00ebn e diel, m\u00eb 6\" \/>\n<meta name=\"robots\" content=\"index, follow, max-snippet:-1, max-image-preview:large, max-video-preview:-1\" \/>\n<link rel=\"canonical\" href=\"https:\/\/www.visit-ulcinj.com\/blog\/2016\/03\/03\/ligjerate-per-semundjen-e-shputes-diabetike-ne-shkollen-e-muzikes\/\" \/>\n<meta property=\"og:locale\" content=\"en_US\" \/>\n<meta property=\"og:type\" content=\"article\" \/>\n<meta property=\"og:title\" content=\"Ligj\u00ebrat\u00eb p\u00ebr s\u00ebmundjen e shput\u00ebs diabetike, n\u00eb Shkoll\u00ebn e Muzik\u00ebs - Lajme nga Ulqini\" \/>\n<meta property=\"og:description\" content=\"N\u00eb kuad\u00ebr t\u00eb aktiviteteve sensibilizuese p\u00ebr s\u00ebmundjen e sheqerit Shoqata e diabetik\u00ebve \u201c Rrethi i kalt\u00ebr\u201d n\u00eb Ulqin do t\u00eb organizoj\u00eb dit\u00ebn e diel, m\u00eb 6\" \/>\n<meta property=\"og:url\" content=\"https:\/\/www.visit-ulcinj.com\/blog\/2016\/03\/03\/ligjerate-per-semundjen-e-shputes-diabetike-ne-shkollen-e-muzikes\/\" \/>\n<meta property=\"og:site_name\" content=\"Lajme nga Ulqini\" \/>\n<meta property=\"article:published_time\" content=\"2016-03-03T15:52:10+00:00\" \/>\n<meta property=\"article:modified_time\" content=\"2016-03-03T15:52:42+00:00\" \/>\n<meta property=\"og:image\" content=\"http:\/\/www.visit-ulcinj.com\/blog\/wp-content\/uploads\/2016\/03\/Diabeti-.jpg\" \/>\n<meta name=\"twitter:label1\" content=\"Written by\" \/>\n\t<meta name=\"twitter:data1\" content=\"ulqini\" \/>\n\t<meta name=\"twitter:label2\" content=\"Est. reading time\" \/>\n\t<meta name=\"twitter:data2\" content=\"1 minute\" \/>\n<script type=\"application\/ld+json\" class=\"yoast-schema-graph\">{\"@context\":\"https:\/\/schema.org\",\"@graph\":[{\"@type\":\"WebSite\",\"@id\":\"https:\/\/www.visit-ulcinj.com\/blog\/#website\",\"url\":\"https:\/\/www.visit-ulcinj.com\/blog\/\",\"name\":\"Lajme nga Ulqini\",\"description\":\"Lajme,Vijesti,Ulqini,Ulqin,Crna Gora,Mali i Zi\",\"potentialAction\":[{\"@type\":\"SearchAction\",\"target\":{\"@type\":\"EntryPoint\",\"urlTemplate\":\"https:\/\/www.visit-ulcinj.com\/blog\/?s={search_term_string}\"},\"query-input\":\"required name=search_term_string\"}],\"inLanguage\":\"en-US\"},{\"@type\":\"ImageObject\",\"inLanguage\":\"en-US\",\"@id\":\"https:\/\/www.visit-ulcinj.com\/blog\/2016\/03\/03\/ligjerate-per-semundjen-e-shputes-diabetike-ne-shkollen-e-muzikes\/#primaryimage\",\"url\":\"http:\/\/www.visit-ulcinj.com\/blog\/wp-content\/uploads\/2016\/03\/Diabeti-.jpg\",\"contentUrl\":\"http:\/\/www.visit-ulcinj.com\/blog\/wp-content\/uploads\/2016\/03\/Diabeti-.jpg\"},{\"@type\":\"WebPage\",\"@id\":\"https:\/\/www.visit-ulcinj.com\/blog\/2016\/03\/03\/ligjerate-per-semundjen-e-shputes-diabetike-ne-shkollen-e-muzikes\/#webpage\",\"url\":\"https:\/\/www.visit-ulcinj.com\/blog\/2016\/03\/03\/ligjerate-per-semundjen-e-shputes-diabetike-ne-shkollen-e-muzikes\/\",\"name\":\"Ligj\u00ebrat\u00eb p\u00ebr s\u00ebmundjen e shput\u00ebs diabetike, n\u00eb Shkoll\u00ebn e Muzik\u00ebs - Lajme nga Ulqini\",\"isPartOf\":{\"@id\":\"https:\/\/www.visit-ulcinj.com\/blog\/#website\"},\"primaryImageOfPage\":{\"@id\":\"https:\/\/www.visit-ulcinj.com\/blog\/2016\/03\/03\/ligjerate-per-semundjen-e-shputes-diabetike-ne-shkollen-e-muzikes\/#primaryimage\"},\"datePublished\":\"2016-03-03T15:52:10+00:00\",\"dateModified\":\"2016-03-03T15:52:42+00:00\",\"author\":{\"@id\":\"https:\/\/www.visit-ulcinj.com\/blog\/#\/schema\/person\/dcab619c614d3038751c63bc2aadc06d\"},\"description\":\"N\u00eb kuad\u00ebr t\u00eb aktiviteteve sensibilizuese p\u00ebr s\u00ebmundjen e sheqerit Shoqata e diabetik\u00ebve \u201c Rrethi i kalt\u00ebr\u201d n\u00eb Ulqin do t\u00eb organizoj\u00eb dit\u00ebn e diel, m\u00eb 6\",\"breadcrumb\":{\"@id\":\"https:\/\/www.visit-ulcinj.com\/blog\/2016\/03\/03\/ligjerate-per-semundjen-e-shputes-diabetike-ne-shkollen-e-muzikes\/#breadcrumb\"},\"inLanguage\":\"en-US\",\"potentialAction\":[{\"@type\":\"ReadAction\",\"target\":[\"https:\/\/www.visit-ulcinj.com\/blog\/2016\/03\/03\/ligjerate-per-semundjen-e-shputes-diabetike-ne-shkollen-e-muzikes\/\"]}]},{\"@type\":\"BreadcrumbList\",\"@id\":\"https:\/\/www.visit-ulcinj.com\/blog\/2016\/03\/03\/ligjerate-per-semundjen-e-shputes-diabetike-ne-shkollen-e-muzikes\/#breadcrumb\",\"itemListElement\":[{\"@type\":\"ListItem\",\"position\":1,\"name\":\"Ligj\u00ebrat\u00eb p\u00ebr s\u00ebmundjen e shput\u00ebs diabetike, n\u00eb Shkoll\u00ebn e Muzik\u00ebs\"}]},{\"@type\":\"Person\",\"@id\":\"https:\/\/www.visit-ulcinj.com\/blog\/#\/schema\/person\/dcab619c614d3038751c63bc2aadc06d\",\"name\":\"ulqini\",\"sameAs\":[\"http:\/\/www.visit-ulcinj.com\"],\"url\":\"https:\/\/www.visit-ulcinj.com\/blog\/author\/admin\/\"}]}<\/script>\n<!-- \/ Yoast SEO plugin. -->","yoast_head_json":{"title":"Ligj\u00ebrat\u00eb p\u00ebr s\u00ebmundjen e shput\u00ebs diabetike, n\u00eb Shkoll\u00ebn e Muzik\u00ebs - Lajme nga Ulqini","description":"N\u00eb kuad\u00ebr t\u00eb aktiviteteve sensibilizuese p\u00ebr s\u00ebmundjen e sheqerit Shoqata e diabetik\u00ebve \u201c Rrethi i kalt\u00ebr\u201d n\u00eb Ulqin do t\u00eb organizoj\u00eb dit\u00ebn e diel, m\u00eb 6","robots":{"index":"index","follow":"follow","max-snippet":"max-snippet:-1","max-image-preview":"max-image-preview:large","max-video-preview":"max-video-preview:-1"},"canonical":"https:\/\/www.visit-ulcinj.com\/blog\/2016\/03\/03\/ligjerate-per-semundjen-e-shputes-diabetike-ne-shkollen-e-muzikes\/","og_locale":"en_US","og_type":"article","og_title":"Ligj\u00ebrat\u00eb p\u00ebr s\u00ebmundjen e shput\u00ebs diabetike, n\u00eb Shkoll\u00ebn e Muzik\u00ebs - Lajme nga Ulqini","og_description":"N\u00eb kuad\u00ebr t\u00eb aktiviteteve sensibilizuese p\u00ebr s\u00ebmundjen e sheqerit Shoqata e diabetik\u00ebve \u201c Rrethi i kalt\u00ebr\u201d n\u00eb Ulqin do t\u00eb organizoj\u00eb dit\u00ebn e diel, m\u00eb 6","og_url":"https:\/\/www.visit-ulcinj.com\/blog\/2016\/03\/03\/ligjerate-per-semundjen-e-shputes-diabetike-ne-shkollen-e-muzikes\/","og_site_name":"Lajme nga Ulqini","article_published_time":"2016-03-03T15:52:10+00:00","article_modified_time":"2016-03-03T15:52:42+00:00","og_image":[{"url":"http:\/\/www.visit-ulcinj.com\/blog\/wp-content\/uploads\/2016\/03\/Diabeti-.jpg"}],"twitter_misc":{"Written by":"ulqini","Est. reading time":"1 minute"},"schema":{"@context":"https:\/\/schema.org","@graph":[{"@type":"WebSite","@id":"https:\/\/www.visit-ulcinj.com\/blog\/#website","url":"https:\/\/www.visit-ulcinj.com\/blog\/","name":"Lajme nga Ulqini","description":"Lajme,Vijesti,Ulqini,Ulqin,Crna Gora,Mali i Zi","potentialAction":[{"@type":"SearchAction","target":{"@type":"EntryPoint","urlTemplate":"https:\/\/www.visit-ulcinj.com\/blog\/?s={search_term_string}"},"query-input":"required name=search_term_string"}],"inLanguage":"en-US"},{"@type":"ImageObject","inLanguage":"en-US","@id":"https:\/\/www.visit-ulcinj.com\/blog\/2016\/03\/03\/ligjerate-per-semundjen-e-shputes-diabetike-ne-shkollen-e-muzikes\/#primaryimage","url":"http:\/\/www.visit-ulcinj.com\/blog\/wp-content\/uploads\/2016\/03\/Diabeti-.jpg","contentUrl":"http:\/\/www.visit-ulcinj.com\/blog\/wp-content\/uploads\/2016\/03\/Diabeti-.jpg"},{"@type":"WebPage","@id":"https:\/\/www.visit-ulcinj.com\/blog\/2016\/03\/03\/ligjerate-per-semundjen-e-shputes-diabetike-ne-shkollen-e-muzikes\/#webpage","url":"https:\/\/www.visit-ulcinj.com\/blog\/2016\/03\/03\/ligjerate-per-semundjen-e-shputes-diabetike-ne-shkollen-e-muzikes\/","name":"Ligj\u00ebrat\u00eb p\u00ebr s\u00ebmundjen e shput\u00ebs diabetike, n\u00eb Shkoll\u00ebn e Muzik\u00ebs - Lajme nga Ulqini","isPartOf":{"@id":"https:\/\/www.visit-ulcinj.com\/blog\/#website"},"primaryImageOfPage":{"@id":"https:\/\/www.visit-ulcinj.com\/blog\/2016\/03\/03\/ligjerate-per-semundjen-e-shputes-diabetike-ne-shkollen-e-muzikes\/#primaryimage"},"datePublished":"2016-03-03T15:52:10+00:00","dateModified":"2016-03-03T15:52:42+00:00","author":{"@id":"https:\/\/www.visit-ulcinj.com\/blog\/#\/schema\/person\/dcab619c614d3038751c63bc2aadc06d"},"description":"N\u00eb kuad\u00ebr t\u00eb aktiviteteve sensibilizuese p\u00ebr s\u00ebmundjen e sheqerit Shoqata e diabetik\u00ebve \u201c Rrethi i kalt\u00ebr\u201d n\u00eb Ulqin do t\u00eb organizoj\u00eb dit\u00ebn e diel, m\u00eb 6","breadcrumb":{"@id":"https:\/\/www.visit-ulcinj.com\/blog\/2016\/03\/03\/ligjerate-per-semundjen-e-shputes-diabetike-ne-shkollen-e-muzikes\/#breadcrumb"},"inLanguage":"en-US","potentialAction":[{"@type":"ReadAction","target":["https:\/\/www.visit-ulcinj.com\/blog\/2016\/03\/03\/ligjerate-per-semundjen-e-shputes-diabetike-ne-shkollen-e-muzikes\/"]}]},{"@type":"BreadcrumbList","@id":"https:\/\/www.visit-ulcinj.com\/blog\/2016\/03\/03\/ligjerate-per-semundjen-e-shputes-diabetike-ne-shkollen-e-muzikes\/#breadcrumb","itemListElement":[{"@type":"ListItem","position":1,"name":"Ligj\u00ebrat\u00eb p\u00ebr s\u00ebmundjen e shput\u00ebs diabetike, n\u00eb Shkoll\u00ebn e Muzik\u00ebs"}]},{"@type":"Person","@id":"https:\/\/www.visit-ulcinj.com\/blog\/#\/schema\/person\/dcab619c614d3038751c63bc2aadc06d","name":"ulqini","sameAs":["http:\/\/www.visit-ulcinj.com"],"url":"https:\/\/www.visit-ulcinj.com\/blog\/author\/admin\/"}]}},"jetpack_featured_media_url":"","jetpack_sharing_enabled":true,"jetpack_shortlink":"https:\/\/wp.me\/pe6lTn-oK6","_links":{"self":[{"href":"https:\/\/www.visit-ulcinj.com\/blog\/wp-json\/wp\/v2\/posts\/95114"}],"collection":[{"href":"https:\/\/www.visit-ulcinj.com\/blog\/wp-json\/wp\/v2\/posts"}],"about":[{"href":"https:\/\/www.visit-ulcinj.com\/blog\/wp-json\/wp\/v2\/types\/post"}],"author":[{"embeddable":true,"href":"https:\/\/www.visit-ulcinj.com\/blog\/wp-json\/wp\/v2\/users\/1"}],"replies":[{"embeddable":true,"href":"https:\/\/www.visit-ulcinj.com\/blog\/wp-json\/wp\/v2\/comments?post=95114"}],"version-history":[{"count":2,"href":"https:\/\/www.visit-ulcinj.com\/blog\/wp-json\/wp\/v2\/posts\/95114\/revisions"}],"predecessor-version":[{"id":95118,"href":"https:\/\/www.visit-ulcinj.com\/blog\/wp-json\/wp\/v2\/posts\/95114\/revisions\/95118"}],"wp:attachment":[{"href":"https:\/\/www.visit-ulcinj.com\/blog\/wp-json\/wp\/v2\/media?parent=95114"}],"wp:term":[{"taxonomy":"category","embeddable":true,"href":"https:\/\/www.visit-ulcinj.com\/blog\/wp-json\/wp\/v2\/categories?post=95114"},{"taxonomy":"post_tag","embeddable":true,"href":"https:\/\/www.visit-ulcinj.com\/blog\/wp-json\/wp\/v2\/tags?post=95114"}],"curies":[{"name":"wp","href":"https:\/\/api.w.org\/{rel}","templated":true}]}}