{"id":95125,"date":"2016-03-03T18:43:09","date_gmt":"2016-03-03T17:43:09","guid":{"rendered":"http:\/\/www.visit-ulcinj.com\/blog\/?p=95125"},"modified":"2016-03-03T18:43:09","modified_gmt":"2016-03-03T17:43:09","slug":"daliborka-pejovic-ostajemo-posveceni-zastiti-solane","status":"publish","type":"post","link":"https:\/\/www.visit-ulcinj.com\/blog\/2016\/03\/03\/daliborka-pejovic-ostajemo-posveceni-zastiti-solane\/","title":{"rendered":"Daliborka Pejovi\u0107: Ostajemo posve\u0107eni za\u0161titi Solane"},"content":{"rendered":"<p><a href=\"http:\/\/www.visit-ulcinj.com\/blog\/wp-content\/uploads\/2014\/04\/Ulcinjska-Solana-.jpg\"><img loading=\"lazy\" class=\"alignleft wp-image-81277\" src=\"http:\/\/www.visit-ulcinj.com\/blog\/wp-content\/uploads\/2014\/04\/Ulcinjska-Solana-.jpg\" alt=\"Ulcinjska-Solana-\" width=\"508\" height=\"338\" srcset=\"https:\/\/www.visit-ulcinj.com\/blog\/wp-content\/uploads\/2014\/04\/Ulcinjska-Solana-.jpg 720w, https:\/\/www.visit-ulcinj.com\/blog\/wp-content\/uploads\/2014\/04\/Ulcinjska-Solana--300x199.jpg 300w\" sizes=\"(max-width: 508px) 100vw, 508px\" \/><\/a>Dr\u017eava ostaje posve\u0107ena za\u0161titi ulcinjske Solane, jer smo itekako svjesni \u0161ta ovaj prostor zna\u010di za Crnu Goru, o kakvom se biseru prirodnih vrijednosti radi i moramo voditi ra\u010duna da ono \u0161to proklamujemo kao za\u0161ti\u0107eno podru\u010dje, moramo i \u0161tititi na pravi na\u010din, kazala je dr\u017eavna sekretarka u Ministarstvu odr\u017eivog razvoja i turizma Daliborka Pejovi\u0107. Ona je danas, nakon sjednice Savjetodavnog tijela za Solanu, kazala da u Ministarstvu pripremaju odgovor na inicijativu lokalne uprave da se Solana proglasi spomenikom prirode.<\/p>\n<p>Savjetodavno tijelo odr\u017ealo je sjednicu u samoj Solani Bajo Sekuli\u0107 AD u ste\u010daju.<\/p>\n<p>Pejovi\u0107 je podsjetila da su, od potpisivanja ugovora o zakupu Solane, 24. avgusta pro\u0161le godine, donijete vrlo va\u017ene odluke. Kako je kazala, odluka Ustavnog suda va\u017ena je u budu\u0107em planiranju i promi\u0161ljanju ovog prostora. Podsjetimo, Ustavni sud je poni\u0161tio odluku Skup\u0161tine o izmjeni prostornog plana kojim su Solana i jo\u0161 desetak lokaliteta bili za\u0161ti\u0107eni kao spomenici prirode i na kojima je bila zabranjena gradnja.<\/p>\n<p>Druga zna\u010dajna \u010dinjenica, po Pejovi\u0107evoj, je inicijativa lokalne uprave Ulcinja u vezi sa progla\u0161enjem Solane spomenikom prirode.<\/p>\n<p>&#8220;Mi trenutno u Ministarstvu pripremamo odgovor prema toj inicijativi. Op\u0161tini Ulcinj smo tra\u017eili, uslovno re\u010deno, dodatna poja\u0161njenja, odnosno ispunjenje u potpunosti Zakona o za\u0161titi prirode koji predvi\u0111a apsolutno identifikovanje potrebnih finansijskih sredstava za upravljanje i odr\u017eavanje Solane, davanje dokaza koji su to upravlja\u010di koji su legitimni ispred Op\u0161tine i koji za to ispunjavaju zakonom propisane uslove i koji su to izvori finansijskih sredstava neophodnih da bi se ovim prostorom upravljalo na odr\u017eiv na\u010din&#8221;, kazala je Pejovi\u0107.<\/p>\n<p>Ona o\u010dekuje da \u0107e, u komunikaciji sa lokalnom upravom, vrlo brzo imati konkretne rezultate.<\/p>\n<p>&#8220;A mi \u0107emo pomo\u0107i sa nivoa Vlade, odnosno Ministarstva, da se dobiju adekvatne studije i da se ovaj problem rije\u0161i na pravi na\u010din. Tako\u0111e smo u obavezi da uradimo analizu kako Zakon o ste\u010daju u trenutnim uslovima ima uticaja na red koraka, jer tu ne \u017eelimo da napravimo niti jedan formalno-pravni propust&#8221;, kazala je Pejovi\u0107, preciziraju da \u0107e se Ministarstvo odr\u017eivog razvoja i turizma, nakon \u0161to dobije sve inpute, odrediti prema ovoj inicijativi.<\/p>\n<p>Direktor Nacionalnih parkova Crne Gore Zoran Mrdak kazao je, da sa stanovni\u0161ta NPCG, stvari idu ustaljenim ritomom.<\/p>\n<p>&#8220;Ovaj prostor \u0161titimo kako kroz fizi\u010dku, tako i kroz stru\u010dnu za\u0161titu. Proteklih pola godine, od kad mi upravljamo Solanom, nije se desio niti jedan incident. Popravljena je infrastruktura potrebna za manipulaciju vodama i mo\u017eemo da ka\u017eemo da sa aktivnostima koje Nacionalne parkove o\u010dekuju u pripremi sezone, mi smo sve na\u0161e zadatke, a to je upravljanje i valorizacija Solane, ispunili\u201c, kazao je Mrdak.<\/p>\n<p><strong>Izvor: RTCG<\/strong><\/p>\n","protected":false},"excerpt":{"rendered":"<p>Dr\u017eava ostaje posve\u0107ena za\u0161titi ulcinjske Solane, jer smo itekako svjesni \u0161ta ovaj prostor zna\u010di za Crnu Goru, o kakvom se biseru prirodnih vrijednosti radi i moramo voditi ra\u010duna da ono \u0161to proklamujemo kao za\u0161ti\u0107eno podru\u010dje, moramo i \u0161tititi na pravi na\u010din, kazala je dr\u017eavna sekretarka u Ministarstvu odr\u017eivog razvoja i turizma Daliborka Pejovi\u0107. Ona je [&hellip;]<\/p>\n","protected":false},"author":1,"featured_media":0,"comment_status":"closed","ping_status":"closed","sticky":false,"template":"","format":"standard","meta":{"spay_email":"","jetpack_publicize_message":"","jetpack_is_tweetstorm":false,"jetpack_publicize_feature_enabled":true},"categories":[6950],"tags":[],"jetpack_publicize_connections":[],"yoast_head":"<!-- This site is optimized with the Yoast SEO plugin v19.1 - https:\/\/yoast.com\/wordpress\/plugins\/seo\/ -->\n<title>Daliborka Pejovi\u0107: Ostajemo posve\u0107eni za\u0161titi Solane - Lajme nga Ulqini<\/title>\n<meta name=\"description\" content=\"Dr\u017eava ostaje posve\u0107ena za\u0161titi ulcinjske Solane, jer smo itekako svjesni \u0161ta ovaj prostor zna\u010di za Crnu Goru, o kakvom se biseru prirodnih vrijednosti\" \/>\n<meta name=\"robots\" content=\"index, follow, max-snippet:-1, max-image-preview:large, max-video-preview:-1\" \/>\n<link rel=\"canonical\" href=\"https:\/\/www.visit-ulcinj.com\/blog\/2016\/03\/03\/daliborka-pejovic-ostajemo-posveceni-zastiti-solane\/\" \/>\n<meta property=\"og:locale\" content=\"en_US\" \/>\n<meta property=\"og:type\" content=\"article\" \/>\n<meta property=\"og:title\" content=\"Daliborka Pejovi\u0107: Ostajemo posve\u0107eni za\u0161titi Solane - Lajme nga Ulqini\" \/>\n<meta property=\"og:description\" content=\"Dr\u017eava ostaje posve\u0107ena za\u0161titi ulcinjske Solane, jer smo itekako svjesni \u0161ta ovaj prostor zna\u010di za Crnu Goru, o kakvom se biseru prirodnih vrijednosti\" \/>\n<meta property=\"og:url\" content=\"https:\/\/www.visit-ulcinj.com\/blog\/2016\/03\/03\/daliborka-pejovic-ostajemo-posveceni-zastiti-solane\/\" \/>\n<meta property=\"og:site_name\" content=\"Lajme nga Ulqini\" \/>\n<meta property=\"article:published_time\" content=\"2016-03-03T17:43:09+00:00\" \/>\n<meta property=\"og:image\" content=\"http:\/\/www.visit-ulcinj.com\/blog\/wp-content\/uploads\/2014\/04\/Ulcinjska-Solana-.jpg\" \/>\n<meta name=\"twitter:label1\" content=\"Written by\" \/>\n\t<meta name=\"twitter:data1\" content=\"ulqini\" \/>\n\t<meta name=\"twitter:label2\" content=\"Est. reading time\" \/>\n\t<meta name=\"twitter:data2\" content=\"2 minutes\" \/>\n<script type=\"application\/ld+json\" class=\"yoast-schema-graph\">{\"@context\":\"https:\/\/schema.org\",\"@graph\":[{\"@type\":\"WebSite\",\"@id\":\"https:\/\/www.visit-ulcinj.com\/blog\/#website\",\"url\":\"https:\/\/www.visit-ulcinj.com\/blog\/\",\"name\":\"Lajme nga Ulqini\",\"description\":\"Lajme,Vijesti,Ulqini,Ulqin,Crna Gora,Mali i Zi\",\"potentialAction\":[{\"@type\":\"SearchAction\",\"target\":{\"@type\":\"EntryPoint\",\"urlTemplate\":\"https:\/\/www.visit-ulcinj.com\/blog\/?s={search_term_string}\"},\"query-input\":\"required name=search_term_string\"}],\"inLanguage\":\"en-US\"},{\"@type\":\"ImageObject\",\"inLanguage\":\"en-US\",\"@id\":\"https:\/\/www.visit-ulcinj.com\/blog\/2016\/03\/03\/daliborka-pejovic-ostajemo-posveceni-zastiti-solane\/#primaryimage\",\"url\":\"https:\/\/www.visit-ulcinj.com\/blog\/wp-content\/uploads\/2014\/04\/Ulcinjska-Solana-.jpg\",\"contentUrl\":\"https:\/\/www.visit-ulcinj.com\/blog\/wp-content\/uploads\/2014\/04\/Ulcinjska-Solana-.jpg\",\"width\":720,\"height\":479},{\"@type\":\"WebPage\",\"@id\":\"https:\/\/www.visit-ulcinj.com\/blog\/2016\/03\/03\/daliborka-pejovic-ostajemo-posveceni-zastiti-solane\/#webpage\",\"url\":\"https:\/\/www.visit-ulcinj.com\/blog\/2016\/03\/03\/daliborka-pejovic-ostajemo-posveceni-zastiti-solane\/\",\"name\":\"Daliborka Pejovi\u0107: Ostajemo posve\u0107eni za\u0161titi Solane - Lajme nga Ulqini\",\"isPartOf\":{\"@id\":\"https:\/\/www.visit-ulcinj.com\/blog\/#website\"},\"primaryImageOfPage\":{\"@id\":\"https:\/\/www.visit-ulcinj.com\/blog\/2016\/03\/03\/daliborka-pejovic-ostajemo-posveceni-zastiti-solane\/#primaryimage\"},\"datePublished\":\"2016-03-03T17:43:09+00:00\",\"dateModified\":\"2016-03-03T17:43:09+00:00\",\"author\":{\"@id\":\"https:\/\/www.visit-ulcinj.com\/blog\/#\/schema\/person\/dcab619c614d3038751c63bc2aadc06d\"},\"description\":\"Dr\u017eava ostaje posve\u0107ena za\u0161titi ulcinjske Solane, jer smo itekako svjesni \u0161ta ovaj prostor zna\u010di za Crnu Goru, o kakvom se biseru prirodnih vrijednosti\",\"breadcrumb\":{\"@id\":\"https:\/\/www.visit-ulcinj.com\/blog\/2016\/03\/03\/daliborka-pejovic-ostajemo-posveceni-zastiti-solane\/#breadcrumb\"},\"inLanguage\":\"en-US\",\"potentialAction\":[{\"@type\":\"ReadAction\",\"target\":[\"https:\/\/www.visit-ulcinj.com\/blog\/2016\/03\/03\/daliborka-pejovic-ostajemo-posveceni-zastiti-solane\/\"]}]},{\"@type\":\"BreadcrumbList\",\"@id\":\"https:\/\/www.visit-ulcinj.com\/blog\/2016\/03\/03\/daliborka-pejovic-ostajemo-posveceni-zastiti-solane\/#breadcrumb\",\"itemListElement\":[{\"@type\":\"ListItem\",\"position\":1,\"name\":\"Daliborka Pejovi\u0107: Ostajemo posve\u0107eni za\u0161titi Solane\"}]},{\"@type\":\"Person\",\"@id\":\"https:\/\/www.visit-ulcinj.com\/blog\/#\/schema\/person\/dcab619c614d3038751c63bc2aadc06d\",\"name\":\"ulqini\",\"sameAs\":[\"http:\/\/www.visit-ulcinj.com\"],\"url\":\"https:\/\/www.visit-ulcinj.com\/blog\/author\/admin\/\"}]}<\/script>\n<!-- \/ Yoast SEO plugin. -->","yoast_head_json":{"title":"Daliborka Pejovi\u0107: Ostajemo posve\u0107eni za\u0161titi Solane - Lajme nga Ulqini","description":"Dr\u017eava ostaje posve\u0107ena za\u0161titi ulcinjske Solane, jer smo itekako svjesni \u0161ta ovaj prostor zna\u010di za Crnu Goru, o kakvom se biseru prirodnih vrijednosti","robots":{"index":"index","follow":"follow","max-snippet":"max-snippet:-1","max-image-preview":"max-image-preview:large","max-video-preview":"max-video-preview:-1"},"canonical":"https:\/\/www.visit-ulcinj.com\/blog\/2016\/03\/03\/daliborka-pejovic-ostajemo-posveceni-zastiti-solane\/","og_locale":"en_US","og_type":"article","og_title":"Daliborka Pejovi\u0107: Ostajemo posve\u0107eni za\u0161titi Solane - Lajme nga Ulqini","og_description":"Dr\u017eava ostaje posve\u0107ena za\u0161titi ulcinjske Solane, jer smo itekako svjesni \u0161ta ovaj prostor zna\u010di za Crnu Goru, o kakvom se biseru prirodnih vrijednosti","og_url":"https:\/\/www.visit-ulcinj.com\/blog\/2016\/03\/03\/daliborka-pejovic-ostajemo-posveceni-zastiti-solane\/","og_site_name":"Lajme nga Ulqini","article_published_time":"2016-03-03T17:43:09+00:00","og_image":[{"url":"http:\/\/www.visit-ulcinj.com\/blog\/wp-content\/uploads\/2014\/04\/Ulcinjska-Solana-.jpg"}],"twitter_misc":{"Written by":"ulqini","Est. reading time":"2 minutes"},"schema":{"@context":"https:\/\/schema.org","@graph":[{"@type":"WebSite","@id":"https:\/\/www.visit-ulcinj.com\/blog\/#website","url":"https:\/\/www.visit-ulcinj.com\/blog\/","name":"Lajme nga Ulqini","description":"Lajme,Vijesti,Ulqini,Ulqin,Crna Gora,Mali i Zi","potentialAction":[{"@type":"SearchAction","target":{"@type":"EntryPoint","urlTemplate":"https:\/\/www.visit-ulcinj.com\/blog\/?s={search_term_string}"},"query-input":"required name=search_term_string"}],"inLanguage":"en-US"},{"@type":"ImageObject","inLanguage":"en-US","@id":"https:\/\/www.visit-ulcinj.com\/blog\/2016\/03\/03\/daliborka-pejovic-ostajemo-posveceni-zastiti-solane\/#primaryimage","url":"https:\/\/www.visit-ulcinj.com\/blog\/wp-content\/uploads\/2014\/04\/Ulcinjska-Solana-.jpg","contentUrl":"https:\/\/www.visit-ulcinj.com\/blog\/wp-content\/uploads\/2014\/04\/Ulcinjska-Solana-.jpg","width":720,"height":479},{"@type":"WebPage","@id":"https:\/\/www.visit-ulcinj.com\/blog\/2016\/03\/03\/daliborka-pejovic-ostajemo-posveceni-zastiti-solane\/#webpage","url":"https:\/\/www.visit-ulcinj.com\/blog\/2016\/03\/03\/daliborka-pejovic-ostajemo-posveceni-zastiti-solane\/","name":"Daliborka Pejovi\u0107: Ostajemo posve\u0107eni za\u0161titi Solane - Lajme nga Ulqini","isPartOf":{"@id":"https:\/\/www.visit-ulcinj.com\/blog\/#website"},"primaryImageOfPage":{"@id":"https:\/\/www.visit-ulcinj.com\/blog\/2016\/03\/03\/daliborka-pejovic-ostajemo-posveceni-zastiti-solane\/#primaryimage"},"datePublished":"2016-03-03T17:43:09+00:00","dateModified":"2016-03-03T17:43:09+00:00","author":{"@id":"https:\/\/www.visit-ulcinj.com\/blog\/#\/schema\/person\/dcab619c614d3038751c63bc2aadc06d"},"description":"Dr\u017eava ostaje posve\u0107ena za\u0161titi ulcinjske Solane, jer smo itekako svjesni \u0161ta ovaj prostor zna\u010di za Crnu Goru, o kakvom se biseru prirodnih vrijednosti","breadcrumb":{"@id":"https:\/\/www.visit-ulcinj.com\/blog\/2016\/03\/03\/daliborka-pejovic-ostajemo-posveceni-zastiti-solane\/#breadcrumb"},"inLanguage":"en-US","potentialAction":[{"@type":"ReadAction","target":["https:\/\/www.visit-ulcinj.com\/blog\/2016\/03\/03\/daliborka-pejovic-ostajemo-posveceni-zastiti-solane\/"]}]},{"@type":"BreadcrumbList","@id":"https:\/\/www.visit-ulcinj.com\/blog\/2016\/03\/03\/daliborka-pejovic-ostajemo-posveceni-zastiti-solane\/#breadcrumb","itemListElement":[{"@type":"ListItem","position":1,"name":"Daliborka Pejovi\u0107: Ostajemo posve\u0107eni za\u0161titi Solane"}]},{"@type":"Person","@id":"https:\/\/www.visit-ulcinj.com\/blog\/#\/schema\/person\/dcab619c614d3038751c63bc2aadc06d","name":"ulqini","sameAs":["http:\/\/www.visit-ulcinj.com"],"url":"https:\/\/www.visit-ulcinj.com\/blog\/author\/admin\/"}]}},"jetpack_featured_media_url":"","jetpack_sharing_enabled":true,"jetpack_shortlink":"https:\/\/wp.me\/pe6lTn-oKh","_links":{"self":[{"href":"https:\/\/www.visit-ulcinj.com\/blog\/wp-json\/wp\/v2\/posts\/95125"}],"collection":[{"href":"https:\/\/www.visit-ulcinj.com\/blog\/wp-json\/wp\/v2\/posts"}],"about":[{"href":"https:\/\/www.visit-ulcinj.com\/blog\/wp-json\/wp\/v2\/types\/post"}],"author":[{"embeddable":true,"href":"https:\/\/www.visit-ulcinj.com\/blog\/wp-json\/wp\/v2\/users\/1"}],"replies":[{"embeddable":true,"href":"https:\/\/www.visit-ulcinj.com\/blog\/wp-json\/wp\/v2\/comments?post=95125"}],"version-history":[{"count":1,"href":"https:\/\/www.visit-ulcinj.com\/blog\/wp-json\/wp\/v2\/posts\/95125\/revisions"}],"predecessor-version":[{"id":95126,"href":"https:\/\/www.visit-ulcinj.com\/blog\/wp-json\/wp\/v2\/posts\/95125\/revisions\/95126"}],"wp:attachment":[{"href":"https:\/\/www.visit-ulcinj.com\/blog\/wp-json\/wp\/v2\/media?parent=95125"}],"wp:term":[{"taxonomy":"category","embeddable":true,"href":"https:\/\/www.visit-ulcinj.com\/blog\/wp-json\/wp\/v2\/categories?post=95125"},{"taxonomy":"post_tag","embeddable":true,"href":"https:\/\/www.visit-ulcinj.com\/blog\/wp-json\/wp\/v2\/tags?post=95125"}],"curies":[{"name":"wp","href":"https:\/\/api.w.org\/{rel}","templated":true}]}}