{"id":95132,"date":"2016-03-03T19:40:42","date_gmt":"2016-03-03T18:40:42","guid":{"rendered":"http:\/\/www.visit-ulcinj.com\/blog\/?p=95132"},"modified":"2016-03-03T19:40:42","modified_gmt":"2016-03-03T18:40:42","slug":"tv1-channel-dita-e-pazarit-ne-katerkolle-video","status":"publish","type":"post","link":"https:\/\/www.visit-ulcinj.com\/blog\/2016\/03\/03\/tv1-channel-dita-e-pazarit-ne-katerkolle-video\/","title":{"rendered":"TV1-CHANNEL: Dita e pazarit ne Katerkolle &#8211; Video"},"content":{"rendered":"<p><a href=\"http:\/\/www.visit-ulcinj.com\/blog\/wp-content\/uploads\/2016\/03\/Dita-Pazarit-Katerkoll-.jpg\"><img loading=\"lazy\" class=\"alignleft wp-image-95133\" src=\"http:\/\/www.visit-ulcinj.com\/blog\/wp-content\/uploads\/2016\/03\/Dita-Pazarit-Katerkoll-.jpg\" alt=\"Dita-Pazarit-Katerkoll-\" width=\"508\" height=\"344\" srcset=\"https:\/\/www.visit-ulcinj.com\/blog\/wp-content\/uploads\/2016\/03\/Dita-Pazarit-Katerkoll-.jpg 521w, https:\/\/www.visit-ulcinj.com\/blog\/wp-content\/uploads\/2016\/03\/Dita-Pazarit-Katerkoll--300x203.jpg 300w\" sizes=\"(max-width: 508px) 100vw, 508px\" \/><\/a>Nj\u00eb tradit\u00eb e cila ka nisur n\u00eb vitet e para pas luft\u00ebs s\u00eb dyt\u00eb bot\u00ebrore, p\u00ebr shkak edhe t\u00eb mbylljes s\u00eb kufirit me Shkodr\u00ebn, ku banor\u00ebt e zon\u00ebs s\u00eb An\u00ebs s\u00eb Malit n\u00eb pjes\u00ebn e Malit t\u00eb Zi nj\u00eb dit\u00eb n\u00eb jav\u00eb mblidhen dhe tregtojn\u00eb produktet e tyre\u2026.<\/p>\n<p>Edhe pse nj\u00eb dit\u00eb me shi banor\u00ebt nuk e harrojn\u00eb k\u00ebt\u00eb tradit\u00eb, nd\u00ebrsa ato pak produkte q\u00eb kan\u00eb banor\u00ebt e zon\u00ebs dalin p\u00ebr ti tregtuar\u2026.<\/p>\n<p>Do duhej q\u00eb pushteti vendor t\u00eb nd\u00ebrhyj\u00eb q\u00eb t\u00eb sistemohet pasi shum\u00eb artikuj shiten n\u00eb kushte jot \u00eb mira n\u00eb tok\u00eb\u2026.<\/p>\n<p>Territori I An\u00ebs s\u00eb Malit n\u00eb pjes\u00ebn e Malit t\u00eb Zi \u00ebsht\u00eb I p\u00ebrb\u00ebr\u00eb nga 20 fshatra si pjes\u00eb e territorit t\u00eb Komun\u00ebs s\u00eb Ulqinit. dhe sipas nj\u00eb regjistrimi t\u00eb popullis\u00eb jetojn\u00eb af\u00ebrsiht rreth 7000 banor\u00eb t\u00eb gjith\u00eb shqiptar\u2026.<\/p>\n<p>Mbyllja e kufirit n\u00eb vitin 1948 me Shqip\u00ebrin\u00eb banor\u00ebt e An\u00ebs s\u00eb Malit I drejtohen Ulqinit dhe Tivarit p\u00ebr t\u00eb kryer nevojat e tyre pasi tashm\u00eb Shkodra ishte qytet I ndaluar p\u00ebr ta. Kjo nevoj\u00eb ka detyruar organet e asaj kohe t\u00eb pushtetit vendor q\u00eb t\u00eb caktoj nj\u00eb dit\u00eb t\u00eb jav\u00ebs ku fshatar\u00ebt t\u00eb ken\u00eb mund\u00ebsi q\u00eb t\u00eb shesin produktet e tyre por edhe t\u00eb blejn\u00eb. Q\u00eb nga ajo koh\u00eb e d\u00ebri m\u00eb sot kjo dit\u00eb njihet edhe si Dita e Pazarit.<\/p>\n<p>TV1-CHANNEL<\/p>\n<!--YouTube Error: bad URL entered-->\n","protected":false},"excerpt":{"rendered":"<p>Nj\u00eb tradit\u00eb e cila ka nisur n\u00eb vitet e para pas luft\u00ebs s\u00eb dyt\u00eb bot\u00ebrore, p\u00ebr shkak edhe t\u00eb mbylljes s\u00eb kufirit me Shkodr\u00ebn, ku banor\u00ebt e zon\u00ebs s\u00eb An\u00ebs s\u00eb Malit n\u00eb pjes\u00ebn e Malit t\u00eb Zi nj\u00eb dit\u00eb n\u00eb jav\u00eb mblidhen dhe tregtojn\u00eb produktet e tyre\u2026. Edhe pse nj\u00eb dit\u00eb me shi banor\u00ebt [&hellip;]<\/p>\n","protected":false},"author":1,"featured_media":0,"comment_status":"closed","ping_status":"closed","sticky":false,"template":"","format":"standard","meta":{"spay_email":"","jetpack_publicize_message":"","jetpack_is_tweetstorm":false,"jetpack_publicize_feature_enabled":true},"categories":[12],"tags":[],"jetpack_publicize_connections":[],"yoast_head":"<!-- This site is optimized with the Yoast SEO plugin v19.1 - https:\/\/yoast.com\/wordpress\/plugins\/seo\/ -->\n<title>TV1-CHANNEL: Dita e pazarit ne Katerkolle - Video - Lajme nga Ulqini<\/title>\n<meta name=\"description\" content=\"Nj\u00eb tradit\u00eb e cila ka nisur n\u00eb vitet e para pas luft\u00ebs s\u00eb dyt\u00eb bot\u00ebrore, p\u00ebr shkak edhe t\u00eb mbylljes s\u00eb kufirit me Shkodr\u00ebn, ku banor\u00ebt e zon\u00ebs s\u00eb An\u00ebs s\u00eb\" \/>\n<meta name=\"robots\" content=\"index, follow, max-snippet:-1, max-image-preview:large, max-video-preview:-1\" \/>\n<link rel=\"canonical\" href=\"https:\/\/www.visit-ulcinj.com\/blog\/2016\/03\/03\/tv1-channel-dita-e-pazarit-ne-katerkolle-video\/\" \/>\n<meta property=\"og:locale\" content=\"en_US\" \/>\n<meta property=\"og:type\" content=\"article\" \/>\n<meta property=\"og:title\" content=\"TV1-CHANNEL: Dita e pazarit ne Katerkolle - Video - Lajme nga Ulqini\" \/>\n<meta property=\"og:description\" content=\"Nj\u00eb tradit\u00eb e cila ka nisur n\u00eb vitet e para pas luft\u00ebs s\u00eb dyt\u00eb bot\u00ebrore, p\u00ebr shkak edhe t\u00eb mbylljes s\u00eb kufirit me Shkodr\u00ebn, ku banor\u00ebt e zon\u00ebs s\u00eb An\u00ebs s\u00eb\" \/>\n<meta property=\"og:url\" content=\"https:\/\/www.visit-ulcinj.com\/blog\/2016\/03\/03\/tv1-channel-dita-e-pazarit-ne-katerkolle-video\/\" \/>\n<meta property=\"og:site_name\" content=\"Lajme nga Ulqini\" \/>\n<meta property=\"article:published_time\" content=\"2016-03-03T18:40:42+00:00\" \/>\n<meta property=\"og:image\" content=\"http:\/\/www.visit-ulcinj.com\/blog\/wp-content\/uploads\/2016\/03\/Dita-Pazarit-Katerkoll-.jpg\" \/>\n<meta name=\"twitter:label1\" content=\"Written by\" \/>\n\t<meta name=\"twitter:data1\" content=\"ulqini\" \/>\n\t<meta name=\"twitter:label2\" content=\"Est. reading time\" \/>\n\t<meta name=\"twitter:data2\" content=\"1 minute\" \/>\n<script type=\"application\/ld+json\" class=\"yoast-schema-graph\">{\"@context\":\"https:\/\/schema.org\",\"@graph\":[{\"@type\":\"WebSite\",\"@id\":\"https:\/\/www.visit-ulcinj.com\/blog\/#website\",\"url\":\"https:\/\/www.visit-ulcinj.com\/blog\/\",\"name\":\"Lajme nga Ulqini\",\"description\":\"Lajme,Vijesti,Ulqini,Ulqin,Crna Gora,Mali i Zi\",\"potentialAction\":[{\"@type\":\"SearchAction\",\"target\":{\"@type\":\"EntryPoint\",\"urlTemplate\":\"https:\/\/www.visit-ulcinj.com\/blog\/?s={search_term_string}\"},\"query-input\":\"required name=search_term_string\"}],\"inLanguage\":\"en-US\"},{\"@type\":\"ImageObject\",\"inLanguage\":\"en-US\",\"@id\":\"https:\/\/www.visit-ulcinj.com\/blog\/2016\/03\/03\/tv1-channel-dita-e-pazarit-ne-katerkolle-video\/#primaryimage\",\"url\":\"https:\/\/www.visit-ulcinj.com\/blog\/wp-content\/uploads\/2016\/03\/Dita-Pazarit-Katerkoll-.jpg\",\"contentUrl\":\"https:\/\/www.visit-ulcinj.com\/blog\/wp-content\/uploads\/2016\/03\/Dita-Pazarit-Katerkoll-.jpg\",\"width\":521,\"height\":353},{\"@type\":\"WebPage\",\"@id\":\"https:\/\/www.visit-ulcinj.com\/blog\/2016\/03\/03\/tv1-channel-dita-e-pazarit-ne-katerkolle-video\/#webpage\",\"url\":\"https:\/\/www.visit-ulcinj.com\/blog\/2016\/03\/03\/tv1-channel-dita-e-pazarit-ne-katerkolle-video\/\",\"name\":\"TV1-CHANNEL: Dita e pazarit ne Katerkolle - Video - Lajme nga Ulqini\",\"isPartOf\":{\"@id\":\"https:\/\/www.visit-ulcinj.com\/blog\/#website\"},\"primaryImageOfPage\":{\"@id\":\"https:\/\/www.visit-ulcinj.com\/blog\/2016\/03\/03\/tv1-channel-dita-e-pazarit-ne-katerkolle-video\/#primaryimage\"},\"datePublished\":\"2016-03-03T18:40:42+00:00\",\"dateModified\":\"2016-03-03T18:40:42+00:00\",\"author\":{\"@id\":\"https:\/\/www.visit-ulcinj.com\/blog\/#\/schema\/person\/dcab619c614d3038751c63bc2aadc06d\"},\"description\":\"Nj\u00eb tradit\u00eb e cila ka nisur n\u00eb vitet e para pas luft\u00ebs s\u00eb dyt\u00eb bot\u00ebrore, p\u00ebr shkak edhe t\u00eb mbylljes s\u00eb kufirit me Shkodr\u00ebn, ku banor\u00ebt e zon\u00ebs s\u00eb An\u00ebs s\u00eb\",\"breadcrumb\":{\"@id\":\"https:\/\/www.visit-ulcinj.com\/blog\/2016\/03\/03\/tv1-channel-dita-e-pazarit-ne-katerkolle-video\/#breadcrumb\"},\"inLanguage\":\"en-US\",\"potentialAction\":[{\"@type\":\"ReadAction\",\"target\":[\"https:\/\/www.visit-ulcinj.com\/blog\/2016\/03\/03\/tv1-channel-dita-e-pazarit-ne-katerkolle-video\/\"]}]},{\"@type\":\"BreadcrumbList\",\"@id\":\"https:\/\/www.visit-ulcinj.com\/blog\/2016\/03\/03\/tv1-channel-dita-e-pazarit-ne-katerkolle-video\/#breadcrumb\",\"itemListElement\":[{\"@type\":\"ListItem\",\"position\":1,\"name\":\"TV1-CHANNEL: Dita e pazarit ne Katerkolle &#8211; Video\"}]},{\"@type\":\"Person\",\"@id\":\"https:\/\/www.visit-ulcinj.com\/blog\/#\/schema\/person\/dcab619c614d3038751c63bc2aadc06d\",\"name\":\"ulqini\",\"sameAs\":[\"http:\/\/www.visit-ulcinj.com\"],\"url\":\"https:\/\/www.visit-ulcinj.com\/blog\/author\/admin\/\"}]}<\/script>\n<!-- \/ Yoast SEO plugin. -->","yoast_head_json":{"title":"TV1-CHANNEL: Dita e pazarit ne Katerkolle - Video - Lajme nga Ulqini","description":"Nj\u00eb tradit\u00eb e cila ka nisur n\u00eb vitet e para pas luft\u00ebs s\u00eb dyt\u00eb bot\u00ebrore, p\u00ebr shkak edhe t\u00eb mbylljes s\u00eb kufirit me Shkodr\u00ebn, ku banor\u00ebt e zon\u00ebs s\u00eb An\u00ebs s\u00eb","robots":{"index":"index","follow":"follow","max-snippet":"max-snippet:-1","max-image-preview":"max-image-preview:large","max-video-preview":"max-video-preview:-1"},"canonical":"https:\/\/www.visit-ulcinj.com\/blog\/2016\/03\/03\/tv1-channel-dita-e-pazarit-ne-katerkolle-video\/","og_locale":"en_US","og_type":"article","og_title":"TV1-CHANNEL: Dita e pazarit ne Katerkolle - Video - Lajme nga Ulqini","og_description":"Nj\u00eb tradit\u00eb e cila ka nisur n\u00eb vitet e para pas luft\u00ebs s\u00eb dyt\u00eb bot\u00ebrore, p\u00ebr shkak edhe t\u00eb mbylljes s\u00eb kufirit me Shkodr\u00ebn, ku banor\u00ebt e zon\u00ebs s\u00eb An\u00ebs s\u00eb","og_url":"https:\/\/www.visit-ulcinj.com\/blog\/2016\/03\/03\/tv1-channel-dita-e-pazarit-ne-katerkolle-video\/","og_site_name":"Lajme nga Ulqini","article_published_time":"2016-03-03T18:40:42+00:00","og_image":[{"url":"http:\/\/www.visit-ulcinj.com\/blog\/wp-content\/uploads\/2016\/03\/Dita-Pazarit-Katerkoll-.jpg"}],"twitter_misc":{"Written by":"ulqini","Est. reading time":"1 minute"},"schema":{"@context":"https:\/\/schema.org","@graph":[{"@type":"WebSite","@id":"https:\/\/www.visit-ulcinj.com\/blog\/#website","url":"https:\/\/www.visit-ulcinj.com\/blog\/","name":"Lajme nga Ulqini","description":"Lajme,Vijesti,Ulqini,Ulqin,Crna Gora,Mali i Zi","potentialAction":[{"@type":"SearchAction","target":{"@type":"EntryPoint","urlTemplate":"https:\/\/www.visit-ulcinj.com\/blog\/?s={search_term_string}"},"query-input":"required name=search_term_string"}],"inLanguage":"en-US"},{"@type":"ImageObject","inLanguage":"en-US","@id":"https:\/\/www.visit-ulcinj.com\/blog\/2016\/03\/03\/tv1-channel-dita-e-pazarit-ne-katerkolle-video\/#primaryimage","url":"https:\/\/www.visit-ulcinj.com\/blog\/wp-content\/uploads\/2016\/03\/Dita-Pazarit-Katerkoll-.jpg","contentUrl":"https:\/\/www.visit-ulcinj.com\/blog\/wp-content\/uploads\/2016\/03\/Dita-Pazarit-Katerkoll-.jpg","width":521,"height":353},{"@type":"WebPage","@id":"https:\/\/www.visit-ulcinj.com\/blog\/2016\/03\/03\/tv1-channel-dita-e-pazarit-ne-katerkolle-video\/#webpage","url":"https:\/\/www.visit-ulcinj.com\/blog\/2016\/03\/03\/tv1-channel-dita-e-pazarit-ne-katerkolle-video\/","name":"TV1-CHANNEL: Dita e pazarit ne Katerkolle - Video - Lajme nga Ulqini","isPartOf":{"@id":"https:\/\/www.visit-ulcinj.com\/blog\/#website"},"primaryImageOfPage":{"@id":"https:\/\/www.visit-ulcinj.com\/blog\/2016\/03\/03\/tv1-channel-dita-e-pazarit-ne-katerkolle-video\/#primaryimage"},"datePublished":"2016-03-03T18:40:42+00:00","dateModified":"2016-03-03T18:40:42+00:00","author":{"@id":"https:\/\/www.visit-ulcinj.com\/blog\/#\/schema\/person\/dcab619c614d3038751c63bc2aadc06d"},"description":"Nj\u00eb tradit\u00eb e cila ka nisur n\u00eb vitet e para pas luft\u00ebs s\u00eb dyt\u00eb bot\u00ebrore, p\u00ebr shkak edhe t\u00eb mbylljes s\u00eb kufirit me Shkodr\u00ebn, ku banor\u00ebt e zon\u00ebs s\u00eb An\u00ebs s\u00eb","breadcrumb":{"@id":"https:\/\/www.visit-ulcinj.com\/blog\/2016\/03\/03\/tv1-channel-dita-e-pazarit-ne-katerkolle-video\/#breadcrumb"},"inLanguage":"en-US","potentialAction":[{"@type":"ReadAction","target":["https:\/\/www.visit-ulcinj.com\/blog\/2016\/03\/03\/tv1-channel-dita-e-pazarit-ne-katerkolle-video\/"]}]},{"@type":"BreadcrumbList","@id":"https:\/\/www.visit-ulcinj.com\/blog\/2016\/03\/03\/tv1-channel-dita-e-pazarit-ne-katerkolle-video\/#breadcrumb","itemListElement":[{"@type":"ListItem","position":1,"name":"TV1-CHANNEL: Dita e pazarit ne Katerkolle &#8211; Video"}]},{"@type":"Person","@id":"https:\/\/www.visit-ulcinj.com\/blog\/#\/schema\/person\/dcab619c614d3038751c63bc2aadc06d","name":"ulqini","sameAs":["http:\/\/www.visit-ulcinj.com"],"url":"https:\/\/www.visit-ulcinj.com\/blog\/author\/admin\/"}]}},"jetpack_featured_media_url":"","jetpack_sharing_enabled":true,"jetpack_shortlink":"https:\/\/wp.me\/pe6lTn-oKo","_links":{"self":[{"href":"https:\/\/www.visit-ulcinj.com\/blog\/wp-json\/wp\/v2\/posts\/95132"}],"collection":[{"href":"https:\/\/www.visit-ulcinj.com\/blog\/wp-json\/wp\/v2\/posts"}],"about":[{"href":"https:\/\/www.visit-ulcinj.com\/blog\/wp-json\/wp\/v2\/types\/post"}],"author":[{"embeddable":true,"href":"https:\/\/www.visit-ulcinj.com\/blog\/wp-json\/wp\/v2\/users\/1"}],"replies":[{"embeddable":true,"href":"https:\/\/www.visit-ulcinj.com\/blog\/wp-json\/wp\/v2\/comments?post=95132"}],"version-history":[{"count":1,"href":"https:\/\/www.visit-ulcinj.com\/blog\/wp-json\/wp\/v2\/posts\/95132\/revisions"}],"predecessor-version":[{"id":95134,"href":"https:\/\/www.visit-ulcinj.com\/blog\/wp-json\/wp\/v2\/posts\/95132\/revisions\/95134"}],"wp:attachment":[{"href":"https:\/\/www.visit-ulcinj.com\/blog\/wp-json\/wp\/v2\/media?parent=95132"}],"wp:term":[{"taxonomy":"category","embeddable":true,"href":"https:\/\/www.visit-ulcinj.com\/blog\/wp-json\/wp\/v2\/categories?post=95132"},{"taxonomy":"post_tag","embeddable":true,"href":"https:\/\/www.visit-ulcinj.com\/blog\/wp-json\/wp\/v2\/tags?post=95132"}],"curies":[{"name":"wp","href":"https:\/\/api.w.org\/{rel}","templated":true}]}}