{"id":95136,"date":"2016-03-04T22:38:32","date_gmt":"2016-03-04T21:38:32","guid":{"rendered":"http:\/\/www.visit-ulcinj.com\/blog\/?p=95136"},"modified":"2016-03-05T09:25:33","modified_gmt":"2016-03-05T08:25:33","slug":"ot-e-ulqinit-ne-panairin-e-turizmit-ne-budapest-utazas-2016","status":"publish","type":"post","link":"https:\/\/www.visit-ulcinj.com\/blog\/2016\/03\/04\/ot-e-ulqinit-ne-panairin-e-turizmit-ne-budapest-utazas-2016\/","title":{"rendered":"OT e Ulqinit n\u00eb Panairin e Turizmit n\u00eb Budapest &#8220;Utazas 2016&#8221;"},"content":{"rendered":"<p style=\"text-align: center;\"><strong><a href=\"http:\/\/www.visit-ulcinj.com\/blog\/wp-content\/uploads\/2016\/03\/TO-ULCINJ-ULQIN-Budapest-Utazas-2016-.jpg\"><img loading=\"lazy\" class=\"alignleft wp-image-95137\" src=\"http:\/\/www.visit-ulcinj.com\/blog\/wp-content\/uploads\/2016\/03\/TO-ULCINJ-ULQIN-Budapest-Utazas-2016-.jpg\" alt=\"TO -ULCINJ-ULQIN-Budapest -Utazas-2016-\" width=\"508\" height=\"381\" srcset=\"https:\/\/www.visit-ulcinj.com\/blog\/wp-content\/uploads\/2016\/03\/TO-ULCINJ-ULQIN-Budapest-Utazas-2016-.jpg 663w, https:\/\/www.visit-ulcinj.com\/blog\/wp-content\/uploads\/2016\/03\/TO-ULCINJ-ULQIN-Budapest-Utazas-2016--300x225.jpg 300w\" sizes=\"(max-width: 508px) 100vw, 508px\" \/><\/a>Panairi Nd\u00ebrkomb\u00ebtar i Turizmit n\u00eb Budapest &#8220;Utazas 2016&#8221;<\/strong><\/p>\n<p>N\u00eb panairin e 39 nd\u00ebrkomb\u00ebtar \u201cUTAZAS\u201d q\u00eb po mbahet n\u00eb Budapest prej 3 deri me 6 mars, \u00ebsht\u00eb duke marr\u00eb pjes\u00eb Organizata Turistike e Ulqinit n\u00eb bashk\u00ebpunim me organizatat lokale t\u00eb Tivarit, Tivatit, Budv\u00ebs, Kotorit dhe ONT, t\u00eb cil\u00ebt jan\u00eb duke prezantuar ofert\u00ebn turistike n\u00eb t\u00ebr\u00ebsi t\u00eb Malit t\u00eb Zi.<\/p>\n<p>Prezantimin e p\u00ebrbashk\u00ebt t\u00eb organizatave lokale turistike e kan\u00eb p\u00ebrkrahur nj\u00eb num\u00ebr i madh i afarist\u00ebve tan\u00eb, si me materijalet e veta promovuese poashtu edhe me prezencen e tyre si\u00e7 jan\u00eb p\u00ebrfaqesuesit e agjensionit In Montenegro nga Ulqini.<\/p>\n<p><a href=\"http:\/\/www.visit-ulcinj.com\/blog\/wp-content\/uploads\/2016\/03\/OT-ULCINJ-ULQIN-Budapest-Utazas-2016-.jpg\"><img loading=\"lazy\" class=\"alignleft wp-image-95138\" src=\"http:\/\/www.visit-ulcinj.com\/blog\/wp-content\/uploads\/2016\/03\/OT-ULCINJ-ULQIN-Budapest-Utazas-2016-.jpg\" alt=\"OT -ULCINJ-ULQIN-Budapest -Utazas-2016-\" width=\"508\" height=\"286\" srcset=\"https:\/\/www.visit-ulcinj.com\/blog\/wp-content\/uploads\/2016\/03\/OT-ULCINJ-ULQIN-Budapest-Utazas-2016-.jpg 884w, https:\/\/www.visit-ulcinj.com\/blog\/wp-content\/uploads\/2016\/03\/OT-ULCINJ-ULQIN-Budapest-Utazas-2016--300x169.jpg 300w\" sizes=\"(max-width: 508px) 100vw, 508px\" \/><\/a><\/p>\n<p>Dit\u00ebn e par\u00eb t\u00eb panairit jan\u00eb mbajtur disa takime me p\u00ebrfaqesuesit e shum\u00eb agjensioneve turistike dhe turoperater\u00ebve, nd\u00ebrsa vizitor\u00ebve i \u00ebsht\u00eb ofruar nj\u00eb num\u00ebr i madh i materijalit promovues si\u00e7 jan\u00eb katalogu p\u00ebr Ulqinin, hartat e qytetit t\u00eb vjet\u00ebr dhe Rivier\u00ebs s\u00eb Ulqinit, kartolina si dhe materijali promovues i hotelijereve dhe agjensioneve turistike.<\/p>\n<p>N\u00eb panairin e 39 nd\u00ebrkomb\u00ebtar Utazas t\u00eb Budapestit marrin pjes\u00eb 400 ekspozues nga 40 vende t\u00eb ndryshme t\u00eb bot\u00ebs, gj\u00eb q\u00eb konfirmon faktin q\u00eb ky panair ndjek trended e panaireve t\u00eb turizmit n\u00eb rajon.<\/p>\n<p>Gjat\u00eb vitit 2015 numri i realizuar i fjetjeve nga turistet e Hungarise n\u00eb Ulqin \u00ebsht\u00eb 8.179, e q\u00eb \u00ebsht\u00eb rreth 50% m\u00eb tep\u00ebr n\u00eb krahasim me vitin e kaluar.<\/p>\n<p><strong>\u00a0<\/strong><\/p>\n","protected":false},"excerpt":{"rendered":"<p>Panairi Nd\u00ebrkomb\u00ebtar i Turizmit n\u00eb Budapest &#8220;Utazas 2016&#8221; N\u00eb panairin e 39 nd\u00ebrkomb\u00ebtar \u201cUTAZAS\u201d q\u00eb po mbahet n\u00eb Budapest prej 3 deri me 6 mars, \u00ebsht\u00eb duke marr\u00eb pjes\u00eb Organizata Turistike e Ulqinit n\u00eb bashk\u00ebpunim me organizatat lokale t\u00eb Tivarit, Tivatit, Budv\u00ebs, Kotorit dhe ONT, t\u00eb cil\u00ebt jan\u00eb duke prezantuar ofert\u00ebn turistike n\u00eb t\u00ebr\u00ebsi t\u00eb [&hellip;]<\/p>\n","protected":false},"author":1,"featured_media":0,"comment_status":"closed","ping_status":"closed","sticky":false,"template":"","format":"standard","meta":{"spay_email":"","jetpack_publicize_message":"","jetpack_is_tweetstorm":false,"jetpack_publicize_feature_enabled":true},"categories":[1,15],"tags":[],"jetpack_publicize_connections":[],"yoast_head":"<!-- This site is optimized with the Yoast SEO plugin v19.1 - https:\/\/yoast.com\/wordpress\/plugins\/seo\/ -->\n<title>OT e Ulqinit n\u00eb Panairin e Turizmit n\u00eb Budapest &quot;Utazas 2016&quot; - Lajme nga Ulqini<\/title>\n<meta name=\"description\" content=\"Panairi Nd\u00ebrkomb\u00ebtar i Turizmit n\u00eb Budapest &quot;Utazas 2016&quot; N\u00eb panairin e 39 nd\u00ebrkomb\u00ebtar \u201cUTAZAS\u201d q\u00eb po mbahet n\u00eb Budapest prej 3 deri me 6 mars, \u00ebsht\u00eb\" \/>\n<meta name=\"robots\" content=\"index, follow, max-snippet:-1, max-image-preview:large, max-video-preview:-1\" \/>\n<link rel=\"canonical\" href=\"https:\/\/www.visit-ulcinj.com\/blog\/2016\/03\/04\/ot-e-ulqinit-ne-panairin-e-turizmit-ne-budapest-utazas-2016\/\" \/>\n<meta property=\"og:locale\" content=\"en_US\" \/>\n<meta property=\"og:type\" content=\"article\" \/>\n<meta property=\"og:title\" content=\"OT e Ulqinit n\u00eb Panairin e Turizmit n\u00eb Budapest &quot;Utazas 2016&quot; - Lajme nga Ulqini\" \/>\n<meta property=\"og:description\" content=\"Panairi Nd\u00ebrkomb\u00ebtar i Turizmit n\u00eb Budapest &quot;Utazas 2016&quot; N\u00eb panairin e 39 nd\u00ebrkomb\u00ebtar \u201cUTAZAS\u201d q\u00eb po mbahet n\u00eb Budapest prej 3 deri me 6 mars, \u00ebsht\u00eb\" \/>\n<meta property=\"og:url\" content=\"https:\/\/www.visit-ulcinj.com\/blog\/2016\/03\/04\/ot-e-ulqinit-ne-panairin-e-turizmit-ne-budapest-utazas-2016\/\" \/>\n<meta property=\"og:site_name\" content=\"Lajme nga Ulqini\" \/>\n<meta property=\"article:published_time\" content=\"2016-03-04T21:38:32+00:00\" \/>\n<meta property=\"article:modified_time\" content=\"2016-03-05T08:25:33+00:00\" \/>\n<meta property=\"og:image\" content=\"http:\/\/www.visit-ulcinj.com\/blog\/wp-content\/uploads\/2016\/03\/TO-ULCINJ-ULQIN-Budapest-Utazas-2016-.jpg\" \/>\n<meta name=\"twitter:label1\" content=\"Written by\" \/>\n\t<meta name=\"twitter:data1\" content=\"ulqini\" \/>\n\t<meta name=\"twitter:label2\" content=\"Est. reading time\" \/>\n\t<meta name=\"twitter:data2\" content=\"1 minute\" \/>\n<script type=\"application\/ld+json\" class=\"yoast-schema-graph\">{\"@context\":\"https:\/\/schema.org\",\"@graph\":[{\"@type\":\"WebSite\",\"@id\":\"https:\/\/www.visit-ulcinj.com\/blog\/#website\",\"url\":\"https:\/\/www.visit-ulcinj.com\/blog\/\",\"name\":\"Lajme nga Ulqini\",\"description\":\"Lajme,Vijesti,Ulqini,Ulqin,Crna Gora,Mali i Zi\",\"potentialAction\":[{\"@type\":\"SearchAction\",\"target\":{\"@type\":\"EntryPoint\",\"urlTemplate\":\"https:\/\/www.visit-ulcinj.com\/blog\/?s={search_term_string}\"},\"query-input\":\"required name=search_term_string\"}],\"inLanguage\":\"en-US\"},{\"@type\":\"ImageObject\",\"inLanguage\":\"en-US\",\"@id\":\"https:\/\/www.visit-ulcinj.com\/blog\/2016\/03\/04\/ot-e-ulqinit-ne-panairin-e-turizmit-ne-budapest-utazas-2016\/#primaryimage\",\"url\":\"https:\/\/www.visit-ulcinj.com\/blog\/wp-content\/uploads\/2016\/03\/TO-ULCINJ-ULQIN-Budapest-Utazas-2016-.jpg\",\"contentUrl\":\"https:\/\/www.visit-ulcinj.com\/blog\/wp-content\/uploads\/2016\/03\/TO-ULCINJ-ULQIN-Budapest-Utazas-2016-.jpg\",\"width\":663,\"height\":497},{\"@type\":\"WebPage\",\"@id\":\"https:\/\/www.visit-ulcinj.com\/blog\/2016\/03\/04\/ot-e-ulqinit-ne-panairin-e-turizmit-ne-budapest-utazas-2016\/#webpage\",\"url\":\"https:\/\/www.visit-ulcinj.com\/blog\/2016\/03\/04\/ot-e-ulqinit-ne-panairin-e-turizmit-ne-budapest-utazas-2016\/\",\"name\":\"OT e Ulqinit n\u00eb Panairin e Turizmit n\u00eb Budapest \\\"Utazas 2016\\\" - Lajme nga Ulqini\",\"isPartOf\":{\"@id\":\"https:\/\/www.visit-ulcinj.com\/blog\/#website\"},\"primaryImageOfPage\":{\"@id\":\"https:\/\/www.visit-ulcinj.com\/blog\/2016\/03\/04\/ot-e-ulqinit-ne-panairin-e-turizmit-ne-budapest-utazas-2016\/#primaryimage\"},\"datePublished\":\"2016-03-04T21:38:32+00:00\",\"dateModified\":\"2016-03-05T08:25:33+00:00\",\"author\":{\"@id\":\"https:\/\/www.visit-ulcinj.com\/blog\/#\/schema\/person\/dcab619c614d3038751c63bc2aadc06d\"},\"description\":\"Panairi Nd\u00ebrkomb\u00ebtar i Turizmit n\u00eb Budapest \\\"Utazas 2016\\\" N\u00eb panairin e 39 nd\u00ebrkomb\u00ebtar \u201cUTAZAS\u201d q\u00eb po mbahet n\u00eb Budapest prej 3 deri me 6 mars, \u00ebsht\u00eb\",\"breadcrumb\":{\"@id\":\"https:\/\/www.visit-ulcinj.com\/blog\/2016\/03\/04\/ot-e-ulqinit-ne-panairin-e-turizmit-ne-budapest-utazas-2016\/#breadcrumb\"},\"inLanguage\":\"en-US\",\"potentialAction\":[{\"@type\":\"ReadAction\",\"target\":[\"https:\/\/www.visit-ulcinj.com\/blog\/2016\/03\/04\/ot-e-ulqinit-ne-panairin-e-turizmit-ne-budapest-utazas-2016\/\"]}]},{\"@type\":\"BreadcrumbList\",\"@id\":\"https:\/\/www.visit-ulcinj.com\/blog\/2016\/03\/04\/ot-e-ulqinit-ne-panairin-e-turizmit-ne-budapest-utazas-2016\/#breadcrumb\",\"itemListElement\":[{\"@type\":\"ListItem\",\"position\":1,\"name\":\"OT e Ulqinit n\u00eb Panairin e Turizmit n\u00eb Budapest &#8220;Utazas 2016&#8221;\"}]},{\"@type\":\"Person\",\"@id\":\"https:\/\/www.visit-ulcinj.com\/blog\/#\/schema\/person\/dcab619c614d3038751c63bc2aadc06d\",\"name\":\"ulqini\",\"sameAs\":[\"http:\/\/www.visit-ulcinj.com\"],\"url\":\"https:\/\/www.visit-ulcinj.com\/blog\/author\/admin\/\"}]}<\/script>\n<!-- \/ Yoast SEO plugin. -->","yoast_head_json":{"title":"OT e Ulqinit n\u00eb Panairin e Turizmit n\u00eb Budapest \"Utazas 2016\" - Lajme nga Ulqini","description":"Panairi Nd\u00ebrkomb\u00ebtar i Turizmit n\u00eb Budapest \"Utazas 2016\" N\u00eb panairin e 39 nd\u00ebrkomb\u00ebtar \u201cUTAZAS\u201d q\u00eb po mbahet n\u00eb Budapest prej 3 deri me 6 mars, \u00ebsht\u00eb","robots":{"index":"index","follow":"follow","max-snippet":"max-snippet:-1","max-image-preview":"max-image-preview:large","max-video-preview":"max-video-preview:-1"},"canonical":"https:\/\/www.visit-ulcinj.com\/blog\/2016\/03\/04\/ot-e-ulqinit-ne-panairin-e-turizmit-ne-budapest-utazas-2016\/","og_locale":"en_US","og_type":"article","og_title":"OT e Ulqinit n\u00eb Panairin e Turizmit n\u00eb Budapest \"Utazas 2016\" - Lajme nga Ulqini","og_description":"Panairi Nd\u00ebrkomb\u00ebtar i Turizmit n\u00eb Budapest \"Utazas 2016\" N\u00eb panairin e 39 nd\u00ebrkomb\u00ebtar \u201cUTAZAS\u201d q\u00eb po mbahet n\u00eb Budapest prej 3 deri me 6 mars, \u00ebsht\u00eb","og_url":"https:\/\/www.visit-ulcinj.com\/blog\/2016\/03\/04\/ot-e-ulqinit-ne-panairin-e-turizmit-ne-budapest-utazas-2016\/","og_site_name":"Lajme nga Ulqini","article_published_time":"2016-03-04T21:38:32+00:00","article_modified_time":"2016-03-05T08:25:33+00:00","og_image":[{"url":"http:\/\/www.visit-ulcinj.com\/blog\/wp-content\/uploads\/2016\/03\/TO-ULCINJ-ULQIN-Budapest-Utazas-2016-.jpg"}],"twitter_misc":{"Written by":"ulqini","Est. reading time":"1 minute"},"schema":{"@context":"https:\/\/schema.org","@graph":[{"@type":"WebSite","@id":"https:\/\/www.visit-ulcinj.com\/blog\/#website","url":"https:\/\/www.visit-ulcinj.com\/blog\/","name":"Lajme nga Ulqini","description":"Lajme,Vijesti,Ulqini,Ulqin,Crna Gora,Mali i Zi","potentialAction":[{"@type":"SearchAction","target":{"@type":"EntryPoint","urlTemplate":"https:\/\/www.visit-ulcinj.com\/blog\/?s={search_term_string}"},"query-input":"required name=search_term_string"}],"inLanguage":"en-US"},{"@type":"ImageObject","inLanguage":"en-US","@id":"https:\/\/www.visit-ulcinj.com\/blog\/2016\/03\/04\/ot-e-ulqinit-ne-panairin-e-turizmit-ne-budapest-utazas-2016\/#primaryimage","url":"https:\/\/www.visit-ulcinj.com\/blog\/wp-content\/uploads\/2016\/03\/TO-ULCINJ-ULQIN-Budapest-Utazas-2016-.jpg","contentUrl":"https:\/\/www.visit-ulcinj.com\/blog\/wp-content\/uploads\/2016\/03\/TO-ULCINJ-ULQIN-Budapest-Utazas-2016-.jpg","width":663,"height":497},{"@type":"WebPage","@id":"https:\/\/www.visit-ulcinj.com\/blog\/2016\/03\/04\/ot-e-ulqinit-ne-panairin-e-turizmit-ne-budapest-utazas-2016\/#webpage","url":"https:\/\/www.visit-ulcinj.com\/blog\/2016\/03\/04\/ot-e-ulqinit-ne-panairin-e-turizmit-ne-budapest-utazas-2016\/","name":"OT e Ulqinit n\u00eb Panairin e Turizmit n\u00eb Budapest \"Utazas 2016\" - Lajme nga Ulqini","isPartOf":{"@id":"https:\/\/www.visit-ulcinj.com\/blog\/#website"},"primaryImageOfPage":{"@id":"https:\/\/www.visit-ulcinj.com\/blog\/2016\/03\/04\/ot-e-ulqinit-ne-panairin-e-turizmit-ne-budapest-utazas-2016\/#primaryimage"},"datePublished":"2016-03-04T21:38:32+00:00","dateModified":"2016-03-05T08:25:33+00:00","author":{"@id":"https:\/\/www.visit-ulcinj.com\/blog\/#\/schema\/person\/dcab619c614d3038751c63bc2aadc06d"},"description":"Panairi Nd\u00ebrkomb\u00ebtar i Turizmit n\u00eb Budapest \"Utazas 2016\" N\u00eb panairin e 39 nd\u00ebrkomb\u00ebtar \u201cUTAZAS\u201d q\u00eb po mbahet n\u00eb Budapest prej 3 deri me 6 mars, \u00ebsht\u00eb","breadcrumb":{"@id":"https:\/\/www.visit-ulcinj.com\/blog\/2016\/03\/04\/ot-e-ulqinit-ne-panairin-e-turizmit-ne-budapest-utazas-2016\/#breadcrumb"},"inLanguage":"en-US","potentialAction":[{"@type":"ReadAction","target":["https:\/\/www.visit-ulcinj.com\/blog\/2016\/03\/04\/ot-e-ulqinit-ne-panairin-e-turizmit-ne-budapest-utazas-2016\/"]}]},{"@type":"BreadcrumbList","@id":"https:\/\/www.visit-ulcinj.com\/blog\/2016\/03\/04\/ot-e-ulqinit-ne-panairin-e-turizmit-ne-budapest-utazas-2016\/#breadcrumb","itemListElement":[{"@type":"ListItem","position":1,"name":"OT e Ulqinit n\u00eb Panairin e Turizmit n\u00eb Budapest &#8220;Utazas 2016&#8221;"}]},{"@type":"Person","@id":"https:\/\/www.visit-ulcinj.com\/blog\/#\/schema\/person\/dcab619c614d3038751c63bc2aadc06d","name":"ulqini","sameAs":["http:\/\/www.visit-ulcinj.com"],"url":"https:\/\/www.visit-ulcinj.com\/blog\/author\/admin\/"}]}},"jetpack_featured_media_url":"","jetpack_sharing_enabled":true,"jetpack_shortlink":"https:\/\/wp.me\/pe6lTn-oKs","_links":{"self":[{"href":"https:\/\/www.visit-ulcinj.com\/blog\/wp-json\/wp\/v2\/posts\/95136"}],"collection":[{"href":"https:\/\/www.visit-ulcinj.com\/blog\/wp-json\/wp\/v2\/posts"}],"about":[{"href":"https:\/\/www.visit-ulcinj.com\/blog\/wp-json\/wp\/v2\/types\/post"}],"author":[{"embeddable":true,"href":"https:\/\/www.visit-ulcinj.com\/blog\/wp-json\/wp\/v2\/users\/1"}],"replies":[{"embeddable":true,"href":"https:\/\/www.visit-ulcinj.com\/blog\/wp-json\/wp\/v2\/comments?post=95136"}],"version-history":[{"count":1,"href":"https:\/\/www.visit-ulcinj.com\/blog\/wp-json\/wp\/v2\/posts\/95136\/revisions"}],"predecessor-version":[{"id":95139,"href":"https:\/\/www.visit-ulcinj.com\/blog\/wp-json\/wp\/v2\/posts\/95136\/revisions\/95139"}],"wp:attachment":[{"href":"https:\/\/www.visit-ulcinj.com\/blog\/wp-json\/wp\/v2\/media?parent=95136"}],"wp:term":[{"taxonomy":"category","embeddable":true,"href":"https:\/\/www.visit-ulcinj.com\/blog\/wp-json\/wp\/v2\/categories?post=95136"},{"taxonomy":"post_tag","embeddable":true,"href":"https:\/\/www.visit-ulcinj.com\/blog\/wp-json\/wp\/v2\/tags?post=95136"}],"curies":[{"name":"wp","href":"https:\/\/api.w.org\/{rel}","templated":true}]}}