{"id":95148,"date":"2016-03-05T11:27:39","date_gmt":"2016-03-05T10:27:39","guid":{"rendered":"http:\/\/www.visit-ulcinj.com\/blog\/?p=95148"},"modified":"2016-03-06T23:01:23","modified_gmt":"2016-03-06T22:01:23","slug":"koalicioni-pds-forca-udsh-dhe-koalicioni-bashke-per-te-ardhmen-e-ulqinit-premton-ndryshime","status":"publish","type":"post","link":"https:\/\/www.visit-ulcinj.com\/blog\/2016\/03\/05\/koalicioni-pds-forca-udsh-dhe-koalicioni-bashke-per-te-ardhmen-e-ulqinit-premton-ndryshime\/","title":{"rendered":"Koalicioni PDS \u2013 Forca &#8211; Udsh dhe &#8220;Koalicioni Bashk\u00eb p\u00ebr t\u00eb ardhmen e Ulqinit\u201d premton ndryshime"},"content":{"rendered":"<p><a href=\"http:\/\/www.visit-ulcinj.com\/blog\/wp-content\/uploads\/2016\/03\/djukanovic-cungu-djeka.jpg\"><img loading=\"lazy\" class=\"alignleft wp-image-95149\" src=\"http:\/\/www.visit-ulcinj.com\/blog\/wp-content\/uploads\/2016\/03\/djukanovic-cungu-djeka.jpg\" alt=\"djukanovic-cungu-djeka\" width=\"508\" height=\"280\" srcset=\"https:\/\/www.visit-ulcinj.com\/blog\/wp-content\/uploads\/2016\/03\/djukanovic-cungu-djeka.jpg 1000w, https:\/\/www.visit-ulcinj.com\/blog\/wp-content\/uploads\/2016\/03\/djukanovic-cungu-djeka-300x165.jpg 300w\" sizes=\"(max-width: 508px) 100vw, 508px\" \/><\/a>Drejtuesit e Partis\u00eb demokratike t\u00eb socialist\u00ebve kan\u00eb vendosur q\u00eb kriza politike n\u00eb Ulqin t\u00eb sanohet me krijimin e koalicionit t\u00eb gjer\u00eb, m\u00ebson Portali Ul-info.<\/p>\n<p>K\u00ebshtu, pushtetin e ri n\u00eb Ulqin do ta p\u00ebrb\u00ebjn\u00eb Partia demokratike e socialist\u00ebve, Forca e re demokratike, \u201cKoalicioni Bashk\u00eb p\u00ebr t\u00eb ardhmen e Ulqinit\u201d dhe Unioni demokratik i Shqiptar\u00ebve.<\/p>\n<p>Kjo do t\u00eb thot\u00eb se nga gjithsej 33 vende n\u00eb Kuvendin komunal pushteti i ri do t\u00eb ket\u00eb m\u00eb shum\u00eb se tre t\u00eb kat\u00ebrtat e k\u00ebshilltar\u00ebve.<\/p>\n<p>Qendra e PDS-s\u00eb po ashtu solli vendimin q\u00eb Forc\u00ebs t\u2019i takoj\u00eb vendi i kryetarit t\u00eb Komun\u00ebs, derisa socialist\u00ebt e Gjukanoviqit do t\u00eb mbulojn\u00eb funksionin e Parlamentit lokal, si dhe sekretarit p\u00ebr financa dhe urbaniz\u00ebm.<\/p>\n<p>P\u00ebr ndarjen e funksioneve t\u00eb tjera do t\u00eb negociojn\u00eb jav\u00ebn e ardhshme p\u00ebrfaq\u00ebsuesit e partive t\u00eb pushtetit t\u00eb ri.<\/p>\n","protected":false},"excerpt":{"rendered":"<p>Drejtuesit e Partis\u00eb demokratike t\u00eb socialist\u00ebve kan\u00eb vendosur q\u00eb kriza politike n\u00eb Ulqin t\u00eb sanohet me krijimin e koalicionit t\u00eb gjer\u00eb, m\u00ebson Portali Ul-info. K\u00ebshtu, pushtetin e ri n\u00eb Ulqin do ta p\u00ebrb\u00ebjn\u00eb Partia demokratike e socialist\u00ebve, Forca e re demokratike, \u201cKoalicioni Bashk\u00eb p\u00ebr t\u00eb ardhmen e Ulqinit\u201d dhe Unioni demokratik i Shqiptar\u00ebve. Kjo do [&hellip;]<\/p>\n","protected":false},"author":1,"featured_media":0,"comment_status":"closed","ping_status":"closed","sticky":false,"template":"","format":"standard","meta":{"spay_email":"","jetpack_publicize_message":"","jetpack_is_tweetstorm":false,"jetpack_publicize_feature_enabled":true},"categories":[1,6],"tags":[],"jetpack_publicize_connections":[],"yoast_head":"<!-- This site is optimized with the Yoast SEO plugin v19.1 - https:\/\/yoast.com\/wordpress\/plugins\/seo\/ -->\n<title>Koalicioni PDS \u2013 Forca - Udsh dhe &quot;Koalicioni Bashk\u00eb p\u00ebr t\u00eb ardhmen e Ulqinit\u201d premton ndryshime - Lajme nga Ulqini<\/title>\n<meta name=\"description\" content=\"Drejtuesit e Partis\u00eb demokratike t\u00eb socialist\u00ebve kan\u00eb vendosur q\u00eb kriza politike n\u00eb Ulqin t\u00eb sanohet me krijimin e koalicionit t\u00eb gjer\u00eb, m\u00ebson Portali\" \/>\n<meta name=\"robots\" content=\"index, follow, max-snippet:-1, max-image-preview:large, max-video-preview:-1\" \/>\n<link rel=\"canonical\" href=\"https:\/\/www.visit-ulcinj.com\/blog\/2016\/03\/05\/koalicioni-pds-forca-udsh-dhe-koalicioni-bashke-per-te-ardhmen-e-ulqinit-premton-ndryshime\/\" \/>\n<meta property=\"og:locale\" content=\"en_US\" \/>\n<meta property=\"og:type\" content=\"article\" \/>\n<meta property=\"og:title\" content=\"Koalicioni PDS \u2013 Forca - Udsh dhe &quot;Koalicioni Bashk\u00eb p\u00ebr t\u00eb ardhmen e Ulqinit\u201d premton ndryshime - Lajme nga Ulqini\" \/>\n<meta property=\"og:description\" content=\"Drejtuesit e Partis\u00eb demokratike t\u00eb socialist\u00ebve kan\u00eb vendosur q\u00eb kriza politike n\u00eb Ulqin t\u00eb sanohet me krijimin e koalicionit t\u00eb gjer\u00eb, m\u00ebson Portali\" \/>\n<meta property=\"og:url\" content=\"https:\/\/www.visit-ulcinj.com\/blog\/2016\/03\/05\/koalicioni-pds-forca-udsh-dhe-koalicioni-bashke-per-te-ardhmen-e-ulqinit-premton-ndryshime\/\" \/>\n<meta property=\"og:site_name\" content=\"Lajme nga Ulqini\" \/>\n<meta property=\"article:published_time\" content=\"2016-03-05T10:27:39+00:00\" \/>\n<meta property=\"article:modified_time\" content=\"2016-03-06T22:01:23+00:00\" \/>\n<meta property=\"og:image\" content=\"http:\/\/www.visit-ulcinj.com\/blog\/wp-content\/uploads\/2016\/03\/djukanovic-cungu-djeka.jpg\" \/>\n<meta name=\"twitter:label1\" content=\"Written by\" \/>\n\t<meta name=\"twitter:data1\" content=\"ulqini\" \/>\n\t<meta name=\"twitter:label2\" content=\"Est. reading time\" \/>\n\t<meta name=\"twitter:data2\" content=\"1 minute\" \/>\n<script type=\"application\/ld+json\" class=\"yoast-schema-graph\">{\"@context\":\"https:\/\/schema.org\",\"@graph\":[{\"@type\":\"WebSite\",\"@id\":\"https:\/\/www.visit-ulcinj.com\/blog\/#website\",\"url\":\"https:\/\/www.visit-ulcinj.com\/blog\/\",\"name\":\"Lajme nga Ulqini\",\"description\":\"Lajme,Vijesti,Ulqini,Ulqin,Crna Gora,Mali i Zi\",\"potentialAction\":[{\"@type\":\"SearchAction\",\"target\":{\"@type\":\"EntryPoint\",\"urlTemplate\":\"https:\/\/www.visit-ulcinj.com\/blog\/?s={search_term_string}\"},\"query-input\":\"required name=search_term_string\"}],\"inLanguage\":\"en-US\"},{\"@type\":\"ImageObject\",\"inLanguage\":\"en-US\",\"@id\":\"https:\/\/www.visit-ulcinj.com\/blog\/2016\/03\/05\/koalicioni-pds-forca-udsh-dhe-koalicioni-bashke-per-te-ardhmen-e-ulqinit-premton-ndryshime\/#primaryimage\",\"url\":\"https:\/\/www.visit-ulcinj.com\/blog\/wp-content\/uploads\/2016\/03\/djukanovic-cungu-djeka.jpg\",\"contentUrl\":\"https:\/\/www.visit-ulcinj.com\/blog\/wp-content\/uploads\/2016\/03\/djukanovic-cungu-djeka.jpg\",\"width\":1000,\"height\":551},{\"@type\":\"WebPage\",\"@id\":\"https:\/\/www.visit-ulcinj.com\/blog\/2016\/03\/05\/koalicioni-pds-forca-udsh-dhe-koalicioni-bashke-per-te-ardhmen-e-ulqinit-premton-ndryshime\/#webpage\",\"url\":\"https:\/\/www.visit-ulcinj.com\/blog\/2016\/03\/05\/koalicioni-pds-forca-udsh-dhe-koalicioni-bashke-per-te-ardhmen-e-ulqinit-premton-ndryshime\/\",\"name\":\"Koalicioni PDS \u2013 Forca - Udsh dhe \\\"Koalicioni Bashk\u00eb p\u00ebr t\u00eb ardhmen e Ulqinit\u201d premton ndryshime - Lajme nga Ulqini\",\"isPartOf\":{\"@id\":\"https:\/\/www.visit-ulcinj.com\/blog\/#website\"},\"primaryImageOfPage\":{\"@id\":\"https:\/\/www.visit-ulcinj.com\/blog\/2016\/03\/05\/koalicioni-pds-forca-udsh-dhe-koalicioni-bashke-per-te-ardhmen-e-ulqinit-premton-ndryshime\/#primaryimage\"},\"datePublished\":\"2016-03-05T10:27:39+00:00\",\"dateModified\":\"2016-03-06T22:01:23+00:00\",\"author\":{\"@id\":\"https:\/\/www.visit-ulcinj.com\/blog\/#\/schema\/person\/dcab619c614d3038751c63bc2aadc06d\"},\"description\":\"Drejtuesit e Partis\u00eb demokratike t\u00eb socialist\u00ebve kan\u00eb vendosur q\u00eb kriza politike n\u00eb Ulqin t\u00eb sanohet me krijimin e koalicionit t\u00eb gjer\u00eb, m\u00ebson Portali\",\"breadcrumb\":{\"@id\":\"https:\/\/www.visit-ulcinj.com\/blog\/2016\/03\/05\/koalicioni-pds-forca-udsh-dhe-koalicioni-bashke-per-te-ardhmen-e-ulqinit-premton-ndryshime\/#breadcrumb\"},\"inLanguage\":\"en-US\",\"potentialAction\":[{\"@type\":\"ReadAction\",\"target\":[\"https:\/\/www.visit-ulcinj.com\/blog\/2016\/03\/05\/koalicioni-pds-forca-udsh-dhe-koalicioni-bashke-per-te-ardhmen-e-ulqinit-premton-ndryshime\/\"]}]},{\"@type\":\"BreadcrumbList\",\"@id\":\"https:\/\/www.visit-ulcinj.com\/blog\/2016\/03\/05\/koalicioni-pds-forca-udsh-dhe-koalicioni-bashke-per-te-ardhmen-e-ulqinit-premton-ndryshime\/#breadcrumb\",\"itemListElement\":[{\"@type\":\"ListItem\",\"position\":1,\"name\":\"Koalicioni PDS \u2013 Forca &#8211; Udsh dhe &#8220;Koalicioni Bashk\u00eb p\u00ebr t\u00eb ardhmen e Ulqinit\u201d premton ndryshime\"}]},{\"@type\":\"Person\",\"@id\":\"https:\/\/www.visit-ulcinj.com\/blog\/#\/schema\/person\/dcab619c614d3038751c63bc2aadc06d\",\"name\":\"ulqini\",\"sameAs\":[\"http:\/\/www.visit-ulcinj.com\"],\"url\":\"https:\/\/www.visit-ulcinj.com\/blog\/author\/admin\/\"}]}<\/script>\n<!-- \/ Yoast SEO plugin. -->","yoast_head_json":{"title":"Koalicioni PDS \u2013 Forca - Udsh dhe \"Koalicioni Bashk\u00eb p\u00ebr t\u00eb ardhmen e Ulqinit\u201d premton ndryshime - Lajme nga Ulqini","description":"Drejtuesit e Partis\u00eb demokratike t\u00eb socialist\u00ebve kan\u00eb vendosur q\u00eb kriza politike n\u00eb Ulqin t\u00eb sanohet me krijimin e koalicionit t\u00eb gjer\u00eb, m\u00ebson Portali","robots":{"index":"index","follow":"follow","max-snippet":"max-snippet:-1","max-image-preview":"max-image-preview:large","max-video-preview":"max-video-preview:-1"},"canonical":"https:\/\/www.visit-ulcinj.com\/blog\/2016\/03\/05\/koalicioni-pds-forca-udsh-dhe-koalicioni-bashke-per-te-ardhmen-e-ulqinit-premton-ndryshime\/","og_locale":"en_US","og_type":"article","og_title":"Koalicioni PDS \u2013 Forca - Udsh dhe \"Koalicioni Bashk\u00eb p\u00ebr t\u00eb ardhmen e Ulqinit\u201d premton ndryshime - Lajme nga Ulqini","og_description":"Drejtuesit e Partis\u00eb demokratike t\u00eb socialist\u00ebve kan\u00eb vendosur q\u00eb kriza politike n\u00eb Ulqin t\u00eb sanohet me krijimin e koalicionit t\u00eb gjer\u00eb, m\u00ebson Portali","og_url":"https:\/\/www.visit-ulcinj.com\/blog\/2016\/03\/05\/koalicioni-pds-forca-udsh-dhe-koalicioni-bashke-per-te-ardhmen-e-ulqinit-premton-ndryshime\/","og_site_name":"Lajme nga Ulqini","article_published_time":"2016-03-05T10:27:39+00:00","article_modified_time":"2016-03-06T22:01:23+00:00","og_image":[{"url":"http:\/\/www.visit-ulcinj.com\/blog\/wp-content\/uploads\/2016\/03\/djukanovic-cungu-djeka.jpg"}],"twitter_misc":{"Written by":"ulqini","Est. reading time":"1 minute"},"schema":{"@context":"https:\/\/schema.org","@graph":[{"@type":"WebSite","@id":"https:\/\/www.visit-ulcinj.com\/blog\/#website","url":"https:\/\/www.visit-ulcinj.com\/blog\/","name":"Lajme nga Ulqini","description":"Lajme,Vijesti,Ulqini,Ulqin,Crna Gora,Mali i Zi","potentialAction":[{"@type":"SearchAction","target":{"@type":"EntryPoint","urlTemplate":"https:\/\/www.visit-ulcinj.com\/blog\/?s={search_term_string}"},"query-input":"required name=search_term_string"}],"inLanguage":"en-US"},{"@type":"ImageObject","inLanguage":"en-US","@id":"https:\/\/www.visit-ulcinj.com\/blog\/2016\/03\/05\/koalicioni-pds-forca-udsh-dhe-koalicioni-bashke-per-te-ardhmen-e-ulqinit-premton-ndryshime\/#primaryimage","url":"https:\/\/www.visit-ulcinj.com\/blog\/wp-content\/uploads\/2016\/03\/djukanovic-cungu-djeka.jpg","contentUrl":"https:\/\/www.visit-ulcinj.com\/blog\/wp-content\/uploads\/2016\/03\/djukanovic-cungu-djeka.jpg","width":1000,"height":551},{"@type":"WebPage","@id":"https:\/\/www.visit-ulcinj.com\/blog\/2016\/03\/05\/koalicioni-pds-forca-udsh-dhe-koalicioni-bashke-per-te-ardhmen-e-ulqinit-premton-ndryshime\/#webpage","url":"https:\/\/www.visit-ulcinj.com\/blog\/2016\/03\/05\/koalicioni-pds-forca-udsh-dhe-koalicioni-bashke-per-te-ardhmen-e-ulqinit-premton-ndryshime\/","name":"Koalicioni PDS \u2013 Forca - Udsh dhe \"Koalicioni Bashk\u00eb p\u00ebr t\u00eb ardhmen e Ulqinit\u201d premton ndryshime - Lajme nga Ulqini","isPartOf":{"@id":"https:\/\/www.visit-ulcinj.com\/blog\/#website"},"primaryImageOfPage":{"@id":"https:\/\/www.visit-ulcinj.com\/blog\/2016\/03\/05\/koalicioni-pds-forca-udsh-dhe-koalicioni-bashke-per-te-ardhmen-e-ulqinit-premton-ndryshime\/#primaryimage"},"datePublished":"2016-03-05T10:27:39+00:00","dateModified":"2016-03-06T22:01:23+00:00","author":{"@id":"https:\/\/www.visit-ulcinj.com\/blog\/#\/schema\/person\/dcab619c614d3038751c63bc2aadc06d"},"description":"Drejtuesit e Partis\u00eb demokratike t\u00eb socialist\u00ebve kan\u00eb vendosur q\u00eb kriza politike n\u00eb Ulqin t\u00eb sanohet me krijimin e koalicionit t\u00eb gjer\u00eb, m\u00ebson Portali","breadcrumb":{"@id":"https:\/\/www.visit-ulcinj.com\/blog\/2016\/03\/05\/koalicioni-pds-forca-udsh-dhe-koalicioni-bashke-per-te-ardhmen-e-ulqinit-premton-ndryshime\/#breadcrumb"},"inLanguage":"en-US","potentialAction":[{"@type":"ReadAction","target":["https:\/\/www.visit-ulcinj.com\/blog\/2016\/03\/05\/koalicioni-pds-forca-udsh-dhe-koalicioni-bashke-per-te-ardhmen-e-ulqinit-premton-ndryshime\/"]}]},{"@type":"BreadcrumbList","@id":"https:\/\/www.visit-ulcinj.com\/blog\/2016\/03\/05\/koalicioni-pds-forca-udsh-dhe-koalicioni-bashke-per-te-ardhmen-e-ulqinit-premton-ndryshime\/#breadcrumb","itemListElement":[{"@type":"ListItem","position":1,"name":"Koalicioni PDS \u2013 Forca &#8211; Udsh dhe &#8220;Koalicioni Bashk\u00eb p\u00ebr t\u00eb ardhmen e Ulqinit\u201d premton ndryshime"}]},{"@type":"Person","@id":"https:\/\/www.visit-ulcinj.com\/blog\/#\/schema\/person\/dcab619c614d3038751c63bc2aadc06d","name":"ulqini","sameAs":["http:\/\/www.visit-ulcinj.com"],"url":"https:\/\/www.visit-ulcinj.com\/blog\/author\/admin\/"}]}},"jetpack_featured_media_url":"","jetpack_sharing_enabled":true,"jetpack_shortlink":"https:\/\/wp.me\/pe6lTn-oKE","_links":{"self":[{"href":"https:\/\/www.visit-ulcinj.com\/blog\/wp-json\/wp\/v2\/posts\/95148"}],"collection":[{"href":"https:\/\/www.visit-ulcinj.com\/blog\/wp-json\/wp\/v2\/posts"}],"about":[{"href":"https:\/\/www.visit-ulcinj.com\/blog\/wp-json\/wp\/v2\/types\/post"}],"author":[{"embeddable":true,"href":"https:\/\/www.visit-ulcinj.com\/blog\/wp-json\/wp\/v2\/users\/1"}],"replies":[{"embeddable":true,"href":"https:\/\/www.visit-ulcinj.com\/blog\/wp-json\/wp\/v2\/comments?post=95148"}],"version-history":[{"count":1,"href":"https:\/\/www.visit-ulcinj.com\/blog\/wp-json\/wp\/v2\/posts\/95148\/revisions"}],"predecessor-version":[{"id":95150,"href":"https:\/\/www.visit-ulcinj.com\/blog\/wp-json\/wp\/v2\/posts\/95148\/revisions\/95150"}],"wp:attachment":[{"href":"https:\/\/www.visit-ulcinj.com\/blog\/wp-json\/wp\/v2\/media?parent=95148"}],"wp:term":[{"taxonomy":"category","embeddable":true,"href":"https:\/\/www.visit-ulcinj.com\/blog\/wp-json\/wp\/v2\/categories?post=95148"},{"taxonomy":"post_tag","embeddable":true,"href":"https:\/\/www.visit-ulcinj.com\/blog\/wp-json\/wp\/v2\/tags?post=95148"}],"curies":[{"name":"wp","href":"https:\/\/api.w.org\/{rel}","templated":true}]}}