{"id":95158,"date":"2016-03-07T16:43:49","date_gmt":"2016-03-07T15:43:49","guid":{"rendered":"http:\/\/www.visit-ulcinj.com\/blog\/?p=95158"},"modified":"2016-03-07T16:43:49","modified_gmt":"2016-03-07T15:43:49","slug":"ojq-horizonti-ri-rinia-e-dhene-pas-drgoes-edukatoret-e-rinj-ne-veprim","status":"publish","type":"post","link":"https:\/\/www.visit-ulcinj.com\/blog\/2016\/03\/07\/ojq-horizonti-ri-rinia-e-dhene-pas-drgoes-edukatoret-e-rinj-ne-veprim\/","title":{"rendered":"OJQ &#8220;Horizonti i ri&#8221;: Rinia e dh\u00ebn\u00eb pas drgo\u00ebs, Edukator\u00ebt e rinj n\u00eb veprim"},"content":{"rendered":"<div class=\"section section-post-header\">\n<div class=\"section_wrapper clearfix\">\n<div class=\"column one post-header\">\n<div class=\"title_wrapper\">\n<p class=\"entry-title\"><strong><a href=\"http:\/\/www.visit-ulcinj.com\/blog\/wp-content\/uploads\/2016\/03\/Edukator\u00ebt-e-rinj-n\u00eb-veprim-OJQ-HORIZONTI-RI-ULQIN.jpg\"><img loading=\"lazy\" class=\"alignleft wp-image-95159\" src=\"http:\/\/www.visit-ulcinj.com\/blog\/wp-content\/uploads\/2016\/03\/Edukator\u00ebt-e-rinj-n\u00eb-veprim-OJQ-HORIZONTI-RI-ULQIN.jpg\" alt=\"Edukator\u00ebt e rinj n\u00eb veprim-OJQ-HORIZONTI-RI-ULQIN\" width=\"508\" height=\"286\" srcset=\"https:\/\/www.visit-ulcinj.com\/blog\/wp-content\/uploads\/2016\/03\/Edukator\u00ebt-e-rinj-n\u00eb-veprim-OJQ-HORIZONTI-RI-ULQIN.jpg 960w, https:\/\/www.visit-ulcinj.com\/blog\/wp-content\/uploads\/2016\/03\/Edukator\u00ebt-e-rinj-n\u00eb-veprim-OJQ-HORIZONTI-RI-ULQIN-300x169.jpg 300w\" sizes=\"(max-width: 508px) 100vw, 508px\" \/><\/a>Edukator\u00ebt e rinj n\u00eb veprim<\/strong><\/p>\n<\/div>\n<\/div>\n<\/div>\n<\/div>\n<div class=\"post-wrapper-content\">\n<div class=\"section the_content has_content\">\n<div class=\"section_wrapper\">\n<div class=\"the_content_wrapper\">\n<p>Jav\u00ebn q\u00eb shkoi, vijuesit e programit ton\u00eb p\u00ebr <strong>EDUKATOR\u00cb BASHK\u00cbMOSHATAR\u00cb<\/strong>, realizuan pun\u00ebn praktike \u2013 edukimin e moshatar\u00ebve t\u00eb tyre n\u00eb shkoll\u00eb. K\u00ebto aktivitete q\u00eb edukator\u00ebt e rinj realizuan, m\u00eb s\u00eb miri d\u00ebshmojn\u00eb cil\u00ebsin\u00eb e programit t\u00eb cilin ata kan\u00eb ndjekur gjat\u00eb k\u00ebtyre 3 muajve, por edhe pun\u00ebn profesionale t\u00eb t\u00eb gjith\u00eb stafit t\u00eb projektit.<\/p>\n<p>&nbsp;<\/p>\n<p>Krenohemi me k\u00ebt\u00eb potencial t\u00eb ri n\u00eb qytetin ton\u00eb.<\/p>\n<p><strong>Burimi: http:\/\/www.ngo-horizonti.org\/<\/strong><\/p>\n<\/div>\n<\/div>\n<\/div>\n<\/div>\n","protected":false},"excerpt":{"rendered":"<p>Edukator\u00ebt e rinj n\u00eb veprim Jav\u00ebn q\u00eb shkoi, vijuesit e programit ton\u00eb p\u00ebr EDUKATOR\u00cb BASHK\u00cbMOSHATAR\u00cb, realizuan pun\u00ebn praktike \u2013 edukimin e moshatar\u00ebve t\u00eb tyre n\u00eb shkoll\u00eb. K\u00ebto aktivitete q\u00eb edukator\u00ebt e rinj realizuan, m\u00eb s\u00eb miri d\u00ebshmojn\u00eb cil\u00ebsin\u00eb e programit t\u00eb cilin ata kan\u00eb ndjekur gjat\u00eb k\u00ebtyre 3 muajve, por edhe pun\u00ebn profesionale t\u00eb t\u00eb [&hellip;]<\/p>\n","protected":false},"author":1,"featured_media":0,"comment_status":"closed","ping_status":"closed","sticky":false,"template":"","format":"standard","meta":{"spay_email":"","jetpack_publicize_message":"","jetpack_is_tweetstorm":false,"jetpack_publicize_feature_enabled":true},"categories":[11],"tags":[],"jetpack_publicize_connections":[],"yoast_head":"<!-- This site is optimized with the Yoast SEO plugin v19.1 - https:\/\/yoast.com\/wordpress\/plugins\/seo\/ -->\n<title>OJQ &quot;Horizonti i ri&quot;: Rinia e dh\u00ebn\u00eb pas drgo\u00ebs, Edukator\u00ebt e rinj n\u00eb veprim - Lajme nga Ulqini<\/title>\n<meta name=\"description\" content=\"Edukator\u00ebt e rinj n\u00eb veprim Jav\u00ebn q\u00eb shkoi, vijuesit e programit ton\u00eb p\u00ebr EDUKATOR\u00cb BASHK\u00cbMOSHATAR\u00cb, realizuan pun\u00ebn praktike \u2013 edukimin e moshatar\u00ebve t\u00eb\" \/>\n<meta name=\"robots\" content=\"index, follow, max-snippet:-1, max-image-preview:large, max-video-preview:-1\" \/>\n<link rel=\"canonical\" href=\"https:\/\/www.visit-ulcinj.com\/blog\/2016\/03\/07\/ojq-horizonti-ri-rinia-e-dhene-pas-drgoes-edukatoret-e-rinj-ne-veprim\/\" \/>\n<meta property=\"og:locale\" content=\"en_US\" \/>\n<meta property=\"og:type\" content=\"article\" \/>\n<meta property=\"og:title\" content=\"OJQ &quot;Horizonti i ri&quot;: Rinia e dh\u00ebn\u00eb pas drgo\u00ebs, Edukator\u00ebt e rinj n\u00eb veprim - Lajme nga Ulqini\" \/>\n<meta property=\"og:description\" content=\"Edukator\u00ebt e rinj n\u00eb veprim Jav\u00ebn q\u00eb shkoi, vijuesit e programit ton\u00eb p\u00ebr EDUKATOR\u00cb BASHK\u00cbMOSHATAR\u00cb, realizuan pun\u00ebn praktike \u2013 edukimin e moshatar\u00ebve t\u00eb\" \/>\n<meta property=\"og:url\" content=\"https:\/\/www.visit-ulcinj.com\/blog\/2016\/03\/07\/ojq-horizonti-ri-rinia-e-dhene-pas-drgoes-edukatoret-e-rinj-ne-veprim\/\" \/>\n<meta property=\"og:site_name\" content=\"Lajme nga Ulqini\" \/>\n<meta property=\"article:published_time\" content=\"2016-03-07T15:43:49+00:00\" \/>\n<meta name=\"twitter:label1\" content=\"Written by\" \/>\n\t<meta name=\"twitter:data1\" content=\"ulqini\" \/>\n<script type=\"application\/ld+json\" class=\"yoast-schema-graph\">{\"@context\":\"https:\/\/schema.org\",\"@graph\":[{\"@type\":\"WebSite\",\"@id\":\"https:\/\/www.visit-ulcinj.com\/blog\/#website\",\"url\":\"https:\/\/www.visit-ulcinj.com\/blog\/\",\"name\":\"Lajme nga Ulqini\",\"description\":\"Lajme,Vijesti,Ulqini,Ulqin,Crna Gora,Mali i Zi\",\"potentialAction\":[{\"@type\":\"SearchAction\",\"target\":{\"@type\":\"EntryPoint\",\"urlTemplate\":\"https:\/\/www.visit-ulcinj.com\/blog\/?s={search_term_string}\"},\"query-input\":\"required name=search_term_string\"}],\"inLanguage\":\"en-US\"},{\"@type\":\"WebPage\",\"@id\":\"https:\/\/www.visit-ulcinj.com\/blog\/2016\/03\/07\/ojq-horizonti-ri-rinia-e-dhene-pas-drgoes-edukatoret-e-rinj-ne-veprim\/#webpage\",\"url\":\"https:\/\/www.visit-ulcinj.com\/blog\/2016\/03\/07\/ojq-horizonti-ri-rinia-e-dhene-pas-drgoes-edukatoret-e-rinj-ne-veprim\/\",\"name\":\"OJQ \\\"Horizonti i ri\\\": Rinia e dh\u00ebn\u00eb pas drgo\u00ebs, Edukator\u00ebt e rinj n\u00eb veprim - Lajme nga Ulqini\",\"isPartOf\":{\"@id\":\"https:\/\/www.visit-ulcinj.com\/blog\/#website\"},\"datePublished\":\"2016-03-07T15:43:49+00:00\",\"dateModified\":\"2016-03-07T15:43:49+00:00\",\"author\":{\"@id\":\"https:\/\/www.visit-ulcinj.com\/blog\/#\/schema\/person\/dcab619c614d3038751c63bc2aadc06d\"},\"description\":\"Edukator\u00ebt e rinj n\u00eb veprim Jav\u00ebn q\u00eb shkoi, vijuesit e programit ton\u00eb p\u00ebr EDUKATOR\u00cb BASHK\u00cbMOSHATAR\u00cb, realizuan pun\u00ebn praktike \u2013 edukimin e moshatar\u00ebve t\u00eb\",\"breadcrumb\":{\"@id\":\"https:\/\/www.visit-ulcinj.com\/blog\/2016\/03\/07\/ojq-horizonti-ri-rinia-e-dhene-pas-drgoes-edukatoret-e-rinj-ne-veprim\/#breadcrumb\"},\"inLanguage\":\"en-US\",\"potentialAction\":[{\"@type\":\"ReadAction\",\"target\":[\"https:\/\/www.visit-ulcinj.com\/blog\/2016\/03\/07\/ojq-horizonti-ri-rinia-e-dhene-pas-drgoes-edukatoret-e-rinj-ne-veprim\/\"]}]},{\"@type\":\"BreadcrumbList\",\"@id\":\"https:\/\/www.visit-ulcinj.com\/blog\/2016\/03\/07\/ojq-horizonti-ri-rinia-e-dhene-pas-drgoes-edukatoret-e-rinj-ne-veprim\/#breadcrumb\",\"itemListElement\":[{\"@type\":\"ListItem\",\"position\":1,\"name\":\"OJQ &#8220;Horizonti i ri&#8221;: Rinia e dh\u00ebn\u00eb pas drgo\u00ebs, Edukator\u00ebt e rinj n\u00eb veprim\"}]},{\"@type\":\"Person\",\"@id\":\"https:\/\/www.visit-ulcinj.com\/blog\/#\/schema\/person\/dcab619c614d3038751c63bc2aadc06d\",\"name\":\"ulqini\",\"sameAs\":[\"http:\/\/www.visit-ulcinj.com\"],\"url\":\"https:\/\/www.visit-ulcinj.com\/blog\/author\/admin\/\"}]}<\/script>\n<!-- \/ Yoast SEO plugin. -->","yoast_head_json":{"title":"OJQ \"Horizonti i ri\": Rinia e dh\u00ebn\u00eb pas drgo\u00ebs, Edukator\u00ebt e rinj n\u00eb veprim - Lajme nga Ulqini","description":"Edukator\u00ebt e rinj n\u00eb veprim Jav\u00ebn q\u00eb shkoi, vijuesit e programit ton\u00eb p\u00ebr EDUKATOR\u00cb BASHK\u00cbMOSHATAR\u00cb, realizuan pun\u00ebn praktike \u2013 edukimin e moshatar\u00ebve t\u00eb","robots":{"index":"index","follow":"follow","max-snippet":"max-snippet:-1","max-image-preview":"max-image-preview:large","max-video-preview":"max-video-preview:-1"},"canonical":"https:\/\/www.visit-ulcinj.com\/blog\/2016\/03\/07\/ojq-horizonti-ri-rinia-e-dhene-pas-drgoes-edukatoret-e-rinj-ne-veprim\/","og_locale":"en_US","og_type":"article","og_title":"OJQ \"Horizonti i ri\": Rinia e dh\u00ebn\u00eb pas drgo\u00ebs, Edukator\u00ebt e rinj n\u00eb veprim - Lajme nga Ulqini","og_description":"Edukator\u00ebt e rinj n\u00eb veprim Jav\u00ebn q\u00eb shkoi, vijuesit e programit ton\u00eb p\u00ebr EDUKATOR\u00cb BASHK\u00cbMOSHATAR\u00cb, realizuan pun\u00ebn praktike \u2013 edukimin e moshatar\u00ebve t\u00eb","og_url":"https:\/\/www.visit-ulcinj.com\/blog\/2016\/03\/07\/ojq-horizonti-ri-rinia-e-dhene-pas-drgoes-edukatoret-e-rinj-ne-veprim\/","og_site_name":"Lajme nga Ulqini","article_published_time":"2016-03-07T15:43:49+00:00","twitter_misc":{"Written by":"ulqini"},"schema":{"@context":"https:\/\/schema.org","@graph":[{"@type":"WebSite","@id":"https:\/\/www.visit-ulcinj.com\/blog\/#website","url":"https:\/\/www.visit-ulcinj.com\/blog\/","name":"Lajme nga Ulqini","description":"Lajme,Vijesti,Ulqini,Ulqin,Crna Gora,Mali i Zi","potentialAction":[{"@type":"SearchAction","target":{"@type":"EntryPoint","urlTemplate":"https:\/\/www.visit-ulcinj.com\/blog\/?s={search_term_string}"},"query-input":"required name=search_term_string"}],"inLanguage":"en-US"},{"@type":"WebPage","@id":"https:\/\/www.visit-ulcinj.com\/blog\/2016\/03\/07\/ojq-horizonti-ri-rinia-e-dhene-pas-drgoes-edukatoret-e-rinj-ne-veprim\/#webpage","url":"https:\/\/www.visit-ulcinj.com\/blog\/2016\/03\/07\/ojq-horizonti-ri-rinia-e-dhene-pas-drgoes-edukatoret-e-rinj-ne-veprim\/","name":"OJQ \"Horizonti i ri\": Rinia e dh\u00ebn\u00eb pas drgo\u00ebs, Edukator\u00ebt e rinj n\u00eb veprim - Lajme nga Ulqini","isPartOf":{"@id":"https:\/\/www.visit-ulcinj.com\/blog\/#website"},"datePublished":"2016-03-07T15:43:49+00:00","dateModified":"2016-03-07T15:43:49+00:00","author":{"@id":"https:\/\/www.visit-ulcinj.com\/blog\/#\/schema\/person\/dcab619c614d3038751c63bc2aadc06d"},"description":"Edukator\u00ebt e rinj n\u00eb veprim Jav\u00ebn q\u00eb shkoi, vijuesit e programit ton\u00eb p\u00ebr EDUKATOR\u00cb BASHK\u00cbMOSHATAR\u00cb, realizuan pun\u00ebn praktike \u2013 edukimin e moshatar\u00ebve t\u00eb","breadcrumb":{"@id":"https:\/\/www.visit-ulcinj.com\/blog\/2016\/03\/07\/ojq-horizonti-ri-rinia-e-dhene-pas-drgoes-edukatoret-e-rinj-ne-veprim\/#breadcrumb"},"inLanguage":"en-US","potentialAction":[{"@type":"ReadAction","target":["https:\/\/www.visit-ulcinj.com\/blog\/2016\/03\/07\/ojq-horizonti-ri-rinia-e-dhene-pas-drgoes-edukatoret-e-rinj-ne-veprim\/"]}]},{"@type":"BreadcrumbList","@id":"https:\/\/www.visit-ulcinj.com\/blog\/2016\/03\/07\/ojq-horizonti-ri-rinia-e-dhene-pas-drgoes-edukatoret-e-rinj-ne-veprim\/#breadcrumb","itemListElement":[{"@type":"ListItem","position":1,"name":"OJQ &#8220;Horizonti i ri&#8221;: Rinia e dh\u00ebn\u00eb pas drgo\u00ebs, Edukator\u00ebt e rinj n\u00eb veprim"}]},{"@type":"Person","@id":"https:\/\/www.visit-ulcinj.com\/blog\/#\/schema\/person\/dcab619c614d3038751c63bc2aadc06d","name":"ulqini","sameAs":["http:\/\/www.visit-ulcinj.com"],"url":"https:\/\/www.visit-ulcinj.com\/blog\/author\/admin\/"}]}},"jetpack_featured_media_url":"","jetpack_sharing_enabled":true,"jetpack_shortlink":"https:\/\/wp.me\/pe6lTn-oKO","_links":{"self":[{"href":"https:\/\/www.visit-ulcinj.com\/blog\/wp-json\/wp\/v2\/posts\/95158"}],"collection":[{"href":"https:\/\/www.visit-ulcinj.com\/blog\/wp-json\/wp\/v2\/posts"}],"about":[{"href":"https:\/\/www.visit-ulcinj.com\/blog\/wp-json\/wp\/v2\/types\/post"}],"author":[{"embeddable":true,"href":"https:\/\/www.visit-ulcinj.com\/blog\/wp-json\/wp\/v2\/users\/1"}],"replies":[{"embeddable":true,"href":"https:\/\/www.visit-ulcinj.com\/blog\/wp-json\/wp\/v2\/comments?post=95158"}],"version-history":[{"count":1,"href":"https:\/\/www.visit-ulcinj.com\/blog\/wp-json\/wp\/v2\/posts\/95158\/revisions"}],"predecessor-version":[{"id":95160,"href":"https:\/\/www.visit-ulcinj.com\/blog\/wp-json\/wp\/v2\/posts\/95158\/revisions\/95160"}],"wp:attachment":[{"href":"https:\/\/www.visit-ulcinj.com\/blog\/wp-json\/wp\/v2\/media?parent=95158"}],"wp:term":[{"taxonomy":"category","embeddable":true,"href":"https:\/\/www.visit-ulcinj.com\/blog\/wp-json\/wp\/v2\/categories?post=95158"},{"taxonomy":"post_tag","embeddable":true,"href":"https:\/\/www.visit-ulcinj.com\/blog\/wp-json\/wp\/v2\/tags?post=95158"}],"curies":[{"name":"wp","href":"https:\/\/api.w.org\/{rel}","templated":true}]}}