{"id":95161,"date":"2016-03-07T16:53:06","date_gmt":"2016-03-07T15:53:06","guid":{"rendered":"http:\/\/www.visit-ulcinj.com\/blog\/?p=95161"},"modified":"2016-03-07T16:53:25","modified_gmt":"2016-03-07T15:53:25","slug":"ljoro-nrekic-rjesenje-krize-petka","status":"publish","type":"post","link":"https:\/\/www.visit-ulcinj.com\/blog\/2016\/03\/07\/ljoro-nrekic-rjesenje-krize-petka\/","title":{"rendered":"Ljoro Nreki\u0107: Rje\u0161enje krize do petka"},"content":{"rendered":"<p><a href=\"http:\/\/www.visit-ulcinj.com\/blog\/wp-content\/uploads\/2016\/03\/Ljoro-Nrekic.jpg\"><img loading=\"lazy\" class=\"alignleft wp-image-95162\" src=\"http:\/\/www.visit-ulcinj.com\/blog\/wp-content\/uploads\/2016\/03\/Ljoro-Nrekic.jpg\" alt=\"Ljoro Nrekic\" width=\"508\" height=\"381\" srcset=\"https:\/\/www.visit-ulcinj.com\/blog\/wp-content\/uploads\/2016\/03\/Ljoro-Nrekic.jpg 480w, https:\/\/www.visit-ulcinj.com\/blog\/wp-content\/uploads\/2016\/03\/Ljoro-Nrekic-300x225.jpg 300w\" sizes=\"(max-width: 508px) 100vw, 508px\" \/><\/a>Politi\u010dka kriza u op\u0161tini Ulcinju bi\u0107e rije\u0161ena najkasnije do narednog petka i to stvaranjem \u0161iroke koalicije, saop\u0161teno je iz Demokratske partije socijalista.<\/p>\n<p>Predsjednik op\u0161tin\u0161kog odbora DPS-a, Ljoro Nreki\u0107, kazao je za Radio Antena M da \u0107e novu op\u0161tinsku vlast \u010diniti njegova partija, Forca, Koalicija zajedno za budu\u0107nost Ulcinja i Demokratska unija Albanaca.<\/p>\n<p>To zna\u010di da \u0107e od ukupno 33 mjesta u Skup\u0161tini op\u0161tine nova vlast imati vi\u0161e od tri \u010detvrtine odbornika.<\/p>\n<p>\u201cOp\u0161tinski odbor DPS \u0107e ovih dana da pregovara i sa jednim i sa drugima i da poku\u0161amo da to rije\u0161imo na na\u010din da smijenimo politi\u010dko stanje kakvo je sada u Ulcinju, kako bi kona\u010dno po\u010dela da funkcioni\u0161e lokalna samouprava. Dakle, DPS ulazi u vlast, zajedno sa Forcom, Koalicijom zajedno za budu\u0107nost Ulcinja i Demokratskom unijom Albanaca, na\u0161im dugogodi\u0161njim koalicionim partnerom, tako da, vjerujem da \u0107emo do petka zavr\u0161iti sve\u201d, kazao je Nreki\u0107.<\/p>\n<p>On je potvrdio da \u0107e pregovori po\u010deti ve\u0107 sjutra i otkrio kako su podijeljena klju\u010dna mjesta.<\/p>\n<p>\u201cDPS\u2013u pripada mjesto predsjednika Skup\u0161tine, Forca \u0107e voditi Ulcinj, njima, dakle pripada mjesto predsjednika Op\u0161tine, pri \u010demu \u0107e neki zna\u010dajni resori pripasti DPS-u\u201d, kazao je Nreki\u0107 za Antenu M.<\/p>\n<p>Na vlasti u Ulcijnu od marta 2014. je koalicija &#8220;Zajedno za bolji Ulcinj&#8221;, koju predvodi lider Demokratske partije Fatmir \u0110eka, sa Forcom i Pozitivnom.<\/p>\n<p>Zbog duboke politi\u010dke krize, lokalni parlament ve\u0107 mjesecima ne mo\u017ee donijeti ni jednu odluku.<\/p>\n<p>Na \u010dekanju je i bud\u017eet za 2016. godinu, kao i odobreni kredit od 25 miliona eura za kapitalne investicije. \u010ceka i 80 odluka za nesmetano funkcionisanje i razvoj grada.<\/p>\n<p><strong>Izvor: RTCG<\/strong><\/p>\n","protected":false},"excerpt":{"rendered":"<p>Politi\u010dka kriza u op\u0161tini Ulcinju bi\u0107e rije\u0161ena najkasnije do narednog petka i to stvaranjem \u0161iroke koalicije, saop\u0161teno je iz Demokratske partije socijalista. Predsjednik op\u0161tin\u0161kog odbora DPS-a, Ljoro Nreki\u0107, kazao je za Radio Antena M da \u0107e novu op\u0161tinsku vlast \u010diniti njegova partija, Forca, Koalicija zajedno za budu\u0107nost Ulcinja i Demokratska unija Albanaca. To zna\u010di da [&hellip;]<\/p>\n","protected":false},"author":1,"featured_media":0,"comment_status":"closed","ping_status":"closed","sticky":false,"template":"","format":"standard","meta":{"spay_email":"","jetpack_publicize_message":"","jetpack_is_tweetstorm":false,"jetpack_publicize_feature_enabled":true},"categories":[8337],"tags":[],"jetpack_publicize_connections":[],"yoast_head":"<!-- This site is optimized with the Yoast SEO plugin v19.1 - https:\/\/yoast.com\/wordpress\/plugins\/seo\/ -->\n<title>Ljoro Nreki\u0107: Rje\u0161enje krize do petka - Lajme nga Ulqini<\/title>\n<meta name=\"description\" content=\"Politi\u010dka kriza u op\u0161tini Ulcinju bi\u0107e rije\u0161ena najkasnije do narednog petka i to stvaranjem \u0161iroke koalicije, saop\u0161teno je iz Demokratske partije\" \/>\n<meta name=\"robots\" content=\"index, follow, max-snippet:-1, max-image-preview:large, max-video-preview:-1\" \/>\n<link rel=\"canonical\" href=\"https:\/\/www.visit-ulcinj.com\/blog\/2016\/03\/07\/ljoro-nrekic-rjesenje-krize-petka\/\" \/>\n<meta property=\"og:locale\" content=\"en_US\" \/>\n<meta property=\"og:type\" content=\"article\" \/>\n<meta property=\"og:title\" content=\"Ljoro Nreki\u0107: Rje\u0161enje krize do petka - Lajme nga Ulqini\" \/>\n<meta property=\"og:description\" content=\"Politi\u010dka kriza u op\u0161tini Ulcinju bi\u0107e rije\u0161ena najkasnije do narednog petka i to stvaranjem \u0161iroke koalicije, saop\u0161teno je iz Demokratske partije\" \/>\n<meta property=\"og:url\" content=\"https:\/\/www.visit-ulcinj.com\/blog\/2016\/03\/07\/ljoro-nrekic-rjesenje-krize-petka\/\" \/>\n<meta property=\"og:site_name\" content=\"Lajme nga Ulqini\" \/>\n<meta property=\"article:published_time\" content=\"2016-03-07T15:53:06+00:00\" \/>\n<meta property=\"article:modified_time\" content=\"2016-03-07T15:53:25+00:00\" \/>\n<meta property=\"og:image\" content=\"http:\/\/www.visit-ulcinj.com\/blog\/wp-content\/uploads\/2016\/03\/Ljoro-Nrekic.jpg\" \/>\n<meta name=\"twitter:label1\" content=\"Written by\" \/>\n\t<meta name=\"twitter:data1\" content=\"ulqini\" \/>\n\t<meta name=\"twitter:label2\" content=\"Est. reading time\" \/>\n\t<meta name=\"twitter:data2\" content=\"1 minute\" \/>\n<script type=\"application\/ld+json\" class=\"yoast-schema-graph\">{\"@context\":\"https:\/\/schema.org\",\"@graph\":[{\"@type\":\"WebSite\",\"@id\":\"https:\/\/www.visit-ulcinj.com\/blog\/#website\",\"url\":\"https:\/\/www.visit-ulcinj.com\/blog\/\",\"name\":\"Lajme nga Ulqini\",\"description\":\"Lajme,Vijesti,Ulqini,Ulqin,Crna Gora,Mali i Zi\",\"potentialAction\":[{\"@type\":\"SearchAction\",\"target\":{\"@type\":\"EntryPoint\",\"urlTemplate\":\"https:\/\/www.visit-ulcinj.com\/blog\/?s={search_term_string}\"},\"query-input\":\"required name=search_term_string\"}],\"inLanguage\":\"en-US\"},{\"@type\":\"ImageObject\",\"inLanguage\":\"en-US\",\"@id\":\"https:\/\/www.visit-ulcinj.com\/blog\/2016\/03\/07\/ljoro-nrekic-rjesenje-krize-petka\/#primaryimage\",\"url\":\"https:\/\/www.visit-ulcinj.com\/blog\/wp-content\/uploads\/2016\/03\/Ljoro-Nrekic.jpg\",\"contentUrl\":\"https:\/\/www.visit-ulcinj.com\/blog\/wp-content\/uploads\/2016\/03\/Ljoro-Nrekic.jpg\",\"width\":480,\"height\":360},{\"@type\":\"WebPage\",\"@id\":\"https:\/\/www.visit-ulcinj.com\/blog\/2016\/03\/07\/ljoro-nrekic-rjesenje-krize-petka\/#webpage\",\"url\":\"https:\/\/www.visit-ulcinj.com\/blog\/2016\/03\/07\/ljoro-nrekic-rjesenje-krize-petka\/\",\"name\":\"Ljoro Nreki\u0107: Rje\u0161enje krize do petka - Lajme nga Ulqini\",\"isPartOf\":{\"@id\":\"https:\/\/www.visit-ulcinj.com\/blog\/#website\"},\"primaryImageOfPage\":{\"@id\":\"https:\/\/www.visit-ulcinj.com\/blog\/2016\/03\/07\/ljoro-nrekic-rjesenje-krize-petka\/#primaryimage\"},\"datePublished\":\"2016-03-07T15:53:06+00:00\",\"dateModified\":\"2016-03-07T15:53:25+00:00\",\"author\":{\"@id\":\"https:\/\/www.visit-ulcinj.com\/blog\/#\/schema\/person\/dcab619c614d3038751c63bc2aadc06d\"},\"description\":\"Politi\u010dka kriza u op\u0161tini Ulcinju bi\u0107e rije\u0161ena najkasnije do narednog petka i to stvaranjem \u0161iroke koalicije, saop\u0161teno je iz Demokratske partije\",\"breadcrumb\":{\"@id\":\"https:\/\/www.visit-ulcinj.com\/blog\/2016\/03\/07\/ljoro-nrekic-rjesenje-krize-petka\/#breadcrumb\"},\"inLanguage\":\"en-US\",\"potentialAction\":[{\"@type\":\"ReadAction\",\"target\":[\"https:\/\/www.visit-ulcinj.com\/blog\/2016\/03\/07\/ljoro-nrekic-rjesenje-krize-petka\/\"]}]},{\"@type\":\"BreadcrumbList\",\"@id\":\"https:\/\/www.visit-ulcinj.com\/blog\/2016\/03\/07\/ljoro-nrekic-rjesenje-krize-petka\/#breadcrumb\",\"itemListElement\":[{\"@type\":\"ListItem\",\"position\":1,\"name\":\"Ljoro Nreki\u0107: Rje\u0161enje krize do petka\"}]},{\"@type\":\"Person\",\"@id\":\"https:\/\/www.visit-ulcinj.com\/blog\/#\/schema\/person\/dcab619c614d3038751c63bc2aadc06d\",\"name\":\"ulqini\",\"sameAs\":[\"http:\/\/www.visit-ulcinj.com\"],\"url\":\"https:\/\/www.visit-ulcinj.com\/blog\/author\/admin\/\"}]}<\/script>\n<!-- \/ Yoast SEO plugin. -->","yoast_head_json":{"title":"Ljoro Nreki\u0107: Rje\u0161enje krize do petka - Lajme nga Ulqini","description":"Politi\u010dka kriza u op\u0161tini Ulcinju bi\u0107e rije\u0161ena najkasnije do narednog petka i to stvaranjem \u0161iroke koalicije, saop\u0161teno je iz Demokratske partije","robots":{"index":"index","follow":"follow","max-snippet":"max-snippet:-1","max-image-preview":"max-image-preview:large","max-video-preview":"max-video-preview:-1"},"canonical":"https:\/\/www.visit-ulcinj.com\/blog\/2016\/03\/07\/ljoro-nrekic-rjesenje-krize-petka\/","og_locale":"en_US","og_type":"article","og_title":"Ljoro Nreki\u0107: Rje\u0161enje krize do petka - Lajme nga Ulqini","og_description":"Politi\u010dka kriza u op\u0161tini Ulcinju bi\u0107e rije\u0161ena najkasnije do narednog petka i to stvaranjem \u0161iroke koalicije, saop\u0161teno je iz Demokratske partije","og_url":"https:\/\/www.visit-ulcinj.com\/blog\/2016\/03\/07\/ljoro-nrekic-rjesenje-krize-petka\/","og_site_name":"Lajme nga Ulqini","article_published_time":"2016-03-07T15:53:06+00:00","article_modified_time":"2016-03-07T15:53:25+00:00","og_image":[{"url":"http:\/\/www.visit-ulcinj.com\/blog\/wp-content\/uploads\/2016\/03\/Ljoro-Nrekic.jpg"}],"twitter_misc":{"Written by":"ulqini","Est. reading time":"1 minute"},"schema":{"@context":"https:\/\/schema.org","@graph":[{"@type":"WebSite","@id":"https:\/\/www.visit-ulcinj.com\/blog\/#website","url":"https:\/\/www.visit-ulcinj.com\/blog\/","name":"Lajme nga Ulqini","description":"Lajme,Vijesti,Ulqini,Ulqin,Crna Gora,Mali i Zi","potentialAction":[{"@type":"SearchAction","target":{"@type":"EntryPoint","urlTemplate":"https:\/\/www.visit-ulcinj.com\/blog\/?s={search_term_string}"},"query-input":"required name=search_term_string"}],"inLanguage":"en-US"},{"@type":"ImageObject","inLanguage":"en-US","@id":"https:\/\/www.visit-ulcinj.com\/blog\/2016\/03\/07\/ljoro-nrekic-rjesenje-krize-petka\/#primaryimage","url":"https:\/\/www.visit-ulcinj.com\/blog\/wp-content\/uploads\/2016\/03\/Ljoro-Nrekic.jpg","contentUrl":"https:\/\/www.visit-ulcinj.com\/blog\/wp-content\/uploads\/2016\/03\/Ljoro-Nrekic.jpg","width":480,"height":360},{"@type":"WebPage","@id":"https:\/\/www.visit-ulcinj.com\/blog\/2016\/03\/07\/ljoro-nrekic-rjesenje-krize-petka\/#webpage","url":"https:\/\/www.visit-ulcinj.com\/blog\/2016\/03\/07\/ljoro-nrekic-rjesenje-krize-petka\/","name":"Ljoro Nreki\u0107: Rje\u0161enje krize do petka - Lajme nga Ulqini","isPartOf":{"@id":"https:\/\/www.visit-ulcinj.com\/blog\/#website"},"primaryImageOfPage":{"@id":"https:\/\/www.visit-ulcinj.com\/blog\/2016\/03\/07\/ljoro-nrekic-rjesenje-krize-petka\/#primaryimage"},"datePublished":"2016-03-07T15:53:06+00:00","dateModified":"2016-03-07T15:53:25+00:00","author":{"@id":"https:\/\/www.visit-ulcinj.com\/blog\/#\/schema\/person\/dcab619c614d3038751c63bc2aadc06d"},"description":"Politi\u010dka kriza u op\u0161tini Ulcinju bi\u0107e rije\u0161ena najkasnije do narednog petka i to stvaranjem \u0161iroke koalicije, saop\u0161teno je iz Demokratske partije","breadcrumb":{"@id":"https:\/\/www.visit-ulcinj.com\/blog\/2016\/03\/07\/ljoro-nrekic-rjesenje-krize-petka\/#breadcrumb"},"inLanguage":"en-US","potentialAction":[{"@type":"ReadAction","target":["https:\/\/www.visit-ulcinj.com\/blog\/2016\/03\/07\/ljoro-nrekic-rjesenje-krize-petka\/"]}]},{"@type":"BreadcrumbList","@id":"https:\/\/www.visit-ulcinj.com\/blog\/2016\/03\/07\/ljoro-nrekic-rjesenje-krize-petka\/#breadcrumb","itemListElement":[{"@type":"ListItem","position":1,"name":"Ljoro Nreki\u0107: Rje\u0161enje krize do petka"}]},{"@type":"Person","@id":"https:\/\/www.visit-ulcinj.com\/blog\/#\/schema\/person\/dcab619c614d3038751c63bc2aadc06d","name":"ulqini","sameAs":["http:\/\/www.visit-ulcinj.com"],"url":"https:\/\/www.visit-ulcinj.com\/blog\/author\/admin\/"}]}},"jetpack_featured_media_url":"","jetpack_sharing_enabled":true,"jetpack_shortlink":"https:\/\/wp.me\/pe6lTn-oKR","_links":{"self":[{"href":"https:\/\/www.visit-ulcinj.com\/blog\/wp-json\/wp\/v2\/posts\/95161"}],"collection":[{"href":"https:\/\/www.visit-ulcinj.com\/blog\/wp-json\/wp\/v2\/posts"}],"about":[{"href":"https:\/\/www.visit-ulcinj.com\/blog\/wp-json\/wp\/v2\/types\/post"}],"author":[{"embeddable":true,"href":"https:\/\/www.visit-ulcinj.com\/blog\/wp-json\/wp\/v2\/users\/1"}],"replies":[{"embeddable":true,"href":"https:\/\/www.visit-ulcinj.com\/blog\/wp-json\/wp\/v2\/comments?post=95161"}],"version-history":[{"count":2,"href":"https:\/\/www.visit-ulcinj.com\/blog\/wp-json\/wp\/v2\/posts\/95161\/revisions"}],"predecessor-version":[{"id":95164,"href":"https:\/\/www.visit-ulcinj.com\/blog\/wp-json\/wp\/v2\/posts\/95161\/revisions\/95164"}],"wp:attachment":[{"href":"https:\/\/www.visit-ulcinj.com\/blog\/wp-json\/wp\/v2\/media?parent=95161"}],"wp:term":[{"taxonomy":"category","embeddable":true,"href":"https:\/\/www.visit-ulcinj.com\/blog\/wp-json\/wp\/v2\/categories?post=95161"},{"taxonomy":"post_tag","embeddable":true,"href":"https:\/\/www.visit-ulcinj.com\/blog\/wp-json\/wp\/v2\/tags?post=95161"}],"curies":[{"name":"wp","href":"https:\/\/api.w.org\/{rel}","templated":true}]}}