{"id":95165,"date":"2016-03-07T17:32:27","date_gmt":"2016-03-07T16:32:27","guid":{"rendered":"http:\/\/www.visit-ulcinj.com\/blog\/?p=95165"},"modified":"2016-03-08T19:00:18","modified_gmt":"2016-03-08T18:00:18","slug":"nika-vizita-te-nishani-dhe-kthimi-ne-vitin-zero-ii-2","status":"publish","type":"post","link":"https:\/\/www.visit-ulcinj.com\/blog\/2016\/03\/07\/nika-vizita-te-nishani-dhe-kthimi-ne-vitin-zero-ii-2\/","title":{"rendered":"Nika: Vizita te Nishani  dhe \u201cKthimi n\u00eb vitin zero\u2026\u201d ?!!    (II)"},"content":{"rendered":"<p><a href=\"http:\/\/www.visit-ulcinj.com\/blog\/wp-content\/uploads\/2016\/02\/Bujar-Nishani-me-drejtuesit-e-partive-shqiptare-n\u00eb-Mal-t\u00eb-Zi-Durres.jpg\"><img loading=\"lazy\" class=\"alignleft wp-image-94342\" src=\"http:\/\/www.visit-ulcinj.com\/blog\/wp-content\/uploads\/2016\/02\/Bujar-Nishani-me-drejtuesit-e-partive-shqiptare-n\u00eb-Mal-t\u00eb-Zi-Durres.jpg\" alt=\"Bujar-Nishani -me drejtuesit e partive shqiptare n\u00eb Mal t\u00eb Zi-Durres\" width=\"508\" height=\"337\" srcset=\"https:\/\/www.visit-ulcinj.com\/blog\/wp-content\/uploads\/2016\/02\/Bujar-Nishani-me-drejtuesit-e-partive-shqiptare-n\u00eb-Mal-t\u00eb-Zi-Durres.jpg 810w, https:\/\/www.visit-ulcinj.com\/blog\/wp-content\/uploads\/2016\/02\/Bujar-Nishani-me-drejtuesit-e-partive-shqiptare-n\u00eb-Mal-t\u00eb-Zi-Durres-300x199.jpg 300w\" sizes=\"(max-width: 508px) 100vw, 508px\" \/><\/a>Kuptohet q\u00eb mos pasja e plat\u00ebform\u00ebs unike, p\u00ebr shqiptar\u00ebt n\u00eb Mal t\u00eb Zi, t\u00eb cil\u00ebn lider\u00ebt u zotuan se do ta b\u00ebjn\u00eb para Nishanit , si rast(fenomen) shihet se KA NGJAR\u00cb SI REZULTAT I MUNGES\u00cbS S\u00cb NJ\u00cb ANGAZHIMI T\u00cb KORDINUAR t\u00eb nd\u00ebrsjell\u00eb.. Politikan\u00ebt e koh\u00ebs s\u00eb par\u00eb,k\u00ebrkesat e tyre i bazonin thjesht\u00eb n\u00eb disa deklarat t\u00eb rastit \u2013sa p\u00ebr t\u00eb th\u00ebn\u00eb, t\u00eb l\u00ebshuara , gati thuajse ashtu kot, q\u00eb n\u00eb koh\u00ebn kur u b\u00ebn\u00eb \u201cdikushi \u201c n\u00eb politik\u00ebn e Malit t\u00eb Zi.<br \/>\nK\u00ebtu m\u00eb posht\u00eb p\u00ebr t\u00eb sqaruar k\u00ebt\u00eb, do sjellim at\u00eb \u00e7far\u00eb gjet\u00ebm n\u00eb librin e Budisllav Kralit- me titull \u201cKUSH \u00cbSHT\u00cb KUSH N\u00cb MAL T\u00cb ZI\u201d, kuptohet n\u00eb politik\u00eb dhe sipas radhitjes alfabetike. Ata p\u00ebrsa i p\u00ebrket politik\u00ebs dhe plat\u00ebform\u00ebs, preferuan t\u00eb deklarojn\u00eb p\u00ebr vete , si m\u00eb posht\u00eb :<\/p>\n<p><a href=\"http:\/\/www.visit-ulcinj.com\/blog\/wp-content\/uploads\/2016\/03\/Mehmet-Bardhi-.jpg\"><img loading=\"lazy\" class=\"alignleft wp-image-95166\" src=\"http:\/\/www.visit-ulcinj.com\/blog\/wp-content\/uploads\/2016\/03\/Mehmet-Bardhi-.jpg\" alt=\"Mehmet-Bardhi-\" width=\"508\" height=\"454\" srcset=\"https:\/\/www.visit-ulcinj.com\/blog\/wp-content\/uploads\/2016\/03\/Mehmet-Bardhi-.jpg 455w, https:\/\/www.visit-ulcinj.com\/blog\/wp-content\/uploads\/2016\/03\/Mehmet-Bardhi--300x268.jpg 300w\" sizes=\"(max-width: 508px) 100vw, 508px\" \/><\/a><\/p>\n<p>\u201c&#8230;.Mos prit q\u00eb dikush ndonj\u00eb gj\u00eb t\u00eb ta fal\u00eb, e sidomos t\u00eb drejtat njer\u00ebzore dhe nacionale. T\u00eb drejtat duhet t\u00eb pushtohen dhe p\u00ebr ta duhet t\u00eb luftohet deri sa t\u00eb jesh gjall\u00eb. Suksesi n\u00eb to do tu ndri\u00e7oj\u00eb rrug\u00ebn gjeneratave si vin\u00eb..\u201d<br \/>\n-Por sipas neve asgj\u00eb konkrete- v\u00ebrejtja jon\u00eb?!<\/p>\n<p>&nbsp;<\/p>\n<p><strong><em>MUSTAF\u00cb \u00c7APUNI<\/em><\/strong><\/p>\n<p><a href=\"http:\/\/www.visit-ulcinj.com\/blog\/wp-content\/uploads\/2016\/03\/MUSTAF\u00cb-\u00c7APUNI.jpg\"><img loading=\"lazy\" class=\"alignleft wp-image-95167 size-medium\" src=\"http:\/\/www.visit-ulcinj.com\/blog\/wp-content\/uploads\/2016\/03\/MUSTAF\u00cb-\u00c7APUNI-243x300.jpg\" alt=\"MUSTAF\u00cb  \u00c7APUNI\" width=\"243\" height=\"300\" srcset=\"https:\/\/www.visit-ulcinj.com\/blog\/wp-content\/uploads\/2016\/03\/MUSTAF\u00cb-\u00c7APUNI-243x300.jpg 243w, https:\/\/www.visit-ulcinj.com\/blog\/wp-content\/uploads\/2016\/03\/MUSTAF\u00cb-\u00c7APUNI.jpg 354w\" sizes=\"(max-width: 243px) 100vw, 243px\" \/><\/a><\/p>\n<p>\u201c..Mali i Zi me rregullim juridik , b\u00ebri pranimin e ndarjes s\u00eb pushteteve pun\u00eb e cila n\u00eb periudh\u00ebn e kaluar manifestoi edhe do mang\u00ebsi n\u00eb jet\u00ebn parlamentare . Bashk\u00ebpunimi nd\u00ebrmjet pushtetit ligjdh\u00ebn\u00ebs dhe ekzekutiv nuk \u00ebsht\u00eb e ekuilibruar. Hetohet animi kah pushteti ekzekutiv p\u00ebrmes iniciativ\u00ebs s\u00eb ligjdh\u00ebn\u00ebsit, n\u00eb nxjerrjen e dekreteve me fuqi juridike n\u00eb aplikim. Jo rall\u00eb qeveria nuk \u00ebsht\u00eb n\u00ebn kontrollin e parlamentit dhe mungoi mekanizmi i i kontrollit politik gjat\u00eb votimit p\u00ebr vot\u00ebbesim t\u00eb qeveris\u00eb.<\/p>\n<p>\u00c7\u00ebsht\u00eb e v\u00ebrteta deri te funksionimi i suksessh\u00ebm i k\u00ebtij mehanizmi vjen nga \u00e7\u00ebshtja e mos \u00e7lirimit t\u00eb funksionit t\u00eb deputetit si mekaniz\u00ebm votimi rreth vot\u00ebbesimit t\u00eb qeveris\u00eb.. P\u00ebr k\u00ebt\u00eb jet\u00ebn parlamantare e karakterizon dominimi i shumic\u00ebs parlamentare n\u00eb vendimmarrje- deputet\u00ebt e t\u00eb cil\u00ebs k\u00ebt\u00eb \u00e7\u00ebshtje ia l\u00ebn\u00eb partis\u00eb shumic\u00eb. K\u00ebshtu zbatimi dhe funksionimi i pushtetit shkon n\u00eb favor t\u00eb partis\u00eb s\u00eb shumic\u00ebs n\u00eb pushtet.<\/p>\n<p>Kjo n\u00eb realitet \u00ebsht\u00eb kthim pas n\u00eb sistemin e m\u00eb hersh\u00ebm nj\u00eb partiak, dhe partia n\u00eb pushtet p\u00ebrmes deputet\u00ebve t\u00eb vet kontrollon pushtetin n\u00eb kahen t\u00eb cil\u00ebn ata e nxisin.<\/p>\n<p>&#8211;<em>Edhe kjo sipas neve , \u00ebsht\u00eb \u00e7\u00ebshtje sistemore dhe nuk e dallon k\u00ebt\u00eb deputet nga deputet\u00ebt tjer\u00eb t\u00eb partive qytetare..?!!<\/em><\/p>\n<p>&nbsp;<\/p>\n<p><strong><em>FERAT DINOSHA<\/em><\/strong><\/p>\n<p><a href=\"http:\/\/www.visit-ulcinj.com\/blog\/wp-content\/uploads\/2016\/03\/Ferhat-Dinosha-.jpg\"><img loading=\"lazy\" class=\"alignleft wp-image-95168 size-medium\" src=\"http:\/\/www.visit-ulcinj.com\/blog\/wp-content\/uploads\/2016\/03\/Ferhat-Dinosha--300x289.jpg\" alt=\"Ferhat-Dinosha-\" width=\"300\" height=\"289\" srcset=\"https:\/\/www.visit-ulcinj.com\/blog\/wp-content\/uploads\/2016\/03\/Ferhat-Dinosha--300x289.jpg 300w, https:\/\/www.visit-ulcinj.com\/blog\/wp-content\/uploads\/2016\/03\/Ferhat-Dinosha-.jpg 340w\" sizes=\"(max-width: 300px) 100vw, 300px\" \/><\/a>Parlamentarizmi n\u00eb Mal t\u00eb Zi, luajti nj\u00eb rol pozitiv, e kryesisht n\u00eb evitimin e administrimit t\u00eb politik\u00ebs milosheviqiane , n\u00eb ruajtjen e toleranc\u00ebs nd\u00ebretnike dhe t\u00eb paqjes n\u00eb Mal t\u00eb Zi,si dhe rreth profilizimit t\u00eb bllokut p\u00ebr pavar\u00ebsin\u00eb e Malit t\u00eb Zi. N\u00eb t\u00eb ardhmen parlamenti i Malit t\u00eb Zi , do t\u00eb duhej t\u00eb implementonte standardet demokratike evropiane , p\u00ebr sa i p\u00ebrket realizimit t\u00eb te drejtave t\u00eb pakicave n\u00eb Mal t\u00eb Zi.<\/p>\n<p>UDSH-ka platform\u00eb t\u00eb ve\u00e7ant\u00eb politike p\u00ebr k\u00ebt\u00eb dhe ajo angazhohet p\u00ebr parlament dy dhom\u00ebsh, ku dhoma e dyt\u00eb do t\u00eb ishte ajo e popujve pakic\u00eb e cila n\u00eb baz\u00eb t\u00eb aksionit afirmativ , do t\u00eb siguronte v\u00ebnien e vetos,rreth \u00e7\u00ebshtjeve t\u00eb cilat do t\u00eb p\u00ebrkisnin n\u00eb gj\u00ebrat fundamentale t\u00eb interesave nacionale t\u00eb pakicave, kuptohet t\u00eb shqiptar\u00ebve n\u00eb Mal t\u00eb Zi,e duke mos e rrezikuar ase si suverentetin shtet\u00ebror t\u00eb Malit t\u00eb Zi. Motoja jon\u00eb \u00ebsht\u00eb integrime me identitet.<\/p>\n<ul>\n<li><em>Sipas neve kjo edhe ia vlen&#8230;?!<\/em><\/li>\n<\/ul>\n<p><a href=\"http:\/\/www.visit-ulcinj.com\/blog\/wp-content\/uploads\/2016\/03\/Mehmet-Gjoni-.jpg\"><img loading=\"lazy\" class=\"alignleft size-full wp-image-95169\" src=\"http:\/\/www.visit-ulcinj.com\/blog\/wp-content\/uploads\/2016\/03\/Mehmet-Gjoni-.jpg\" alt=\"Mehmet-Gjoni-\" width=\"508\" height=\"360\" \/><\/a><br \/>\n\u201c N\u00eb kushtet e formuara t\u00eb v\u00ebshtira ekonomike dhe mjerimit t\u00eb madh pastaj t\u00eb kontrollit mediatik po t\u00eb te nj\u00ebjtit pushtet tash 17 vite pa mandat t\u00eb pakicave p\u00ebr partit\u00eb e tyre as q\u00eb mund t\u00eb b\u00ebhet fjal\u00eb p\u00ebr nj\u00eb luajtje nga vendi t\u00eb parlamentarizmit n\u00eb Mal t\u00eb Zi.<\/p>\n<p><strong><em>Gjergj Gjokaj<\/em><\/strong><em> \u2013 deputet i mandatit t\u00eb par\u00eb pluralist<\/em><\/p>\n<p>I ndjeri Gjergj Gjokaj n\u00eb koh\u00ebn e hartimit t\u00eb k\u00ebtij libri nuk jetonte- andaj p\u00ebrve\u00e7 biografis\u00eb , autori kuptohet nuk sjell ndonj\u00eb\u00a0\u00a0 deklarat\u00eb politike p\u00ebr profilin e tij&#8230;?!<\/p>\n<p>&nbsp;<\/p>\n<p><strong><em>G\u00cbZIM HAJDINAGA<\/em><\/strong><\/p>\n<p><a href=\"http:\/\/www.visit-ulcinj.com\/blog\/wp-content\/uploads\/2016\/03\/G\u00ebzim-Hajdinaga-.jpg\"><img loading=\"lazy\" class=\"alignleft wp-image-95170\" src=\"http:\/\/www.visit-ulcinj.com\/blog\/wp-content\/uploads\/2016\/03\/G\u00ebzim-Hajdinaga-.jpg\" alt=\"G\u00ebzim-Hajdinaga-\" width=\"508\" height=\"374\" srcset=\"https:\/\/www.visit-ulcinj.com\/blog\/wp-content\/uploads\/2016\/03\/G\u00ebzim-Hajdinaga-.jpg 590w, https:\/\/www.visit-ulcinj.com\/blog\/wp-content\/uploads\/2016\/03\/G\u00ebzim-Hajdinaga--300x221.jpg 300w\" sizes=\"(max-width: 508px) 100vw, 508px\" \/><\/a><\/p>\n<p>\u201c Pluralizmi i i mendimeve dhe idet\u00eb e q\u00ebndrimeve nuk guxojn\u00eb dhe nuk mund t\u00eb jen\u00eb penges\u00eb p\u00ebr zhvillimin e nj\u00eb bashk\u00ebsie. P\u00ebrkundrazi diverziteti n\u00eb se kanalizohet n\u00eb m\u00ebnyr\u00eb dhe form\u00eb t\u00eb duhur e demokratike ai n\u00eb \u00e7do aspekt ve\u00e7 se mund t\u00eb jet\u00eb pasuri e nj\u00eb shoq\u00ebrie. Parlamentarizmi n\u00eb Mal t\u00eb Zi, \u00ebsht\u00eb nj\u00eb paradigm\u00eb e p\u00ebrgjithshme e zhvillimit t\u00eb tij dhe ardhm\u00ebris\u00eb s\u00eb vet si shtet multinacional , multi konfesional multi kulturor<br \/>\n.Shumpartizmi solli edhe kualitete t\u00eb reja p\u00ebr t\u00eb gjith\u00eb, kryesisht p\u00ebr pakicat n\u00eb Mal t\u00eb Zi, t\u00eb cilat p\u00ebrmes partive nacionale dhe p\u00ebrfaq\u00ebsuesve t\u00eb vet , kan\u00eb fituar mund\u00ebsin\u00eb q\u00eb n\u00eb m\u00ebnyr\u00eb demokratike t\u00eb artikulojn\u00eb k\u00ebrkesat e veta politike<\/p>\n<p><strong>SKENDER HOXHA<\/strong><\/p>\n<p><a href=\"http:\/\/www.visit-ulcinj.com\/blog\/wp-content\/uploads\/2016\/03\/Skender-Hoxha-.jpg\"><img loading=\"lazy\" class=\"alignleft wp-image-95171\" src=\"http:\/\/www.visit-ulcinj.com\/blog\/wp-content\/uploads\/2016\/03\/Skender-Hoxha-.jpg\" alt=\"Skender-Hoxha-\" width=\"508\" height=\"527\" srcset=\"https:\/\/www.visit-ulcinj.com\/blog\/wp-content\/uploads\/2016\/03\/Skender-Hoxha-.jpg 408w, https:\/\/www.visit-ulcinj.com\/blog\/wp-content\/uploads\/2016\/03\/Skender-Hoxha--289x300.jpg 289w\" sizes=\"(max-width: 508px) 100vw, 508px\" \/><\/a><\/p>\n<p>\u201c Parlamentarizmi \u00ebsht\u00eb respektimi i nd\u00ebrsjell\u00eb i t\u00eb gjitha kombeve dhe besimeve n\u00eb t\u00eb drejten e vet p\u00ebr tu vet\u00ebp\u00ebrcaktuar si pasqyrim p\u00ebr mendimet dhe pik\u00ebpamjet e veta. N\u00eb m\u00ebnyr\u00eb q\u00eb \u00e7dokush t\u00eb ndihet i lir\u00eb p\u00ebr t\u00eb vet\u00ebn dhe n\u00eb t\u00eb vet\u00ebn duke ndikuar vet\u00eb n\u00eb p\u00ebrparimin dhe zhvillimin e vet. N\u00eb se t\u00eb gjith\u00eb mendojm\u00eb k\u00ebshtu, besoj q\u00eb kjo do t\u00eb ishte perspektiva e vetme e Malit t\u00eb Zi,si dhe ky\u00e7ja e saj n\u00eb integrimet evropiane.<\/p>\n<p><em>&#8211; Sipas neve edhe kjo mund t\u00eb vlej\u00eb?!<\/em><\/p>\n<p><strong><em>TAHIR PEREZIQI<\/em><\/strong><\/p>\n<p><a href=\"http:\/\/www.visit-ulcinj.com\/blog\/wp-content\/uploads\/2016\/03\/Tahir-Pereziqi.jpg\"><img loading=\"lazy\" class=\"alignleft wp-image-95172\" src=\"http:\/\/www.visit-ulcinj.com\/blog\/wp-content\/uploads\/2016\/03\/Tahir-Pereziqi.jpg\" alt=\"Tahir-Pereziqi\" width=\"508\" height=\"424\" srcset=\"https:\/\/www.visit-ulcinj.com\/blog\/wp-content\/uploads\/2016\/03\/Tahir-Pereziqi.jpg 463w, https:\/\/www.visit-ulcinj.com\/blog\/wp-content\/uploads\/2016\/03\/Tahir-Pereziqi-300x250.jpg 300w\" sizes=\"(max-width: 508px) 100vw, 508px\" \/><\/a><\/p>\n<p>I Ndjeri ishte deputet n\u00eb zgjedhjet e para parlamentare -1990-92 , por nuk ka prononcim politik n\u00eb librin e p\u00ebrmendur t\u00eb Budisllav Kralit \u201d Kush \u00ebsht\u00eb kush n\u00eb Mal t\u00eb Zi\u201d, sepse edhe ky vdiq para se t\u00eb hartohej libri i cekur.<\/p>\n<p><strong>MUHAMET NIKA<\/strong><\/p>\n<p><a href=\"http:\/\/www.visit-ulcinj.com\/blog\/wp-content\/uploads\/2016\/03\/Muhamed-Nika.jpg\"><img loading=\"lazy\" class=\"alignleft wp-image-95173\" src=\"http:\/\/www.visit-ulcinj.com\/blog\/wp-content\/uploads\/2016\/03\/Muhamed-Nika.jpg\" alt=\"Muhamed-Nika\" width=\"508\" height=\"741\" srcset=\"https:\/\/www.visit-ulcinj.com\/blog\/wp-content\/uploads\/2016\/03\/Muhamed-Nika.jpg 474w, https:\/\/www.visit-ulcinj.com\/blog\/wp-content\/uploads\/2016\/03\/Muhamed-Nika-206x300.jpg 206w\" sizes=\"(max-width: 508px) 100vw, 508px\" \/><\/a><\/p>\n<p>\u201cMali Zi \u00ebsht\u00eb shtet multinacional, multi kulturor, gjuh\u00ebsor dhe konfesional. Perspektiv\u00ebn e tij e shoh n\u00eb k\u00ebto hapa: T\u00eb gjith\u00eb popujt e tij t\u00eb hapur,parlamenti dydhom\u00ebsh- Senati dhe dhoma e popujve, mekanizmi mbrojt\u00ebs VETOJA Decentralizimi maksimal i pushtetit.<br \/>\nKomuna e Mal\u00ebsis\u00eb sipas standardeve evropiane.Ulqini qytet me status t\u00eb ve\u00e7ant\u00eb t\u00eb identitetit dhe t\u00eb institucioneve.<\/p>\n<p><strong>XHELADIN ZENELI<\/strong><\/p>\n<p><a href=\"http:\/\/www.visit-ulcinj.com\/blog\/wp-content\/uploads\/2016\/03\/Xheladin-Zeneli-.jpg\"><img loading=\"lazy\" class=\"alignleft wp-image-95174\" src=\"http:\/\/www.visit-ulcinj.com\/blog\/wp-content\/uploads\/2016\/03\/Xheladin-Zeneli-.jpg\" alt=\"Xheladin-Zeneli-\" width=\"508\" height=\"450\" srcset=\"https:\/\/www.visit-ulcinj.com\/blog\/wp-content\/uploads\/2016\/03\/Xheladin-Zeneli-.jpg 521w, https:\/\/www.visit-ulcinj.com\/blog\/wp-content\/uploads\/2016\/03\/Xheladin-Zeneli--300x266.jpg 300w\" sizes=\"(max-width: 508px) 100vw, 508px\" \/><\/a><\/p>\n<p>Ky shihet t\u00eb ket\u00eb qen\u00eb deputet n\u00eb mandatin e par\u00eb, por u t\u00ebrhoq duke dh\u00ebn\u00eb dor\u00ebheqje dhe nuk shohim t\u00eb ket\u00eb deponuar ndonj\u00eb orientim platforme politike n\u00eb lib\u00ebr&#8230;?!|! mir\u00ebpo edhe pse jeton n\u00eb diaspor\u00eb ka qen\u00eb dhe \u00ebsht\u00eb aktiv n\u00eb angazhim t\u00eb zgjidhjes s\u00eb drejt\u00eb t\u00eb \u00e7\u00ebshtjes shqiptare.<\/p>\n<p><a href=\"http:\/\/www.visit-ulcinj.com\/blog\/wp-content\/uploads\/2016\/03\/Vesli-Klark-Xheladin-Zeneli-.jpg\"><img loading=\"lazy\" class=\"alignleft wp-image-95175\" src=\"http:\/\/www.visit-ulcinj.com\/blog\/wp-content\/uploads\/2016\/03\/Vesli-Klark-Xheladin-Zeneli-.jpg\" alt=\"Vesli-Klark-Xheladin-Zeneli-\" width=\"508\" height=\"284\" srcset=\"https:\/\/www.visit-ulcinj.com\/blog\/wp-content\/uploads\/2016\/03\/Vesli-Klark-Xheladin-Zeneli-.jpg 473w, https:\/\/www.visit-ulcinj.com\/blog\/wp-content\/uploads\/2016\/03\/Vesli-Klark-Xheladin-Zeneli--300x167.jpg 300w\" sizes=\"(max-width: 508px) 100vw, 508px\" \/><\/a><\/p>\n<p>Shih n\u00eb fotografi me komandantin e Natos, Vesli Klark &#8211; Koha e bombardimeve t\u00eb Natos- n\u00eb Kosov\u00eb..?!!<br \/>\nNga kjo q\u00eb kemi t\u00eb shkruar k\u00ebtu, p\u00ebr k\u00ebrkesat politike shqiptare na duket se jemi larg edhe nga viti zero, por minus zero?!<\/p>\n","protected":false},"excerpt":{"rendered":"<p>Kuptohet q\u00eb mos pasja e plat\u00ebform\u00ebs unike, p\u00ebr shqiptar\u00ebt n\u00eb Mal t\u00eb Zi, t\u00eb cil\u00ebn lider\u00ebt u zotuan se do ta b\u00ebjn\u00eb para Nishanit , si rast(fenomen) shihet se KA NGJAR\u00cb SI REZULTAT I MUNGES\u00cbS S\u00cb NJ\u00cb ANGAZHIMI T\u00cb KORDINUAR t\u00eb nd\u00ebrsjell\u00eb.. Politikan\u00ebt e koh\u00ebs s\u00eb par\u00eb,k\u00ebrkesat e tyre i bazonin thjesht\u00eb n\u00eb disa deklarat [&hellip;]<\/p>\n","protected":false},"author":1,"featured_media":0,"comment_status":"closed","ping_status":"closed","sticky":false,"template":"","format":"standard","meta":{"spay_email":"","jetpack_publicize_message":"","jetpack_is_tweetstorm":false,"jetpack_publicize_feature_enabled":true},"categories":[1,14249],"tags":[],"jetpack_publicize_connections":[],"yoast_head":"<!-- This site is optimized with the Yoast SEO plugin v19.1 - https:\/\/yoast.com\/wordpress\/plugins\/seo\/ -->\n<title>Nika: Vizita te Nishani dhe \u201cKthimi n\u00eb vitin zero\u2026\u201d ?!!  (II) - Lajme nga Ulqini<\/title>\n<meta name=\"description\" content=\"Kuptohet q\u00eb mos pasja e plat\u00ebform\u00ebs unike, p\u00ebr shqiptar\u00ebt n\u00eb Mal t\u00eb Zi, t\u00eb cil\u00ebn lider\u00ebt u zotuan se do ta b\u00ebjn\u00eb para Nishanit , si rast(fenomen) shihet\" \/>\n<meta name=\"robots\" content=\"index, follow, max-snippet:-1, max-image-preview:large, max-video-preview:-1\" \/>\n<link rel=\"canonical\" href=\"https:\/\/www.visit-ulcinj.com\/blog\/2016\/03\/07\/nika-vizita-te-nishani-dhe-kthimi-ne-vitin-zero-ii-2\/\" \/>\n<meta property=\"og:locale\" content=\"en_US\" \/>\n<meta property=\"og:type\" content=\"article\" \/>\n<meta property=\"og:title\" content=\"Nika: Vizita te Nishani dhe \u201cKthimi n\u00eb vitin zero\u2026\u201d ?!!  (II) - Lajme nga Ulqini\" \/>\n<meta property=\"og:description\" content=\"Kuptohet q\u00eb mos pasja e plat\u00ebform\u00ebs unike, p\u00ebr shqiptar\u00ebt n\u00eb Mal t\u00eb Zi, t\u00eb cil\u00ebn lider\u00ebt u zotuan se do ta b\u00ebjn\u00eb para Nishanit , si rast(fenomen) shihet\" \/>\n<meta property=\"og:url\" content=\"https:\/\/www.visit-ulcinj.com\/blog\/2016\/03\/07\/nika-vizita-te-nishani-dhe-kthimi-ne-vitin-zero-ii-2\/\" \/>\n<meta property=\"og:site_name\" content=\"Lajme nga Ulqini\" \/>\n<meta property=\"article:published_time\" content=\"2016-03-07T16:32:27+00:00\" \/>\n<meta property=\"article:modified_time\" content=\"2016-03-08T18:00:18+00:00\" \/>\n<meta property=\"og:image\" content=\"http:\/\/www.visit-ulcinj.com\/blog\/wp-content\/uploads\/2016\/03\/Mehmet-Bardhi-.jpg\" \/>\n<meta name=\"twitter:label1\" content=\"Written by\" \/>\n\t<meta name=\"twitter:data1\" content=\"ulqini\" \/>\n\t<meta name=\"twitter:label2\" content=\"Est. reading time\" \/>\n\t<meta name=\"twitter:data2\" content=\"6 minutes\" \/>\n<script type=\"application\/ld+json\" class=\"yoast-schema-graph\">{\"@context\":\"https:\/\/schema.org\",\"@graph\":[{\"@type\":\"WebSite\",\"@id\":\"https:\/\/www.visit-ulcinj.com\/blog\/#website\",\"url\":\"https:\/\/www.visit-ulcinj.com\/blog\/\",\"name\":\"Lajme nga Ulqini\",\"description\":\"Lajme,Vijesti,Ulqini,Ulqin,Crna Gora,Mali i Zi\",\"potentialAction\":[{\"@type\":\"SearchAction\",\"target\":{\"@type\":\"EntryPoint\",\"urlTemplate\":\"https:\/\/www.visit-ulcinj.com\/blog\/?s={search_term_string}\"},\"query-input\":\"required name=search_term_string\"}],\"inLanguage\":\"en-US\"},{\"@type\":\"ImageObject\",\"inLanguage\":\"en-US\",\"@id\":\"https:\/\/www.visit-ulcinj.com\/blog\/2016\/03\/07\/nika-vizita-te-nishani-dhe-kthimi-ne-vitin-zero-ii-2\/#primaryimage\",\"url\":\"https:\/\/www.visit-ulcinj.com\/blog\/wp-content\/uploads\/2016\/03\/Mehmet-Bardhi-.jpg\",\"contentUrl\":\"https:\/\/www.visit-ulcinj.com\/blog\/wp-content\/uploads\/2016\/03\/Mehmet-Bardhi-.jpg\",\"width\":455,\"height\":407},{\"@type\":\"WebPage\",\"@id\":\"https:\/\/www.visit-ulcinj.com\/blog\/2016\/03\/07\/nika-vizita-te-nishani-dhe-kthimi-ne-vitin-zero-ii-2\/#webpage\",\"url\":\"https:\/\/www.visit-ulcinj.com\/blog\/2016\/03\/07\/nika-vizita-te-nishani-dhe-kthimi-ne-vitin-zero-ii-2\/\",\"name\":\"Nika: Vizita te Nishani dhe \u201cKthimi n\u00eb vitin zero\u2026\u201d ?!! (II) - Lajme nga Ulqini\",\"isPartOf\":{\"@id\":\"https:\/\/www.visit-ulcinj.com\/blog\/#website\"},\"primaryImageOfPage\":{\"@id\":\"https:\/\/www.visit-ulcinj.com\/blog\/2016\/03\/07\/nika-vizita-te-nishani-dhe-kthimi-ne-vitin-zero-ii-2\/#primaryimage\"},\"datePublished\":\"2016-03-07T16:32:27+00:00\",\"dateModified\":\"2016-03-08T18:00:18+00:00\",\"author\":{\"@id\":\"https:\/\/www.visit-ulcinj.com\/blog\/#\/schema\/person\/dcab619c614d3038751c63bc2aadc06d\"},\"description\":\"Kuptohet q\u00eb mos pasja e plat\u00ebform\u00ebs unike, p\u00ebr shqiptar\u00ebt n\u00eb Mal t\u00eb Zi, t\u00eb cil\u00ebn lider\u00ebt u zotuan se do ta b\u00ebjn\u00eb para Nishanit , si rast(fenomen) shihet\",\"breadcrumb\":{\"@id\":\"https:\/\/www.visit-ulcinj.com\/blog\/2016\/03\/07\/nika-vizita-te-nishani-dhe-kthimi-ne-vitin-zero-ii-2\/#breadcrumb\"},\"inLanguage\":\"en-US\",\"potentialAction\":[{\"@type\":\"ReadAction\",\"target\":[\"https:\/\/www.visit-ulcinj.com\/blog\/2016\/03\/07\/nika-vizita-te-nishani-dhe-kthimi-ne-vitin-zero-ii-2\/\"]}]},{\"@type\":\"BreadcrumbList\",\"@id\":\"https:\/\/www.visit-ulcinj.com\/blog\/2016\/03\/07\/nika-vizita-te-nishani-dhe-kthimi-ne-vitin-zero-ii-2\/#breadcrumb\",\"itemListElement\":[{\"@type\":\"ListItem\",\"position\":1,\"name\":\"Nika: Vizita te Nishani dhe \u201cKthimi n\u00eb vitin zero\u2026\u201d ?!! (II)\"}]},{\"@type\":\"Person\",\"@id\":\"https:\/\/www.visit-ulcinj.com\/blog\/#\/schema\/person\/dcab619c614d3038751c63bc2aadc06d\",\"name\":\"ulqini\",\"sameAs\":[\"http:\/\/www.visit-ulcinj.com\"],\"url\":\"https:\/\/www.visit-ulcinj.com\/blog\/author\/admin\/\"}]}<\/script>\n<!-- \/ Yoast SEO plugin. -->","yoast_head_json":{"title":"Nika: Vizita te Nishani dhe \u201cKthimi n\u00eb vitin zero\u2026\u201d ?!!  (II) - Lajme nga Ulqini","description":"Kuptohet q\u00eb mos pasja e plat\u00ebform\u00ebs unike, p\u00ebr shqiptar\u00ebt n\u00eb Mal t\u00eb Zi, t\u00eb cil\u00ebn lider\u00ebt u zotuan se do ta b\u00ebjn\u00eb para Nishanit , si rast(fenomen) shihet","robots":{"index":"index","follow":"follow","max-snippet":"max-snippet:-1","max-image-preview":"max-image-preview:large","max-video-preview":"max-video-preview:-1"},"canonical":"https:\/\/www.visit-ulcinj.com\/blog\/2016\/03\/07\/nika-vizita-te-nishani-dhe-kthimi-ne-vitin-zero-ii-2\/","og_locale":"en_US","og_type":"article","og_title":"Nika: Vizita te Nishani dhe \u201cKthimi n\u00eb vitin zero\u2026\u201d ?!!  (II) - Lajme nga Ulqini","og_description":"Kuptohet q\u00eb mos pasja e plat\u00ebform\u00ebs unike, p\u00ebr shqiptar\u00ebt n\u00eb Mal t\u00eb Zi, t\u00eb cil\u00ebn lider\u00ebt u zotuan se do ta b\u00ebjn\u00eb para Nishanit , si rast(fenomen) shihet","og_url":"https:\/\/www.visit-ulcinj.com\/blog\/2016\/03\/07\/nika-vizita-te-nishani-dhe-kthimi-ne-vitin-zero-ii-2\/","og_site_name":"Lajme nga Ulqini","article_published_time":"2016-03-07T16:32:27+00:00","article_modified_time":"2016-03-08T18:00:18+00:00","og_image":[{"url":"http:\/\/www.visit-ulcinj.com\/blog\/wp-content\/uploads\/2016\/03\/Mehmet-Bardhi-.jpg"}],"twitter_misc":{"Written by":"ulqini","Est. reading time":"6 minutes"},"schema":{"@context":"https:\/\/schema.org","@graph":[{"@type":"WebSite","@id":"https:\/\/www.visit-ulcinj.com\/blog\/#website","url":"https:\/\/www.visit-ulcinj.com\/blog\/","name":"Lajme nga Ulqini","description":"Lajme,Vijesti,Ulqini,Ulqin,Crna Gora,Mali i Zi","potentialAction":[{"@type":"SearchAction","target":{"@type":"EntryPoint","urlTemplate":"https:\/\/www.visit-ulcinj.com\/blog\/?s={search_term_string}"},"query-input":"required name=search_term_string"}],"inLanguage":"en-US"},{"@type":"ImageObject","inLanguage":"en-US","@id":"https:\/\/www.visit-ulcinj.com\/blog\/2016\/03\/07\/nika-vizita-te-nishani-dhe-kthimi-ne-vitin-zero-ii-2\/#primaryimage","url":"https:\/\/www.visit-ulcinj.com\/blog\/wp-content\/uploads\/2016\/03\/Mehmet-Bardhi-.jpg","contentUrl":"https:\/\/www.visit-ulcinj.com\/blog\/wp-content\/uploads\/2016\/03\/Mehmet-Bardhi-.jpg","width":455,"height":407},{"@type":"WebPage","@id":"https:\/\/www.visit-ulcinj.com\/blog\/2016\/03\/07\/nika-vizita-te-nishani-dhe-kthimi-ne-vitin-zero-ii-2\/#webpage","url":"https:\/\/www.visit-ulcinj.com\/blog\/2016\/03\/07\/nika-vizita-te-nishani-dhe-kthimi-ne-vitin-zero-ii-2\/","name":"Nika: Vizita te Nishani dhe \u201cKthimi n\u00eb vitin zero\u2026\u201d ?!! (II) - Lajme nga Ulqini","isPartOf":{"@id":"https:\/\/www.visit-ulcinj.com\/blog\/#website"},"primaryImageOfPage":{"@id":"https:\/\/www.visit-ulcinj.com\/blog\/2016\/03\/07\/nika-vizita-te-nishani-dhe-kthimi-ne-vitin-zero-ii-2\/#primaryimage"},"datePublished":"2016-03-07T16:32:27+00:00","dateModified":"2016-03-08T18:00:18+00:00","author":{"@id":"https:\/\/www.visit-ulcinj.com\/blog\/#\/schema\/person\/dcab619c614d3038751c63bc2aadc06d"},"description":"Kuptohet q\u00eb mos pasja e plat\u00ebform\u00ebs unike, p\u00ebr shqiptar\u00ebt n\u00eb Mal t\u00eb Zi, t\u00eb cil\u00ebn lider\u00ebt u zotuan se do ta b\u00ebjn\u00eb para Nishanit , si rast(fenomen) shihet","breadcrumb":{"@id":"https:\/\/www.visit-ulcinj.com\/blog\/2016\/03\/07\/nika-vizita-te-nishani-dhe-kthimi-ne-vitin-zero-ii-2\/#breadcrumb"},"inLanguage":"en-US","potentialAction":[{"@type":"ReadAction","target":["https:\/\/www.visit-ulcinj.com\/blog\/2016\/03\/07\/nika-vizita-te-nishani-dhe-kthimi-ne-vitin-zero-ii-2\/"]}]},{"@type":"BreadcrumbList","@id":"https:\/\/www.visit-ulcinj.com\/blog\/2016\/03\/07\/nika-vizita-te-nishani-dhe-kthimi-ne-vitin-zero-ii-2\/#breadcrumb","itemListElement":[{"@type":"ListItem","position":1,"name":"Nika: Vizita te Nishani dhe \u201cKthimi n\u00eb vitin zero\u2026\u201d ?!! (II)"}]},{"@type":"Person","@id":"https:\/\/www.visit-ulcinj.com\/blog\/#\/schema\/person\/dcab619c614d3038751c63bc2aadc06d","name":"ulqini","sameAs":["http:\/\/www.visit-ulcinj.com"],"url":"https:\/\/www.visit-ulcinj.com\/blog\/author\/admin\/"}]}},"jetpack_featured_media_url":"","jetpack_sharing_enabled":true,"jetpack_shortlink":"https:\/\/wp.me\/pe6lTn-oKV","_links":{"self":[{"href":"https:\/\/www.visit-ulcinj.com\/blog\/wp-json\/wp\/v2\/posts\/95165"}],"collection":[{"href":"https:\/\/www.visit-ulcinj.com\/blog\/wp-json\/wp\/v2\/posts"}],"about":[{"href":"https:\/\/www.visit-ulcinj.com\/blog\/wp-json\/wp\/v2\/types\/post"}],"author":[{"embeddable":true,"href":"https:\/\/www.visit-ulcinj.com\/blog\/wp-json\/wp\/v2\/users\/1"}],"replies":[{"embeddable":true,"href":"https:\/\/www.visit-ulcinj.com\/blog\/wp-json\/wp\/v2\/comments?post=95165"}],"version-history":[{"count":1,"href":"https:\/\/www.visit-ulcinj.com\/blog\/wp-json\/wp\/v2\/posts\/95165\/revisions"}],"predecessor-version":[{"id":95176,"href":"https:\/\/www.visit-ulcinj.com\/blog\/wp-json\/wp\/v2\/posts\/95165\/revisions\/95176"}],"wp:attachment":[{"href":"https:\/\/www.visit-ulcinj.com\/blog\/wp-json\/wp\/v2\/media?parent=95165"}],"wp:term":[{"taxonomy":"category","embeddable":true,"href":"https:\/\/www.visit-ulcinj.com\/blog\/wp-json\/wp\/v2\/categories?post=95165"},{"taxonomy":"post_tag","embeddable":true,"href":"https:\/\/www.visit-ulcinj.com\/blog\/wp-json\/wp\/v2\/tags?post=95165"}],"curies":[{"name":"wp","href":"https:\/\/api.w.org\/{rel}","templated":true}]}}