{"id":95177,"date":"2016-03-07T17:54:52","date_gmt":"2016-03-07T16:54:52","guid":{"rendered":"http:\/\/www.visit-ulcinj.com\/blog\/?p=95177"},"modified":"2016-03-07T17:54:52","modified_gmt":"2016-03-07T16:54:52","slug":"gazsjellesi-trans-adriatik-te-kaloje-ne-shtoder-ulqin","status":"publish","type":"post","link":"https:\/\/www.visit-ulcinj.com\/blog\/2016\/03\/07\/gazsjellesi-trans-adriatik-te-kaloje-ne-shtoder-ulqin\/","title":{"rendered":"Gazsjell\u00ebsi Trans-Adriatik do t\u00eb kaloj\u00eb n\u00eb Shtod\u00ebr &#8211; Ulqin"},"content":{"rendered":"<div class=\"post-content description \">\n<p><a href=\"http:\/\/www.visit-ulcinj.com\/blog\/wp-content\/uploads\/2016\/03\/Trans-Adriatic-Pipeline-Montenegro.jpg\"><img loading=\"lazy\" class=\"alignleft wp-image-95178\" src=\"http:\/\/www.visit-ulcinj.com\/blog\/wp-content\/uploads\/2016\/03\/Trans-Adriatic-Pipeline-Montenegro.jpg\" alt=\"Trans Adriatic Pipeline-Montenegro\" width=\"508\" height=\"315\" \/><\/a>Portali Analitika ka publikuar rrug\u00ebn precize t\u00eb korridorit t\u00eb gazsjell\u00ebsit Trans Adriatik e cila kalon n\u00ebp\u00ebr Mal t\u00eb Zi.<\/p>\n<p>Gazsjell\u00ebsi nga Shqip\u00ebria hyn\u00eb n\u00eb Mal t\u00eb Zi n\u00eb af\u00ebrsi t\u00eb vendit Shtod\u00ebr, n\u00eb komun\u00eb t\u00eb Ulqinit, ku do t\u00eb vendoset edhe uzina.<\/p>\n<p>Nd\u00ebrtimi i gazsjell\u00ebsit n\u00ebp\u00ebr vendin ton\u00eb do t\u00eb kushtoj\u00eb rreth 100 milion euro dhe do t\u00eb financohet nga fondet evropiane, nd\u00ebrsa mund t\u00eb filloj\u00eb n\u00eb dy, tre vitet e ardhshme.<\/p>\n<p>Ky gazsjell\u00ebs \u00ebsht\u00eb i gjat\u00eb 867 km dhe me te do t\u00eb transportohet gazi natyror nga Azerbajxhani, n\u00ebp\u00ebr Turqi dhe Greqi, pastaj Shqip\u00ebri dhe Deti Adriatik deri n\u00eb Italin\u00eb jugore dhe m\u00eb tej n\u00eb Europ\u00ebn per\u00ebndimore.<\/p>\n<p>Ul.Info<\/p>\n<\/div>\n","protected":false},"excerpt":{"rendered":"<p>Portali Analitika ka publikuar rrug\u00ebn precize t\u00eb korridorit t\u00eb gazsjell\u00ebsit Trans Adriatik e cila kalon n\u00ebp\u00ebr Mal t\u00eb Zi. Gazsjell\u00ebsi nga Shqip\u00ebria hyn\u00eb n\u00eb Mal t\u00eb Zi n\u00eb af\u00ebrsi t\u00eb vendit Shtod\u00ebr, n\u00eb komun\u00eb t\u00eb Ulqinit, ku do t\u00eb vendoset edhe uzina. Nd\u00ebrtimi i gazsjell\u00ebsit n\u00ebp\u00ebr vendin ton\u00eb do t\u00eb kushtoj\u00eb rreth 100 milion euro [&hellip;]<\/p>\n","protected":false},"author":1,"featured_media":0,"comment_status":"closed","ping_status":"closed","sticky":false,"template":"","format":"standard","meta":{"spay_email":"","jetpack_publicize_message":"","jetpack_is_tweetstorm":false,"jetpack_publicize_feature_enabled":true},"categories":[10],"tags":[],"jetpack_publicize_connections":[],"yoast_head":"<!-- This site is optimized with the Yoast SEO plugin v19.1 - https:\/\/yoast.com\/wordpress\/plugins\/seo\/ -->\n<title>Gazsjell\u00ebsi Trans-Adriatik do t\u00eb kaloj\u00eb n\u00eb Shtod\u00ebr - Ulqin - Lajme nga Ulqini<\/title>\n<meta name=\"description\" content=\"Portali Analitika ka publikuar rrug\u00ebn precize t\u00eb korridorit t\u00eb gazsjell\u00ebsit Trans Adriatik e cila kalon n\u00ebp\u00ebr Mal t\u00eb Zi. Gazsjell\u00ebsi nga Shqip\u00ebria hyn\u00eb n\u00eb\" \/>\n<meta name=\"robots\" content=\"index, follow, max-snippet:-1, max-image-preview:large, max-video-preview:-1\" \/>\n<link rel=\"canonical\" href=\"https:\/\/www.visit-ulcinj.com\/blog\/2016\/03\/07\/gazsjellesi-trans-adriatik-te-kaloje-ne-shtoder-ulqin\/\" \/>\n<meta property=\"og:locale\" content=\"en_US\" \/>\n<meta property=\"og:type\" content=\"article\" \/>\n<meta property=\"og:title\" content=\"Gazsjell\u00ebsi Trans-Adriatik do t\u00eb kaloj\u00eb n\u00eb Shtod\u00ebr - Ulqin - Lajme nga Ulqini\" \/>\n<meta property=\"og:description\" content=\"Portali Analitika ka publikuar rrug\u00ebn precize t\u00eb korridorit t\u00eb gazsjell\u00ebsit Trans Adriatik e cila kalon n\u00ebp\u00ebr Mal t\u00eb Zi. Gazsjell\u00ebsi nga Shqip\u00ebria hyn\u00eb n\u00eb\" \/>\n<meta property=\"og:url\" content=\"https:\/\/www.visit-ulcinj.com\/blog\/2016\/03\/07\/gazsjellesi-trans-adriatik-te-kaloje-ne-shtoder-ulqin\/\" \/>\n<meta property=\"og:site_name\" content=\"Lajme nga Ulqini\" \/>\n<meta property=\"article:published_time\" content=\"2016-03-07T16:54:52+00:00\" \/>\n<meta property=\"og:image\" content=\"http:\/\/www.visit-ulcinj.com\/blog\/wp-content\/uploads\/2016\/03\/Trans-Adriatic-Pipeline-Montenegro.jpg\" \/>\n<meta name=\"twitter:label1\" content=\"Written by\" \/>\n\t<meta name=\"twitter:data1\" content=\"ulqini\" \/>\n\t<meta name=\"twitter:label2\" content=\"Est. reading time\" \/>\n\t<meta name=\"twitter:data2\" content=\"1 minute\" \/>\n<script type=\"application\/ld+json\" class=\"yoast-schema-graph\">{\"@context\":\"https:\/\/schema.org\",\"@graph\":[{\"@type\":\"WebSite\",\"@id\":\"https:\/\/www.visit-ulcinj.com\/blog\/#website\",\"url\":\"https:\/\/www.visit-ulcinj.com\/blog\/\",\"name\":\"Lajme nga Ulqini\",\"description\":\"Lajme,Vijesti,Ulqini,Ulqin,Crna Gora,Mali i Zi\",\"potentialAction\":[{\"@type\":\"SearchAction\",\"target\":{\"@type\":\"EntryPoint\",\"urlTemplate\":\"https:\/\/www.visit-ulcinj.com\/blog\/?s={search_term_string}\"},\"query-input\":\"required name=search_term_string\"}],\"inLanguage\":\"en-US\"},{\"@type\":\"ImageObject\",\"inLanguage\":\"en-US\",\"@id\":\"https:\/\/www.visit-ulcinj.com\/blog\/2016\/03\/07\/gazsjellesi-trans-adriatik-te-kaloje-ne-shtoder-ulqin\/#primaryimage\",\"url\":\"http:\/\/www.visit-ulcinj.com\/blog\/wp-content\/uploads\/2016\/03\/Trans-Adriatic-Pipeline-Montenegro.jpg\",\"contentUrl\":\"http:\/\/www.visit-ulcinj.com\/blog\/wp-content\/uploads\/2016\/03\/Trans-Adriatic-Pipeline-Montenegro.jpg\"},{\"@type\":\"WebPage\",\"@id\":\"https:\/\/www.visit-ulcinj.com\/blog\/2016\/03\/07\/gazsjellesi-trans-adriatik-te-kaloje-ne-shtoder-ulqin\/#webpage\",\"url\":\"https:\/\/www.visit-ulcinj.com\/blog\/2016\/03\/07\/gazsjellesi-trans-adriatik-te-kaloje-ne-shtoder-ulqin\/\",\"name\":\"Gazsjell\u00ebsi Trans-Adriatik do t\u00eb kaloj\u00eb n\u00eb Shtod\u00ebr - Ulqin - Lajme nga Ulqini\",\"isPartOf\":{\"@id\":\"https:\/\/www.visit-ulcinj.com\/blog\/#website\"},\"primaryImageOfPage\":{\"@id\":\"https:\/\/www.visit-ulcinj.com\/blog\/2016\/03\/07\/gazsjellesi-trans-adriatik-te-kaloje-ne-shtoder-ulqin\/#primaryimage\"},\"datePublished\":\"2016-03-07T16:54:52+00:00\",\"dateModified\":\"2016-03-07T16:54:52+00:00\",\"author\":{\"@id\":\"https:\/\/www.visit-ulcinj.com\/blog\/#\/schema\/person\/dcab619c614d3038751c63bc2aadc06d\"},\"description\":\"Portali Analitika ka publikuar rrug\u00ebn precize t\u00eb korridorit t\u00eb gazsjell\u00ebsit Trans Adriatik e cila kalon n\u00ebp\u00ebr Mal t\u00eb Zi. Gazsjell\u00ebsi nga Shqip\u00ebria hyn\u00eb n\u00eb\",\"breadcrumb\":{\"@id\":\"https:\/\/www.visit-ulcinj.com\/blog\/2016\/03\/07\/gazsjellesi-trans-adriatik-te-kaloje-ne-shtoder-ulqin\/#breadcrumb\"},\"inLanguage\":\"en-US\",\"potentialAction\":[{\"@type\":\"ReadAction\",\"target\":[\"https:\/\/www.visit-ulcinj.com\/blog\/2016\/03\/07\/gazsjellesi-trans-adriatik-te-kaloje-ne-shtoder-ulqin\/\"]}]},{\"@type\":\"BreadcrumbList\",\"@id\":\"https:\/\/www.visit-ulcinj.com\/blog\/2016\/03\/07\/gazsjellesi-trans-adriatik-te-kaloje-ne-shtoder-ulqin\/#breadcrumb\",\"itemListElement\":[{\"@type\":\"ListItem\",\"position\":1,\"name\":\"Gazsjell\u00ebsi Trans-Adriatik do t\u00eb kaloj\u00eb n\u00eb Shtod\u00ebr &#8211; Ulqin\"}]},{\"@type\":\"Person\",\"@id\":\"https:\/\/www.visit-ulcinj.com\/blog\/#\/schema\/person\/dcab619c614d3038751c63bc2aadc06d\",\"name\":\"ulqini\",\"sameAs\":[\"http:\/\/www.visit-ulcinj.com\"],\"url\":\"https:\/\/www.visit-ulcinj.com\/blog\/author\/admin\/\"}]}<\/script>\n<!-- \/ Yoast SEO plugin. -->","yoast_head_json":{"title":"Gazsjell\u00ebsi Trans-Adriatik do t\u00eb kaloj\u00eb n\u00eb Shtod\u00ebr - Ulqin - Lajme nga Ulqini","description":"Portali Analitika ka publikuar rrug\u00ebn precize t\u00eb korridorit t\u00eb gazsjell\u00ebsit Trans Adriatik e cila kalon n\u00ebp\u00ebr Mal t\u00eb Zi. Gazsjell\u00ebsi nga Shqip\u00ebria hyn\u00eb n\u00eb","robots":{"index":"index","follow":"follow","max-snippet":"max-snippet:-1","max-image-preview":"max-image-preview:large","max-video-preview":"max-video-preview:-1"},"canonical":"https:\/\/www.visit-ulcinj.com\/blog\/2016\/03\/07\/gazsjellesi-trans-adriatik-te-kaloje-ne-shtoder-ulqin\/","og_locale":"en_US","og_type":"article","og_title":"Gazsjell\u00ebsi Trans-Adriatik do t\u00eb kaloj\u00eb n\u00eb Shtod\u00ebr - Ulqin - Lajme nga Ulqini","og_description":"Portali Analitika ka publikuar rrug\u00ebn precize t\u00eb korridorit t\u00eb gazsjell\u00ebsit Trans Adriatik e cila kalon n\u00ebp\u00ebr Mal t\u00eb Zi. Gazsjell\u00ebsi nga Shqip\u00ebria hyn\u00eb n\u00eb","og_url":"https:\/\/www.visit-ulcinj.com\/blog\/2016\/03\/07\/gazsjellesi-trans-adriatik-te-kaloje-ne-shtoder-ulqin\/","og_site_name":"Lajme nga Ulqini","article_published_time":"2016-03-07T16:54:52+00:00","og_image":[{"url":"http:\/\/www.visit-ulcinj.com\/blog\/wp-content\/uploads\/2016\/03\/Trans-Adriatic-Pipeline-Montenegro.jpg"}],"twitter_misc":{"Written by":"ulqini","Est. reading time":"1 minute"},"schema":{"@context":"https:\/\/schema.org","@graph":[{"@type":"WebSite","@id":"https:\/\/www.visit-ulcinj.com\/blog\/#website","url":"https:\/\/www.visit-ulcinj.com\/blog\/","name":"Lajme nga Ulqini","description":"Lajme,Vijesti,Ulqini,Ulqin,Crna Gora,Mali i Zi","potentialAction":[{"@type":"SearchAction","target":{"@type":"EntryPoint","urlTemplate":"https:\/\/www.visit-ulcinj.com\/blog\/?s={search_term_string}"},"query-input":"required name=search_term_string"}],"inLanguage":"en-US"},{"@type":"ImageObject","inLanguage":"en-US","@id":"https:\/\/www.visit-ulcinj.com\/blog\/2016\/03\/07\/gazsjellesi-trans-adriatik-te-kaloje-ne-shtoder-ulqin\/#primaryimage","url":"http:\/\/www.visit-ulcinj.com\/blog\/wp-content\/uploads\/2016\/03\/Trans-Adriatic-Pipeline-Montenegro.jpg","contentUrl":"http:\/\/www.visit-ulcinj.com\/blog\/wp-content\/uploads\/2016\/03\/Trans-Adriatic-Pipeline-Montenegro.jpg"},{"@type":"WebPage","@id":"https:\/\/www.visit-ulcinj.com\/blog\/2016\/03\/07\/gazsjellesi-trans-adriatik-te-kaloje-ne-shtoder-ulqin\/#webpage","url":"https:\/\/www.visit-ulcinj.com\/blog\/2016\/03\/07\/gazsjellesi-trans-adriatik-te-kaloje-ne-shtoder-ulqin\/","name":"Gazsjell\u00ebsi Trans-Adriatik do t\u00eb kaloj\u00eb n\u00eb Shtod\u00ebr - Ulqin - Lajme nga Ulqini","isPartOf":{"@id":"https:\/\/www.visit-ulcinj.com\/blog\/#website"},"primaryImageOfPage":{"@id":"https:\/\/www.visit-ulcinj.com\/blog\/2016\/03\/07\/gazsjellesi-trans-adriatik-te-kaloje-ne-shtoder-ulqin\/#primaryimage"},"datePublished":"2016-03-07T16:54:52+00:00","dateModified":"2016-03-07T16:54:52+00:00","author":{"@id":"https:\/\/www.visit-ulcinj.com\/blog\/#\/schema\/person\/dcab619c614d3038751c63bc2aadc06d"},"description":"Portali Analitika ka publikuar rrug\u00ebn precize t\u00eb korridorit t\u00eb gazsjell\u00ebsit Trans Adriatik e cila kalon n\u00ebp\u00ebr Mal t\u00eb Zi. Gazsjell\u00ebsi nga Shqip\u00ebria hyn\u00eb n\u00eb","breadcrumb":{"@id":"https:\/\/www.visit-ulcinj.com\/blog\/2016\/03\/07\/gazsjellesi-trans-adriatik-te-kaloje-ne-shtoder-ulqin\/#breadcrumb"},"inLanguage":"en-US","potentialAction":[{"@type":"ReadAction","target":["https:\/\/www.visit-ulcinj.com\/blog\/2016\/03\/07\/gazsjellesi-trans-adriatik-te-kaloje-ne-shtoder-ulqin\/"]}]},{"@type":"BreadcrumbList","@id":"https:\/\/www.visit-ulcinj.com\/blog\/2016\/03\/07\/gazsjellesi-trans-adriatik-te-kaloje-ne-shtoder-ulqin\/#breadcrumb","itemListElement":[{"@type":"ListItem","position":1,"name":"Gazsjell\u00ebsi Trans-Adriatik do t\u00eb kaloj\u00eb n\u00eb Shtod\u00ebr &#8211; Ulqin"}]},{"@type":"Person","@id":"https:\/\/www.visit-ulcinj.com\/blog\/#\/schema\/person\/dcab619c614d3038751c63bc2aadc06d","name":"ulqini","sameAs":["http:\/\/www.visit-ulcinj.com"],"url":"https:\/\/www.visit-ulcinj.com\/blog\/author\/admin\/"}]}},"jetpack_featured_media_url":"","jetpack_sharing_enabled":true,"jetpack_shortlink":"https:\/\/wp.me\/pe6lTn-oL7","_links":{"self":[{"href":"https:\/\/www.visit-ulcinj.com\/blog\/wp-json\/wp\/v2\/posts\/95177"}],"collection":[{"href":"https:\/\/www.visit-ulcinj.com\/blog\/wp-json\/wp\/v2\/posts"}],"about":[{"href":"https:\/\/www.visit-ulcinj.com\/blog\/wp-json\/wp\/v2\/types\/post"}],"author":[{"embeddable":true,"href":"https:\/\/www.visit-ulcinj.com\/blog\/wp-json\/wp\/v2\/users\/1"}],"replies":[{"embeddable":true,"href":"https:\/\/www.visit-ulcinj.com\/blog\/wp-json\/wp\/v2\/comments?post=95177"}],"version-history":[{"count":1,"href":"https:\/\/www.visit-ulcinj.com\/blog\/wp-json\/wp\/v2\/posts\/95177\/revisions"}],"predecessor-version":[{"id":95179,"href":"https:\/\/www.visit-ulcinj.com\/blog\/wp-json\/wp\/v2\/posts\/95177\/revisions\/95179"}],"wp:attachment":[{"href":"https:\/\/www.visit-ulcinj.com\/blog\/wp-json\/wp\/v2\/media?parent=95177"}],"wp:term":[{"taxonomy":"category","embeddable":true,"href":"https:\/\/www.visit-ulcinj.com\/blog\/wp-json\/wp\/v2\/categories?post=95177"},{"taxonomy":"post_tag","embeddable":true,"href":"https:\/\/www.visit-ulcinj.com\/blog\/wp-json\/wp\/v2\/tags?post=95177"}],"curies":[{"name":"wp","href":"https:\/\/api.w.org\/{rel}","templated":true}]}}