{"id":95189,"date":"2016-03-08T18:58:04","date_gmt":"2016-03-08T17:58:04","guid":{"rendered":"http:\/\/www.visit-ulcinj.com\/blog\/?p=95189"},"modified":"2016-03-09T17:20:40","modified_gmt":"2016-03-09T16:20:40","slug":"nika-pritet-qe-koalicioni-gjere-te-coje-ekspertat-patriotat-ne-pushim-te-merituar","status":"publish","type":"post","link":"https:\/\/www.visit-ulcinj.com\/blog\/2016\/03\/08\/nika-pritet-qe-koalicioni-gjere-te-coje-ekspertat-patriotat-ne-pushim-te-merituar\/","title":{"rendered":"Nika: A pritet q\u00eb koalicioni i gj\u00ebr\u00eb &#8211; t\u00eb \u00e7oj\u00eb ekspertat (patriotat) n\u00eb pushim t\u00eb merituar&#8230;?!"},"content":{"rendered":"<p><strong><em> <a href=\"http:\/\/www.visit-ulcinj.com\/blog\/wp-content\/uploads\/2016\/03\/koalicioni-ne-Ulqin.jpg\"><img loading=\"lazy\" class=\"alignleft wp-image-95190\" src=\"http:\/\/www.visit-ulcinj.com\/blog\/wp-content\/uploads\/2016\/03\/koalicioni-ne-Ulqin.jpg\" alt=\"koalicioni ne Ulqin\" width=\"508\" height=\"317\" srcset=\"https:\/\/www.visit-ulcinj.com\/blog\/wp-content\/uploads\/2016\/03\/koalicioni-ne-Ulqin.jpg 806w, https:\/\/www.visit-ulcinj.com\/blog\/wp-content\/uploads\/2016\/03\/koalicioni-ne-Ulqin-300x187.jpg 300w\" sizes=\"(max-width: 508px) 100vw, 508px\" \/><\/a>Shkruan Muhamet Nika<\/em><\/strong><\/p>\n<p>Sipas ndarjes s\u00eb pushtetit t\u00eb ri q\u00eb pritet t\u00eb ndodh\u00eb n\u00eb Ulqin ata t\u00eb cil\u00ebt do ta p\u00ebsojn\u00eb m\u00eb s\u00eb shumti n\u00eb koalicionin e gjer\u00eb do t\u00eb jen\u00eb vet\u00eb ekspertat e Forc\u00ebs t\u00eb cil\u00ebt do t\u00eb shkojn\u00eb n\u00eb pushim t\u00eb merituar.<\/p>\n<p>Sipas nj\u00eb sheme t\u00eb ndarjes s\u00eb pushtetit me p\u00ebrqindje e q\u00eb qarkullon n\u00eb qarqet zyrtare , t\u00eb formuar mbi numrin e k\u00ebshilltar\u00ebve ku DPS- ka 9 k\u00ebshilltar\u00eb(33% pushtet ), Forca 8 k\u00ebshilltar\u00eb(30% pushtet), Pd 7k\u00ebshilltar\u00eb(26% pushtet) Udsh 3 k\u00ebshilltar\u00eb(11%), gjith\u00ebsejt 27 k\u00ebshilltar\u00eb, do t\u00eb kishim k\u00ebt\u00eb ndarje t\u00eb pushtetit :<\/p>\n<p><strong><em>Kryetari \u2013 Cungu = 20%<\/em><\/strong><\/p>\n<p><strong><em>Kuvendi-\u00a0\u00a0 Ndrekiqi= 10%<\/em><\/strong><\/p>\n<p><strong><em>N\u00ebnkryetar\u00ebt 5% x 3 = 15 %<\/em><\/strong><\/p>\n<p><strong><em>Urbanizmi =5%<\/em><\/strong><\/p>\n<p><strong><em>Financat= 5%<\/em><\/strong><\/p>\n<p><strong><em>Vep .komunale=5%<\/em><\/strong><\/p>\n<p>&nbsp;<\/p>\n<p><strong><em>Komunalja 5%<\/em><\/strong><\/p>\n<p>Uj\u00ebsjell\u00ebsi 5%<\/p>\n<p>V.M.\u00a0\u00a0 = 5%<\/p>\n<p><strong><em>Administratori =5%<\/em><\/strong><\/p>\n<p><strong><em>\u00a0<\/em><\/strong><\/p>\n<p><strong><em>Sek . pasuri = 2 %<\/em><\/strong><\/p>\n<p><strong><em>Sek. Vep. Kom= 2%<\/em><\/strong><\/p>\n<p><strong><em>Sek. ad. P\u00ebrgj= 2 %<\/em><\/strong><\/p>\n<p><strong><em>Sek. Ekonomi =2%<\/em><\/strong><\/p>\n<p><strong><em>Policija komunale = 2%<\/em><\/strong><\/p>\n<p><strong><em> Shefi i arkiv\u00ebs &#8230;=2 %<\/em><\/strong><\/p>\n<p><strong><em>Upini = 2 %<\/em><\/strong><\/p>\n<p><strong><em>Pylltaria = 2%<\/em><\/strong><\/p>\n<p><strong><em>Kultura= 2%<\/em><\/strong><\/p>\n<p><strong><em>RTV= 2%.<\/em><\/strong><\/p>\n<p>Nga kjo do t\u00eb dilte q\u00eb partia e Forc\u00ebs p\u00ebrve\u00e7 kryetarit t\u00eb komun\u00ebs s\u00eb fituar do t\u00eb mund t\u00eb mbronte , n\u00eb koalicionin e ri vet\u00ebm sek. P\u00ebr veprimtari Komunale = Avdo Dervishin, dhe nd\u00ebrmarrjen komunale Sait Katan\u00ebn.<\/p>\n<p>Mbase duke e hetuar k\u00ebt\u00eb , 2 nga 3 sekretar\u00ebt e shkarkuar t\u00eb Cungut , vet\u00ebm nj\u00ebri u ankua &#8230;., sepse 2 tjer\u00ebt, pranuan vendet e pun\u00ebs t\u00eb k\u00ebmbyer p\u00ebr post me Gjek\u00ebn..?!<\/p>\n<p>Tjet\u00ebr , p\u00ebr momentin sot , DPS- disponon me 7 k\u00ebshilltar\u00eb , sepse nj\u00ebri \u00ebsht\u00eb n\u00eb det- kapitetn dhe i dyti jeton n\u00eb diaspor\u00eb e q\u00eb e r\u00ebndon situat\u00ebn&#8230;?! E n\u00eb se kemi 2 kandidat\u00eb ( nga koalicioni),duke shkuar n\u00eb votim t\u00eb fsheht\u00eb \u2013 loja mund t\u00eb ndryshoj\u00eb duksh\u00ebm kund\u00ebr planit t\u00eb Forc\u00ebs ?!!<\/p>\n<p>Sh\u00ebnonim: Oganizata turistike zgjidhet nga kuvendi i organizat\u00ebs n\u00eb potezin e dyt\u00eb..?! Kur ftohen gjakrat&#8230;?!<\/p>\n<p>&nbsp;<\/p>\n","protected":false},"excerpt":{"rendered":"<p>Shkruan Muhamet Nika Sipas ndarjes s\u00eb pushtetit t\u00eb ri q\u00eb pritet t\u00eb ndodh\u00eb n\u00eb Ulqin ata t\u00eb cil\u00ebt do ta p\u00ebsojn\u00eb m\u00eb s\u00eb shumti n\u00eb koalicionin e gjer\u00eb do t\u00eb jen\u00eb vet\u00eb ekspertat e Forc\u00ebs t\u00eb cil\u00ebt do t\u00eb shkojn\u00eb n\u00eb pushim t\u00eb merituar. Sipas nj\u00eb sheme t\u00eb ndarjes s\u00eb pushtetit me p\u00ebrqindje e q\u00eb [&hellip;]<\/p>\n","protected":false},"author":1,"featured_media":0,"comment_status":"closed","ping_status":"closed","sticky":false,"template":"","format":"standard","meta":{"spay_email":"","jetpack_publicize_message":"","jetpack_is_tweetstorm":false,"jetpack_publicize_feature_enabled":true},"categories":[1,14249],"tags":[],"jetpack_publicize_connections":[],"yoast_head":"<!-- This site is optimized with the Yoast SEO plugin v19.1 - https:\/\/yoast.com\/wordpress\/plugins\/seo\/ -->\n<title>Nika: A pritet q\u00eb koalicioni i gj\u00ebr\u00eb - t\u00eb \u00e7oj\u00eb ekspertat (patriotat) n\u00eb pushim t\u00eb merituar...?! - Lajme nga Ulqini<\/title>\n<meta name=\"description\" content=\"Shkruan Muhamet Nika Sipas ndarjes s\u00eb pushtetit t\u00eb ri q\u00eb pritet t\u00eb ndodh\u00eb n\u00eb Ulqin ata t\u00eb cil\u00ebt do ta p\u00ebsojn\u00eb m\u00eb s\u00eb shumti n\u00eb koalicionin e gjer\u00eb do t\u00eb\" \/>\n<meta name=\"robots\" content=\"index, follow, max-snippet:-1, max-image-preview:large, max-video-preview:-1\" \/>\n<link rel=\"canonical\" href=\"https:\/\/www.visit-ulcinj.com\/blog\/2016\/03\/08\/nika-pritet-qe-koalicioni-gjere-te-coje-ekspertat-patriotat-ne-pushim-te-merituar\/\" \/>\n<meta property=\"og:locale\" content=\"en_US\" \/>\n<meta property=\"og:type\" content=\"article\" \/>\n<meta property=\"og:title\" content=\"Nika: A pritet q\u00eb koalicioni i gj\u00ebr\u00eb - t\u00eb \u00e7oj\u00eb ekspertat (patriotat) n\u00eb pushim t\u00eb merituar...?! - Lajme nga Ulqini\" \/>\n<meta property=\"og:description\" content=\"Shkruan Muhamet Nika Sipas ndarjes s\u00eb pushtetit t\u00eb ri q\u00eb pritet t\u00eb ndodh\u00eb n\u00eb Ulqin ata t\u00eb cil\u00ebt do ta p\u00ebsojn\u00eb m\u00eb s\u00eb shumti n\u00eb koalicionin e gjer\u00eb do t\u00eb\" \/>\n<meta property=\"og:url\" content=\"https:\/\/www.visit-ulcinj.com\/blog\/2016\/03\/08\/nika-pritet-qe-koalicioni-gjere-te-coje-ekspertat-patriotat-ne-pushim-te-merituar\/\" \/>\n<meta property=\"og:site_name\" content=\"Lajme nga Ulqini\" \/>\n<meta property=\"article:published_time\" content=\"2016-03-08T17:58:04+00:00\" \/>\n<meta property=\"article:modified_time\" content=\"2016-03-09T16:20:40+00:00\" \/>\n<meta property=\"og:image\" content=\"http:\/\/www.visit-ulcinj.com\/blog\/wp-content\/uploads\/2016\/03\/koalicioni-ne-Ulqin.jpg\" \/>\n<meta name=\"twitter:label1\" content=\"Written by\" \/>\n\t<meta name=\"twitter:data1\" content=\"ulqini\" \/>\n\t<meta name=\"twitter:label2\" content=\"Est. reading time\" \/>\n\t<meta name=\"twitter:data2\" content=\"1 minute\" \/>\n<script type=\"application\/ld+json\" class=\"yoast-schema-graph\">{\"@context\":\"https:\/\/schema.org\",\"@graph\":[{\"@type\":\"WebSite\",\"@id\":\"https:\/\/www.visit-ulcinj.com\/blog\/#website\",\"url\":\"https:\/\/www.visit-ulcinj.com\/blog\/\",\"name\":\"Lajme nga Ulqini\",\"description\":\"Lajme,Vijesti,Ulqini,Ulqin,Crna Gora,Mali i Zi\",\"potentialAction\":[{\"@type\":\"SearchAction\",\"target\":{\"@type\":\"EntryPoint\",\"urlTemplate\":\"https:\/\/www.visit-ulcinj.com\/blog\/?s={search_term_string}\"},\"query-input\":\"required name=search_term_string\"}],\"inLanguage\":\"en-US\"},{\"@type\":\"ImageObject\",\"inLanguage\":\"en-US\",\"@id\":\"https:\/\/www.visit-ulcinj.com\/blog\/2016\/03\/08\/nika-pritet-qe-koalicioni-gjere-te-coje-ekspertat-patriotat-ne-pushim-te-merituar\/#primaryimage\",\"url\":\"https:\/\/www.visit-ulcinj.com\/blog\/wp-content\/uploads\/2016\/03\/koalicioni-ne-Ulqin.jpg\",\"contentUrl\":\"https:\/\/www.visit-ulcinj.com\/blog\/wp-content\/uploads\/2016\/03\/koalicioni-ne-Ulqin.jpg\",\"width\":806,\"height\":503},{\"@type\":\"WebPage\",\"@id\":\"https:\/\/www.visit-ulcinj.com\/blog\/2016\/03\/08\/nika-pritet-qe-koalicioni-gjere-te-coje-ekspertat-patriotat-ne-pushim-te-merituar\/#webpage\",\"url\":\"https:\/\/www.visit-ulcinj.com\/blog\/2016\/03\/08\/nika-pritet-qe-koalicioni-gjere-te-coje-ekspertat-patriotat-ne-pushim-te-merituar\/\",\"name\":\"Nika: A pritet q\u00eb koalicioni i gj\u00ebr\u00eb - t\u00eb \u00e7oj\u00eb ekspertat (patriotat) n\u00eb pushim t\u00eb merituar...?! - Lajme nga Ulqini\",\"isPartOf\":{\"@id\":\"https:\/\/www.visit-ulcinj.com\/blog\/#website\"},\"primaryImageOfPage\":{\"@id\":\"https:\/\/www.visit-ulcinj.com\/blog\/2016\/03\/08\/nika-pritet-qe-koalicioni-gjere-te-coje-ekspertat-patriotat-ne-pushim-te-merituar\/#primaryimage\"},\"datePublished\":\"2016-03-08T17:58:04+00:00\",\"dateModified\":\"2016-03-09T16:20:40+00:00\",\"author\":{\"@id\":\"https:\/\/www.visit-ulcinj.com\/blog\/#\/schema\/person\/dcab619c614d3038751c63bc2aadc06d\"},\"description\":\"Shkruan Muhamet Nika Sipas ndarjes s\u00eb pushtetit t\u00eb ri q\u00eb pritet t\u00eb ndodh\u00eb n\u00eb Ulqin ata t\u00eb cil\u00ebt do ta p\u00ebsojn\u00eb m\u00eb s\u00eb shumti n\u00eb koalicionin e gjer\u00eb do t\u00eb\",\"breadcrumb\":{\"@id\":\"https:\/\/www.visit-ulcinj.com\/blog\/2016\/03\/08\/nika-pritet-qe-koalicioni-gjere-te-coje-ekspertat-patriotat-ne-pushim-te-merituar\/#breadcrumb\"},\"inLanguage\":\"en-US\",\"potentialAction\":[{\"@type\":\"ReadAction\",\"target\":[\"https:\/\/www.visit-ulcinj.com\/blog\/2016\/03\/08\/nika-pritet-qe-koalicioni-gjere-te-coje-ekspertat-patriotat-ne-pushim-te-merituar\/\"]}]},{\"@type\":\"BreadcrumbList\",\"@id\":\"https:\/\/www.visit-ulcinj.com\/blog\/2016\/03\/08\/nika-pritet-qe-koalicioni-gjere-te-coje-ekspertat-patriotat-ne-pushim-te-merituar\/#breadcrumb\",\"itemListElement\":[{\"@type\":\"ListItem\",\"position\":1,\"name\":\"Nika: A pritet q\u00eb koalicioni i gj\u00ebr\u00eb &#8211; t\u00eb \u00e7oj\u00eb ekspertat (patriotat) n\u00eb pushim t\u00eb merituar&#8230;?!\"}]},{\"@type\":\"Person\",\"@id\":\"https:\/\/www.visit-ulcinj.com\/blog\/#\/schema\/person\/dcab619c614d3038751c63bc2aadc06d\",\"name\":\"ulqini\",\"sameAs\":[\"http:\/\/www.visit-ulcinj.com\"],\"url\":\"https:\/\/www.visit-ulcinj.com\/blog\/author\/admin\/\"}]}<\/script>\n<!-- \/ Yoast SEO plugin. -->","yoast_head_json":{"title":"Nika: A pritet q\u00eb koalicioni i gj\u00ebr\u00eb - t\u00eb \u00e7oj\u00eb ekspertat (patriotat) n\u00eb pushim t\u00eb merituar...?! - Lajme nga Ulqini","description":"Shkruan Muhamet Nika Sipas ndarjes s\u00eb pushtetit t\u00eb ri q\u00eb pritet t\u00eb ndodh\u00eb n\u00eb Ulqin ata t\u00eb cil\u00ebt do ta p\u00ebsojn\u00eb m\u00eb s\u00eb shumti n\u00eb koalicionin e gjer\u00eb do t\u00eb","robots":{"index":"index","follow":"follow","max-snippet":"max-snippet:-1","max-image-preview":"max-image-preview:large","max-video-preview":"max-video-preview:-1"},"canonical":"https:\/\/www.visit-ulcinj.com\/blog\/2016\/03\/08\/nika-pritet-qe-koalicioni-gjere-te-coje-ekspertat-patriotat-ne-pushim-te-merituar\/","og_locale":"en_US","og_type":"article","og_title":"Nika: A pritet q\u00eb koalicioni i gj\u00ebr\u00eb - t\u00eb \u00e7oj\u00eb ekspertat (patriotat) n\u00eb pushim t\u00eb merituar...?! - Lajme nga Ulqini","og_description":"Shkruan Muhamet Nika Sipas ndarjes s\u00eb pushtetit t\u00eb ri q\u00eb pritet t\u00eb ndodh\u00eb n\u00eb Ulqin ata t\u00eb cil\u00ebt do ta p\u00ebsojn\u00eb m\u00eb s\u00eb shumti n\u00eb koalicionin e gjer\u00eb do t\u00eb","og_url":"https:\/\/www.visit-ulcinj.com\/blog\/2016\/03\/08\/nika-pritet-qe-koalicioni-gjere-te-coje-ekspertat-patriotat-ne-pushim-te-merituar\/","og_site_name":"Lajme nga Ulqini","article_published_time":"2016-03-08T17:58:04+00:00","article_modified_time":"2016-03-09T16:20:40+00:00","og_image":[{"url":"http:\/\/www.visit-ulcinj.com\/blog\/wp-content\/uploads\/2016\/03\/koalicioni-ne-Ulqin.jpg"}],"twitter_misc":{"Written by":"ulqini","Est. reading time":"1 minute"},"schema":{"@context":"https:\/\/schema.org","@graph":[{"@type":"WebSite","@id":"https:\/\/www.visit-ulcinj.com\/blog\/#website","url":"https:\/\/www.visit-ulcinj.com\/blog\/","name":"Lajme nga Ulqini","description":"Lajme,Vijesti,Ulqini,Ulqin,Crna Gora,Mali i Zi","potentialAction":[{"@type":"SearchAction","target":{"@type":"EntryPoint","urlTemplate":"https:\/\/www.visit-ulcinj.com\/blog\/?s={search_term_string}"},"query-input":"required name=search_term_string"}],"inLanguage":"en-US"},{"@type":"ImageObject","inLanguage":"en-US","@id":"https:\/\/www.visit-ulcinj.com\/blog\/2016\/03\/08\/nika-pritet-qe-koalicioni-gjere-te-coje-ekspertat-patriotat-ne-pushim-te-merituar\/#primaryimage","url":"https:\/\/www.visit-ulcinj.com\/blog\/wp-content\/uploads\/2016\/03\/koalicioni-ne-Ulqin.jpg","contentUrl":"https:\/\/www.visit-ulcinj.com\/blog\/wp-content\/uploads\/2016\/03\/koalicioni-ne-Ulqin.jpg","width":806,"height":503},{"@type":"WebPage","@id":"https:\/\/www.visit-ulcinj.com\/blog\/2016\/03\/08\/nika-pritet-qe-koalicioni-gjere-te-coje-ekspertat-patriotat-ne-pushim-te-merituar\/#webpage","url":"https:\/\/www.visit-ulcinj.com\/blog\/2016\/03\/08\/nika-pritet-qe-koalicioni-gjere-te-coje-ekspertat-patriotat-ne-pushim-te-merituar\/","name":"Nika: A pritet q\u00eb koalicioni i gj\u00ebr\u00eb - t\u00eb \u00e7oj\u00eb ekspertat (patriotat) n\u00eb pushim t\u00eb merituar...?! - Lajme nga Ulqini","isPartOf":{"@id":"https:\/\/www.visit-ulcinj.com\/blog\/#website"},"primaryImageOfPage":{"@id":"https:\/\/www.visit-ulcinj.com\/blog\/2016\/03\/08\/nika-pritet-qe-koalicioni-gjere-te-coje-ekspertat-patriotat-ne-pushim-te-merituar\/#primaryimage"},"datePublished":"2016-03-08T17:58:04+00:00","dateModified":"2016-03-09T16:20:40+00:00","author":{"@id":"https:\/\/www.visit-ulcinj.com\/blog\/#\/schema\/person\/dcab619c614d3038751c63bc2aadc06d"},"description":"Shkruan Muhamet Nika Sipas ndarjes s\u00eb pushtetit t\u00eb ri q\u00eb pritet t\u00eb ndodh\u00eb n\u00eb Ulqin ata t\u00eb cil\u00ebt do ta p\u00ebsojn\u00eb m\u00eb s\u00eb shumti n\u00eb koalicionin e gjer\u00eb do t\u00eb","breadcrumb":{"@id":"https:\/\/www.visit-ulcinj.com\/blog\/2016\/03\/08\/nika-pritet-qe-koalicioni-gjere-te-coje-ekspertat-patriotat-ne-pushim-te-merituar\/#breadcrumb"},"inLanguage":"en-US","potentialAction":[{"@type":"ReadAction","target":["https:\/\/www.visit-ulcinj.com\/blog\/2016\/03\/08\/nika-pritet-qe-koalicioni-gjere-te-coje-ekspertat-patriotat-ne-pushim-te-merituar\/"]}]},{"@type":"BreadcrumbList","@id":"https:\/\/www.visit-ulcinj.com\/blog\/2016\/03\/08\/nika-pritet-qe-koalicioni-gjere-te-coje-ekspertat-patriotat-ne-pushim-te-merituar\/#breadcrumb","itemListElement":[{"@type":"ListItem","position":1,"name":"Nika: A pritet q\u00eb koalicioni i gj\u00ebr\u00eb &#8211; t\u00eb \u00e7oj\u00eb ekspertat (patriotat) n\u00eb pushim t\u00eb merituar&#8230;?!"}]},{"@type":"Person","@id":"https:\/\/www.visit-ulcinj.com\/blog\/#\/schema\/person\/dcab619c614d3038751c63bc2aadc06d","name":"ulqini","sameAs":["http:\/\/www.visit-ulcinj.com"],"url":"https:\/\/www.visit-ulcinj.com\/blog\/author\/admin\/"}]}},"jetpack_featured_media_url":"","jetpack_sharing_enabled":true,"jetpack_shortlink":"https:\/\/wp.me\/pe6lTn-oLj","_links":{"self":[{"href":"https:\/\/www.visit-ulcinj.com\/blog\/wp-json\/wp\/v2\/posts\/95189"}],"collection":[{"href":"https:\/\/www.visit-ulcinj.com\/blog\/wp-json\/wp\/v2\/posts"}],"about":[{"href":"https:\/\/www.visit-ulcinj.com\/blog\/wp-json\/wp\/v2\/types\/post"}],"author":[{"embeddable":true,"href":"https:\/\/www.visit-ulcinj.com\/blog\/wp-json\/wp\/v2\/users\/1"}],"replies":[{"embeddable":true,"href":"https:\/\/www.visit-ulcinj.com\/blog\/wp-json\/wp\/v2\/comments?post=95189"}],"version-history":[{"count":1,"href":"https:\/\/www.visit-ulcinj.com\/blog\/wp-json\/wp\/v2\/posts\/95189\/revisions"}],"predecessor-version":[{"id":95191,"href":"https:\/\/www.visit-ulcinj.com\/blog\/wp-json\/wp\/v2\/posts\/95189\/revisions\/95191"}],"wp:attachment":[{"href":"https:\/\/www.visit-ulcinj.com\/blog\/wp-json\/wp\/v2\/media?parent=95189"}],"wp:term":[{"taxonomy":"category","embeddable":true,"href":"https:\/\/www.visit-ulcinj.com\/blog\/wp-json\/wp\/v2\/categories?post=95189"},{"taxonomy":"post_tag","embeddable":true,"href":"https:\/\/www.visit-ulcinj.com\/blog\/wp-json\/wp\/v2\/tags?post=95189"}],"curies":[{"name":"wp","href":"https:\/\/api.w.org\/{rel}","templated":true}]}}