{"id":95196,"date":"2016-03-09T18:11:07","date_gmt":"2016-03-09T17:11:07","guid":{"rendered":"http:\/\/www.visit-ulcinj.com\/blog\/?p=95196"},"modified":"2016-03-09T18:11:51","modified_gmt":"2016-03-09T17:11:51","slug":"forum-zena-sdp-ulcinj-donacije-u-humanitarne-svrhe","status":"publish","type":"post","link":"https:\/\/www.visit-ulcinj.com\/blog\/2016\/03\/09\/forum-zena-sdp-ulcinj-donacije-u-humanitarne-svrhe\/","title":{"rendered":"Forum \u017eena SDP Ulcinj: Donacije u humanitarne svrhe"},"content":{"rendered":"<p><a href=\"http:\/\/www.visit-ulcinj.com\/blog\/wp-content\/uploads\/2016\/03\/SDP-ULCINJ-1.jpg\"><img loading=\"lazy\" class=\"alignleft wp-image-95198\" src=\"http:\/\/www.visit-ulcinj.com\/blog\/wp-content\/uploads\/2016\/03\/SDP-ULCINJ-1.jpg\" alt=\"SDP-ULCINJ-1\" width=\"508\" height=\"338\" srcset=\"https:\/\/www.visit-ulcinj.com\/blog\/wp-content\/uploads\/2016\/03\/SDP-ULCINJ-1.jpg 960w, https:\/\/www.visit-ulcinj.com\/blog\/wp-content\/uploads\/2016\/03\/SDP-ULCINJ-1-300x199.jpg 300w\" sizes=\"(max-width: 508px) 100vw, 508px\" \/><\/a>\u010clanice Foruma \u017eena SDP Ulcinj su, povodom 8.marta praznika socijalne pravde, jednakosti polova i prava \u017eena, odlu\u010dile da novac koji su imale na raspolaganju za organizaciju koktela i novac koje su same donirale uplate u humanitarne svrhe, saop\u0161teno je iz te partije.<\/p>\n<div class=\"body-text\">\n<p>\u201cUplatile su skromnu sumu novca na ra\u010dun djevoj\u010dice kojoj je isti potreban za lije\u010denje te\u0161ke bolesti u inostranstvu. Sa \u017ealjenjem konstatujemo da je sve vi\u0161e ljudi i porodica, koji se putem medija obra\u0107aju \u0161iroj javnosti za pomo\u0107, \u0161to za lije\u010denje u inostranstvu, \u0161to za pomo\u0107 u nabavci osnovnih \u017eivotnih namirnica, \u0161to ukazuje na nedovoljnu anga\u017eovanost nadle\u017enih institucija dr\u017eave. Svi smo svjedoci te\u0161ke ekonomske situacije u dr\u017eavi i minimum koji mo\u017eemo dati je da poma\u017eemo na ovaj na\u010din ljudima u nevolji u nadi da \u0107e i ostali gra\u0111ani i gra\u0111anke, kao i organizacije pomagati na\u0161im sugra\u0111anima i kom\u0161ijama\u201d, poru\u010deno je iz Foruma \u017eena SDP Ulcinj.<\/p>\n<p>I Forum mladih SDP Ulcinj ukazao je pa\u017enju svojim sugra\u0111ankama na ovaj poseban dan poklanjaju\u0107i im ru\u017ee kao, kako ka\u017eu, \u00a0simbol socijaldemokratske ideje koja zahtjeva pravdu i pristojan posao za sve.<\/p>\n<p><strong>Izvor: CDM<\/strong><\/p>\n<\/div>\n","protected":false},"excerpt":{"rendered":"<p>\u010clanice Foruma \u017eena SDP Ulcinj su, povodom 8.marta praznika socijalne pravde, jednakosti polova i prava \u017eena, odlu\u010dile da novac koji su imale na raspolaganju za organizaciju koktela i novac koje su same donirale uplate u humanitarne svrhe, saop\u0161teno je iz te partije. \u201cUplatile su skromnu sumu novca na ra\u010dun djevoj\u010dice kojoj je isti potreban za [&hellip;]<\/p>\n","protected":false},"author":1,"featured_media":0,"comment_status":"closed","ping_status":"closed","sticky":false,"template":"","format":"standard","meta":{"spay_email":"","jetpack_publicize_message":"","jetpack_is_tweetstorm":false,"jetpack_publicize_feature_enabled":true},"categories":[8337],"tags":[],"jetpack_publicize_connections":[],"yoast_head":"<!-- This site is optimized with the Yoast SEO plugin v19.1 - https:\/\/yoast.com\/wordpress\/plugins\/seo\/ -->\n<title>Forum \u017eena SDP Ulcinj: Donacije u humanitarne svrhe - Lajme nga Ulqini<\/title>\n<meta name=\"description\" content=\"\u010clanice Foruma \u017eena SDP Ulcinj su, povodom 8.marta praznika socijalne pravde, jednakosti polova i prava \u017eena, odlu\u010dile da novac koji su imale na\" \/>\n<meta name=\"robots\" content=\"index, follow, max-snippet:-1, max-image-preview:large, max-video-preview:-1\" \/>\n<link rel=\"canonical\" href=\"https:\/\/www.visit-ulcinj.com\/blog\/2016\/03\/09\/forum-zena-sdp-ulcinj-donacije-u-humanitarne-svrhe\/\" \/>\n<meta property=\"og:locale\" content=\"en_US\" \/>\n<meta property=\"og:type\" content=\"article\" \/>\n<meta property=\"og:title\" content=\"Forum \u017eena SDP Ulcinj: Donacije u humanitarne svrhe - Lajme nga Ulqini\" \/>\n<meta property=\"og:description\" content=\"\u010clanice Foruma \u017eena SDP Ulcinj su, povodom 8.marta praznika socijalne pravde, jednakosti polova i prava \u017eena, odlu\u010dile da novac koji su imale na\" \/>\n<meta property=\"og:url\" content=\"https:\/\/www.visit-ulcinj.com\/blog\/2016\/03\/09\/forum-zena-sdp-ulcinj-donacije-u-humanitarne-svrhe\/\" \/>\n<meta property=\"og:site_name\" content=\"Lajme nga Ulqini\" \/>\n<meta property=\"article:published_time\" content=\"2016-03-09T17:11:07+00:00\" \/>\n<meta property=\"article:modified_time\" content=\"2016-03-09T17:11:51+00:00\" \/>\n<meta property=\"og:image\" content=\"http:\/\/www.visit-ulcinj.com\/blog\/wp-content\/uploads\/2016\/03\/SDP-ULCINJ-1.jpg\" \/>\n<meta name=\"twitter:label1\" content=\"Written by\" \/>\n\t<meta name=\"twitter:data1\" content=\"ulqini\" \/>\n\t<meta name=\"twitter:label2\" content=\"Est. reading time\" \/>\n\t<meta name=\"twitter:data2\" content=\"1 minute\" \/>\n<script type=\"application\/ld+json\" class=\"yoast-schema-graph\">{\"@context\":\"https:\/\/schema.org\",\"@graph\":[{\"@type\":\"WebSite\",\"@id\":\"https:\/\/www.visit-ulcinj.com\/blog\/#website\",\"url\":\"https:\/\/www.visit-ulcinj.com\/blog\/\",\"name\":\"Lajme nga Ulqini\",\"description\":\"Lajme,Vijesti,Ulqini,Ulqin,Crna Gora,Mali i Zi\",\"potentialAction\":[{\"@type\":\"SearchAction\",\"target\":{\"@type\":\"EntryPoint\",\"urlTemplate\":\"https:\/\/www.visit-ulcinj.com\/blog\/?s={search_term_string}\"},\"query-input\":\"required name=search_term_string\"}],\"inLanguage\":\"en-US\"},{\"@type\":\"ImageObject\",\"inLanguage\":\"en-US\",\"@id\":\"https:\/\/www.visit-ulcinj.com\/blog\/2016\/03\/09\/forum-zena-sdp-ulcinj-donacije-u-humanitarne-svrhe\/#primaryimage\",\"url\":\"https:\/\/www.visit-ulcinj.com\/blog\/wp-content\/uploads\/2016\/03\/SDP-ULCINJ-1.jpg\",\"contentUrl\":\"https:\/\/www.visit-ulcinj.com\/blog\/wp-content\/uploads\/2016\/03\/SDP-ULCINJ-1.jpg\",\"width\":960,\"height\":638},{\"@type\":\"WebPage\",\"@id\":\"https:\/\/www.visit-ulcinj.com\/blog\/2016\/03\/09\/forum-zena-sdp-ulcinj-donacije-u-humanitarne-svrhe\/#webpage\",\"url\":\"https:\/\/www.visit-ulcinj.com\/blog\/2016\/03\/09\/forum-zena-sdp-ulcinj-donacije-u-humanitarne-svrhe\/\",\"name\":\"Forum \u017eena SDP Ulcinj: Donacije u humanitarne svrhe - Lajme nga Ulqini\",\"isPartOf\":{\"@id\":\"https:\/\/www.visit-ulcinj.com\/blog\/#website\"},\"primaryImageOfPage\":{\"@id\":\"https:\/\/www.visit-ulcinj.com\/blog\/2016\/03\/09\/forum-zena-sdp-ulcinj-donacije-u-humanitarne-svrhe\/#primaryimage\"},\"datePublished\":\"2016-03-09T17:11:07+00:00\",\"dateModified\":\"2016-03-09T17:11:51+00:00\",\"author\":{\"@id\":\"https:\/\/www.visit-ulcinj.com\/blog\/#\/schema\/person\/dcab619c614d3038751c63bc2aadc06d\"},\"description\":\"\u010clanice Foruma \u017eena SDP Ulcinj su, povodom 8.marta praznika socijalne pravde, jednakosti polova i prava \u017eena, odlu\u010dile da novac koji su imale na\",\"breadcrumb\":{\"@id\":\"https:\/\/www.visit-ulcinj.com\/blog\/2016\/03\/09\/forum-zena-sdp-ulcinj-donacije-u-humanitarne-svrhe\/#breadcrumb\"},\"inLanguage\":\"en-US\",\"potentialAction\":[{\"@type\":\"ReadAction\",\"target\":[\"https:\/\/www.visit-ulcinj.com\/blog\/2016\/03\/09\/forum-zena-sdp-ulcinj-donacije-u-humanitarne-svrhe\/\"]}]},{\"@type\":\"BreadcrumbList\",\"@id\":\"https:\/\/www.visit-ulcinj.com\/blog\/2016\/03\/09\/forum-zena-sdp-ulcinj-donacije-u-humanitarne-svrhe\/#breadcrumb\",\"itemListElement\":[{\"@type\":\"ListItem\",\"position\":1,\"name\":\"Forum \u017eena SDP Ulcinj: Donacije u humanitarne svrhe\"}]},{\"@type\":\"Person\",\"@id\":\"https:\/\/www.visit-ulcinj.com\/blog\/#\/schema\/person\/dcab619c614d3038751c63bc2aadc06d\",\"name\":\"ulqini\",\"sameAs\":[\"http:\/\/www.visit-ulcinj.com\"],\"url\":\"https:\/\/www.visit-ulcinj.com\/blog\/author\/admin\/\"}]}<\/script>\n<!-- \/ Yoast SEO plugin. -->","yoast_head_json":{"title":"Forum \u017eena SDP Ulcinj: Donacije u humanitarne svrhe - Lajme nga Ulqini","description":"\u010clanice Foruma \u017eena SDP Ulcinj su, povodom 8.marta praznika socijalne pravde, jednakosti polova i prava \u017eena, odlu\u010dile da novac koji su imale na","robots":{"index":"index","follow":"follow","max-snippet":"max-snippet:-1","max-image-preview":"max-image-preview:large","max-video-preview":"max-video-preview:-1"},"canonical":"https:\/\/www.visit-ulcinj.com\/blog\/2016\/03\/09\/forum-zena-sdp-ulcinj-donacije-u-humanitarne-svrhe\/","og_locale":"en_US","og_type":"article","og_title":"Forum \u017eena SDP Ulcinj: Donacije u humanitarne svrhe - Lajme nga Ulqini","og_description":"\u010clanice Foruma \u017eena SDP Ulcinj su, povodom 8.marta praznika socijalne pravde, jednakosti polova i prava \u017eena, odlu\u010dile da novac koji su imale na","og_url":"https:\/\/www.visit-ulcinj.com\/blog\/2016\/03\/09\/forum-zena-sdp-ulcinj-donacije-u-humanitarne-svrhe\/","og_site_name":"Lajme nga Ulqini","article_published_time":"2016-03-09T17:11:07+00:00","article_modified_time":"2016-03-09T17:11:51+00:00","og_image":[{"url":"http:\/\/www.visit-ulcinj.com\/blog\/wp-content\/uploads\/2016\/03\/SDP-ULCINJ-1.jpg"}],"twitter_misc":{"Written by":"ulqini","Est. reading time":"1 minute"},"schema":{"@context":"https:\/\/schema.org","@graph":[{"@type":"WebSite","@id":"https:\/\/www.visit-ulcinj.com\/blog\/#website","url":"https:\/\/www.visit-ulcinj.com\/blog\/","name":"Lajme nga Ulqini","description":"Lajme,Vijesti,Ulqini,Ulqin,Crna Gora,Mali i Zi","potentialAction":[{"@type":"SearchAction","target":{"@type":"EntryPoint","urlTemplate":"https:\/\/www.visit-ulcinj.com\/blog\/?s={search_term_string}"},"query-input":"required name=search_term_string"}],"inLanguage":"en-US"},{"@type":"ImageObject","inLanguage":"en-US","@id":"https:\/\/www.visit-ulcinj.com\/blog\/2016\/03\/09\/forum-zena-sdp-ulcinj-donacije-u-humanitarne-svrhe\/#primaryimage","url":"https:\/\/www.visit-ulcinj.com\/blog\/wp-content\/uploads\/2016\/03\/SDP-ULCINJ-1.jpg","contentUrl":"https:\/\/www.visit-ulcinj.com\/blog\/wp-content\/uploads\/2016\/03\/SDP-ULCINJ-1.jpg","width":960,"height":638},{"@type":"WebPage","@id":"https:\/\/www.visit-ulcinj.com\/blog\/2016\/03\/09\/forum-zena-sdp-ulcinj-donacije-u-humanitarne-svrhe\/#webpage","url":"https:\/\/www.visit-ulcinj.com\/blog\/2016\/03\/09\/forum-zena-sdp-ulcinj-donacije-u-humanitarne-svrhe\/","name":"Forum \u017eena SDP Ulcinj: Donacije u humanitarne svrhe - Lajme nga Ulqini","isPartOf":{"@id":"https:\/\/www.visit-ulcinj.com\/blog\/#website"},"primaryImageOfPage":{"@id":"https:\/\/www.visit-ulcinj.com\/blog\/2016\/03\/09\/forum-zena-sdp-ulcinj-donacije-u-humanitarne-svrhe\/#primaryimage"},"datePublished":"2016-03-09T17:11:07+00:00","dateModified":"2016-03-09T17:11:51+00:00","author":{"@id":"https:\/\/www.visit-ulcinj.com\/blog\/#\/schema\/person\/dcab619c614d3038751c63bc2aadc06d"},"description":"\u010clanice Foruma \u017eena SDP Ulcinj su, povodom 8.marta praznika socijalne pravde, jednakosti polova i prava \u017eena, odlu\u010dile da novac koji su imale na","breadcrumb":{"@id":"https:\/\/www.visit-ulcinj.com\/blog\/2016\/03\/09\/forum-zena-sdp-ulcinj-donacije-u-humanitarne-svrhe\/#breadcrumb"},"inLanguage":"en-US","potentialAction":[{"@type":"ReadAction","target":["https:\/\/www.visit-ulcinj.com\/blog\/2016\/03\/09\/forum-zena-sdp-ulcinj-donacije-u-humanitarne-svrhe\/"]}]},{"@type":"BreadcrumbList","@id":"https:\/\/www.visit-ulcinj.com\/blog\/2016\/03\/09\/forum-zena-sdp-ulcinj-donacije-u-humanitarne-svrhe\/#breadcrumb","itemListElement":[{"@type":"ListItem","position":1,"name":"Forum \u017eena SDP Ulcinj: Donacije u humanitarne svrhe"}]},{"@type":"Person","@id":"https:\/\/www.visit-ulcinj.com\/blog\/#\/schema\/person\/dcab619c614d3038751c63bc2aadc06d","name":"ulqini","sameAs":["http:\/\/www.visit-ulcinj.com"],"url":"https:\/\/www.visit-ulcinj.com\/blog\/author\/admin\/"}]}},"jetpack_featured_media_url":"","jetpack_sharing_enabled":true,"jetpack_shortlink":"https:\/\/wp.me\/pe6lTn-oLq","_links":{"self":[{"href":"https:\/\/www.visit-ulcinj.com\/blog\/wp-json\/wp\/v2\/posts\/95196"}],"collection":[{"href":"https:\/\/www.visit-ulcinj.com\/blog\/wp-json\/wp\/v2\/posts"}],"about":[{"href":"https:\/\/www.visit-ulcinj.com\/blog\/wp-json\/wp\/v2\/types\/post"}],"author":[{"embeddable":true,"href":"https:\/\/www.visit-ulcinj.com\/blog\/wp-json\/wp\/v2\/users\/1"}],"replies":[{"embeddable":true,"href":"https:\/\/www.visit-ulcinj.com\/blog\/wp-json\/wp\/v2\/comments?post=95196"}],"version-history":[{"count":1,"href":"https:\/\/www.visit-ulcinj.com\/blog\/wp-json\/wp\/v2\/posts\/95196\/revisions"}],"predecessor-version":[{"id":95199,"href":"https:\/\/www.visit-ulcinj.com\/blog\/wp-json\/wp\/v2\/posts\/95196\/revisions\/95199"}],"wp:attachment":[{"href":"https:\/\/www.visit-ulcinj.com\/blog\/wp-json\/wp\/v2\/media?parent=95196"}],"wp:term":[{"taxonomy":"category","embeddable":true,"href":"https:\/\/www.visit-ulcinj.com\/blog\/wp-json\/wp\/v2\/categories?post=95196"},{"taxonomy":"post_tag","embeddable":true,"href":"https:\/\/www.visit-ulcinj.com\/blog\/wp-json\/wp\/v2\/tags?post=95196"}],"curies":[{"name":"wp","href":"https:\/\/api.w.org\/{rel}","templated":true}]}}